{"id":25363,"date":"2006-04-28T11:47:00","date_gmt":"2006-04-28T15:47:00","guid":{"rendered":"http:\/\/uqactualite.odev.ca\/?p=25363"},"modified":"2006-04-28T11:47:00","modified_gmt":"2006-04-28T15:47:00","slug":"luniversite-du-quebec-a-chicoutimi-reconnait-le-succes-de-ses-650-finissantes-et-finissants","status":"publish","type":"post","link":"https:\/\/www.uqac.ca\/uqactualites\/2006\/04\/28\/luniversite-du-quebec-a-chicoutimi-reconnait-le-succes-de-ses-650-finissantes-et-finissants\/","title":{"rendered":"L&rsquo;Universit\u00e9 du Qu\u00e9bec \u00e0 Chicoutimi reconna\u00eet le succ\u00e8s de ses 650 finissantes et finissants"},"content":{"rendered":"<p style=\"text-align: justify\"><b>Saguenay, le 28 avril 2006<\/b> &#8211; Le 29 avril prochain sera jour de r\u00e9jouissance \u00e0 l&rsquo;Universit\u00e9 du Qu\u00e9bec \u00e0 Chicoutimi (UQAC) avec la tenue de la Collation des grades 2006.<\/p>\n<p style=\"text-align: justify\">Seront r\u00e9unis les finissants de tous les programmes de baccalaur\u00e9at, de ma\u00eetrise et de doctorat. Pr\u00e8s de 650 finissants et quelque 2500 invit\u00e9s, en plus du personnel de l&rsquo;Universit\u00e9, sont attendus au stade du Pavillon sportif de l&rsquo;UQAC, lequel se m\u00e9tamorphosera en salle de c\u00e9r\u00e9monie affichant le d\u00e9corum de circonstance. Deux c\u00e9r\u00e9monies sont pr\u00e9vues. La premi\u00e8re commencera \u00e0 9 h 30 et regroupera les finissants des sciences humaines, des arts et lettres, de math\u00e9matique et d&rsquo;informatique, de m\u00eame que ceux des sciences fondamentales et des sciences appliqu\u00e9es. La deuxi\u00e8me, qui commencera \u00e0 15 h, rassemblera les finissants des sciences \u00e9conomiques et administratives ainsi que des sciences de l&rsquo;\u00e9ducation et de psychologie.<\/p>\n<p style=\"text-align: justify\">Cette c\u00e9r\u00e9monie haute en couleur se d\u00e9roulera en pr\u00e9sence de Monsieur Pierre Moreau, pr\u00e9sident de l&rsquo;Universit\u00e9 du Qu\u00e9bec, de Monsieur Michel Belley, recteur de l&rsquo;Universit\u00e9 du Qu\u00e9bec \u00e0 Chicoutimi et du personnel enseignant de l&rsquo;UQAC. La Collation des grades, d&rsquo;une dur\u00e9e approximative de deux heures trente, se terminera sur une note des plus joyeuses avec le traditionnel \u00ab lancer du mortier \u00bb.<\/p>\n<p style=\"text-align: justify\">Les finissants franchissent une \u00e9tape importante de leur vie en obtenant un dipl\u00f4me universitaire et ils sont tr\u00e8s fiers de cette r\u00e9ussite. Ces dipl\u00f4m\u00e9s deviendront les meilleurs ambassadeurs de l&rsquo;Universit\u00e9 du Qu\u00e9bec \u00e0 Chicoutimi en contribuant \u00e0 son rayonnement ici et ailleurs dans le monde.<\/p>\n<p style=\"text-align: justify\">Une innovation cette ann\u00e9e, les parents et amis des finissants pourront visionner la c\u00e9r\u00e9monie, en direct, sur le site Web de l&rsquo;Universit\u00e9 \u00e0 l&rsquo;adresse www.uqac.ca\/diplomes\/.<\/p>\n<p style=\"text-align: justify\">Le comit\u00e9 organisateur, compos\u00e9 de membres du personnel de l&rsquo;Universit\u00e9, a tout mis en \u0153uvre pour rendre cet \u00e9v\u00e9nement inoubliable. Il est appuy\u00e9 par une \u00e9quipe de b\u00e9n\u00e9voles qui travaillent, depuis un an, \u00e0 faire du 29 avril un \u00e9v\u00e9nement qui restera longtemps grav\u00e9 dans les m\u00e9moires.<\/p>\n<p style=\"text-align: justify\">L&rsquo;Universit\u00e9 du Qu\u00e9bec \u00e0 Chicoutimi remet chaque ann\u00e9e des dipl\u00f4mes \u00e0 plus de 900 \u00e9tudiants. F\u00e9licitations aux \u00e9tudiantes et \u00e9tudiants!<\/p>\n<div style=\"text-align: justify\" align=\"center\">\n<p style=\"text-align: center\">\u2013 30 \u2013<\/p>\n<\/div>\n<p style=\"text-align: justify\">Source :<br \/>\nJean Wauthier, directeur<br \/>\nService des affaires publiques<br \/>\nT\u00e9l\u00e9phone : 418 545-5011, poste 2132<br \/>\nCellulaire : 418 450-0450<\/p>\n<p style=\"text-align: justify\">Renseignements :<br \/>\nAndr\u00e9e Castonguay, coordonnatrice<br \/>\nT\u00e9l\u00e9phone : 418 545-5011, poste 2237<\/p>\n","protected":false},"excerpt":{"rendered":"<p>Saguenay, le 28 avril 2006 &#8211; Le 29 avril prochain sera jour de r\u00e9jouissance \u00e0 l&rsquo;Universit\u00e9 du Qu\u00e9bec \u00e0 Chicoutimi (UQAC) avec la tenue de la Collation des grades 2006. Seront r\u00e9unis les finissants de tous les programmes de baccalaur\u00e9at, de ma\u00eetrise et de doctorat. Pr\u00e8s de 650 finissants et quelque 2500 invit\u00e9s, en plus [&hellip;]<\/p>\n","protected":false},"author":5,"featured_media":20745,"comment_status":"open","ping_status":"open","sticky":false,"template":"","format":"standard","meta":{"footnotes":""},"categories":[2772],"tags":[],"yoast_head":"<!-- This site is optimized with the Yoast SEO plugin v24.2 - https:\/\/yoast.com\/wordpress\/plugins\/seo\/ -->\r\n<title>L&#039;Universit\u00e9 du Qu\u00e9bec \u00e0 Chicoutimi reconna\u00eet le succ\u00e8s de ses 650 finissantes et finissants - UQACtualit\u00e9s<\/title>\r\n<meta name=\"robots\" content=\"index, follow, max-snippet:-1, max-image-preview:large, max-video-preview:-1\" \/>\r\n<link rel=\"canonical\" href=\"https:\/\/www.uqac.ca\/uqactualites\/2006\/04\/28\/luniversite-du-quebec-a-chicoutimi-reconnait-le-succes-de-ses-650-finissantes-et-finissants\/\" \/>\r\n<meta property=\"og:locale\" content=\"fr_CA\" \/>\r\n<meta property=\"og:type\" content=\"article\" \/>\r\n<meta property=\"og:title\" content=\"L&#039;Universit\u00e9 du Qu\u00e9bec \u00e0 Chicoutimi reconna\u00eet le succ\u00e8s de ses 650 finissantes et finissants - UQACtualit\u00e9s\" \/>\r\n<meta property=\"og:description\" content=\"Saguenay, le 28 avril 2006 &#8211; Le 29 avril prochain sera jour de r\u00e9jouissance \u00e0 l&rsquo;Universit\u00e9 du Qu\u00e9bec \u00e0 Chicoutimi (UQAC) avec la tenue de la Collation des grades 2006. Seront r\u00e9unis les finissants de tous les programmes de baccalaur\u00e9at, de ma\u00eetrise et de doctorat. Pr\u00e8s de 650 finissants et quelque 2500 invit\u00e9s, en plus [&hellip;]\" \/>\r\n<meta property=\"og:url\" content=\"https:\/\/www.uqac.ca\/uqactualites\/2006\/04\/28\/luniversite-du-quebec-a-chicoutimi-reconnait-le-succes-de-ses-650-finissantes-et-finissants\/\" \/>\r\n<meta property=\"og:site_name\" content=\"UQACtualit\u00e9s\" \/>\r\n<meta property=\"article:published_time\" content=\"2006-04-28T15:47:00+00:00\" \/>\r\n<meta property=\"og:image\" content=\"https:\/\/www.uqac.ca\/uqactualites\/wp-content\/uploads\/2012\/05\/communiqu-.jpg\" \/>\r\n\t<meta property=\"og:image:width\" content=\"620\" \/>\r\n\t<meta property=\"og:image:height\" content=\"300\" \/>\r\n\t<meta property=\"og:image:type\" content=\"image\/jpeg\" \/>\r\n<meta name=\"author\" content=\"Service des communications et des relations publiques\" \/>\r\n<meta name=\"twitter:card\" content=\"summary_large_image\" \/>\r\n<meta name=\"twitter:label1\" content=\"\u00c9crit par\" \/>\n\t<meta name=\"twitter:data1\" content=\"Service des communications et des relations publiques\" \/>\n\t<meta name=\"twitter:label2\" content=\"Estimation du temps de lecture\" \/>\n\t<meta name=\"twitter:data2\" content=\"2 minutes\" \/>\r\n<script type=\"application\/ld+json\" class=\"yoast-schema-graph\">{\"@context\":\"https:\/\/schema.org\",\"@graph\":[{\"@type\":\"WebPage\",\"@id\":\"https:\/\/www.uqac.ca\/uqactualites\/2006\/04\/28\/luniversite-du-quebec-a-chicoutimi-reconnait-le-succes-de-ses-650-finissantes-et-finissants\/\",\"url\":\"https:\/\/www.uqac.ca\/uqactualites\/2006\/04\/28\/luniversite-du-quebec-a-chicoutimi-reconnait-le-succes-de-ses-650-finissantes-et-finissants\/\",\"name\":\"L'Universit\u00e9 du Qu\u00e9bec \u00e0 Chicoutimi reconna\u00eet le succ\u00e8s de ses 650 finissantes et finissants - UQACtualit\u00e9s\",\"isPartOf\":{\"@id\":\"https:\/\/www.uqac.ca\/uqactualites\/#website\"},\"primaryImageOfPage\":{\"@id\":\"https:\/\/www.uqac.ca\/uqactualites\/2006\/04\/28\/luniversite-du-quebec-a-chicoutimi-reconnait-le-succes-de-ses-650-finissantes-et-finissants\/#primaryimage\"},\"image\":{\"@id\":\"https:\/\/www.uqac.ca\/uqactualites\/2006\/04\/28\/luniversite-du-quebec-a-chicoutimi-reconnait-le-succes-de-ses-650-finissantes-et-finissants\/#primaryimage\"},\"thumbnailUrl\":\"https:\/\/www.uqac.ca\/uqactualites\/wp-content\/uploads\/2012\/05\/communiqu-.jpg\",\"datePublished\":\"2006-04-28T15:47:00+00:00\",\"dateModified\":\"2006-04-28T15:47:00+00:00\",\"author\":{\"@id\":\"https:\/\/www.uqac.ca\/uqactualites\/#\/schema\/person\/366c45a0c4f0e677b41b4af5886e2018\"},\"breadcrumb\":{\"@id\":\"https:\/\/www.uqac.ca\/uqactualites\/2006\/04\/28\/luniversite-du-quebec-a-chicoutimi-reconnait-le-succes-de-ses-650-finissantes-et-finissants\/#breadcrumb\"},\"inLanguage\":\"fr-CA\",\"potentialAction\":[{\"@type\":\"ReadAction\",\"target\":[\"https:\/\/www.uqac.ca\/uqactualites\/2006\/04\/28\/luniversite-du-quebec-a-chicoutimi-reconnait-le-succes-de-ses-650-finissantes-et-finissants\/\"]}]},{\"@type\":\"ImageObject\",\"inLanguage\":\"fr-CA\",\"@id\":\"https:\/\/www.uqac.ca\/uqactualites\/2006\/04\/28\/luniversite-du-quebec-a-chicoutimi-reconnait-le-succes-de-ses-650-finissantes-et-finissants\/#primaryimage\",\"url\":\"https:\/\/www.uqac.ca\/uqactualites\/wp-content\/uploads\/2012\/05\/communiqu-.jpg\",\"contentUrl\":\"https:\/\/www.uqac.ca\/uqactualites\/wp-content\/uploads\/2012\/05\/communiqu-.jpg\",\"width\":620,\"height\":300},{\"@type\":\"BreadcrumbList\",\"@id\":\"https:\/\/www.uqac.ca\/uqactualites\/2006\/04\/28\/luniversite-du-quebec-a-chicoutimi-reconnait-le-succes-de-ses-650-finissantes-et-finissants\/#breadcrumb\",\"itemListElement\":[{\"@type\":\"ListItem\",\"position\":1,\"name\":\"Home\",\"item\":\"https:\/\/www.uqac.ca\/uqactualites\/\"},{\"@type\":\"ListItem\",\"position\":2,\"name\":\"L&rsquo;Universit\u00e9 du Qu\u00e9bec \u00e0 Chicoutimi reconna\u00eet le succ\u00e8s de ses 650 finissantes et finissants\"}]},{\"@type\":\"WebSite\",\"@id\":\"https:\/\/www.uqac.ca\/uqactualites\/#website\",\"url\":\"https:\/\/www.uqac.ca\/uqactualites\/\",\"name\":\"UQACtualit\u00e9s\",\"description\":\"Le portail des nouvelles de l&#039;UQAC\",\"potentialAction\":[{\"@type\":\"SearchAction\",\"target\":{\"@type\":\"EntryPoint\",\"urlTemplate\":\"https:\/\/www.uqac.ca\/uqactualites\/?s={search_term_string}\"},\"query-input\":{\"@type\":\"PropertyValueSpecification\",\"valueRequired\":true,\"valueName\":\"search_term_string\"}}],\"inLanguage\":\"fr-CA\"},{\"@type\":\"Person\",\"@id\":\"https:\/\/www.uqac.ca\/uqactualites\/#\/schema\/person\/366c45a0c4f0e677b41b4af5886e2018\",\"name\":\"Service des communications et des relations publiques\",\"image\":{\"@type\":\"ImageObject\",\"inLanguage\":\"fr-CA\",\"@id\":\"https:\/\/www.uqac.ca\/uqactualites\/#\/schema\/person\/image\/\",\"url\":\"https:\/\/secure.gravatar.com\/avatar\/20fbbda8a292f59f2d3461a5b999c00b?s=96&d=mm&r=g\",\"contentUrl\":\"https:\/\/secure.gravatar.com\/avatar\/20fbbda8a292f59f2d3461a5b999c00b?s=96&d=mm&r=g\",\"caption\":\"Service des communications et des relations publiques\"},\"url\":\"https:\/\/www.uqac.ca\/uqactualites\/author\/bap\/\"}]}<\/script>\r\n<!-- \/ Yoast SEO plugin. -->","yoast_head_json":{"title":"L'Universit\u00e9 du Qu\u00e9bec \u00e0 Chicoutimi reconna\u00eet le succ\u00e8s de ses 650 finissantes et finissants - UQACtualit\u00e9s","robots":{"index":"index","follow":"follow","max-snippet":"max-snippet:-1","max-image-preview":"max-image-preview:large","max-video-preview":"max-video-preview:-1"},"canonical":"https:\/\/www.uqac.ca\/uqactualites\/2006\/04\/28\/luniversite-du-quebec-a-chicoutimi-reconnait-le-succes-de-ses-650-finissantes-et-finissants\/","og_locale":"fr_CA","og_type":"article","og_title":"L'Universit\u00e9 du Qu\u00e9bec \u00e0 Chicoutimi reconna\u00eet le succ\u00e8s de ses 650 finissantes et finissants - UQACtualit\u00e9s","og_description":"Saguenay, le 28 avril 2006 &#8211; Le 29 avril prochain sera jour de r\u00e9jouissance \u00e0 l&rsquo;Universit\u00e9 du Qu\u00e9bec \u00e0 Chicoutimi (UQAC) avec la tenue de la Collation des grades 2006. Seront r\u00e9unis les finissants de tous les programmes de baccalaur\u00e9at, de ma\u00eetrise et de doctorat. Pr\u00e8s de 650 finissants et quelque 2500 invit\u00e9s, en plus [&hellip;]","og_url":"https:\/\/www.uqac.ca\/uqactualites\/2006\/04\/28\/luniversite-du-quebec-a-chicoutimi-reconnait-le-succes-de-ses-650-finissantes-et-finissants\/","og_site_name":"UQACtualit\u00e9s","article_published_time":"2006-04-28T15:47:00+00:00","og_image":[{"width":620,"height":300,"url":"https:\/\/www.uqac.ca\/uqactualites\/wp-content\/uploads\/2012\/05\/communiqu-.jpg","type":"image\/jpeg"}],"author":"Service des communications et des relations publiques","twitter_card":"summary_large_image","twitter_misc":{"\u00c9crit par":"Service des communications et des relations publiques","Estimation du temps de lecture":"2 minutes"},"schema":{"@context":"https:\/\/schema.org","@graph":[{"@type":"WebPage","@id":"https:\/\/www.uqac.ca\/uqactualites\/2006\/04\/28\/luniversite-du-quebec-a-chicoutimi-reconnait-le-succes-de-ses-650-finissantes-et-finissants\/","url":"https:\/\/www.uqac.ca\/uqactualites\/2006\/04\/28\/luniversite-du-quebec-a-chicoutimi-reconnait-le-succes-de-ses-650-finissantes-et-finissants\/","name":"L'Universit\u00e9 du Qu\u00e9bec \u00e0 Chicoutimi reconna\u00eet le succ\u00e8s de ses 650 finissantes et finissants - UQACtualit\u00e9s","isPartOf":{"@id":"https:\/\/www.uqac.ca\/uqactualites\/#website"},"primaryImageOfPage":{"@id":"https:\/\/www.uqac.ca\/uqactualites\/2006\/04\/28\/luniversite-du-quebec-a-chicoutimi-reconnait-le-succes-de-ses-650-finissantes-et-finissants\/#primaryimage"},"image":{"@id":"https:\/\/www.uqac.ca\/uqactualites\/2006\/04\/28\/luniversite-du-quebec-a-chicoutimi-reconnait-le-succes-de-ses-650-finissantes-et-finissants\/#primaryimage"},"thumbnailUrl":"https:\/\/www.uqac.ca\/uqactualites\/wp-content\/uploads\/2012\/05\/communiqu-.jpg","datePublished":"2006-04-28T15:47:00+00:00","dateModified":"2006-04-28T15:47:00+00:00","author":{"@id":"https:\/\/www.uqac.ca\/uqactualites\/#\/schema\/person\/366c45a0c4f0e677b41b4af5886e2018"},"breadcrumb":{"@id":"https:\/\/www.uqac.ca\/uqactualites\/2006\/04\/28\/luniversite-du-quebec-a-chicoutimi-reconnait-le-succes-de-ses-650-finissantes-et-finissants\/#breadcrumb"},"inLanguage":"fr-CA","potentialAction":[{"@type":"ReadAction","target":["https:\/\/www.uqac.ca\/uqactualites\/2006\/04\/28\/luniversite-du-quebec-a-chicoutimi-reconnait-le-succes-de-ses-650-finissantes-et-finissants\/"]}]},{"@type":"ImageObject","inLanguage":"fr-CA","@id":"https:\/\/www.uqac.ca\/uqactualites\/2006\/04\/28\/luniversite-du-quebec-a-chicoutimi-reconnait-le-succes-de-ses-650-finissantes-et-finissants\/#primaryimage","url":"https:\/\/www.uqac.ca\/uqactualites\/wp-content\/uploads\/2012\/05\/communiqu-.jpg","contentUrl":"https:\/\/www.uqac.ca\/uqactualites\/wp-content\/uploads\/2012\/05\/communiqu-.jpg","width":620,"height":300},{"@type":"BreadcrumbList","@id":"https:\/\/www.uqac.ca\/uqactualites\/2006\/04\/28\/luniversite-du-quebec-a-chicoutimi-reconnait-le-succes-de-ses-650-finissantes-et-finissants\/#breadcrumb","itemListElement":[{"@type":"ListItem","position":1,"name":"Home","item":"https:\/\/www.uqac.ca\/uqactualites\/"},{"@type":"ListItem","position":2,"name":"L&rsquo;Universit\u00e9 du Qu\u00e9bec \u00e0 Chicoutimi reconna\u00eet le succ\u00e8s de ses 650 finissantes et finissants"}]},{"@type":"WebSite","@id":"https:\/\/www.uqac.ca\/uqactualites\/#website","url":"https:\/\/www.uqac.ca\/uqactualites\/","name":"UQACtualit\u00e9s","description":"Le portail des nouvelles de l&#039;UQAC","potentialAction":[{"@type":"SearchAction","target":{"@type":"EntryPoint","urlTemplate":"https:\/\/www.uqac.ca\/uqactualites\/?s={search_term_string}"},"query-input":{"@type":"PropertyValueSpecification","valueRequired":true,"valueName":"search_term_string"}}],"inLanguage":"fr-CA"},{"@type":"Person","@id":"https:\/\/www.uqac.ca\/uqactualites\/#\/schema\/person\/366c45a0c4f0e677b41b4af5886e2018","name":"Service des communications et des relations publiques","image":{"@type":"ImageObject","inLanguage":"fr-CA","@id":"https:\/\/www.uqac.ca\/uqactualites\/#\/schema\/person\/image\/","url":"https:\/\/secure.gravatar.com\/avatar\/20fbbda8a292f59f2d3461a5b999c00b?s=96&d=mm&r=g","contentUrl":"https:\/\/secure.gravatar.com\/avatar\/20fbbda8a292f59f2d3461a5b999c00b?s=96&d=mm&r=g","caption":"Service des communications et des relations publiques"},"url":"https:\/\/www.uqac.ca\/uqactualites\/author\/bap\/"}]}},"_links":{"self":[{"href":"https:\/\/www.uqac.ca\/uqactualites\/wp-json\/wp\/v2\/posts\/25363"}],"collection":[{"href":"https:\/\/www.uqac.ca\/uqactualites\/wp-json\/wp\/v2\/posts"}],"about":[{"href":"https:\/\/www.uqac.ca\/uqactualites\/wp-json\/wp\/v2\/types\/post"}],"author":[{"embeddable":true,"href":"https:\/\/www.uqac.ca\/uqactualites\/wp-json\/wp\/v2\/users\/5"}],"replies":[{"embeddable":true,"href":"https:\/\/www.uqac.ca\/uqactualites\/wp-json\/wp\/v2\/comments?post=25363"}],"version-history":[{"count":0,"href":"https:\/\/www.uqac.ca\/uqactualites\/wp-json\/wp\/v2\/posts\/25363\/revisions"}],"wp:featuredmedia":[{"embeddable":true,"href":"https:\/\/www.uqac.ca\/uqactualites\/wp-json\/wp\/v2\/media\/20745"}],"wp:attachment":[{"href":"https:\/\/www.uqac.ca\/uqactualites\/wp-json\/wp\/v2\/media?parent=25363"}],"wp:term":[{"taxonomy":"category","embeddable":true,"href":"https:\/\/www.uqac.ca\/uqactualites\/wp-json\/wp\/v2\/categories?post=25363"},{"taxonomy":"post_tag","embeddable":true,"href":"https:\/\/www.uqac.ca\/uqactualites\/wp-json\/wp\/v2\/tags?post=25363"}],"curies":[{"name":"wp","href":"https:\/\/api.w.org\/{rel}","templated":true}]}}