{"id":25366,"date":"2006-05-26T11:48:30","date_gmt":"2006-05-26T15:48:30","guid":{"rendered":"http:\/\/uqactualite.odev.ca\/?p=25366"},"modified":"2006-05-26T11:48:30","modified_gmt":"2006-05-26T15:48:30","slug":"le-bateau-de-recherche-de-luniversite-du-quebec-a-chicoutimi-est-baptise-le-borealis-2","status":"publish","type":"post","link":"https:\/\/www.uqac.ca\/uqactualites\/2006\/05\/26\/le-bateau-de-recherche-de-luniversite-du-quebec-a-chicoutimi-est-baptise-le-borealis-2\/","title":{"rendered":"Le bateau de recherche de l&rsquo;Universit\u00e9 du Qu\u00e9bec \u00e0 Chicoutimi est baptis\u00e9 Le Borealis"},"content":{"rendered":"<p style=\"text-align: justify\"><b>Saguenay, le 26 mai 2006<\/b> &#8211; Le bapt\u00eame du bateau de recherche de l&rsquo;Universit\u00e9 du Qu\u00e9bec \u00e0 Chicoutimi (UQAC) a \u00e9t\u00e9 c\u00e9l\u00e9br\u00e9, aujourd&rsquo;hui, \u00e0 la marina de la Ville de Roberval en pr\u00e9sence de nombreux invit\u00e9s et de Monsieur Denis Lebel, maire de la municipalit\u00e9. Il s&rsquo;agit du seul bateau vou\u00e9 \u00e0 la recherche sur les \u00e9cosyst\u00e8mes aquatiques de la zone bor\u00e9ale au Qu\u00e9bec. Ces \u00e9cosyst\u00e8mes sont des lacs, des r\u00e9servoirs, des rivi\u00e8res et un fjord qui repr\u00e9sentent une valeur exceptionnelle pour la biodiversit\u00e9 r\u00e9gionale et mondiale. Les travaux effectu\u00e9s gr\u00e2ce au Borealis permettront de mieux conna\u00eetre ces \u00e9cosyst\u00e8mes et les esp\u00e8ces qui les composent.<\/p>\n<p style=\"text-align: justify\">Une \u00e9quipe d&rsquo;une douzaine d&rsquo;\u00e9tudiants travaillera sur ce bateau sous la direction de Monsieur Pascal Sirois, professeur-chercheur en \u00e9cologie aquatique \u00e0 l&rsquo;UQAC. Dans les prochains mois, les travaux de recherche porteront sur les ressources halieutiques r\u00e9gionales comme la ouananiche, le dor\u00e9 et le s\u00e9baste. Plus sp\u00e9cifiquement, on proc\u00e9dera \u00e0 la collecte de donn\u00e9es relatives aux populations d&rsquo;\u00e9perlans arc-en-ciel et \u00e0 leur nourriture planctonique dans le lac Saint-Jean ainsi qu&rsquo;au renouvellement des stocks de s\u00e9bastes dans le fjord du Saguenay. D&rsquo;autres plans d&rsquo;eau seront \u00e9tudi\u00e9s en fonction des recherches \u00e0 venir. Monsieur Patrick Nadeau, membre du personnel de l&rsquo;UQAC, agira \u00e0 titre de capitaine du Borealis.<\/p>\n<p style=\"text-align: justify\">Le recteur de l&rsquo;Universit\u00e9 du Qu\u00e9bec \u00e0 Chicoutimi, Monsieur Michel Belley, a soulign\u00e9 : &raquo; que l&rsquo;\u00e9tude des \u00e9cosyst\u00e8mes aquatiques fait partie des cr\u00e9neaux d&rsquo;excellence qui guident la recherche \u00e0 l&rsquo;Universit\u00e9. L&rsquo;acquisition de ce bateau, \u00e0 la fine pointe de la technologie, d\u00e9montre encore une fois que notre Universit\u00e9 est pr\u00e9sente au Lac Saint-Jean tant dans le domaine de l&rsquo;enseignement que celui de la recherche. &laquo;<\/p>\n<p style=\"text-align: justify\">Sur le plan technique, le bateau construit enti\u00e8rement au Qu\u00e9bec a \u00e9t\u00e9 arm\u00e9 par Nordest Marine, une entreprise de Saguenay, selon les sp\u00e9cifications de Monsieur Sirois. D&rsquo;une longueur de plus de 8 m\u00e8tres, il est muni d&rsquo;une coque faite d&rsquo;aluminium. Le Borealis dispose \u00e9galement de plusieurs appareils sp\u00e9cialis\u00e9s pour le travail avec des \u00e9quipements scientifiques. Pr\u00e9cisons que le b\u00e2timent, certifi\u00e9 de type &raquo; eaux secondaires 1 &raquo; par Transports Canada, est autoris\u00e9 \u00e0 naviguer dans le golfe Saint-Laurent.<\/p>\n<p style=\"text-align: justify\">L&rsquo;Universit\u00e9 du Qu\u00e9bec \u00e0 Chicoutimi remercie les partenaires qui ont rendu ce projet possible : la Fondation canadienne pour l&rsquo;innovation, le minist\u00e8re de l&rsquo;\u00c9ducation, du Loisir et du Sport, la Fondation de l&rsquo;Universit\u00e9 du Qu\u00e9bec \u00e0 Chicoutimi, le Consortium de recherche sur la for\u00eat bor\u00e9ale, la Campagne de financement de l&rsquo;UQAC et le Groupe de recherche sur les ressources renouvelables en milieu bor\u00e9al.<\/p>\n<div style=\"text-align: justify\" align=\"center\">\n<p style=\"text-align: center\">\u2013 30 \u2013<\/p>\n<\/div>\n<p style=\"text-align: justify\">Source :<br \/>\nChantale Leblond<br \/>\nService des affaires publiques<br \/>\nT\u00e9l\u00e9phone : 418 545-5011, poste 2350<br \/>\nAffaires_publiques@uqac.ca<\/p>\n<p style=\"text-align: justify\">Renseignements :<br \/>\nPascal Sirois, professeur-chercheur<br \/>\nD\u00e9partement des sciences fondamentales<br \/>\nT\u00e9l\u00e9phone : 418 545-5011, poste 5658<br \/>\nPascal_Sirois@uqac.ca<\/p>\n","protected":false},"excerpt":{"rendered":"<p>Saguenay, le 26 mai 2006 &#8211; Le bapt\u00eame du bateau de recherche de l&rsquo;Universit\u00e9 du Qu\u00e9bec \u00e0 Chicoutimi (UQAC) a \u00e9t\u00e9 c\u00e9l\u00e9br\u00e9, aujourd&rsquo;hui, \u00e0 la marina de la Ville de Roberval en pr\u00e9sence de nombreux invit\u00e9s et de Monsieur Denis Lebel, maire de la municipalit\u00e9. Il s&rsquo;agit du seul bateau vou\u00e9 \u00e0 la recherche sur [&hellip;]<\/p>\n","protected":false},"author":5,"featured_media":20745,"comment_status":"open","ping_status":"open","sticky":false,"template":"","format":"standard","meta":{"footnotes":""},"categories":[2772],"tags":[],"yoast_head":"<!-- This site is optimized with the Yoast SEO plugin v24.2 - https:\/\/yoast.com\/wordpress\/plugins\/seo\/ -->\r\n<title>Le bateau de recherche de l&#039;Universit\u00e9 du Qu\u00e9bec \u00e0 Chicoutimi est baptis\u00e9 Le Borealis - UQACtualit\u00e9s<\/title>\r\n<meta name=\"robots\" content=\"index, follow, max-snippet:-1, max-image-preview:large, max-video-preview:-1\" \/>\r\n<link rel=\"canonical\" href=\"https:\/\/www.uqac.ca\/uqactualites\/2006\/05\/26\/le-bateau-de-recherche-de-luniversite-du-quebec-a-chicoutimi-est-baptise-le-borealis-2\/\" \/>\r\n<meta property=\"og:locale\" content=\"fr_CA\" \/>\r\n<meta property=\"og:type\" content=\"article\" \/>\r\n<meta property=\"og:title\" content=\"Le bateau de recherche de l&#039;Universit\u00e9 du Qu\u00e9bec \u00e0 Chicoutimi est baptis\u00e9 Le Borealis - UQACtualit\u00e9s\" \/>\r\n<meta property=\"og:description\" content=\"Saguenay, le 26 mai 2006 &#8211; Le bapt\u00eame du bateau de recherche de l&rsquo;Universit\u00e9 du Qu\u00e9bec \u00e0 Chicoutimi (UQAC) a \u00e9t\u00e9 c\u00e9l\u00e9br\u00e9, aujourd&rsquo;hui, \u00e0 la marina de la Ville de Roberval en pr\u00e9sence de nombreux invit\u00e9s et de Monsieur Denis Lebel, maire de la municipalit\u00e9. Il s&rsquo;agit du seul bateau vou\u00e9 \u00e0 la recherche sur [&hellip;]\" \/>\r\n<meta property=\"og:url\" content=\"https:\/\/www.uqac.ca\/uqactualites\/2006\/05\/26\/le-bateau-de-recherche-de-luniversite-du-quebec-a-chicoutimi-est-baptise-le-borealis-2\/\" \/>\r\n<meta property=\"og:site_name\" content=\"UQACtualit\u00e9s\" \/>\r\n<meta property=\"article:published_time\" content=\"2006-05-26T15:48:30+00:00\" \/>\r\n<meta property=\"og:image\" content=\"https:\/\/www.uqac.ca\/uqactualites\/wp-content\/uploads\/2012\/05\/communiqu-.jpg\" \/>\r\n\t<meta property=\"og:image:width\" content=\"620\" \/>\r\n\t<meta property=\"og:image:height\" content=\"300\" \/>\r\n\t<meta property=\"og:image:type\" content=\"image\/jpeg\" \/>\r\n<meta name=\"author\" content=\"Service des communications et des relations publiques\" \/>\r\n<meta name=\"twitter:card\" content=\"summary_large_image\" \/>\r\n<meta name=\"twitter:label1\" content=\"\u00c9crit par\" \/>\n\t<meta name=\"twitter:data1\" content=\"Service des communications et des relations publiques\" \/>\n\t<meta name=\"twitter:label2\" content=\"Estimation du temps de lecture\" \/>\n\t<meta name=\"twitter:data2\" content=\"2 minutes\" \/>\r\n<script type=\"application\/ld+json\" class=\"yoast-schema-graph\">{\"@context\":\"https:\/\/schema.org\",\"@graph\":[{\"@type\":\"WebPage\",\"@id\":\"https:\/\/www.uqac.ca\/uqactualites\/2006\/05\/26\/le-bateau-de-recherche-de-luniversite-du-quebec-a-chicoutimi-est-baptise-le-borealis-2\/\",\"url\":\"https:\/\/www.uqac.ca\/uqactualites\/2006\/05\/26\/le-bateau-de-recherche-de-luniversite-du-quebec-a-chicoutimi-est-baptise-le-borealis-2\/\",\"name\":\"Le bateau de recherche de l'Universit\u00e9 du Qu\u00e9bec \u00e0 Chicoutimi est baptis\u00e9 Le Borealis - UQACtualit\u00e9s\",\"isPartOf\":{\"@id\":\"https:\/\/www.uqac.ca\/uqactualites\/#website\"},\"primaryImageOfPage\":{\"@id\":\"https:\/\/www.uqac.ca\/uqactualites\/2006\/05\/26\/le-bateau-de-recherche-de-luniversite-du-quebec-a-chicoutimi-est-baptise-le-borealis-2\/#primaryimage\"},\"image\":{\"@id\":\"https:\/\/www.uqac.ca\/uqactualites\/2006\/05\/26\/le-bateau-de-recherche-de-luniversite-du-quebec-a-chicoutimi-est-baptise-le-borealis-2\/#primaryimage\"},\"thumbnailUrl\":\"https:\/\/www.uqac.ca\/uqactualites\/wp-content\/uploads\/2012\/05\/communiqu-.jpg\",\"datePublished\":\"2006-05-26T15:48:30+00:00\",\"dateModified\":\"2006-05-26T15:48:30+00:00\",\"author\":{\"@id\":\"https:\/\/www.uqac.ca\/uqactualites\/#\/schema\/person\/366c45a0c4f0e677b41b4af5886e2018\"},\"breadcrumb\":{\"@id\":\"https:\/\/www.uqac.ca\/uqactualites\/2006\/05\/26\/le-bateau-de-recherche-de-luniversite-du-quebec-a-chicoutimi-est-baptise-le-borealis-2\/#breadcrumb\"},\"inLanguage\":\"fr-CA\",\"potentialAction\":[{\"@type\":\"ReadAction\",\"target\":[\"https:\/\/www.uqac.ca\/uqactualites\/2006\/05\/26\/le-bateau-de-recherche-de-luniversite-du-quebec-a-chicoutimi-est-baptise-le-borealis-2\/\"]}]},{\"@type\":\"ImageObject\",\"inLanguage\":\"fr-CA\",\"@id\":\"https:\/\/www.uqac.ca\/uqactualites\/2006\/05\/26\/le-bateau-de-recherche-de-luniversite-du-quebec-a-chicoutimi-est-baptise-le-borealis-2\/#primaryimage\",\"url\":\"https:\/\/www.uqac.ca\/uqactualites\/wp-content\/uploads\/2012\/05\/communiqu-.jpg\",\"contentUrl\":\"https:\/\/www.uqac.ca\/uqactualites\/wp-content\/uploads\/2012\/05\/communiqu-.jpg\",\"width\":620,\"height\":300},{\"@type\":\"BreadcrumbList\",\"@id\":\"https:\/\/www.uqac.ca\/uqactualites\/2006\/05\/26\/le-bateau-de-recherche-de-luniversite-du-quebec-a-chicoutimi-est-baptise-le-borealis-2\/#breadcrumb\",\"itemListElement\":[{\"@type\":\"ListItem\",\"position\":1,\"name\":\"Home\",\"item\":\"https:\/\/www.uqac.ca\/uqactualites\/\"},{\"@type\":\"ListItem\",\"position\":2,\"name\":\"Le bateau de recherche de l&rsquo;Universit\u00e9 du Qu\u00e9bec \u00e0 Chicoutimi est baptis\u00e9 Le Borealis\"}]},{\"@type\":\"WebSite\",\"@id\":\"https:\/\/www.uqac.ca\/uqactualites\/#website\",\"url\":\"https:\/\/www.uqac.ca\/uqactualites\/\",\"name\":\"UQACtualit\u00e9s\",\"description\":\"Le portail des nouvelles de l&#039;UQAC\",\"potentialAction\":[{\"@type\":\"SearchAction\",\"target\":{\"@type\":\"EntryPoint\",\"urlTemplate\":\"https:\/\/www.uqac.ca\/uqactualites\/?s={search_term_string}\"},\"query-input\":{\"@type\":\"PropertyValueSpecification\",\"valueRequired\":true,\"valueName\":\"search_term_string\"}}],\"inLanguage\":\"fr-CA\"},{\"@type\":\"Person\",\"@id\":\"https:\/\/www.uqac.ca\/uqactualites\/#\/schema\/person\/366c45a0c4f0e677b41b4af5886e2018\",\"name\":\"Service des communications et des relations publiques\",\"image\":{\"@type\":\"ImageObject\",\"inLanguage\":\"fr-CA\",\"@id\":\"https:\/\/www.uqac.ca\/uqactualites\/#\/schema\/person\/image\/\",\"url\":\"https:\/\/secure.gravatar.com\/avatar\/20fbbda8a292f59f2d3461a5b999c00b?s=96&d=mm&r=g\",\"contentUrl\":\"https:\/\/secure.gravatar.com\/avatar\/20fbbda8a292f59f2d3461a5b999c00b?s=96&d=mm&r=g\",\"caption\":\"Service des communications et des relations publiques\"},\"url\":\"https:\/\/www.uqac.ca\/uqactualites\/author\/bap\/\"}]}<\/script>\r\n<!-- \/ Yoast SEO plugin. -->","yoast_head_json":{"title":"Le bateau de recherche de l'Universit\u00e9 du Qu\u00e9bec \u00e0 Chicoutimi est baptis\u00e9 Le Borealis - UQACtualit\u00e9s","robots":{"index":"index","follow":"follow","max-snippet":"max-snippet:-1","max-image-preview":"max-image-preview:large","max-video-preview":"max-video-preview:-1"},"canonical":"https:\/\/www.uqac.ca\/uqactualites\/2006\/05\/26\/le-bateau-de-recherche-de-luniversite-du-quebec-a-chicoutimi-est-baptise-le-borealis-2\/","og_locale":"fr_CA","og_type":"article","og_title":"Le bateau de recherche de l'Universit\u00e9 du Qu\u00e9bec \u00e0 Chicoutimi est baptis\u00e9 Le Borealis - UQACtualit\u00e9s","og_description":"Saguenay, le 26 mai 2006 &#8211; Le bapt\u00eame du bateau de recherche de l&rsquo;Universit\u00e9 du Qu\u00e9bec \u00e0 Chicoutimi (UQAC) a \u00e9t\u00e9 c\u00e9l\u00e9br\u00e9, aujourd&rsquo;hui, \u00e0 la marina de la Ville de Roberval en pr\u00e9sence de nombreux invit\u00e9s et de Monsieur Denis Lebel, maire de la municipalit\u00e9. Il s&rsquo;agit du seul bateau vou\u00e9 \u00e0 la recherche sur [&hellip;]","og_url":"https:\/\/www.uqac.ca\/uqactualites\/2006\/05\/26\/le-bateau-de-recherche-de-luniversite-du-quebec-a-chicoutimi-est-baptise-le-borealis-2\/","og_site_name":"UQACtualit\u00e9s","article_published_time":"2006-05-26T15:48:30+00:00","og_image":[{"width":620,"height":300,"url":"https:\/\/www.uqac.ca\/uqactualites\/wp-content\/uploads\/2012\/05\/communiqu-.jpg","type":"image\/jpeg"}],"author":"Service des communications et des relations publiques","twitter_card":"summary_large_image","twitter_misc":{"\u00c9crit par":"Service des communications et des relations publiques","Estimation du temps de lecture":"2 minutes"},"schema":{"@context":"https:\/\/schema.org","@graph":[{"@type":"WebPage","@id":"https:\/\/www.uqac.ca\/uqactualites\/2006\/05\/26\/le-bateau-de-recherche-de-luniversite-du-quebec-a-chicoutimi-est-baptise-le-borealis-2\/","url":"https:\/\/www.uqac.ca\/uqactualites\/2006\/05\/26\/le-bateau-de-recherche-de-luniversite-du-quebec-a-chicoutimi-est-baptise-le-borealis-2\/","name":"Le bateau de recherche de l'Universit\u00e9 du Qu\u00e9bec \u00e0 Chicoutimi est baptis\u00e9 Le Borealis - UQACtualit\u00e9s","isPartOf":{"@id":"https:\/\/www.uqac.ca\/uqactualites\/#website"},"primaryImageOfPage":{"@id":"https:\/\/www.uqac.ca\/uqactualites\/2006\/05\/26\/le-bateau-de-recherche-de-luniversite-du-quebec-a-chicoutimi-est-baptise-le-borealis-2\/#primaryimage"},"image":{"@id":"https:\/\/www.uqac.ca\/uqactualites\/2006\/05\/26\/le-bateau-de-recherche-de-luniversite-du-quebec-a-chicoutimi-est-baptise-le-borealis-2\/#primaryimage"},"thumbnailUrl":"https:\/\/www.uqac.ca\/uqactualites\/wp-content\/uploads\/2012\/05\/communiqu-.jpg","datePublished":"2006-05-26T15:48:30+00:00","dateModified":"2006-05-26T15:48:30+00:00","author":{"@id":"https:\/\/www.uqac.ca\/uqactualites\/#\/schema\/person\/366c45a0c4f0e677b41b4af5886e2018"},"breadcrumb":{"@id":"https:\/\/www.uqac.ca\/uqactualites\/2006\/05\/26\/le-bateau-de-recherche-de-luniversite-du-quebec-a-chicoutimi-est-baptise-le-borealis-2\/#breadcrumb"},"inLanguage":"fr-CA","potentialAction":[{"@type":"ReadAction","target":["https:\/\/www.uqac.ca\/uqactualites\/2006\/05\/26\/le-bateau-de-recherche-de-luniversite-du-quebec-a-chicoutimi-est-baptise-le-borealis-2\/"]}]},{"@type":"ImageObject","inLanguage":"fr-CA","@id":"https:\/\/www.uqac.ca\/uqactualites\/2006\/05\/26\/le-bateau-de-recherche-de-luniversite-du-quebec-a-chicoutimi-est-baptise-le-borealis-2\/#primaryimage","url":"https:\/\/www.uqac.ca\/uqactualites\/wp-content\/uploads\/2012\/05\/communiqu-.jpg","contentUrl":"https:\/\/www.uqac.ca\/uqactualites\/wp-content\/uploads\/2012\/05\/communiqu-.jpg","width":620,"height":300},{"@type":"BreadcrumbList","@id":"https:\/\/www.uqac.ca\/uqactualites\/2006\/05\/26\/le-bateau-de-recherche-de-luniversite-du-quebec-a-chicoutimi-est-baptise-le-borealis-2\/#breadcrumb","itemListElement":[{"@type":"ListItem","position":1,"name":"Home","item":"https:\/\/www.uqac.ca\/uqactualites\/"},{"@type":"ListItem","position":2,"name":"Le bateau de recherche de l&rsquo;Universit\u00e9 du Qu\u00e9bec \u00e0 Chicoutimi est baptis\u00e9 Le Borealis"}]},{"@type":"WebSite","@id":"https:\/\/www.uqac.ca\/uqactualites\/#website","url":"https:\/\/www.uqac.ca\/uqactualites\/","name":"UQACtualit\u00e9s","description":"Le portail des nouvelles de l&#039;UQAC","potentialAction":[{"@type":"SearchAction","target":{"@type":"EntryPoint","urlTemplate":"https:\/\/www.uqac.ca\/uqactualites\/?s={search_term_string}"},"query-input":{"@type":"PropertyValueSpecification","valueRequired":true,"valueName":"search_term_string"}}],"inLanguage":"fr-CA"},{"@type":"Person","@id":"https:\/\/www.uqac.ca\/uqactualites\/#\/schema\/person\/366c45a0c4f0e677b41b4af5886e2018","name":"Service des communications et des relations publiques","image":{"@type":"ImageObject","inLanguage":"fr-CA","@id":"https:\/\/www.uqac.ca\/uqactualites\/#\/schema\/person\/image\/","url":"https:\/\/secure.gravatar.com\/avatar\/20fbbda8a292f59f2d3461a5b999c00b?s=96&d=mm&r=g","contentUrl":"https:\/\/secure.gravatar.com\/avatar\/20fbbda8a292f59f2d3461a5b999c00b?s=96&d=mm&r=g","caption":"Service des communications et des relations publiques"},"url":"https:\/\/www.uqac.ca\/uqactualites\/author\/bap\/"}]}},"_links":{"self":[{"href":"https:\/\/www.uqac.ca\/uqactualites\/wp-json\/wp\/v2\/posts\/25366"}],"collection":[{"href":"https:\/\/www.uqac.ca\/uqactualites\/wp-json\/wp\/v2\/posts"}],"about":[{"href":"https:\/\/www.uqac.ca\/uqactualites\/wp-json\/wp\/v2\/types\/post"}],"author":[{"embeddable":true,"href":"https:\/\/www.uqac.ca\/uqactualites\/wp-json\/wp\/v2\/users\/5"}],"replies":[{"embeddable":true,"href":"https:\/\/www.uqac.ca\/uqactualites\/wp-json\/wp\/v2\/comments?post=25366"}],"version-history":[{"count":0,"href":"https:\/\/www.uqac.ca\/uqactualites\/wp-json\/wp\/v2\/posts\/25366\/revisions"}],"wp:featuredmedia":[{"embeddable":true,"href":"https:\/\/www.uqac.ca\/uqactualites\/wp-json\/wp\/v2\/media\/20745"}],"wp:attachment":[{"href":"https:\/\/www.uqac.ca\/uqactualites\/wp-json\/wp\/v2\/media?parent=25366"}],"wp:term":[{"taxonomy":"category","embeddable":true,"href":"https:\/\/www.uqac.ca\/uqactualites\/wp-json\/wp\/v2\/categories?post=25366"},{"taxonomy":"post_tag","embeddable":true,"href":"https:\/\/www.uqac.ca\/uqactualites\/wp-json\/wp\/v2\/tags?post=25366"}],"curies":[{"name":"wp","href":"https:\/\/api.w.org\/{rel}","templated":true}]}}