{"id":25368,"date":"2006-05-30T11:49:22","date_gmt":"2006-05-30T15:49:22","guid":{"rendered":"http:\/\/uqactualite.odev.ca\/?p=25368"},"modified":"2006-05-30T11:49:22","modified_gmt":"2006-05-30T15:49:22","slug":"remise-des-attestations-2006-de-luniversite-du-quebec-a-chicoutimi-au-centre-detudes-du-haut-lac-saint-jean","status":"publish","type":"post","link":"https:\/\/www.uqac.ca\/uqactualites\/2006\/05\/30\/remise-des-attestations-2006-de-luniversite-du-quebec-a-chicoutimi-au-centre-detudes-du-haut-lac-saint-jean\/","title":{"rendered":"Remise des attestations 2006 de l&rsquo;Universit\u00e9 du Qu\u00e9bec \u00e0 Chicoutimi au Centre d&rsquo;\u00e9tudes du Haut-Lac-Saint-Jean"},"content":{"rendered":"<p style=\"text-align: justify\"><b>Saguenay, le 30 mai 2006 \u2014 <\/b>Plus de deux cent trente personnes ont particip\u00e9, le 26 mai dernier, \u00e0 la c\u00e9r\u00e9monie de remise des attestations 2006 de l&rsquo;Universit\u00e9 du Qu\u00e9bec \u00e0 Chicoutimi (UQAC) \u2014 Centre d&rsquo;\u00e9tudes du Haut-Lac-Saint-Jean. Cette c\u00e9r\u00e9monie se d\u00e9roulait au Bor\u00e9alium (Zoo sauvage de Saint-F\u00e9licien) sous la pr\u00e9sidence d&rsquo;honneur du recteur, Monsieur Michel Belley.<\/p>\n<p style=\"text-align: justify\">Une centaine d&rsquo;attestations, r\u00e9parties dans vingt programmes d&rsquo;\u00e9tudes de premier et deuxi\u00e8me cycles, ont \u00e9t\u00e9 remises aux \u00e9tudiants provenant majoritairement du milieu du travail. Les \u00e9tudiantes et \u00e9tudiants, qui proviennent des MRC Domaine-du-Roy et Maria-Chapdelaine, ont poursuivi leurs \u00e9tudes au Centre du Haut-Lac-Saint-Jean au cours des cinq derni\u00e8res ann\u00e9es.<\/p>\n<p style=\"text-align: justify\">Outre Monsieur Belley, plusieurs repr\u00e9sentants de l&rsquo;Universit\u00e9 du Qu\u00e9bec \u00e0 Chicoutimi ont assist\u00e9 \u00e0 la soir\u00e9e. \u00c9taient pr\u00e9sents \u00e9galement plusieurs personnalit\u00e9s du monde municipal, du milieu socio-\u00e9conomique et de l&rsquo;\u00e9ducation ainsi que certains membres du Conseil d&rsquo;orientation des services universitaires du Haut-Lac-Saint-Jean.<\/p>\n<p style=\"text-align: justify\">Les dipl\u00f4m\u00e9s, leur famille et les invit\u00e9s se sont r\u00e9unis ensuite \u00e0 l&rsquo;H\u00f4tel du Jardin de Saint-F\u00e9licien dans une ambiance festive.<\/p>\n<p style=\"text-align: justify\">Les bureaux du Centre d&rsquo;\u00e9tudes du Haut-Lac-Saint-Jean sont localis\u00e9s au c\u00e9gep de Saint-F\u00e9licien. Les trois autres centres d&rsquo;\u00e9tudes de l&rsquo;UQAC sont situ\u00e9s dans les c\u00e9geps \u00e0 Alma, \u00e0 La Malbaie et \u00e0 Sept-\u00celes.<\/p>\n<p style=\"text-align: justify\">Le comit\u00e9 organisateur de la c\u00e9r\u00e9monie de remise des attestations 2006 a travaill\u00e9 au cours des deux derniers mois, sous la supervision de Madame Diane Painchaud, du Centre d&rsquo;\u00e9tudes du Haut-Lac-Saint-Jean, \u00e0 rendre cette soir\u00e9e m\u00e9morable.<\/p>\n<p style=\"text-align: justify\">L&rsquo;Universit\u00e9 du Qu\u00e9bec \u00e0 Chicoutimi f\u00e9licite les \u00e9tudiantes et \u00e9tudiants et leur souhaite le meilleur succ\u00e8s dans tous leurs projets.<\/p>\n<div style=\"text-align: justify\" align=\"center\">\n<p style=\"text-align: center\">-30-<\/p>\n<\/div>\n<table border=\"0\" cellspacing=\"2\" cellpadding=\"10\">\n<tbody>\n<tr>\n<td valign=\"top\"><b>Renseignements :<br \/>\n<\/b>Diane Painchaud, responsable<br \/>\nCentre d&rsquo;\u00e9tudes du Haut-Lac-Saint-Jean<br \/>\nSaint-F\u00e9licien<br \/>\nT\u00e9l\u00e9phone: (418) 679-2682<\/td>\n<td valign=\"top\"><b>Source :<br \/>\n<\/b>Chantale Leblond<br \/>\nService des affaires publiques<br \/>\nT\u00e9l\u00e9phone : (418) 545-5011, poste 2350<br \/>\nAffaires_publiques@uqac.ca<\/td>\n<\/tr>\n<\/tbody>\n<\/table>\n","protected":false},"excerpt":{"rendered":"<p>Saguenay, le 30 mai 2006 \u2014 Plus de deux cent trente personnes ont particip\u00e9, le 26 mai dernier, \u00e0 la c\u00e9r\u00e9monie de remise des attestations 2006 de l&rsquo;Universit\u00e9 du Qu\u00e9bec \u00e0 Chicoutimi (UQAC) \u2014 Centre d&rsquo;\u00e9tudes du Haut-Lac-Saint-Jean. Cette c\u00e9r\u00e9monie se d\u00e9roulait au Bor\u00e9alium (Zoo sauvage de Saint-F\u00e9licien) sous la pr\u00e9sidence d&rsquo;honneur du recteur, Monsieur [&hellip;]<\/p>\n","protected":false},"author":5,"featured_media":20745,"comment_status":"open","ping_status":"open","sticky":false,"template":"","format":"standard","meta":{"footnotes":""},"categories":[2772],"tags":[],"yoast_head":"<!-- This site is optimized with the Yoast SEO plugin v24.2 - https:\/\/yoast.com\/wordpress\/plugins\/seo\/ -->\r\n<title>Remise des attestations 2006 de l&#039;Universit\u00e9 du Qu\u00e9bec \u00e0 Chicoutimi au Centre d&#039;\u00e9tudes du Haut-Lac-Saint-Jean - UQACtualit\u00e9s<\/title>\r\n<meta name=\"robots\" content=\"index, follow, max-snippet:-1, max-image-preview:large, max-video-preview:-1\" \/>\r\n<link rel=\"canonical\" href=\"https:\/\/www.uqac.ca\/uqactualites\/2006\/05\/30\/remise-des-attestations-2006-de-luniversite-du-quebec-a-chicoutimi-au-centre-detudes-du-haut-lac-saint-jean\/\" \/>\r\n<meta property=\"og:locale\" content=\"fr_CA\" \/>\r\n<meta property=\"og:type\" content=\"article\" \/>\r\n<meta property=\"og:title\" content=\"Remise des attestations 2006 de l&#039;Universit\u00e9 du Qu\u00e9bec \u00e0 Chicoutimi au Centre d&#039;\u00e9tudes du Haut-Lac-Saint-Jean - UQACtualit\u00e9s\" \/>\r\n<meta property=\"og:description\" content=\"Saguenay, le 30 mai 2006 \u2014 Plus de deux cent trente personnes ont particip\u00e9, le 26 mai dernier, \u00e0 la c\u00e9r\u00e9monie de remise des attestations 2006 de l&rsquo;Universit\u00e9 du Qu\u00e9bec \u00e0 Chicoutimi (UQAC) \u2014 Centre d&rsquo;\u00e9tudes du Haut-Lac-Saint-Jean. Cette c\u00e9r\u00e9monie se d\u00e9roulait au Bor\u00e9alium (Zoo sauvage de Saint-F\u00e9licien) sous la pr\u00e9sidence d&rsquo;honneur du recteur, Monsieur [&hellip;]\" \/>\r\n<meta property=\"og:url\" content=\"https:\/\/www.uqac.ca\/uqactualites\/2006\/05\/30\/remise-des-attestations-2006-de-luniversite-du-quebec-a-chicoutimi-au-centre-detudes-du-haut-lac-saint-jean\/\" \/>\r\n<meta property=\"og:site_name\" content=\"UQACtualit\u00e9s\" \/>\r\n<meta property=\"article:published_time\" content=\"2006-05-30T15:49:22+00:00\" \/>\r\n<meta property=\"og:image\" content=\"https:\/\/www.uqac.ca\/uqactualites\/wp-content\/uploads\/2012\/05\/communiqu-.jpg\" \/>\r\n\t<meta property=\"og:image:width\" content=\"620\" \/>\r\n\t<meta property=\"og:image:height\" content=\"300\" \/>\r\n\t<meta property=\"og:image:type\" content=\"image\/jpeg\" \/>\r\n<meta name=\"author\" content=\"Service des communications et des relations publiques\" \/>\r\n<meta name=\"twitter:card\" content=\"summary_large_image\" \/>\r\n<meta name=\"twitter:label1\" content=\"\u00c9crit par\" \/>\n\t<meta name=\"twitter:data1\" content=\"Service des communications et des relations publiques\" \/>\n\t<meta name=\"twitter:label2\" content=\"Estimation du temps de lecture\" \/>\n\t<meta name=\"twitter:data2\" content=\"2 minutes\" \/>\r\n<script type=\"application\/ld+json\" class=\"yoast-schema-graph\">{\"@context\":\"https:\/\/schema.org\",\"@graph\":[{\"@type\":\"WebPage\",\"@id\":\"https:\/\/www.uqac.ca\/uqactualites\/2006\/05\/30\/remise-des-attestations-2006-de-luniversite-du-quebec-a-chicoutimi-au-centre-detudes-du-haut-lac-saint-jean\/\",\"url\":\"https:\/\/www.uqac.ca\/uqactualites\/2006\/05\/30\/remise-des-attestations-2006-de-luniversite-du-quebec-a-chicoutimi-au-centre-detudes-du-haut-lac-saint-jean\/\",\"name\":\"Remise des attestations 2006 de l'Universit\u00e9 du Qu\u00e9bec \u00e0 Chicoutimi au Centre d'\u00e9tudes du Haut-Lac-Saint-Jean - UQACtualit\u00e9s\",\"isPartOf\":{\"@id\":\"https:\/\/www.uqac.ca\/uqactualites\/#website\"},\"primaryImageOfPage\":{\"@id\":\"https:\/\/www.uqac.ca\/uqactualites\/2006\/05\/30\/remise-des-attestations-2006-de-luniversite-du-quebec-a-chicoutimi-au-centre-detudes-du-haut-lac-saint-jean\/#primaryimage\"},\"image\":{\"@id\":\"https:\/\/www.uqac.ca\/uqactualites\/2006\/05\/30\/remise-des-attestations-2006-de-luniversite-du-quebec-a-chicoutimi-au-centre-detudes-du-haut-lac-saint-jean\/#primaryimage\"},\"thumbnailUrl\":\"https:\/\/www.uqac.ca\/uqactualites\/wp-content\/uploads\/2012\/05\/communiqu-.jpg\",\"datePublished\":\"2006-05-30T15:49:22+00:00\",\"dateModified\":\"2006-05-30T15:49:22+00:00\",\"author\":{\"@id\":\"https:\/\/www.uqac.ca\/uqactualites\/#\/schema\/person\/366c45a0c4f0e677b41b4af5886e2018\"},\"breadcrumb\":{\"@id\":\"https:\/\/www.uqac.ca\/uqactualites\/2006\/05\/30\/remise-des-attestations-2006-de-luniversite-du-quebec-a-chicoutimi-au-centre-detudes-du-haut-lac-saint-jean\/#breadcrumb\"},\"inLanguage\":\"fr-CA\",\"potentialAction\":[{\"@type\":\"ReadAction\",\"target\":[\"https:\/\/www.uqac.ca\/uqactualites\/2006\/05\/30\/remise-des-attestations-2006-de-luniversite-du-quebec-a-chicoutimi-au-centre-detudes-du-haut-lac-saint-jean\/\"]}]},{\"@type\":\"ImageObject\",\"inLanguage\":\"fr-CA\",\"@id\":\"https:\/\/www.uqac.ca\/uqactualites\/2006\/05\/30\/remise-des-attestations-2006-de-luniversite-du-quebec-a-chicoutimi-au-centre-detudes-du-haut-lac-saint-jean\/#primaryimage\",\"url\":\"https:\/\/www.uqac.ca\/uqactualites\/wp-content\/uploads\/2012\/05\/communiqu-.jpg\",\"contentUrl\":\"https:\/\/www.uqac.ca\/uqactualites\/wp-content\/uploads\/2012\/05\/communiqu-.jpg\",\"width\":620,\"height\":300},{\"@type\":\"BreadcrumbList\",\"@id\":\"https:\/\/www.uqac.ca\/uqactualites\/2006\/05\/30\/remise-des-attestations-2006-de-luniversite-du-quebec-a-chicoutimi-au-centre-detudes-du-haut-lac-saint-jean\/#breadcrumb\",\"itemListElement\":[{\"@type\":\"ListItem\",\"position\":1,\"name\":\"Home\",\"item\":\"https:\/\/www.uqac.ca\/uqactualites\/\"},{\"@type\":\"ListItem\",\"position\":2,\"name\":\"Remise des attestations 2006 de l&rsquo;Universit\u00e9 du Qu\u00e9bec \u00e0 Chicoutimi au Centre d&rsquo;\u00e9tudes du Haut-Lac-Saint-Jean\"}]},{\"@type\":\"WebSite\",\"@id\":\"https:\/\/www.uqac.ca\/uqactualites\/#website\",\"url\":\"https:\/\/www.uqac.ca\/uqactualites\/\",\"name\":\"UQACtualit\u00e9s\",\"description\":\"Le portail des nouvelles de l&#039;UQAC\",\"potentialAction\":[{\"@type\":\"SearchAction\",\"target\":{\"@type\":\"EntryPoint\",\"urlTemplate\":\"https:\/\/www.uqac.ca\/uqactualites\/?s={search_term_string}\"},\"query-input\":{\"@type\":\"PropertyValueSpecification\",\"valueRequired\":true,\"valueName\":\"search_term_string\"}}],\"inLanguage\":\"fr-CA\"},{\"@type\":\"Person\",\"@id\":\"https:\/\/www.uqac.ca\/uqactualites\/#\/schema\/person\/366c45a0c4f0e677b41b4af5886e2018\",\"name\":\"Service des communications et des relations publiques\",\"image\":{\"@type\":\"ImageObject\",\"inLanguage\":\"fr-CA\",\"@id\":\"https:\/\/www.uqac.ca\/uqactualites\/#\/schema\/person\/image\/\",\"url\":\"https:\/\/secure.gravatar.com\/avatar\/20fbbda8a292f59f2d3461a5b999c00b?s=96&d=mm&r=g\",\"contentUrl\":\"https:\/\/secure.gravatar.com\/avatar\/20fbbda8a292f59f2d3461a5b999c00b?s=96&d=mm&r=g\",\"caption\":\"Service des communications et des relations publiques\"},\"url\":\"https:\/\/www.uqac.ca\/uqactualites\/author\/bap\/\"}]}<\/script>\r\n<!-- \/ Yoast SEO plugin. -->","yoast_head_json":{"title":"Remise des attestations 2006 de l'Universit\u00e9 du Qu\u00e9bec \u00e0 Chicoutimi au Centre d'\u00e9tudes du Haut-Lac-Saint-Jean - UQACtualit\u00e9s","robots":{"index":"index","follow":"follow","max-snippet":"max-snippet:-1","max-image-preview":"max-image-preview:large","max-video-preview":"max-video-preview:-1"},"canonical":"https:\/\/www.uqac.ca\/uqactualites\/2006\/05\/30\/remise-des-attestations-2006-de-luniversite-du-quebec-a-chicoutimi-au-centre-detudes-du-haut-lac-saint-jean\/","og_locale":"fr_CA","og_type":"article","og_title":"Remise des attestations 2006 de l'Universit\u00e9 du Qu\u00e9bec \u00e0 Chicoutimi au Centre d'\u00e9tudes du Haut-Lac-Saint-Jean - UQACtualit\u00e9s","og_description":"Saguenay, le 30 mai 2006 \u2014 Plus de deux cent trente personnes ont particip\u00e9, le 26 mai dernier, \u00e0 la c\u00e9r\u00e9monie de remise des attestations 2006 de l&rsquo;Universit\u00e9 du Qu\u00e9bec \u00e0 Chicoutimi (UQAC) \u2014 Centre d&rsquo;\u00e9tudes du Haut-Lac-Saint-Jean. Cette c\u00e9r\u00e9monie se d\u00e9roulait au Bor\u00e9alium (Zoo sauvage de Saint-F\u00e9licien) sous la pr\u00e9sidence d&rsquo;honneur du recteur, Monsieur [&hellip;]","og_url":"https:\/\/www.uqac.ca\/uqactualites\/2006\/05\/30\/remise-des-attestations-2006-de-luniversite-du-quebec-a-chicoutimi-au-centre-detudes-du-haut-lac-saint-jean\/","og_site_name":"UQACtualit\u00e9s","article_published_time":"2006-05-30T15:49:22+00:00","og_image":[{"width":620,"height":300,"url":"https:\/\/www.uqac.ca\/uqactualites\/wp-content\/uploads\/2012\/05\/communiqu-.jpg","type":"image\/jpeg"}],"author":"Service des communications et des relations publiques","twitter_card":"summary_large_image","twitter_misc":{"\u00c9crit par":"Service des communications et des relations publiques","Estimation du temps de lecture":"2 minutes"},"schema":{"@context":"https:\/\/schema.org","@graph":[{"@type":"WebPage","@id":"https:\/\/www.uqac.ca\/uqactualites\/2006\/05\/30\/remise-des-attestations-2006-de-luniversite-du-quebec-a-chicoutimi-au-centre-detudes-du-haut-lac-saint-jean\/","url":"https:\/\/www.uqac.ca\/uqactualites\/2006\/05\/30\/remise-des-attestations-2006-de-luniversite-du-quebec-a-chicoutimi-au-centre-detudes-du-haut-lac-saint-jean\/","name":"Remise des attestations 2006 de l'Universit\u00e9 du Qu\u00e9bec \u00e0 Chicoutimi au Centre d'\u00e9tudes du Haut-Lac-Saint-Jean - UQACtualit\u00e9s","isPartOf":{"@id":"https:\/\/www.uqac.ca\/uqactualites\/#website"},"primaryImageOfPage":{"@id":"https:\/\/www.uqac.ca\/uqactualites\/2006\/05\/30\/remise-des-attestations-2006-de-luniversite-du-quebec-a-chicoutimi-au-centre-detudes-du-haut-lac-saint-jean\/#primaryimage"},"image":{"@id":"https:\/\/www.uqac.ca\/uqactualites\/2006\/05\/30\/remise-des-attestations-2006-de-luniversite-du-quebec-a-chicoutimi-au-centre-detudes-du-haut-lac-saint-jean\/#primaryimage"},"thumbnailUrl":"https:\/\/www.uqac.ca\/uqactualites\/wp-content\/uploads\/2012\/05\/communiqu-.jpg","datePublished":"2006-05-30T15:49:22+00:00","dateModified":"2006-05-30T15:49:22+00:00","author":{"@id":"https:\/\/www.uqac.ca\/uqactualites\/#\/schema\/person\/366c45a0c4f0e677b41b4af5886e2018"},"breadcrumb":{"@id":"https:\/\/www.uqac.ca\/uqactualites\/2006\/05\/30\/remise-des-attestations-2006-de-luniversite-du-quebec-a-chicoutimi-au-centre-detudes-du-haut-lac-saint-jean\/#breadcrumb"},"inLanguage":"fr-CA","potentialAction":[{"@type":"ReadAction","target":["https:\/\/www.uqac.ca\/uqactualites\/2006\/05\/30\/remise-des-attestations-2006-de-luniversite-du-quebec-a-chicoutimi-au-centre-detudes-du-haut-lac-saint-jean\/"]}]},{"@type":"ImageObject","inLanguage":"fr-CA","@id":"https:\/\/www.uqac.ca\/uqactualites\/2006\/05\/30\/remise-des-attestations-2006-de-luniversite-du-quebec-a-chicoutimi-au-centre-detudes-du-haut-lac-saint-jean\/#primaryimage","url":"https:\/\/www.uqac.ca\/uqactualites\/wp-content\/uploads\/2012\/05\/communiqu-.jpg","contentUrl":"https:\/\/www.uqac.ca\/uqactualites\/wp-content\/uploads\/2012\/05\/communiqu-.jpg","width":620,"height":300},{"@type":"BreadcrumbList","@id":"https:\/\/www.uqac.ca\/uqactualites\/2006\/05\/30\/remise-des-attestations-2006-de-luniversite-du-quebec-a-chicoutimi-au-centre-detudes-du-haut-lac-saint-jean\/#breadcrumb","itemListElement":[{"@type":"ListItem","position":1,"name":"Home","item":"https:\/\/www.uqac.ca\/uqactualites\/"},{"@type":"ListItem","position":2,"name":"Remise des attestations 2006 de l&rsquo;Universit\u00e9 du Qu\u00e9bec \u00e0 Chicoutimi au Centre d&rsquo;\u00e9tudes du Haut-Lac-Saint-Jean"}]},{"@type":"WebSite","@id":"https:\/\/www.uqac.ca\/uqactualites\/#website","url":"https:\/\/www.uqac.ca\/uqactualites\/","name":"UQACtualit\u00e9s","description":"Le portail des nouvelles de l&#039;UQAC","potentialAction":[{"@type":"SearchAction","target":{"@type":"EntryPoint","urlTemplate":"https:\/\/www.uqac.ca\/uqactualites\/?s={search_term_string}"},"query-input":{"@type":"PropertyValueSpecification","valueRequired":true,"valueName":"search_term_string"}}],"inLanguage":"fr-CA"},{"@type":"Person","@id":"https:\/\/www.uqac.ca\/uqactualites\/#\/schema\/person\/366c45a0c4f0e677b41b4af5886e2018","name":"Service des communications et des relations publiques","image":{"@type":"ImageObject","inLanguage":"fr-CA","@id":"https:\/\/www.uqac.ca\/uqactualites\/#\/schema\/person\/image\/","url":"https:\/\/secure.gravatar.com\/avatar\/20fbbda8a292f59f2d3461a5b999c00b?s=96&d=mm&r=g","contentUrl":"https:\/\/secure.gravatar.com\/avatar\/20fbbda8a292f59f2d3461a5b999c00b?s=96&d=mm&r=g","caption":"Service des communications et des relations publiques"},"url":"https:\/\/www.uqac.ca\/uqactualites\/author\/bap\/"}]}},"_links":{"self":[{"href":"https:\/\/www.uqac.ca\/uqactualites\/wp-json\/wp\/v2\/posts\/25368"}],"collection":[{"href":"https:\/\/www.uqac.ca\/uqactualites\/wp-json\/wp\/v2\/posts"}],"about":[{"href":"https:\/\/www.uqac.ca\/uqactualites\/wp-json\/wp\/v2\/types\/post"}],"author":[{"embeddable":true,"href":"https:\/\/www.uqac.ca\/uqactualites\/wp-json\/wp\/v2\/users\/5"}],"replies":[{"embeddable":true,"href":"https:\/\/www.uqac.ca\/uqactualites\/wp-json\/wp\/v2\/comments?post=25368"}],"version-history":[{"count":0,"href":"https:\/\/www.uqac.ca\/uqactualites\/wp-json\/wp\/v2\/posts\/25368\/revisions"}],"wp:featuredmedia":[{"embeddable":true,"href":"https:\/\/www.uqac.ca\/uqactualites\/wp-json\/wp\/v2\/media\/20745"}],"wp:attachment":[{"href":"https:\/\/www.uqac.ca\/uqactualites\/wp-json\/wp\/v2\/media?parent=25368"}],"wp:term":[{"taxonomy":"category","embeddable":true,"href":"https:\/\/www.uqac.ca\/uqactualites\/wp-json\/wp\/v2\/categories?post=25368"},{"taxonomy":"post_tag","embeddable":true,"href":"https:\/\/www.uqac.ca\/uqactualites\/wp-json\/wp\/v2\/tags?post=25368"}],"curies":[{"name":"wp","href":"https:\/\/api.w.org\/{rel}","templated":true}]}}