{"id":25372,"date":"2006-06-05T11:13:59","date_gmt":"2006-06-05T15:13:59","guid":{"rendered":"http:\/\/uqactualite.odev.ca\/?p=25372"},"modified":"2006-06-05T11:13:59","modified_gmt":"2006-06-05T15:13:59","slug":"canadian-geographic-communique-concernant-les-prix-canadiens-de-lenvironnement-qui-ont-eu-lieu-le-lundi-5-juin-2006-a-vancouver","status":"publish","type":"post","link":"https:\/\/www.uqac.ca\/uqactualites\/2006\/06\/05\/canadian-geographic-communique-concernant-les-prix-canadiens-de-lenvironnement-qui-ont-eu-lieu-le-lundi-5-juin-2006-a-vancouver\/","title":{"rendered":"[Canadian Geographic] &#8211; Communiqu\u00e9 concernant les \u00ab Prix canadiens de l&rsquo;environnement \u00bb qui ont eu lieu le lundi 5 juin 2006 \u00e0 Vancouver"},"content":{"rendered":"<p style=\"text-align: justify\"><i>Le professeur Claude Villeneuve, du D\u00e9partement des sciences fondamentales \u00e0 l&rsquo;Universit\u00e9 du Qu\u00e9bec \u00e0 Chicoutimi, qui est titulaire de la Chaire de recherche et d&rsquo;intervention en \u00e9co-conseil, s&rsquo;est vu d\u00e9cerner la m\u00e9daille d&rsquo;argent dans la cat\u00e9gorie <\/i><b><i>Changements climatiques.<\/i><br \/>\n<\/b><\/p>\n<p style=\"text-align: justify\">PRIX CANADIENS DE L&rsquo;ENVIRONNEMENT 2006<\/p>\n<p style=\"text-align: justify\">EMBARGO JUSQU&rsquo;AU 5 JUIN 2006, 18 h (heure du Pacifique) \/ 21 h (HNE)<\/p>\n<p style=\"text-align: justify\">Laur\u00e9ats des Prix canadiens de l&rsquo;environnement 2006<\/p>\n<p style=\"text-align: justify\"><b>VANCOUVER, LE 5 JUIN 2006 \u2013<\/b> Le cinqui\u00e8me gala des Prix canadiens de l&rsquo;environnement a eu lieu ce soir au majestueux h\u00f4tel Pan Pacific de Vancouver. Cette f\u00eate en l&rsquo;honneur des Canadiennes et des Canadiens qui se d\u00e9vouent pour la protection, la conservation et la restauration de l&rsquo;environnement au pays est l&rsquo;un des faits saillants de la Semaine canadienne de l&rsquo;environnement. Le gala \u00e9tait anim\u00e9 par Vicki Gabereau et Robert Groulx, deux figures bien connues de la radiot\u00e9l\u00e9vision. Des repr\u00e9sentants des trois ordres de gouvernement \u00e9taient sur place pour f\u00e9liciter les laur\u00e9ats.<\/p>\n<p style=\"text-align: justify\">Les Prix d&rsquo;action communautaire sont la pierre angulaire des Prix canadiens de l&rsquo;environnement. Ils rendent hommage \u00e0 des personnes et \u00e0 des organismes choisis parmi plus de 130 candidatures propos\u00e9es par la population canadienne. Les prix Or et Argent dans les six cat\u00e9gories du programme ont \u00e9t\u00e9 d\u00e9voil\u00e9s ce soir. \u00ab Voil\u00e0 des personnes remarquables de partout au Canada qui ont une influence \u00e9norme dans leur milieu, souligne Clive Mather, pr\u00e9sident-directeur g\u00e9n\u00e9ral de Shell Canada, partenaire fondateur des Prix canadiens de l&rsquo;environnement. Nous esp\u00e9rons que leur exemple incitera beaucoup d&rsquo;autres personnes \u00e0 faire leur part pour l&rsquo;environnement. \u00bb<\/p>\n<p style=\"text-align: justify\">M. Mather a remis aux laur\u00e9ats des prix en argent de 5 000 $ (prix Or) et de 2 500 $ (prix Argent) destin\u00e9s \u00e0 une cause environnementale de leur choix. Chacun des laur\u00e9ats a \u00e9galement re\u00e7u une plaque sp\u00e9cialement con\u00e7ue pour les Prix canadiens de l&rsquo;environnement par Postes Canada.<\/p>\n<p style=\"text-align: justify\">Le Prix Hommage a \u00e9t\u00e9 remis \u00e0 Sheila Watt-Cloutier, qui a en outre prononc\u00e9 la conf\u00e9rence principale de la soir\u00e9e. Pr\u00e9sidente de la Conf\u00e9rence circumpolaire inuit, Mme Watt-Cloutier travaille sans rel\u00e2che pour la protection et la durabilit\u00e9 de l&rsquo;environnement du peuple inuit. Elle brille par son leadership et son influence dans des dossiers comme les contaminants persistants et les changements climatiques.<\/p>\n<p style=\"text-align: justify\">Le Prix Id\u00e9es pour la vie a \u00e9t\u00e9 d\u00e9cern\u00e9 pour la premi\u00e8re fois au peintre animalier Robert Bateman. Le laur\u00e9at de ce prix d&rsquo;excellence dans le domaine des arts, du divertissement ou du design s&rsquo;illustre par ses efforts pour encourager la conservation et \u00e9lever la conscience environnementale.<\/p>\n<p style=\"text-align: justify\">Les gagnants du Grand Prix du Circuit vert ont aussi \u00e9t\u00e9 r\u00e9compens\u00e9s pour leurs projets scolaires et communautaires pour l&rsquo;environnement.<\/p>\n<p style=\"text-align: justify\">Les Prix canadiens de l&rsquo;environnement sont le fruit d&rsquo;un partenariat entre le gouvernement du Canada, Canadian Geographic Enterprises et Shell Canada. Les Prix canadiens de l&rsquo;environnement 2006 re\u00e7oivent en outre l&rsquo;appui de 14 soci\u00e9t\u00e9s canadiennes. Les Prix d&rsquo;action communautaire sont commandit\u00e9s par Shell Canada; le Prix Hommage est commandit\u00e9 par Hewlett-Packard (Canada) Cie; le Grand Prix du Circuit vert est commandit\u00e9 par le Groupe Financier Banque TD; et le Prix Id\u00e9es pour la vie est commandit\u00e9 par Panasonic Canada.<\/p>\n<p style=\"text-align: justify\">Des photos du gala des Prix canadiens de l&rsquo;environnement 2006 et des portraits des finalistes sont publi\u00e9s au <a href=\"http:\/\/www.canadiangeographic.ca\/pce2006\">www.canadiangeographic.ca\/pce2006<\/a>\/<\/p>\n<div style=\"text-align: justify\" align=\"center\">\n<p style=\"text-align: center\">\u2013 30 \u2013<\/p>\n<\/div>\n<p style=\"text-align: justify\">RENSEIGNEMENTS :<br \/>\nDiane Chaperon-Lor,<br \/>\nDirectrice des relations publiques<br \/>\nT\u00e9l\u00e9phone : 416 653-0849<br \/>\nCellulaire : 416 788-8271<br \/>\nCourriel : chaperonlor@canadiangeographic.ca<\/p>\n<hr \/>\n<p style=\"text-align: justify\">LAUR\u00c9ATS DES PRIX CANADIENS DE L&rsquo;ENVIRONNEMENT 2006<\/p>\n<p style=\"text-align: justify\">PRIX D&rsquo;ACTION COMMUNAUTAIRE \u2013 PRIX OR ET ARGENT<\/p>\n<p style=\"text-align: justify\"><b>CHANGEMENTS CLIMATIQUES<br \/>\n<\/b>PRIX OR : Scouts Canada, Programme d&rsquo;\u00e9ducation et d&rsquo;action sur les changements climatiques, Ottawa, (Ontario)<br \/>\nPRIX ARGENT : Alysia Garmulewicz, Conf\u00e9rence jeunesse sur les changements climatiques, New Denver (Colombie-Britannique)<br \/>\nPRIX ARGENT : Claude Villeneuve, \u00e9cologiste et professeur, Laterri\u00e8re (Qu\u00e9bec)<\/p>\n<p style=\"text-align: justify\"><b>CONSERVATION<br \/>\n<\/b>PRIX OR : Bill Freedman, Conservation de la nature Canada, Halifax (Nouvelle-\u00c9cosse)<br \/>\nPRIX ARGENT : H\u00e9ritage Saint-Bernard, organisme local de conservation, Ch\u00e2teauguay (Qu\u00e9bec)<br \/>\nPRIX ARGENT : Wayne Sawchuk, Zone d&rsquo;am\u00e9nagement Muskwa-Kechika, Chetwynd (Colombie-Britannique)<\/p>\n<p style=\"text-align: justify\"><b>HYGI\u00c8NE DU MILIEU<br \/>\n<\/b>PRIX OR : Association canadienne des m\u00e9decins pour l&rsquo;environnement (ACME), campagne pour la r\u00e9glementation des pesticides, Toronto (Ontario)<br \/>\nPRIX ARGENT : Families Against Radiation Exposure (FARE), coalition citoyenne contre la pollution nucl\u00e9aire, Port Hope (Ontario)<br \/>\nPRIX ARGENT : Groupe \u00c9co-Action, promoteur de fa\u00e7ons de faire \u00e9cologiques en soins de sant\u00e9, Montr\u00e9al (Qu\u00e9bec)<\/p>\n<p style=\"text-align: justify\"><b>\u00c9DUCATION \u00c0 L&rsquo;ENVIRONNEMENT<br \/>\n<\/b>PRIX OR : Ruth Foster, projet Saumon de l&rsquo;\u00e9cole Centennial, Belcarra (Colombie-Britannique)<br \/>\nPRIX ARGENT : Comit\u00e9 de valorisation de la rivi\u00e8re Beauport, Projet \u00ab J&rsquo;Adopte un cours d&rsquo;eau \u00bb, Beauport (Qu\u00e9bec)<br \/>\nPRIX ARGENT : Paul Hanley, auteur et \u00e9cologiste, Saskatoon (Saskatchewan)<\/p>\n<p style=\"text-align: justify\"><b>RESTAURATION ET R\u00c9HABILITATION<br \/>\n<\/b>PRIX OR : Comit\u00e9 de restauration de la rivi\u00e8re Etchemin, projet de r\u00e9tablissement du saumon, Saint-L\u00e9on-de-Standon (Qu\u00e9bec)<br \/>\nPRIX ARGENT : Rivi\u00e8re Vivante, restauration de la rivi\u00e8re Saint-Charles, Qu\u00e9bec (Qu\u00e9bec)<br \/>\nPRIX ARGENT : Ralph Simpson, projet Bur Oak, Fredericton (Nouveau-Brunswick)<\/p>\n<p style=\"text-align: justify\"><b>VIVRE \u00c9COLOGIQUEMENT<br \/>\n<\/b>PRIX OR : Nicole Rycroft, \u00c9coInitiatives, Vancouver (Colombie-Britannique)<br \/>\nPRIX ARGENT : Base de plein air du YMCA de Kitchener-Waterloo, base de plein air et camp \u00e9cologique, St. Clements (Ontario)<br \/>\nPRIX ARGENT : Quest Outreach Society, programme de r\u00e9cup\u00e9ration alimentaire, Vancouver (Colombie-Britannique)<\/p>\n<p style=\"text-align: justify\"><b>LE GRAND PRIX DU CIRCUIT VERT<br \/>\n<\/b>CAT\u00c9GORIE \u00ab CADETS \u00bb<br \/>\n\u00c9cole Sedley, Sedley, Saskatchewan<\/p>\n<p style=\"text-align: justify\">Les \u00e9l\u00e8ves de 7e et de 8e ann\u00e9e de l&rsquo;\u00e9cole Sedley luttent contre la disparition des prairies indig\u00e8nes de la Saskatchewan. Depuis leur cour d&rsquo;\u00e9cole, leur projet leur apprend \u00e0 identifier les plantes, \u00e0 les cultiver et \u00e0 en r\u00e9colter les graines tout en d\u00e9couvrant le patrimoine naturel et la biodiversit\u00e9. Cet am\u00e9nagement, qui peut<\/p>\n<p style=\"text-align: justify\">servir de classe verte, permet de surveiller la floraison de plusieurs esp\u00e8ces indicatrices qui permettent de suivre l&rsquo;\u00e9volution des changements climatiques.<\/p>\n<p style=\"text-align: justify\">CAT\u00c9GORIE \u00ab ADOS \u00bb<\/p>\n<p style=\"text-align: justify\">\u00c9cole secondaire Heart Lake, Brampton, Ontario<\/p>\n<p style=\"text-align: justify\">Le club des jeunes environnementalistes de l&rsquo;\u00e9cole secondaire Heart Lake a r\u00e9alis\u00e9 un ambitieux programme : festivit\u00e9s pour la Semaine de la Terre, corv\u00e9es de nettoyage, promotion et vente d&rsquo;aliments \u00e9quitables, activit\u00e9s et conf\u00e9rences th\u00e9matiques, mentorat d&rsquo;\u00e9coles de premier cycle. Le club a en outre particip\u00e9 \u00e0 la coordination de la toute premi\u00e8re campagne r\u00e9gionale de plantation d&rsquo;arbres, au cours de laquelle plus de 100 \u00e9l\u00e8ves de diverses \u00e9coles ont plant\u00e9 des milliers d&rsquo;arbres, de plantes et d&rsquo;arbustes.<\/p>\n<p style=\"text-align: justify\"><b>PRIX HOMMAGE<br \/>\n<\/b>Sheila Watt-Cloutier, pr\u00e9sidente de la Conf\u00e9rence circumpolaire inuit et militante contre les changements climatiques, Iqaluit (Nunavut)<\/p>\n<p style=\"text-align: justify\"><b>PRIX ID\u00c9ES POUR LA VIE<br \/>\n<\/b>Robert Bateman, peintre animalier et naturaliste, \u00eele Saltspring (Colombie-Britannique)<\/p>\n<p style=\"text-align: justify\">Pour tout savoir sur les Prix canadiens de l&rsquo;environnement 2006, rendez-vous au <a href=\"http:\/\/www.canadiangeographic.ca\/pce2006\">www.canadiangeographic.ca\/pce2006<\/a>.<\/p>\n","protected":false},"excerpt":{"rendered":"<p>Le professeur Claude Villeneuve, du D\u00e9partement des sciences fondamentales \u00e0 l&rsquo;Universit\u00e9 du Qu\u00e9bec \u00e0 Chicoutimi, qui est titulaire de la Chaire de recherche et d&rsquo;intervention en \u00e9co-conseil, s&rsquo;est vu d\u00e9cerner la m\u00e9daille d&rsquo;argent dans la cat\u00e9gorie Changements climatiques. PRIX CANADIENS DE L&rsquo;ENVIRONNEMENT 2006 EMBARGO JUSQU&rsquo;AU 5 JUIN 2006, 18 h (heure du Pacifique) \/ 21 [&hellip;]<\/p>\n","protected":false},"author":5,"featured_media":24871,"comment_status":"open","ping_status":"open","sticky":false,"template":"","format":"standard","meta":{"footnotes":""},"categories":[2772],"tags":[],"yoast_head":"<!-- This site is optimized with the Yoast SEO plugin v24.2 - https:\/\/yoast.com\/wordpress\/plugins\/seo\/ -->\r\n<title>[Canadian Geographic] - Communiqu\u00e9 concernant les \u00ab Prix canadiens de l&#039;environnement \u00bb qui ont eu lieu le lundi 5 juin 2006 \u00e0 Vancouver - UQACtualit\u00e9s<\/title>\r\n<meta name=\"robots\" content=\"index, follow, max-snippet:-1, max-image-preview:large, max-video-preview:-1\" \/>\r\n<link rel=\"canonical\" href=\"https:\/\/www.uqac.ca\/uqactualites\/2006\/06\/05\/canadian-geographic-communique-concernant-les-prix-canadiens-de-lenvironnement-qui-ont-eu-lieu-le-lundi-5-juin-2006-a-vancouver\/\" \/>\r\n<meta property=\"og:locale\" content=\"fr_CA\" \/>\r\n<meta property=\"og:type\" content=\"article\" \/>\r\n<meta property=\"og:title\" content=\"[Canadian Geographic] - Communiqu\u00e9 concernant les \u00ab Prix canadiens de l&#039;environnement \u00bb qui ont eu lieu le lundi 5 juin 2006 \u00e0 Vancouver - UQACtualit\u00e9s\" \/>\r\n<meta property=\"og:description\" content=\"Le professeur Claude Villeneuve, du D\u00e9partement des sciences fondamentales \u00e0 l&rsquo;Universit\u00e9 du Qu\u00e9bec \u00e0 Chicoutimi, qui est titulaire de la Chaire de recherche et d&rsquo;intervention en \u00e9co-conseil, s&rsquo;est vu d\u00e9cerner la m\u00e9daille d&rsquo;argent dans la cat\u00e9gorie Changements climatiques. PRIX CANADIENS DE L&rsquo;ENVIRONNEMENT 2006 EMBARGO JUSQU&rsquo;AU 5 JUIN 2006, 18 h (heure du Pacifique) \/ 21 [&hellip;]\" \/>\r\n<meta property=\"og:url\" content=\"https:\/\/www.uqac.ca\/uqactualites\/2006\/06\/05\/canadian-geographic-communique-concernant-les-prix-canadiens-de-lenvironnement-qui-ont-eu-lieu-le-lundi-5-juin-2006-a-vancouver\/\" \/>\r\n<meta property=\"og:site_name\" content=\"UQACtualit\u00e9s\" \/>\r\n<meta property=\"article:published_time\" content=\"2006-06-05T15:13:59+00:00\" \/>\r\n<meta property=\"og:image\" content=\"https:\/\/www.uqac.ca\/uqactualites\/wp-content\/uploads\/2013\/07\/GRAF-Uqactualit\u00e9s-\u00c913-03.jpg\" \/>\r\n\t<meta property=\"og:image:width\" content=\"620\" \/>\r\n\t<meta property=\"og:image:height\" content=\"301\" \/>\r\n\t<meta property=\"og:image:type\" content=\"image\/jpeg\" \/>\r\n<meta name=\"author\" content=\"Service des communications et des relations publiques\" \/>\r\n<meta name=\"twitter:card\" content=\"summary_large_image\" \/>\r\n<meta name=\"twitter:label1\" content=\"\u00c9crit par\" \/>\n\t<meta name=\"twitter:data1\" content=\"Service des communications et des relations publiques\" \/>\n\t<meta name=\"twitter:label2\" content=\"Estimation du temps de lecture\" \/>\n\t<meta name=\"twitter:data2\" content=\"5 minutes\" \/>\r\n<script type=\"application\/ld+json\" class=\"yoast-schema-graph\">{\"@context\":\"https:\/\/schema.org\",\"@graph\":[{\"@type\":\"WebPage\",\"@id\":\"https:\/\/www.uqac.ca\/uqactualites\/2006\/06\/05\/canadian-geographic-communique-concernant-les-prix-canadiens-de-lenvironnement-qui-ont-eu-lieu-le-lundi-5-juin-2006-a-vancouver\/\",\"url\":\"https:\/\/www.uqac.ca\/uqactualites\/2006\/06\/05\/canadian-geographic-communique-concernant-les-prix-canadiens-de-lenvironnement-qui-ont-eu-lieu-le-lundi-5-juin-2006-a-vancouver\/\",\"name\":\"[Canadian Geographic] - Communiqu\u00e9 concernant les \u00ab Prix canadiens de l'environnement \u00bb qui ont eu lieu le lundi 5 juin 2006 \u00e0 Vancouver - UQACtualit\u00e9s\",\"isPartOf\":{\"@id\":\"https:\/\/www.uqac.ca\/uqactualites\/#website\"},\"primaryImageOfPage\":{\"@id\":\"https:\/\/www.uqac.ca\/uqactualites\/2006\/06\/05\/canadian-geographic-communique-concernant-les-prix-canadiens-de-lenvironnement-qui-ont-eu-lieu-le-lundi-5-juin-2006-a-vancouver\/#primaryimage\"},\"image\":{\"@id\":\"https:\/\/www.uqac.ca\/uqactualites\/2006\/06\/05\/canadian-geographic-communique-concernant-les-prix-canadiens-de-lenvironnement-qui-ont-eu-lieu-le-lundi-5-juin-2006-a-vancouver\/#primaryimage\"},\"thumbnailUrl\":\"https:\/\/www.uqac.ca\/uqactualites\/wp-content\/uploads\/2013\/07\/GRAF-Uqactualit\u00e9s-\u00c913-03.jpg\",\"datePublished\":\"2006-06-05T15:13:59+00:00\",\"dateModified\":\"2006-06-05T15:13:59+00:00\",\"author\":{\"@id\":\"https:\/\/www.uqac.ca\/uqactualites\/#\/schema\/person\/366c45a0c4f0e677b41b4af5886e2018\"},\"breadcrumb\":{\"@id\":\"https:\/\/www.uqac.ca\/uqactualites\/2006\/06\/05\/canadian-geographic-communique-concernant-les-prix-canadiens-de-lenvironnement-qui-ont-eu-lieu-le-lundi-5-juin-2006-a-vancouver\/#breadcrumb\"},\"inLanguage\":\"fr-CA\",\"potentialAction\":[{\"@type\":\"ReadAction\",\"target\":[\"https:\/\/www.uqac.ca\/uqactualites\/2006\/06\/05\/canadian-geographic-communique-concernant-les-prix-canadiens-de-lenvironnement-qui-ont-eu-lieu-le-lundi-5-juin-2006-a-vancouver\/\"]}]},{\"@type\":\"ImageObject\",\"inLanguage\":\"fr-CA\",\"@id\":\"https:\/\/www.uqac.ca\/uqactualites\/2006\/06\/05\/canadian-geographic-communique-concernant-les-prix-canadiens-de-lenvironnement-qui-ont-eu-lieu-le-lundi-5-juin-2006-a-vancouver\/#primaryimage\",\"url\":\"https:\/\/www.uqac.ca\/uqactualites\/wp-content\/uploads\/2013\/07\/GRAF-Uqactualit\u00e9s-\u00c913-03.jpg\",\"contentUrl\":\"https:\/\/www.uqac.ca\/uqactualites\/wp-content\/uploads\/2013\/07\/GRAF-Uqactualit\u00e9s-\u00c913-03.jpg\",\"width\":620,\"height\":301},{\"@type\":\"BreadcrumbList\",\"@id\":\"https:\/\/www.uqac.ca\/uqactualites\/2006\/06\/05\/canadian-geographic-communique-concernant-les-prix-canadiens-de-lenvironnement-qui-ont-eu-lieu-le-lundi-5-juin-2006-a-vancouver\/#breadcrumb\",\"itemListElement\":[{\"@type\":\"ListItem\",\"position\":1,\"name\":\"Home\",\"item\":\"https:\/\/www.uqac.ca\/uqactualites\/\"},{\"@type\":\"ListItem\",\"position\":2,\"name\":\"[Canadian Geographic] &#8211; Communiqu\u00e9 concernant les \u00ab Prix canadiens de l&rsquo;environnement \u00bb qui ont eu lieu le lundi 5 juin 2006 \u00e0 Vancouver\"}]},{\"@type\":\"WebSite\",\"@id\":\"https:\/\/www.uqac.ca\/uqactualites\/#website\",\"url\":\"https:\/\/www.uqac.ca\/uqactualites\/\",\"name\":\"UQACtualit\u00e9s\",\"description\":\"Le portail des nouvelles de l&#039;UQAC\",\"potentialAction\":[{\"@type\":\"SearchAction\",\"target\":{\"@type\":\"EntryPoint\",\"urlTemplate\":\"https:\/\/www.uqac.ca\/uqactualites\/?s={search_term_string}\"},\"query-input\":{\"@type\":\"PropertyValueSpecification\",\"valueRequired\":true,\"valueName\":\"search_term_string\"}}],\"inLanguage\":\"fr-CA\"},{\"@type\":\"Person\",\"@id\":\"https:\/\/www.uqac.ca\/uqactualites\/#\/schema\/person\/366c45a0c4f0e677b41b4af5886e2018\",\"name\":\"Service des communications et des relations publiques\",\"image\":{\"@type\":\"ImageObject\",\"inLanguage\":\"fr-CA\",\"@id\":\"https:\/\/www.uqac.ca\/uqactualites\/#\/schema\/person\/image\/\",\"url\":\"https:\/\/secure.gravatar.com\/avatar\/20fbbda8a292f59f2d3461a5b999c00b?s=96&d=mm&r=g\",\"contentUrl\":\"https:\/\/secure.gravatar.com\/avatar\/20fbbda8a292f59f2d3461a5b999c00b?s=96&d=mm&r=g\",\"caption\":\"Service des communications et des relations publiques\"},\"url\":\"https:\/\/www.uqac.ca\/uqactualites\/author\/bap\/\"}]}<\/script>\r\n<!-- \/ Yoast SEO plugin. -->","yoast_head_json":{"title":"[Canadian Geographic] - Communiqu\u00e9 concernant les \u00ab Prix canadiens de l'environnement \u00bb qui ont eu lieu le lundi 5 juin 2006 \u00e0 Vancouver - UQACtualit\u00e9s","robots":{"index":"index","follow":"follow","max-snippet":"max-snippet:-1","max-image-preview":"max-image-preview:large","max-video-preview":"max-video-preview:-1"},"canonical":"https:\/\/www.uqac.ca\/uqactualites\/2006\/06\/05\/canadian-geographic-communique-concernant-les-prix-canadiens-de-lenvironnement-qui-ont-eu-lieu-le-lundi-5-juin-2006-a-vancouver\/","og_locale":"fr_CA","og_type":"article","og_title":"[Canadian Geographic] - Communiqu\u00e9 concernant les \u00ab Prix canadiens de l'environnement \u00bb qui ont eu lieu le lundi 5 juin 2006 \u00e0 Vancouver - UQACtualit\u00e9s","og_description":"Le professeur Claude Villeneuve, du D\u00e9partement des sciences fondamentales \u00e0 l&rsquo;Universit\u00e9 du Qu\u00e9bec \u00e0 Chicoutimi, qui est titulaire de la Chaire de recherche et d&rsquo;intervention en \u00e9co-conseil, s&rsquo;est vu d\u00e9cerner la m\u00e9daille d&rsquo;argent dans la cat\u00e9gorie Changements climatiques. PRIX CANADIENS DE L&rsquo;ENVIRONNEMENT 2006 EMBARGO JUSQU&rsquo;AU 5 JUIN 2006, 18 h (heure du Pacifique) \/ 21 [&hellip;]","og_url":"https:\/\/www.uqac.ca\/uqactualites\/2006\/06\/05\/canadian-geographic-communique-concernant-les-prix-canadiens-de-lenvironnement-qui-ont-eu-lieu-le-lundi-5-juin-2006-a-vancouver\/","og_site_name":"UQACtualit\u00e9s","article_published_time":"2006-06-05T15:13:59+00:00","og_image":[{"width":620,"height":301,"url":"https:\/\/www.uqac.ca\/uqactualites\/wp-content\/uploads\/2013\/07\/GRAF-Uqactualit\u00e9s-\u00c913-03.jpg","type":"image\/jpeg"}],"author":"Service des communications et des relations publiques","twitter_card":"summary_large_image","twitter_misc":{"\u00c9crit par":"Service des communications et des relations publiques","Estimation du temps de lecture":"5 minutes"},"schema":{"@context":"https:\/\/schema.org","@graph":[{"@type":"WebPage","@id":"https:\/\/www.uqac.ca\/uqactualites\/2006\/06\/05\/canadian-geographic-communique-concernant-les-prix-canadiens-de-lenvironnement-qui-ont-eu-lieu-le-lundi-5-juin-2006-a-vancouver\/","url":"https:\/\/www.uqac.ca\/uqactualites\/2006\/06\/05\/canadian-geographic-communique-concernant-les-prix-canadiens-de-lenvironnement-qui-ont-eu-lieu-le-lundi-5-juin-2006-a-vancouver\/","name":"[Canadian Geographic] - Communiqu\u00e9 concernant les \u00ab Prix canadiens de l'environnement \u00bb qui ont eu lieu le lundi 5 juin 2006 \u00e0 Vancouver - UQACtualit\u00e9s","isPartOf":{"@id":"https:\/\/www.uqac.ca\/uqactualites\/#website"},"primaryImageOfPage":{"@id":"https:\/\/www.uqac.ca\/uqactualites\/2006\/06\/05\/canadian-geographic-communique-concernant-les-prix-canadiens-de-lenvironnement-qui-ont-eu-lieu-le-lundi-5-juin-2006-a-vancouver\/#primaryimage"},"image":{"@id":"https:\/\/www.uqac.ca\/uqactualites\/2006\/06\/05\/canadian-geographic-communique-concernant-les-prix-canadiens-de-lenvironnement-qui-ont-eu-lieu-le-lundi-5-juin-2006-a-vancouver\/#primaryimage"},"thumbnailUrl":"https:\/\/www.uqac.ca\/uqactualites\/wp-content\/uploads\/2013\/07\/GRAF-Uqactualit\u00e9s-\u00c913-03.jpg","datePublished":"2006-06-05T15:13:59+00:00","dateModified":"2006-06-05T15:13:59+00:00","author":{"@id":"https:\/\/www.uqac.ca\/uqactualites\/#\/schema\/person\/366c45a0c4f0e677b41b4af5886e2018"},"breadcrumb":{"@id":"https:\/\/www.uqac.ca\/uqactualites\/2006\/06\/05\/canadian-geographic-communique-concernant-les-prix-canadiens-de-lenvironnement-qui-ont-eu-lieu-le-lundi-5-juin-2006-a-vancouver\/#breadcrumb"},"inLanguage":"fr-CA","potentialAction":[{"@type":"ReadAction","target":["https:\/\/www.uqac.ca\/uqactualites\/2006\/06\/05\/canadian-geographic-communique-concernant-les-prix-canadiens-de-lenvironnement-qui-ont-eu-lieu-le-lundi-5-juin-2006-a-vancouver\/"]}]},{"@type":"ImageObject","inLanguage":"fr-CA","@id":"https:\/\/www.uqac.ca\/uqactualites\/2006\/06\/05\/canadian-geographic-communique-concernant-les-prix-canadiens-de-lenvironnement-qui-ont-eu-lieu-le-lundi-5-juin-2006-a-vancouver\/#primaryimage","url":"https:\/\/www.uqac.ca\/uqactualites\/wp-content\/uploads\/2013\/07\/GRAF-Uqactualit\u00e9s-\u00c913-03.jpg","contentUrl":"https:\/\/www.uqac.ca\/uqactualites\/wp-content\/uploads\/2013\/07\/GRAF-Uqactualit\u00e9s-\u00c913-03.jpg","width":620,"height":301},{"@type":"BreadcrumbList","@id":"https:\/\/www.uqac.ca\/uqactualites\/2006\/06\/05\/canadian-geographic-communique-concernant-les-prix-canadiens-de-lenvironnement-qui-ont-eu-lieu-le-lundi-5-juin-2006-a-vancouver\/#breadcrumb","itemListElement":[{"@type":"ListItem","position":1,"name":"Home","item":"https:\/\/www.uqac.ca\/uqactualites\/"},{"@type":"ListItem","position":2,"name":"[Canadian Geographic] &#8211; Communiqu\u00e9 concernant les \u00ab Prix canadiens de l&rsquo;environnement \u00bb qui ont eu lieu le lundi 5 juin 2006 \u00e0 Vancouver"}]},{"@type":"WebSite","@id":"https:\/\/www.uqac.ca\/uqactualites\/#website","url":"https:\/\/www.uqac.ca\/uqactualites\/","name":"UQACtualit\u00e9s","description":"Le portail des nouvelles de l&#039;UQAC","potentialAction":[{"@type":"SearchAction","target":{"@type":"EntryPoint","urlTemplate":"https:\/\/www.uqac.ca\/uqactualites\/?s={search_term_string}"},"query-input":{"@type":"PropertyValueSpecification","valueRequired":true,"valueName":"search_term_string"}}],"inLanguage":"fr-CA"},{"@type":"Person","@id":"https:\/\/www.uqac.ca\/uqactualites\/#\/schema\/person\/366c45a0c4f0e677b41b4af5886e2018","name":"Service des communications et des relations publiques","image":{"@type":"ImageObject","inLanguage":"fr-CA","@id":"https:\/\/www.uqac.ca\/uqactualites\/#\/schema\/person\/image\/","url":"https:\/\/secure.gravatar.com\/avatar\/20fbbda8a292f59f2d3461a5b999c00b?s=96&d=mm&r=g","contentUrl":"https:\/\/secure.gravatar.com\/avatar\/20fbbda8a292f59f2d3461a5b999c00b?s=96&d=mm&r=g","caption":"Service des communications et des relations publiques"},"url":"https:\/\/www.uqac.ca\/uqactualites\/author\/bap\/"}]}},"_links":{"self":[{"href":"https:\/\/www.uqac.ca\/uqactualites\/wp-json\/wp\/v2\/posts\/25372"}],"collection":[{"href":"https:\/\/www.uqac.ca\/uqactualites\/wp-json\/wp\/v2\/posts"}],"about":[{"href":"https:\/\/www.uqac.ca\/uqactualites\/wp-json\/wp\/v2\/types\/post"}],"author":[{"embeddable":true,"href":"https:\/\/www.uqac.ca\/uqactualites\/wp-json\/wp\/v2\/users\/5"}],"replies":[{"embeddable":true,"href":"https:\/\/www.uqac.ca\/uqactualites\/wp-json\/wp\/v2\/comments?post=25372"}],"version-history":[{"count":0,"href":"https:\/\/www.uqac.ca\/uqactualites\/wp-json\/wp\/v2\/posts\/25372\/revisions"}],"wp:featuredmedia":[{"embeddable":true,"href":"https:\/\/www.uqac.ca\/uqactualites\/wp-json\/wp\/v2\/media\/24871"}],"wp:attachment":[{"href":"https:\/\/www.uqac.ca\/uqactualites\/wp-json\/wp\/v2\/media?parent=25372"}],"wp:term":[{"taxonomy":"category","embeddable":true,"href":"https:\/\/www.uqac.ca\/uqactualites\/wp-json\/wp\/v2\/categories?post=25372"},{"taxonomy":"post_tag","embeddable":true,"href":"https:\/\/www.uqac.ca\/uqactualites\/wp-json\/wp\/v2\/tags?post=25372"}],"curies":[{"name":"wp","href":"https:\/\/api.w.org\/{rel}","templated":true}]}}