{"id":25392,"date":"2006-11-07T11:25:20","date_gmt":"2006-11-07T16:25:20","guid":{"rendered":"http:\/\/uqactualite.odev.ca\/?p=25392"},"modified":"2006-11-07T11:25:20","modified_gmt":"2006-11-07T16:25:20","slug":"luniversite-de-moncton-remet-un-doctorat-honoris-causa-a-monsieur-gerard-bouchard-2","status":"publish","type":"post","link":"https:\/\/www.uqac.ca\/uqactualites\/2006\/11\/07\/luniversite-de-moncton-remet-un-doctorat-honoris-causa-a-monsieur-gerard-bouchard-2\/","title":{"rendered":"L\u2019Universit\u00e9 de Moncton remet un doctorat honoris causa \u00e0 Monsieur G\u00e9rard Bouchard"},"content":{"rendered":"<p style=\"text-align: justify\"><b>Saguenay, le 7 novembre 2006<\/b> \u2014 L\u2019Universit\u00e9 de Moncton a d\u00e9cern\u00e9 le 21 octobre dernier un doctorat honoris causa \u00e0 Monsieur G\u00e9rard Bouchard, professeur au D\u00e9partement des sciences humaines \u00e0 l\u2019Universit\u00e9 du Qu\u00e9bec \u00e0 Chicoutimi, lors de la Collation des grades de la Facult\u00e9 des sciences sociales et des arts.<\/p>\n<p style=\"text-align: justify\">L\u2019Universit\u00e9 de Moncton a ainsi voulu reconna\u00eetre la qualit\u00e9 et le rayonnement des travaux de Monsieur Bouchard, en particulier dans le domaine de la g\u00e9n\u00e9tique, de l\u2019\u00e9tude compar\u00e9e des collectivit\u00e9s neuves et des imaginaires collectifs. \u00c0 cette occasion, l\u2019invit\u00e9 d\u2019honneur a \u00e9galement \u00e9t\u00e9 charg\u00e9 de prononcer le discours d\u2019usage \u00e0 l\u2019intention des gradu\u00e9s et du personnel de l\u2019Universit\u00e9.<\/p>\n<p style=\"text-align: justify\">Le recteur de l\u2019Universit\u00e9 de Moncton, Monsieur Yvon Fontaine, n\u2019a pas manqu\u00e9 de souligner les nombreuses similitudes entre l\u2019Universit\u00e9 du Qu\u00e9bec \u00e0 Chicoutimi et l\u2019Universit\u00e9 de Moncton. Il s\u2019est r\u00e9joui de ce que ces universit\u00e9s de taille modeste, situ\u00e9es en p\u00e9riph\u00e9rie des m\u00e9tropoles, puissent n\u00e9anmoins faire leur marque \u00e0 l\u2019\u00e9chelle internationale. La carri\u00e8re de Monsieur G\u00e9rard Bouchard en est pour lui un exemple \u00e9loquent.<\/p>\n<p style=\"text-align: justify\">Soulignons que Monsieur G\u00e9rard Bouchard a d\u00e9j\u00e0 re\u00e7u, en 2001, un doctorat honorifique de l\u2019Universit\u00e9 McGill.<\/p>\n<p style=\"text-align: justify\">Source : <b>Jean Wauthier<\/b><br \/>\nService des affaires publiques<br \/>\nUniversit\u00e9 du Qu\u00e9bec \u00e0 Chicoutimi<br \/>\nT\u00e9l\u00e9phone : 418 545-5011, poste 2350<br \/>\n<a href=\"mailto:Affaires_publiques@uqac.ca\">Affaires_publiques@uqac.ca<\/a><\/p>\n","protected":false},"excerpt":{"rendered":"<p>Saguenay, le 7 novembre 2006 \u2014 L\u2019Universit\u00e9 de Moncton a d\u00e9cern\u00e9 le 21 octobre dernier un doctorat honoris causa \u00e0 Monsieur G\u00e9rard Bouchard, professeur au D\u00e9partement des sciences humaines \u00e0 l\u2019Universit\u00e9 du Qu\u00e9bec \u00e0 Chicoutimi, lors de la Collation des grades de la Facult\u00e9 des sciences sociales et des arts. L\u2019Universit\u00e9 de Moncton a ainsi [&hellip;]<\/p>\n","protected":false},"author":5,"featured_media":20745,"comment_status":"open","ping_status":"open","sticky":false,"template":"","format":"standard","meta":{"footnotes":""},"categories":[2772],"tags":[],"yoast_head":"<!-- This site is optimized with the Yoast SEO plugin v24.2 - https:\/\/yoast.com\/wordpress\/plugins\/seo\/ -->\r\n<title>L\u2019Universit\u00e9 de Moncton remet un doctorat honoris causa \u00e0 Monsieur G\u00e9rard Bouchard - UQACtualit\u00e9s<\/title>\r\n<meta name=\"robots\" content=\"index, follow, max-snippet:-1, max-image-preview:large, max-video-preview:-1\" \/>\r\n<link rel=\"canonical\" href=\"https:\/\/www.uqac.ca\/uqactualites\/2006\/11\/07\/luniversite-de-moncton-remet-un-doctorat-honoris-causa-a-monsieur-gerard-bouchard-2\/\" \/>\r\n<meta property=\"og:locale\" content=\"fr_CA\" \/>\r\n<meta property=\"og:type\" content=\"article\" \/>\r\n<meta property=\"og:title\" content=\"L\u2019Universit\u00e9 de Moncton remet un doctorat honoris causa \u00e0 Monsieur G\u00e9rard Bouchard - UQACtualit\u00e9s\" \/>\r\n<meta property=\"og:description\" content=\"Saguenay, le 7 novembre 2006 \u2014 L\u2019Universit\u00e9 de Moncton a d\u00e9cern\u00e9 le 21 octobre dernier un doctorat honoris causa \u00e0 Monsieur G\u00e9rard Bouchard, professeur au D\u00e9partement des sciences humaines \u00e0 l\u2019Universit\u00e9 du Qu\u00e9bec \u00e0 Chicoutimi, lors de la Collation des grades de la Facult\u00e9 des sciences sociales et des arts. L\u2019Universit\u00e9 de Moncton a ainsi [&hellip;]\" \/>\r\n<meta property=\"og:url\" content=\"https:\/\/www.uqac.ca\/uqactualites\/2006\/11\/07\/luniversite-de-moncton-remet-un-doctorat-honoris-causa-a-monsieur-gerard-bouchard-2\/\" \/>\r\n<meta property=\"og:site_name\" content=\"UQACtualit\u00e9s\" \/>\r\n<meta property=\"article:published_time\" content=\"2006-11-07T16:25:20+00:00\" \/>\r\n<meta property=\"og:image\" content=\"https:\/\/www.uqac.ca\/uqactualites\/wp-content\/uploads\/2012\/05\/communiqu-.jpg\" \/>\r\n\t<meta property=\"og:image:width\" content=\"620\" \/>\r\n\t<meta property=\"og:image:height\" content=\"300\" \/>\r\n\t<meta property=\"og:image:type\" content=\"image\/jpeg\" \/>\r\n<meta name=\"author\" content=\"Service des communications et des relations publiques\" \/>\r\n<meta name=\"twitter:card\" content=\"summary_large_image\" \/>\r\n<meta name=\"twitter:label1\" content=\"\u00c9crit par\" \/>\n\t<meta name=\"twitter:data1\" content=\"Service des communications et des relations publiques\" \/>\n\t<meta name=\"twitter:label2\" content=\"Estimation du temps de lecture\" \/>\n\t<meta name=\"twitter:data2\" content=\"1 minute\" \/>\r\n<script type=\"application\/ld+json\" class=\"yoast-schema-graph\">{\"@context\":\"https:\/\/schema.org\",\"@graph\":[{\"@type\":\"WebPage\",\"@id\":\"https:\/\/www.uqac.ca\/uqactualites\/2006\/11\/07\/luniversite-de-moncton-remet-un-doctorat-honoris-causa-a-monsieur-gerard-bouchard-2\/\",\"url\":\"https:\/\/www.uqac.ca\/uqactualites\/2006\/11\/07\/luniversite-de-moncton-remet-un-doctorat-honoris-causa-a-monsieur-gerard-bouchard-2\/\",\"name\":\"L\u2019Universit\u00e9 de Moncton remet un doctorat honoris causa \u00e0 Monsieur G\u00e9rard Bouchard - UQACtualit\u00e9s\",\"isPartOf\":{\"@id\":\"https:\/\/www.uqac.ca\/uqactualites\/#website\"},\"primaryImageOfPage\":{\"@id\":\"https:\/\/www.uqac.ca\/uqactualites\/2006\/11\/07\/luniversite-de-moncton-remet-un-doctorat-honoris-causa-a-monsieur-gerard-bouchard-2\/#primaryimage\"},\"image\":{\"@id\":\"https:\/\/www.uqac.ca\/uqactualites\/2006\/11\/07\/luniversite-de-moncton-remet-un-doctorat-honoris-causa-a-monsieur-gerard-bouchard-2\/#primaryimage\"},\"thumbnailUrl\":\"https:\/\/www.uqac.ca\/uqactualites\/wp-content\/uploads\/2012\/05\/communiqu-.jpg\",\"datePublished\":\"2006-11-07T16:25:20+00:00\",\"dateModified\":\"2006-11-07T16:25:20+00:00\",\"author\":{\"@id\":\"https:\/\/www.uqac.ca\/uqactualites\/#\/schema\/person\/366c45a0c4f0e677b41b4af5886e2018\"},\"breadcrumb\":{\"@id\":\"https:\/\/www.uqac.ca\/uqactualites\/2006\/11\/07\/luniversite-de-moncton-remet-un-doctorat-honoris-causa-a-monsieur-gerard-bouchard-2\/#breadcrumb\"},\"inLanguage\":\"fr-CA\",\"potentialAction\":[{\"@type\":\"ReadAction\",\"target\":[\"https:\/\/www.uqac.ca\/uqactualites\/2006\/11\/07\/luniversite-de-moncton-remet-un-doctorat-honoris-causa-a-monsieur-gerard-bouchard-2\/\"]}]},{\"@type\":\"ImageObject\",\"inLanguage\":\"fr-CA\",\"@id\":\"https:\/\/www.uqac.ca\/uqactualites\/2006\/11\/07\/luniversite-de-moncton-remet-un-doctorat-honoris-causa-a-monsieur-gerard-bouchard-2\/#primaryimage\",\"url\":\"https:\/\/www.uqac.ca\/uqactualites\/wp-content\/uploads\/2012\/05\/communiqu-.jpg\",\"contentUrl\":\"https:\/\/www.uqac.ca\/uqactualites\/wp-content\/uploads\/2012\/05\/communiqu-.jpg\",\"width\":620,\"height\":300},{\"@type\":\"BreadcrumbList\",\"@id\":\"https:\/\/www.uqac.ca\/uqactualites\/2006\/11\/07\/luniversite-de-moncton-remet-un-doctorat-honoris-causa-a-monsieur-gerard-bouchard-2\/#breadcrumb\",\"itemListElement\":[{\"@type\":\"ListItem\",\"position\":1,\"name\":\"Home\",\"item\":\"https:\/\/www.uqac.ca\/uqactualites\/\"},{\"@type\":\"ListItem\",\"position\":2,\"name\":\"L\u2019Universit\u00e9 de Moncton remet un doctorat honoris causa \u00e0 Monsieur G\u00e9rard Bouchard\"}]},{\"@type\":\"WebSite\",\"@id\":\"https:\/\/www.uqac.ca\/uqactualites\/#website\",\"url\":\"https:\/\/www.uqac.ca\/uqactualites\/\",\"name\":\"UQACtualit\u00e9s\",\"description\":\"Le portail des nouvelles de l&#039;UQAC\",\"potentialAction\":[{\"@type\":\"SearchAction\",\"target\":{\"@type\":\"EntryPoint\",\"urlTemplate\":\"https:\/\/www.uqac.ca\/uqactualites\/?s={search_term_string}\"},\"query-input\":{\"@type\":\"PropertyValueSpecification\",\"valueRequired\":true,\"valueName\":\"search_term_string\"}}],\"inLanguage\":\"fr-CA\"},{\"@type\":\"Person\",\"@id\":\"https:\/\/www.uqac.ca\/uqactualites\/#\/schema\/person\/366c45a0c4f0e677b41b4af5886e2018\",\"name\":\"Service des communications et des relations publiques\",\"image\":{\"@type\":\"ImageObject\",\"inLanguage\":\"fr-CA\",\"@id\":\"https:\/\/www.uqac.ca\/uqactualites\/#\/schema\/person\/image\/\",\"url\":\"https:\/\/secure.gravatar.com\/avatar\/20fbbda8a292f59f2d3461a5b999c00b?s=96&d=mm&r=g\",\"contentUrl\":\"https:\/\/secure.gravatar.com\/avatar\/20fbbda8a292f59f2d3461a5b999c00b?s=96&d=mm&r=g\",\"caption\":\"Service des communications et des relations publiques\"},\"url\":\"https:\/\/www.uqac.ca\/uqactualites\/author\/bap\/\"}]}<\/script>\r\n<!-- \/ Yoast SEO plugin. -->","yoast_head_json":{"title":"L\u2019Universit\u00e9 de Moncton remet un doctorat honoris causa \u00e0 Monsieur G\u00e9rard Bouchard - UQACtualit\u00e9s","robots":{"index":"index","follow":"follow","max-snippet":"max-snippet:-1","max-image-preview":"max-image-preview:large","max-video-preview":"max-video-preview:-1"},"canonical":"https:\/\/www.uqac.ca\/uqactualites\/2006\/11\/07\/luniversite-de-moncton-remet-un-doctorat-honoris-causa-a-monsieur-gerard-bouchard-2\/","og_locale":"fr_CA","og_type":"article","og_title":"L\u2019Universit\u00e9 de Moncton remet un doctorat honoris causa \u00e0 Monsieur G\u00e9rard Bouchard - UQACtualit\u00e9s","og_description":"Saguenay, le 7 novembre 2006 \u2014 L\u2019Universit\u00e9 de Moncton a d\u00e9cern\u00e9 le 21 octobre dernier un doctorat honoris causa \u00e0 Monsieur G\u00e9rard Bouchard, professeur au D\u00e9partement des sciences humaines \u00e0 l\u2019Universit\u00e9 du Qu\u00e9bec \u00e0 Chicoutimi, lors de la Collation des grades de la Facult\u00e9 des sciences sociales et des arts. L\u2019Universit\u00e9 de Moncton a ainsi [&hellip;]","og_url":"https:\/\/www.uqac.ca\/uqactualites\/2006\/11\/07\/luniversite-de-moncton-remet-un-doctorat-honoris-causa-a-monsieur-gerard-bouchard-2\/","og_site_name":"UQACtualit\u00e9s","article_published_time":"2006-11-07T16:25:20+00:00","og_image":[{"width":620,"height":300,"url":"https:\/\/www.uqac.ca\/uqactualites\/wp-content\/uploads\/2012\/05\/communiqu-.jpg","type":"image\/jpeg"}],"author":"Service des communications et des relations publiques","twitter_card":"summary_large_image","twitter_misc":{"\u00c9crit par":"Service des communications et des relations publiques","Estimation du temps de lecture":"1 minute"},"schema":{"@context":"https:\/\/schema.org","@graph":[{"@type":"WebPage","@id":"https:\/\/www.uqac.ca\/uqactualites\/2006\/11\/07\/luniversite-de-moncton-remet-un-doctorat-honoris-causa-a-monsieur-gerard-bouchard-2\/","url":"https:\/\/www.uqac.ca\/uqactualites\/2006\/11\/07\/luniversite-de-moncton-remet-un-doctorat-honoris-causa-a-monsieur-gerard-bouchard-2\/","name":"L\u2019Universit\u00e9 de Moncton remet un doctorat honoris causa \u00e0 Monsieur G\u00e9rard Bouchard - UQACtualit\u00e9s","isPartOf":{"@id":"https:\/\/www.uqac.ca\/uqactualites\/#website"},"primaryImageOfPage":{"@id":"https:\/\/www.uqac.ca\/uqactualites\/2006\/11\/07\/luniversite-de-moncton-remet-un-doctorat-honoris-causa-a-monsieur-gerard-bouchard-2\/#primaryimage"},"image":{"@id":"https:\/\/www.uqac.ca\/uqactualites\/2006\/11\/07\/luniversite-de-moncton-remet-un-doctorat-honoris-causa-a-monsieur-gerard-bouchard-2\/#primaryimage"},"thumbnailUrl":"https:\/\/www.uqac.ca\/uqactualites\/wp-content\/uploads\/2012\/05\/communiqu-.jpg","datePublished":"2006-11-07T16:25:20+00:00","dateModified":"2006-11-07T16:25:20+00:00","author":{"@id":"https:\/\/www.uqac.ca\/uqactualites\/#\/schema\/person\/366c45a0c4f0e677b41b4af5886e2018"},"breadcrumb":{"@id":"https:\/\/www.uqac.ca\/uqactualites\/2006\/11\/07\/luniversite-de-moncton-remet-un-doctorat-honoris-causa-a-monsieur-gerard-bouchard-2\/#breadcrumb"},"inLanguage":"fr-CA","potentialAction":[{"@type":"ReadAction","target":["https:\/\/www.uqac.ca\/uqactualites\/2006\/11\/07\/luniversite-de-moncton-remet-un-doctorat-honoris-causa-a-monsieur-gerard-bouchard-2\/"]}]},{"@type":"ImageObject","inLanguage":"fr-CA","@id":"https:\/\/www.uqac.ca\/uqactualites\/2006\/11\/07\/luniversite-de-moncton-remet-un-doctorat-honoris-causa-a-monsieur-gerard-bouchard-2\/#primaryimage","url":"https:\/\/www.uqac.ca\/uqactualites\/wp-content\/uploads\/2012\/05\/communiqu-.jpg","contentUrl":"https:\/\/www.uqac.ca\/uqactualites\/wp-content\/uploads\/2012\/05\/communiqu-.jpg","width":620,"height":300},{"@type":"BreadcrumbList","@id":"https:\/\/www.uqac.ca\/uqactualites\/2006\/11\/07\/luniversite-de-moncton-remet-un-doctorat-honoris-causa-a-monsieur-gerard-bouchard-2\/#breadcrumb","itemListElement":[{"@type":"ListItem","position":1,"name":"Home","item":"https:\/\/www.uqac.ca\/uqactualites\/"},{"@type":"ListItem","position":2,"name":"L\u2019Universit\u00e9 de Moncton remet un doctorat honoris causa \u00e0 Monsieur G\u00e9rard Bouchard"}]},{"@type":"WebSite","@id":"https:\/\/www.uqac.ca\/uqactualites\/#website","url":"https:\/\/www.uqac.ca\/uqactualites\/","name":"UQACtualit\u00e9s","description":"Le portail des nouvelles de l&#039;UQAC","potentialAction":[{"@type":"SearchAction","target":{"@type":"EntryPoint","urlTemplate":"https:\/\/www.uqac.ca\/uqactualites\/?s={search_term_string}"},"query-input":{"@type":"PropertyValueSpecification","valueRequired":true,"valueName":"search_term_string"}}],"inLanguage":"fr-CA"},{"@type":"Person","@id":"https:\/\/www.uqac.ca\/uqactualites\/#\/schema\/person\/366c45a0c4f0e677b41b4af5886e2018","name":"Service des communications et des relations publiques","image":{"@type":"ImageObject","inLanguage":"fr-CA","@id":"https:\/\/www.uqac.ca\/uqactualites\/#\/schema\/person\/image\/","url":"https:\/\/secure.gravatar.com\/avatar\/20fbbda8a292f59f2d3461a5b999c00b?s=96&d=mm&r=g","contentUrl":"https:\/\/secure.gravatar.com\/avatar\/20fbbda8a292f59f2d3461a5b999c00b?s=96&d=mm&r=g","caption":"Service des communications et des relations publiques"},"url":"https:\/\/www.uqac.ca\/uqactualites\/author\/bap\/"}]}},"_links":{"self":[{"href":"https:\/\/www.uqac.ca\/uqactualites\/wp-json\/wp\/v2\/posts\/25392"}],"collection":[{"href":"https:\/\/www.uqac.ca\/uqactualites\/wp-json\/wp\/v2\/posts"}],"about":[{"href":"https:\/\/www.uqac.ca\/uqactualites\/wp-json\/wp\/v2\/types\/post"}],"author":[{"embeddable":true,"href":"https:\/\/www.uqac.ca\/uqactualites\/wp-json\/wp\/v2\/users\/5"}],"replies":[{"embeddable":true,"href":"https:\/\/www.uqac.ca\/uqactualites\/wp-json\/wp\/v2\/comments?post=25392"}],"version-history":[{"count":0,"href":"https:\/\/www.uqac.ca\/uqactualites\/wp-json\/wp\/v2\/posts\/25392\/revisions"}],"wp:featuredmedia":[{"embeddable":true,"href":"https:\/\/www.uqac.ca\/uqactualites\/wp-json\/wp\/v2\/media\/20745"}],"wp:attachment":[{"href":"https:\/\/www.uqac.ca\/uqactualites\/wp-json\/wp\/v2\/media?parent=25392"}],"wp:term":[{"taxonomy":"category","embeddable":true,"href":"https:\/\/www.uqac.ca\/uqactualites\/wp-json\/wp\/v2\/categories?post=25392"},{"taxonomy":"post_tag","embeddable":true,"href":"https:\/\/www.uqac.ca\/uqactualites\/wp-json\/wp\/v2\/tags?post=25392"}],"curies":[{"name":"wp","href":"https:\/\/api.w.org\/{rel}","templated":true}]}}