{"id":25396,"date":"2007-01-10T11:31:43","date_gmt":"2007-01-10T16:31:43","guid":{"rendered":"http:\/\/uqactualite.odev.ca\/?p=25396"},"modified":"2007-01-10T11:31:43","modified_gmt":"2007-01-10T16:31:43","slug":"6e-edition-de-levenement-eco-conseil-a-luniversite-du-quebec-a-chicoutimi","status":"publish","type":"post","link":"https:\/\/www.uqac.ca\/uqactualites\/2007\/01\/10\/6e-edition-de-levenement-eco-conseil-a-luniversite-du-quebec-a-chicoutimi\/","title":{"rendered":"6e \u00e9dition de l\u2019\u00e9v\u00e9nement \u00c9co-conseil \u00e0 l\u2019Universit\u00e9 du Qu\u00e9bec \u00e0 Chicoutimi"},"content":{"rendered":"<p style=\"text-align: justify\"><b>Saguenay, le 10 janvier 2007<\/b> \u2013 Du 15 au 20 janvier 2007, se d\u00e9roulera, \u00e0 l\u2019Universit\u00e9 du Qu\u00e9bec \u00e0 Chicoutimi (UQAC), la 6e \u00e9dition de l\u2019\u00e9v\u00e9nement \u00c9co-conseil organis\u00e9e par les \u00e9tudiants du Dipl\u00f4me d\u2019\u00e9tudes sup\u00e9rieures sp\u00e9cialis\u00e9es (DESS) en \u00c9co-conseil.<\/p>\n<p style=\"text-align: justify\">La <b>Soci\u00e9t\u00e9 de Transport du Saguenay (STS)<\/b>, partenaire important de l\u2019\u00e9v\u00e9nement est fi\u00e8re de s\u2019associer \u00e0 l\u2019\u00e9v\u00e9nement \u00c9co-conseil en offrant, gratuitement, le transport en commun aux \u00e9tudiants et au personnel de l\u2019UQAC, sur pr\u00e9sentation d\u2019une carte d\u2019identit\u00e9 de l\u2019Universit\u00e9 avec photo. Cette initiative permettra \u00e0 la communaut\u00e9 universitaire de mieux conna\u00eetre et d\u2019appr\u00e9cier les services de la STS, tout en posant un geste concret favorisant la sauvegarde de l\u2019environnement.<\/p>\n<p style=\"text-align: justify\">Durant cette semaine, le centre social de l\u2019UQAC se m\u00e9tamorphosera en v\u00e9ritable lieu d\u2019\u00e9changes interdisciplinaires. Les th\u00e8mes de la consommation responsable, de l\u2019efficacit\u00e9 \u00e9nerg\u00e9tique et de l\u2019implication sociale deviendront les plaques tournantes d\u2019un espace de discussions et d\u2019interactions entre la communaut\u00e9 \u00e9tudiante et les diff\u00e9rents intervenants r\u00e9gionaux.<\/p>\n<p style=\"text-align: justify\">Le jeudi 18 janvier aura lieu le colloque sur l\u2019\u00e9co-citoyennet\u00e9 : mission possible 2007 sous la pr\u00e9sidence d\u2019honneur de monsieur Laval Boulianne, homme d\u2019affaires de la r\u00e9gion. <i>Cet \u00e9v\u00e9nement vise \u00e0 engager une r\u00e9flexion profonde sur le r\u00f4le du citoyen dans le d\u00e9veloppement durable de notre soci\u00e9t\u00e9. <\/i><\/p>\n<p style=\"text-align: justify\">Le vendredi 19 janvier, les \u00e9tudiants finissants pr\u00e9senteront leurs m\u00e9moires de fin de stage pour l\u2019obtention du titre d\u2019\u00e9co-conseiller dipl\u00f4m\u00e9. Cette pr\u00e9sentation sera accessible, au public, au local P1-7140 du Pavillon principal. Le lendemain, soit le samedi 20 janvier, l\u2019UQAC accueillera des d\u00e9l\u00e9gations des universit\u00e9s du Qu\u00e9bec \u00e0 l\u2019occasion d\u2019un colloque sur \u00ab L\u2019action environnementale et le d\u00e9veloppement durable \u00bb.<\/p>\n<p style=\"text-align: justify\">La population, les gens d\u2019affaires et les \u00e9tudiants sont cordialement invit\u00e9s \u00e0 participer \u00e0 cette semaine \u00c9co-conseil qui se d\u00e9roulera au Pavillon principal de l\u2019UQAC. Des conf\u00e9renciers de grande renomm\u00e9e viendront partager leurs r\u00e9ussites et exposer leurs points de vue. Les participants pourront entendre Serge Mongeau : Changer la soci\u00e9t\u00e9? Pourquoi et comment? Diane Pruneau : Accompagner les personnes, dans le processus de changement, vers l\u2019action environnementale. Robert Litzler : Comment changer les comportements en vue d\u2019instaurer un \u00e9quilibre entre les sph\u00e8res \u00e9conomique, sociale, culturelle et \u00e9cologique de notre plan\u00e8te?<\/p>\n<p style=\"text-align: justify\">Les \u00e9tudiants remercient les partenaires qui ont contribu\u00e9 \u00e0 la r\u00e9alisation de ce projet.<\/p>\n<p style=\"text-align: justify\">Pour plus de renseignements, visitez le site <a href=\"http:\/\/sunensa.uqac.ca\/colloque\/index_fichiers\/Accueil.htm\" target=\"_blank\" rel=\"noopener\">http:\/\/sunensa.uqac.ca\/colloque\/index_fichiers\/Accueil.htm<\/a> accessible par la page d\u2019accueil de l\u2019UQAC ou t\u00e9l\u00e9phonez au (418) 545-5011, poste 5085.<\/p>\n<div style=\"text-align: justify\" align=\"center\">\n<p><b><i> De l&rsquo;intention \u00e0 l&rsquo;action, faites-en votre mission! <\/i><\/b><\/p>\n<p style=\"text-align: center\">&#8211; 30 &#8211;<\/p>\n<\/div>\n<p style=\"text-align: justify\">Renseignements :<br \/>\nDavid Brassard<br \/>\nResponsable des communications \u2013 colloque \u00c9co-conseil 2007<br \/>\nT\u00e9l\u00e9avertisseur : 693-9519<br \/>\n<a href=\"mailto:David.brassard@uqac.ca\">David.brassard@uqac.ca<\/a><\/p>\n<p style=\"text-align: justify\">Source :<br \/>\nChantale Leblond, technicienne en information<br \/>\nService des affaires publiques<br \/>\nT\u00e9l\u00e9phone : (418) 545-5011, poste 2350<br \/>\n<a href=\"mailto:Celine_Lesperance@uqac.ca\">Celine_Lesperance@uqac.ca<\/a><\/p>\n","protected":false},"excerpt":{"rendered":"<p>Saguenay, le 10 janvier 2007 \u2013 Du 15 au 20 janvier 2007, se d\u00e9roulera, \u00e0 l\u2019Universit\u00e9 du Qu\u00e9bec \u00e0 Chicoutimi (UQAC), la 6e \u00e9dition de l\u2019\u00e9v\u00e9nement \u00c9co-conseil organis\u00e9e par les \u00e9tudiants du Dipl\u00f4me d\u2019\u00e9tudes sup\u00e9rieures sp\u00e9cialis\u00e9es (DESS) en \u00c9co-conseil. La Soci\u00e9t\u00e9 de Transport du Saguenay (STS), partenaire important de l\u2019\u00e9v\u00e9nement est fi\u00e8re de s\u2019associer \u00e0 [&hellip;]<\/p>\n","protected":false},"author":5,"featured_media":20745,"comment_status":"open","ping_status":"open","sticky":false,"template":"","format":"standard","meta":{"footnotes":""},"categories":[2772],"tags":[],"yoast_head":"<!-- This site is optimized with the Yoast SEO plugin v24.2 - https:\/\/yoast.com\/wordpress\/plugins\/seo\/ -->\r\n<title>6e \u00e9dition de l\u2019\u00e9v\u00e9nement \u00c9co-conseil \u00e0 l\u2019Universit\u00e9 du Qu\u00e9bec \u00e0 Chicoutimi - UQACtualit\u00e9s<\/title>\r\n<meta name=\"robots\" content=\"index, follow, max-snippet:-1, max-image-preview:large, max-video-preview:-1\" \/>\r\n<link rel=\"canonical\" href=\"https:\/\/www.uqac.ca\/uqactualites\/2007\/01\/10\/6e-edition-de-levenement-eco-conseil-a-luniversite-du-quebec-a-chicoutimi\/\" \/>\r\n<meta property=\"og:locale\" content=\"fr_CA\" \/>\r\n<meta property=\"og:type\" content=\"article\" \/>\r\n<meta property=\"og:title\" content=\"6e \u00e9dition de l\u2019\u00e9v\u00e9nement \u00c9co-conseil \u00e0 l\u2019Universit\u00e9 du Qu\u00e9bec \u00e0 Chicoutimi - UQACtualit\u00e9s\" \/>\r\n<meta property=\"og:description\" content=\"Saguenay, le 10 janvier 2007 \u2013 Du 15 au 20 janvier 2007, se d\u00e9roulera, \u00e0 l\u2019Universit\u00e9 du Qu\u00e9bec \u00e0 Chicoutimi (UQAC), la 6e \u00e9dition de l\u2019\u00e9v\u00e9nement \u00c9co-conseil organis\u00e9e par les \u00e9tudiants du Dipl\u00f4me d\u2019\u00e9tudes sup\u00e9rieures sp\u00e9cialis\u00e9es (DESS) en \u00c9co-conseil. La Soci\u00e9t\u00e9 de Transport du Saguenay (STS), partenaire important de l\u2019\u00e9v\u00e9nement est fi\u00e8re de s\u2019associer \u00e0 [&hellip;]\" \/>\r\n<meta property=\"og:url\" content=\"https:\/\/www.uqac.ca\/uqactualites\/2007\/01\/10\/6e-edition-de-levenement-eco-conseil-a-luniversite-du-quebec-a-chicoutimi\/\" \/>\r\n<meta property=\"og:site_name\" content=\"UQACtualit\u00e9s\" \/>\r\n<meta property=\"article:published_time\" content=\"2007-01-10T16:31:43+00:00\" \/>\r\n<meta property=\"og:image\" content=\"https:\/\/www.uqac.ca\/uqactualites\/wp-content\/uploads\/2012\/05\/communiqu-.jpg\" \/>\r\n\t<meta property=\"og:image:width\" content=\"620\" \/>\r\n\t<meta property=\"og:image:height\" content=\"300\" \/>\r\n\t<meta property=\"og:image:type\" content=\"image\/jpeg\" \/>\r\n<meta name=\"author\" content=\"Service des communications et des relations publiques\" \/>\r\n<meta name=\"twitter:card\" content=\"summary_large_image\" \/>\r\n<meta name=\"twitter:label1\" content=\"\u00c9crit par\" \/>\n\t<meta name=\"twitter:data1\" content=\"Service des communications et des relations publiques\" \/>\n\t<meta name=\"twitter:label2\" content=\"Estimation du temps de lecture\" \/>\n\t<meta name=\"twitter:data2\" content=\"2 minutes\" \/>\r\n<script type=\"application\/ld+json\" class=\"yoast-schema-graph\">{\"@context\":\"https:\/\/schema.org\",\"@graph\":[{\"@type\":\"WebPage\",\"@id\":\"https:\/\/www.uqac.ca\/uqactualites\/2007\/01\/10\/6e-edition-de-levenement-eco-conseil-a-luniversite-du-quebec-a-chicoutimi\/\",\"url\":\"https:\/\/www.uqac.ca\/uqactualites\/2007\/01\/10\/6e-edition-de-levenement-eco-conseil-a-luniversite-du-quebec-a-chicoutimi\/\",\"name\":\"6e \u00e9dition de l\u2019\u00e9v\u00e9nement \u00c9co-conseil \u00e0 l\u2019Universit\u00e9 du Qu\u00e9bec \u00e0 Chicoutimi - UQACtualit\u00e9s\",\"isPartOf\":{\"@id\":\"https:\/\/www.uqac.ca\/uqactualites\/#website\"},\"primaryImageOfPage\":{\"@id\":\"https:\/\/www.uqac.ca\/uqactualites\/2007\/01\/10\/6e-edition-de-levenement-eco-conseil-a-luniversite-du-quebec-a-chicoutimi\/#primaryimage\"},\"image\":{\"@id\":\"https:\/\/www.uqac.ca\/uqactualites\/2007\/01\/10\/6e-edition-de-levenement-eco-conseil-a-luniversite-du-quebec-a-chicoutimi\/#primaryimage\"},\"thumbnailUrl\":\"https:\/\/www.uqac.ca\/uqactualites\/wp-content\/uploads\/2012\/05\/communiqu-.jpg\",\"datePublished\":\"2007-01-10T16:31:43+00:00\",\"dateModified\":\"2007-01-10T16:31:43+00:00\",\"author\":{\"@id\":\"https:\/\/www.uqac.ca\/uqactualites\/#\/schema\/person\/366c45a0c4f0e677b41b4af5886e2018\"},\"breadcrumb\":{\"@id\":\"https:\/\/www.uqac.ca\/uqactualites\/2007\/01\/10\/6e-edition-de-levenement-eco-conseil-a-luniversite-du-quebec-a-chicoutimi\/#breadcrumb\"},\"inLanguage\":\"fr-CA\",\"potentialAction\":[{\"@type\":\"ReadAction\",\"target\":[\"https:\/\/www.uqac.ca\/uqactualites\/2007\/01\/10\/6e-edition-de-levenement-eco-conseil-a-luniversite-du-quebec-a-chicoutimi\/\"]}]},{\"@type\":\"ImageObject\",\"inLanguage\":\"fr-CA\",\"@id\":\"https:\/\/www.uqac.ca\/uqactualites\/2007\/01\/10\/6e-edition-de-levenement-eco-conseil-a-luniversite-du-quebec-a-chicoutimi\/#primaryimage\",\"url\":\"https:\/\/www.uqac.ca\/uqactualites\/wp-content\/uploads\/2012\/05\/communiqu-.jpg\",\"contentUrl\":\"https:\/\/www.uqac.ca\/uqactualites\/wp-content\/uploads\/2012\/05\/communiqu-.jpg\",\"width\":620,\"height\":300},{\"@type\":\"BreadcrumbList\",\"@id\":\"https:\/\/www.uqac.ca\/uqactualites\/2007\/01\/10\/6e-edition-de-levenement-eco-conseil-a-luniversite-du-quebec-a-chicoutimi\/#breadcrumb\",\"itemListElement\":[{\"@type\":\"ListItem\",\"position\":1,\"name\":\"Home\",\"item\":\"https:\/\/www.uqac.ca\/uqactualites\/\"},{\"@type\":\"ListItem\",\"position\":2,\"name\":\"6e \u00e9dition de l\u2019\u00e9v\u00e9nement \u00c9co-conseil \u00e0 l\u2019Universit\u00e9 du Qu\u00e9bec \u00e0 Chicoutimi\"}]},{\"@type\":\"WebSite\",\"@id\":\"https:\/\/www.uqac.ca\/uqactualites\/#website\",\"url\":\"https:\/\/www.uqac.ca\/uqactualites\/\",\"name\":\"UQACtualit\u00e9s\",\"description\":\"Le portail des nouvelles de l&#039;UQAC\",\"potentialAction\":[{\"@type\":\"SearchAction\",\"target\":{\"@type\":\"EntryPoint\",\"urlTemplate\":\"https:\/\/www.uqac.ca\/uqactualites\/?s={search_term_string}\"},\"query-input\":{\"@type\":\"PropertyValueSpecification\",\"valueRequired\":true,\"valueName\":\"search_term_string\"}}],\"inLanguage\":\"fr-CA\"},{\"@type\":\"Person\",\"@id\":\"https:\/\/www.uqac.ca\/uqactualites\/#\/schema\/person\/366c45a0c4f0e677b41b4af5886e2018\",\"name\":\"Service des communications et des relations publiques\",\"image\":{\"@type\":\"ImageObject\",\"inLanguage\":\"fr-CA\",\"@id\":\"https:\/\/www.uqac.ca\/uqactualites\/#\/schema\/person\/image\/\",\"url\":\"https:\/\/secure.gravatar.com\/avatar\/20fbbda8a292f59f2d3461a5b999c00b?s=96&d=mm&r=g\",\"contentUrl\":\"https:\/\/secure.gravatar.com\/avatar\/20fbbda8a292f59f2d3461a5b999c00b?s=96&d=mm&r=g\",\"caption\":\"Service des communications et des relations publiques\"},\"url\":\"https:\/\/www.uqac.ca\/uqactualites\/author\/bap\/\"}]}<\/script>\r\n<!-- \/ Yoast SEO plugin. -->","yoast_head_json":{"title":"6e \u00e9dition de l\u2019\u00e9v\u00e9nement \u00c9co-conseil \u00e0 l\u2019Universit\u00e9 du Qu\u00e9bec \u00e0 Chicoutimi - UQACtualit\u00e9s","robots":{"index":"index","follow":"follow","max-snippet":"max-snippet:-1","max-image-preview":"max-image-preview:large","max-video-preview":"max-video-preview:-1"},"canonical":"https:\/\/www.uqac.ca\/uqactualites\/2007\/01\/10\/6e-edition-de-levenement-eco-conseil-a-luniversite-du-quebec-a-chicoutimi\/","og_locale":"fr_CA","og_type":"article","og_title":"6e \u00e9dition de l\u2019\u00e9v\u00e9nement \u00c9co-conseil \u00e0 l\u2019Universit\u00e9 du Qu\u00e9bec \u00e0 Chicoutimi - UQACtualit\u00e9s","og_description":"Saguenay, le 10 janvier 2007 \u2013 Du 15 au 20 janvier 2007, se d\u00e9roulera, \u00e0 l\u2019Universit\u00e9 du Qu\u00e9bec \u00e0 Chicoutimi (UQAC), la 6e \u00e9dition de l\u2019\u00e9v\u00e9nement \u00c9co-conseil organis\u00e9e par les \u00e9tudiants du Dipl\u00f4me d\u2019\u00e9tudes sup\u00e9rieures sp\u00e9cialis\u00e9es (DESS) en \u00c9co-conseil. La Soci\u00e9t\u00e9 de Transport du Saguenay (STS), partenaire important de l\u2019\u00e9v\u00e9nement est fi\u00e8re de s\u2019associer \u00e0 [&hellip;]","og_url":"https:\/\/www.uqac.ca\/uqactualites\/2007\/01\/10\/6e-edition-de-levenement-eco-conseil-a-luniversite-du-quebec-a-chicoutimi\/","og_site_name":"UQACtualit\u00e9s","article_published_time":"2007-01-10T16:31:43+00:00","og_image":[{"width":620,"height":300,"url":"https:\/\/www.uqac.ca\/uqactualites\/wp-content\/uploads\/2012\/05\/communiqu-.jpg","type":"image\/jpeg"}],"author":"Service des communications et des relations publiques","twitter_card":"summary_large_image","twitter_misc":{"\u00c9crit par":"Service des communications et des relations publiques","Estimation du temps de lecture":"2 minutes"},"schema":{"@context":"https:\/\/schema.org","@graph":[{"@type":"WebPage","@id":"https:\/\/www.uqac.ca\/uqactualites\/2007\/01\/10\/6e-edition-de-levenement-eco-conseil-a-luniversite-du-quebec-a-chicoutimi\/","url":"https:\/\/www.uqac.ca\/uqactualites\/2007\/01\/10\/6e-edition-de-levenement-eco-conseil-a-luniversite-du-quebec-a-chicoutimi\/","name":"6e \u00e9dition de l\u2019\u00e9v\u00e9nement \u00c9co-conseil \u00e0 l\u2019Universit\u00e9 du Qu\u00e9bec \u00e0 Chicoutimi - UQACtualit\u00e9s","isPartOf":{"@id":"https:\/\/www.uqac.ca\/uqactualites\/#website"},"primaryImageOfPage":{"@id":"https:\/\/www.uqac.ca\/uqactualites\/2007\/01\/10\/6e-edition-de-levenement-eco-conseil-a-luniversite-du-quebec-a-chicoutimi\/#primaryimage"},"image":{"@id":"https:\/\/www.uqac.ca\/uqactualites\/2007\/01\/10\/6e-edition-de-levenement-eco-conseil-a-luniversite-du-quebec-a-chicoutimi\/#primaryimage"},"thumbnailUrl":"https:\/\/www.uqac.ca\/uqactualites\/wp-content\/uploads\/2012\/05\/communiqu-.jpg","datePublished":"2007-01-10T16:31:43+00:00","dateModified":"2007-01-10T16:31:43+00:00","author":{"@id":"https:\/\/www.uqac.ca\/uqactualites\/#\/schema\/person\/366c45a0c4f0e677b41b4af5886e2018"},"breadcrumb":{"@id":"https:\/\/www.uqac.ca\/uqactualites\/2007\/01\/10\/6e-edition-de-levenement-eco-conseil-a-luniversite-du-quebec-a-chicoutimi\/#breadcrumb"},"inLanguage":"fr-CA","potentialAction":[{"@type":"ReadAction","target":["https:\/\/www.uqac.ca\/uqactualites\/2007\/01\/10\/6e-edition-de-levenement-eco-conseil-a-luniversite-du-quebec-a-chicoutimi\/"]}]},{"@type":"ImageObject","inLanguage":"fr-CA","@id":"https:\/\/www.uqac.ca\/uqactualites\/2007\/01\/10\/6e-edition-de-levenement-eco-conseil-a-luniversite-du-quebec-a-chicoutimi\/#primaryimage","url":"https:\/\/www.uqac.ca\/uqactualites\/wp-content\/uploads\/2012\/05\/communiqu-.jpg","contentUrl":"https:\/\/www.uqac.ca\/uqactualites\/wp-content\/uploads\/2012\/05\/communiqu-.jpg","width":620,"height":300},{"@type":"BreadcrumbList","@id":"https:\/\/www.uqac.ca\/uqactualites\/2007\/01\/10\/6e-edition-de-levenement-eco-conseil-a-luniversite-du-quebec-a-chicoutimi\/#breadcrumb","itemListElement":[{"@type":"ListItem","position":1,"name":"Home","item":"https:\/\/www.uqac.ca\/uqactualites\/"},{"@type":"ListItem","position":2,"name":"6e \u00e9dition de l\u2019\u00e9v\u00e9nement \u00c9co-conseil \u00e0 l\u2019Universit\u00e9 du Qu\u00e9bec \u00e0 Chicoutimi"}]},{"@type":"WebSite","@id":"https:\/\/www.uqac.ca\/uqactualites\/#website","url":"https:\/\/www.uqac.ca\/uqactualites\/","name":"UQACtualit\u00e9s","description":"Le portail des nouvelles de l&#039;UQAC","potentialAction":[{"@type":"SearchAction","target":{"@type":"EntryPoint","urlTemplate":"https:\/\/www.uqac.ca\/uqactualites\/?s={search_term_string}"},"query-input":{"@type":"PropertyValueSpecification","valueRequired":true,"valueName":"search_term_string"}}],"inLanguage":"fr-CA"},{"@type":"Person","@id":"https:\/\/www.uqac.ca\/uqactualites\/#\/schema\/person\/366c45a0c4f0e677b41b4af5886e2018","name":"Service des communications et des relations publiques","image":{"@type":"ImageObject","inLanguage":"fr-CA","@id":"https:\/\/www.uqac.ca\/uqactualites\/#\/schema\/person\/image\/","url":"https:\/\/secure.gravatar.com\/avatar\/20fbbda8a292f59f2d3461a5b999c00b?s=96&d=mm&r=g","contentUrl":"https:\/\/secure.gravatar.com\/avatar\/20fbbda8a292f59f2d3461a5b999c00b?s=96&d=mm&r=g","caption":"Service des communications et des relations publiques"},"url":"https:\/\/www.uqac.ca\/uqactualites\/author\/bap\/"}]}},"_links":{"self":[{"href":"https:\/\/www.uqac.ca\/uqactualites\/wp-json\/wp\/v2\/posts\/25396"}],"collection":[{"href":"https:\/\/www.uqac.ca\/uqactualites\/wp-json\/wp\/v2\/posts"}],"about":[{"href":"https:\/\/www.uqac.ca\/uqactualites\/wp-json\/wp\/v2\/types\/post"}],"author":[{"embeddable":true,"href":"https:\/\/www.uqac.ca\/uqactualites\/wp-json\/wp\/v2\/users\/5"}],"replies":[{"embeddable":true,"href":"https:\/\/www.uqac.ca\/uqactualites\/wp-json\/wp\/v2\/comments?post=25396"}],"version-history":[{"count":0,"href":"https:\/\/www.uqac.ca\/uqactualites\/wp-json\/wp\/v2\/posts\/25396\/revisions"}],"wp:featuredmedia":[{"embeddable":true,"href":"https:\/\/www.uqac.ca\/uqactualites\/wp-json\/wp\/v2\/media\/20745"}],"wp:attachment":[{"href":"https:\/\/www.uqac.ca\/uqactualites\/wp-json\/wp\/v2\/media?parent=25396"}],"wp:term":[{"taxonomy":"category","embeddable":true,"href":"https:\/\/www.uqac.ca\/uqactualites\/wp-json\/wp\/v2\/categories?post=25396"},{"taxonomy":"post_tag","embeddable":true,"href":"https:\/\/www.uqac.ca\/uqactualites\/wp-json\/wp\/v2\/tags?post=25396"}],"curies":[{"name":"wp","href":"https:\/\/api.w.org\/{rel}","templated":true}]}}