{"id":25402,"date":"2007-02-23T11:46:34","date_gmt":"2007-02-23T16:46:34","guid":{"rendered":"http:\/\/uqactualite.odev.ca\/?p=25402"},"modified":"2007-02-23T11:46:34","modified_gmt":"2007-02-23T16:46:34","slug":"un-potentiel-de-creativite-remarquable","status":"publish","type":"post","link":"https:\/\/www.uqac.ca\/uqactualites\/2007\/02\/23\/un-potentiel-de-creativite-remarquable\/","title":{"rendered":"Un potentiel de cr\u00e9ativit\u00e9 remarquable"},"content":{"rendered":"<p style=\"text-align: justify\"><strong>Saguenay, le 23 f\u00e9vrier 2007 <\/strong>\u2014 En cette \u00e8re de l\u2019\u00e9conomie du savoir par laquelle l\u2019innovation devient tout \u00e0 fait essentielle et cruciale pour le d\u00e9veloppement des villes et des r\u00e9gions, le Saguenay\u2014Lac-Saint-Jean poss\u00e8de, \u00e0 cet effet, un potentiel de cr\u00e9ativit\u00e9 consid\u00e9rable. Avec un capital de cr\u00e9ativit\u00e9 qui comprend plus de 16 000 individus, la r\u00e9gion s\u2019av\u00e8re relativement bien pourvue. Si ce potentiel est r\u00e9parti un peu partout sur le territoire, il va sans dire que les villes de Saguenay et d\u2019Alma poss\u00e8dent la majeure partie de ce capital r\u00e9gional. Elles sont notamment fort bien dot\u00e9es aux chapitres des services aux entreprises et des activit\u00e9s artistiques et culturelles. Dans le domaine sp\u00e9cifique de la R&amp;D (recherche et d\u00e9veloppement) qui est universellement en forte \u00e9mergence actuelle au sein du capital de cr\u00e9ativit\u00e9, Ville Saguenay (RMR Chicoutimi \u2014Jonqui\u00e8re) illustre une pr\u00e9sence avantageuse par rapport au reste du Qu\u00e9bec.<\/p>\n<p style=\"text-align: justify\" align=\"center\"><strong>Potentiel de cr\u00e9ativit\u00e9, agglom\u00e9rations du Qu\u00e9bec <\/strong><\/p>\n<p style=\"text-align: justify\" align=\"center\"><strong><img loading=\"lazy\" decoding=\"async\" alt=\"Pourcentage de la population\" src=\"http:\/\/www.uqac.ca\/medias\/communique\/2007\/2007_04_clip_image003.gif\" width=\"452\" height=\"312\" \/><\/strong><\/p>\n<p style=\"text-align: justify\">Source : Recensement 2001 de Statistique Canada, Traitement CRDT \u2014 UQAC.<\/p>\n<p style=\"text-align: justify\">Ce capital de cr\u00e9ativit\u00e9 que d\u2019aucuns appellent la \u00ab classe cr\u00e9atrice \u00bb comprend essentiellement une main-d\u2019\u0153uvre qualifi\u00e9e et proactive en architecture, recherche, design, enseignement sup\u00e9rieur, communication, arpentage, musique, publicit\u00e9, comptabilit\u00e9, finance, droit, formation, g\u00e9nie, informatique, etc. Tel qu\u2019illustr\u00e9 au 2e graphique, il se concentre en r\u00e9alit\u00e9 dans les grands domaines statistiques suivants : les arts et la culture, le service aux entreprises, la finance et les assurances, la R&amp;D ainsi que la sant\u00e9. Il regroupe aussi les \u00e9lus municipaux, provinciaux et f\u00e9d\u00e9raux du territoire, bien que les statistiques ne compilent pas ce type de ressources humaines cr\u00e9atives.<\/p>\n<p style=\"text-align: justify\" align=\"center\"><strong>Le capital r\u00e9gional de cr\u00e9ativit\u00e9 au Saguenay\u2014Lac-Saint-Jean <\/strong><\/p>\n<p style=\"text-align: justify\" align=\"center\"><strong><img loading=\"lazy\" decoding=\"async\" alt=\"Capital r\u00e9gional de cr\u00e9ativit\u00e9\" src=\"http:\/\/www.uqac.ca\/medias\/communique\/2007\/2007_04_clip_image003_0000.gif\" width=\"455\" height=\"192\" \/><\/strong><\/p>\n<p style=\"text-align: justify\">Source : Recensement 2001 sur les professions, Agglom\u00e9rations Chicoutimi-Jonqui\u00e8re, Alma et Dolbeau-Mistssini, Traitement CRDT \u2014 UQAC.<\/p>\n<p style=\"text-align: justify\">Le capital qui est repr\u00e9sent\u00e9 par la cat\u00e9gorie cr\u00e9atrice de la main-d\u2019\u0153uvre r\u00e9gionale s\u2019av\u00e8re activ\u00e9 et stimul\u00e9 dans sa capacit\u00e9 g\u00e9n\u00e9rale d\u2019innovation par divers m\u00e9canismes d\u2019apprentissage collectif tels que les regroupements classiques et nouveaux, les activit\u00e9s formelles et informelles de r\u00e9seautage ainsi que les petits \u00e9v\u00e9nements cibl\u00e9s (salons, conf\u00e9rences, journ\u00e9es, galas, s\u00e9minaires \u2026). Notons aussi la pr\u00e9sence grandissante de catalyseurs qui, comme m\u00e9diateurs ou facilitateurs, jouent un r\u00f4le fondamental dans les maillages cr\u00e9atifs autour d\u2019actions \u00e0 concevoir.<\/p>\n<p style=\"text-align: justify\">Selon le groupe Vision 2025, le capital r\u00e9gional de cr\u00e9ativit\u00e9 doit faire l\u2019objet d\u2019une attention particuli\u00e8re des strat\u00e8ges locaux et r\u00e9gionaux. En regard des meilleures pratiques qui s\u2019effectuent ailleurs sur la plan\u00e8te, il est fortement recommand\u00e9 d\u2019agir actuellement par l\u2019entremise de l\u2019animation de \u00ab cercles de cr\u00e9ativit\u00e9 \u00bb.<\/p>\n<p style=\"text-align: justify\"><em>En r\u00e9alit\u00e9, dans la r\u00e9gion, l\u2019important capital de cr\u00e9ativit\u00e9 doit \u00eatre davantage mis \u00e0 profit pour relever collectivement les enjeux d\u2019avenir dans un esprit de conception de projets novateurs!<\/em><\/p>\n<div style=\"text-align: center\" align=\"center\">&#8211; 30 &#8211;<\/div>\n<p style=\"text-align: justify\">Renseignements :<br \/>\nMarc-Urbain Proulx<br \/>\nProfesseur-chercheur \u2022 Vision 2025<br \/>\nSciences \u00e9conomiques et administratives<br \/>\n545-5011, poste 5243<\/p>\n<p style=\"text-align: justify\">Source\u00a0:<br \/>\nC\u00e9line L&rsquo;Esp\u00e9rance<br \/>\nService des affaires publiques<br \/>\nT\u00e9l\u00e9phone\u00a0: 545-5011, poste 2350<br \/>\nceline_lesperance@uqac.ca<\/p>\n","protected":false},"excerpt":{"rendered":"<p>Saguenay, le 23 f\u00e9vrier 2007 \u2014 En cette \u00e8re de l\u2019\u00e9conomie du savoir par laquelle l\u2019innovation devient tout \u00e0 fait essentielle et cruciale pour le d\u00e9veloppement des villes et des r\u00e9gions, le Saguenay\u2014Lac-Saint-Jean poss\u00e8de, \u00e0 cet effet, un potentiel de cr\u00e9ativit\u00e9 consid\u00e9rable. Avec un capital de cr\u00e9ativit\u00e9 qui comprend plus de 16 000 individus, la [&hellip;]<\/p>\n","protected":false},"author":5,"featured_media":20745,"comment_status":"open","ping_status":"open","sticky":false,"template":"","format":"standard","meta":{"footnotes":""},"categories":[2772],"tags":[],"yoast_head":"<!-- This site is optimized with the Yoast SEO plugin v24.2 - https:\/\/yoast.com\/wordpress\/plugins\/seo\/ -->\r\n<title>Un potentiel de cr\u00e9ativit\u00e9 remarquable - UQACtualit\u00e9s<\/title>\r\n<meta name=\"robots\" content=\"index, follow, max-snippet:-1, max-image-preview:large, max-video-preview:-1\" \/>\r\n<link rel=\"canonical\" href=\"https:\/\/www.uqac.ca\/uqactualites\/2007\/02\/23\/un-potentiel-de-creativite-remarquable\/\" \/>\r\n<meta property=\"og:locale\" content=\"fr_CA\" \/>\r\n<meta property=\"og:type\" content=\"article\" \/>\r\n<meta property=\"og:title\" content=\"Un potentiel de cr\u00e9ativit\u00e9 remarquable - UQACtualit\u00e9s\" \/>\r\n<meta property=\"og:description\" content=\"Saguenay, le 23 f\u00e9vrier 2007 \u2014 En cette \u00e8re de l\u2019\u00e9conomie du savoir par laquelle l\u2019innovation devient tout \u00e0 fait essentielle et cruciale pour le d\u00e9veloppement des villes et des r\u00e9gions, le Saguenay\u2014Lac-Saint-Jean poss\u00e8de, \u00e0 cet effet, un potentiel de cr\u00e9ativit\u00e9 consid\u00e9rable. Avec un capital de cr\u00e9ativit\u00e9 qui comprend plus de 16 000 individus, la [&hellip;]\" \/>\r\n<meta property=\"og:url\" content=\"https:\/\/www.uqac.ca\/uqactualites\/2007\/02\/23\/un-potentiel-de-creativite-remarquable\/\" \/>\r\n<meta property=\"og:site_name\" content=\"UQACtualit\u00e9s\" \/>\r\n<meta property=\"article:published_time\" content=\"2007-02-23T16:46:34+00:00\" \/>\r\n<meta property=\"og:image\" content=\"https:\/\/www.uqac.ca\/uqactualites\/wp-content\/uploads\/2012\/05\/communiqu-.jpg\" \/>\r\n\t<meta property=\"og:image:width\" content=\"620\" \/>\r\n\t<meta property=\"og:image:height\" content=\"300\" \/>\r\n\t<meta property=\"og:image:type\" content=\"image\/jpeg\" \/>\r\n<meta name=\"author\" content=\"Service des communications et des relations publiques\" \/>\r\n<meta name=\"twitter:card\" content=\"summary_large_image\" \/>\r\n<meta name=\"twitter:label1\" content=\"\u00c9crit par\" \/>\n\t<meta name=\"twitter:data1\" content=\"Service des communications et des relations publiques\" \/>\n\t<meta name=\"twitter:label2\" content=\"Estimation du temps de lecture\" \/>\n\t<meta name=\"twitter:data2\" content=\"3 minutes\" \/>\r\n<script type=\"application\/ld+json\" class=\"yoast-schema-graph\">{\"@context\":\"https:\/\/schema.org\",\"@graph\":[{\"@type\":\"WebPage\",\"@id\":\"https:\/\/www.uqac.ca\/uqactualites\/2007\/02\/23\/un-potentiel-de-creativite-remarquable\/\",\"url\":\"https:\/\/www.uqac.ca\/uqactualites\/2007\/02\/23\/un-potentiel-de-creativite-remarquable\/\",\"name\":\"Un potentiel de cr\u00e9ativit\u00e9 remarquable - UQACtualit\u00e9s\",\"isPartOf\":{\"@id\":\"https:\/\/www.uqac.ca\/uqactualites\/#website\"},\"primaryImageOfPage\":{\"@id\":\"https:\/\/www.uqac.ca\/uqactualites\/2007\/02\/23\/un-potentiel-de-creativite-remarquable\/#primaryimage\"},\"image\":{\"@id\":\"https:\/\/www.uqac.ca\/uqactualites\/2007\/02\/23\/un-potentiel-de-creativite-remarquable\/#primaryimage\"},\"thumbnailUrl\":\"https:\/\/www.uqac.ca\/uqactualites\/wp-content\/uploads\/2012\/05\/communiqu-.jpg\",\"datePublished\":\"2007-02-23T16:46:34+00:00\",\"dateModified\":\"2007-02-23T16:46:34+00:00\",\"author\":{\"@id\":\"https:\/\/www.uqac.ca\/uqactualites\/#\/schema\/person\/366c45a0c4f0e677b41b4af5886e2018\"},\"breadcrumb\":{\"@id\":\"https:\/\/www.uqac.ca\/uqactualites\/2007\/02\/23\/un-potentiel-de-creativite-remarquable\/#breadcrumb\"},\"inLanguage\":\"fr-CA\",\"potentialAction\":[{\"@type\":\"ReadAction\",\"target\":[\"https:\/\/www.uqac.ca\/uqactualites\/2007\/02\/23\/un-potentiel-de-creativite-remarquable\/\"]}]},{\"@type\":\"ImageObject\",\"inLanguage\":\"fr-CA\",\"@id\":\"https:\/\/www.uqac.ca\/uqactualites\/2007\/02\/23\/un-potentiel-de-creativite-remarquable\/#primaryimage\",\"url\":\"https:\/\/www.uqac.ca\/uqactualites\/wp-content\/uploads\/2012\/05\/communiqu-.jpg\",\"contentUrl\":\"https:\/\/www.uqac.ca\/uqactualites\/wp-content\/uploads\/2012\/05\/communiqu-.jpg\",\"width\":620,\"height\":300},{\"@type\":\"BreadcrumbList\",\"@id\":\"https:\/\/www.uqac.ca\/uqactualites\/2007\/02\/23\/un-potentiel-de-creativite-remarquable\/#breadcrumb\",\"itemListElement\":[{\"@type\":\"ListItem\",\"position\":1,\"name\":\"Home\",\"item\":\"https:\/\/www.uqac.ca\/uqactualites\/\"},{\"@type\":\"ListItem\",\"position\":2,\"name\":\"Un potentiel de cr\u00e9ativit\u00e9 remarquable\"}]},{\"@type\":\"WebSite\",\"@id\":\"https:\/\/www.uqac.ca\/uqactualites\/#website\",\"url\":\"https:\/\/www.uqac.ca\/uqactualites\/\",\"name\":\"UQACtualit\u00e9s\",\"description\":\"Le portail des nouvelles de l&#039;UQAC\",\"potentialAction\":[{\"@type\":\"SearchAction\",\"target\":{\"@type\":\"EntryPoint\",\"urlTemplate\":\"https:\/\/www.uqac.ca\/uqactualites\/?s={search_term_string}\"},\"query-input\":{\"@type\":\"PropertyValueSpecification\",\"valueRequired\":true,\"valueName\":\"search_term_string\"}}],\"inLanguage\":\"fr-CA\"},{\"@type\":\"Person\",\"@id\":\"https:\/\/www.uqac.ca\/uqactualites\/#\/schema\/person\/366c45a0c4f0e677b41b4af5886e2018\",\"name\":\"Service des communications et des relations publiques\",\"image\":{\"@type\":\"ImageObject\",\"inLanguage\":\"fr-CA\",\"@id\":\"https:\/\/www.uqac.ca\/uqactualites\/#\/schema\/person\/image\/\",\"url\":\"https:\/\/secure.gravatar.com\/avatar\/20fbbda8a292f59f2d3461a5b999c00b?s=96&d=mm&r=g\",\"contentUrl\":\"https:\/\/secure.gravatar.com\/avatar\/20fbbda8a292f59f2d3461a5b999c00b?s=96&d=mm&r=g\",\"caption\":\"Service des communications et des relations publiques\"},\"url\":\"https:\/\/www.uqac.ca\/uqactualites\/author\/bap\/\"}]}<\/script>\r\n<!-- \/ Yoast SEO plugin. -->","yoast_head_json":{"title":"Un potentiel de cr\u00e9ativit\u00e9 remarquable - UQACtualit\u00e9s","robots":{"index":"index","follow":"follow","max-snippet":"max-snippet:-1","max-image-preview":"max-image-preview:large","max-video-preview":"max-video-preview:-1"},"canonical":"https:\/\/www.uqac.ca\/uqactualites\/2007\/02\/23\/un-potentiel-de-creativite-remarquable\/","og_locale":"fr_CA","og_type":"article","og_title":"Un potentiel de cr\u00e9ativit\u00e9 remarquable - UQACtualit\u00e9s","og_description":"Saguenay, le 23 f\u00e9vrier 2007 \u2014 En cette \u00e8re de l\u2019\u00e9conomie du savoir par laquelle l\u2019innovation devient tout \u00e0 fait essentielle et cruciale pour le d\u00e9veloppement des villes et des r\u00e9gions, le Saguenay\u2014Lac-Saint-Jean poss\u00e8de, \u00e0 cet effet, un potentiel de cr\u00e9ativit\u00e9 consid\u00e9rable. Avec un capital de cr\u00e9ativit\u00e9 qui comprend plus de 16 000 individus, la [&hellip;]","og_url":"https:\/\/www.uqac.ca\/uqactualites\/2007\/02\/23\/un-potentiel-de-creativite-remarquable\/","og_site_name":"UQACtualit\u00e9s","article_published_time":"2007-02-23T16:46:34+00:00","og_image":[{"width":620,"height":300,"url":"https:\/\/www.uqac.ca\/uqactualites\/wp-content\/uploads\/2012\/05\/communiqu-.jpg","type":"image\/jpeg"}],"author":"Service des communications et des relations publiques","twitter_card":"summary_large_image","twitter_misc":{"\u00c9crit par":"Service des communications et des relations publiques","Estimation du temps de lecture":"3 minutes"},"schema":{"@context":"https:\/\/schema.org","@graph":[{"@type":"WebPage","@id":"https:\/\/www.uqac.ca\/uqactualites\/2007\/02\/23\/un-potentiel-de-creativite-remarquable\/","url":"https:\/\/www.uqac.ca\/uqactualites\/2007\/02\/23\/un-potentiel-de-creativite-remarquable\/","name":"Un potentiel de cr\u00e9ativit\u00e9 remarquable - UQACtualit\u00e9s","isPartOf":{"@id":"https:\/\/www.uqac.ca\/uqactualites\/#website"},"primaryImageOfPage":{"@id":"https:\/\/www.uqac.ca\/uqactualites\/2007\/02\/23\/un-potentiel-de-creativite-remarquable\/#primaryimage"},"image":{"@id":"https:\/\/www.uqac.ca\/uqactualites\/2007\/02\/23\/un-potentiel-de-creativite-remarquable\/#primaryimage"},"thumbnailUrl":"https:\/\/www.uqac.ca\/uqactualites\/wp-content\/uploads\/2012\/05\/communiqu-.jpg","datePublished":"2007-02-23T16:46:34+00:00","dateModified":"2007-02-23T16:46:34+00:00","author":{"@id":"https:\/\/www.uqac.ca\/uqactualites\/#\/schema\/person\/366c45a0c4f0e677b41b4af5886e2018"},"breadcrumb":{"@id":"https:\/\/www.uqac.ca\/uqactualites\/2007\/02\/23\/un-potentiel-de-creativite-remarquable\/#breadcrumb"},"inLanguage":"fr-CA","potentialAction":[{"@type":"ReadAction","target":["https:\/\/www.uqac.ca\/uqactualites\/2007\/02\/23\/un-potentiel-de-creativite-remarquable\/"]}]},{"@type":"ImageObject","inLanguage":"fr-CA","@id":"https:\/\/www.uqac.ca\/uqactualites\/2007\/02\/23\/un-potentiel-de-creativite-remarquable\/#primaryimage","url":"https:\/\/www.uqac.ca\/uqactualites\/wp-content\/uploads\/2012\/05\/communiqu-.jpg","contentUrl":"https:\/\/www.uqac.ca\/uqactualites\/wp-content\/uploads\/2012\/05\/communiqu-.jpg","width":620,"height":300},{"@type":"BreadcrumbList","@id":"https:\/\/www.uqac.ca\/uqactualites\/2007\/02\/23\/un-potentiel-de-creativite-remarquable\/#breadcrumb","itemListElement":[{"@type":"ListItem","position":1,"name":"Home","item":"https:\/\/www.uqac.ca\/uqactualites\/"},{"@type":"ListItem","position":2,"name":"Un potentiel de cr\u00e9ativit\u00e9 remarquable"}]},{"@type":"WebSite","@id":"https:\/\/www.uqac.ca\/uqactualites\/#website","url":"https:\/\/www.uqac.ca\/uqactualites\/","name":"UQACtualit\u00e9s","description":"Le portail des nouvelles de l&#039;UQAC","potentialAction":[{"@type":"SearchAction","target":{"@type":"EntryPoint","urlTemplate":"https:\/\/www.uqac.ca\/uqactualites\/?s={search_term_string}"},"query-input":{"@type":"PropertyValueSpecification","valueRequired":true,"valueName":"search_term_string"}}],"inLanguage":"fr-CA"},{"@type":"Person","@id":"https:\/\/www.uqac.ca\/uqactualites\/#\/schema\/person\/366c45a0c4f0e677b41b4af5886e2018","name":"Service des communications et des relations publiques","image":{"@type":"ImageObject","inLanguage":"fr-CA","@id":"https:\/\/www.uqac.ca\/uqactualites\/#\/schema\/person\/image\/","url":"https:\/\/secure.gravatar.com\/avatar\/20fbbda8a292f59f2d3461a5b999c00b?s=96&d=mm&r=g","contentUrl":"https:\/\/secure.gravatar.com\/avatar\/20fbbda8a292f59f2d3461a5b999c00b?s=96&d=mm&r=g","caption":"Service des communications et des relations publiques"},"url":"https:\/\/www.uqac.ca\/uqactualites\/author\/bap\/"}]}},"_links":{"self":[{"href":"https:\/\/www.uqac.ca\/uqactualites\/wp-json\/wp\/v2\/posts\/25402"}],"collection":[{"href":"https:\/\/www.uqac.ca\/uqactualites\/wp-json\/wp\/v2\/posts"}],"about":[{"href":"https:\/\/www.uqac.ca\/uqactualites\/wp-json\/wp\/v2\/types\/post"}],"author":[{"embeddable":true,"href":"https:\/\/www.uqac.ca\/uqactualites\/wp-json\/wp\/v2\/users\/5"}],"replies":[{"embeddable":true,"href":"https:\/\/www.uqac.ca\/uqactualites\/wp-json\/wp\/v2\/comments?post=25402"}],"version-history":[{"count":0,"href":"https:\/\/www.uqac.ca\/uqactualites\/wp-json\/wp\/v2\/posts\/25402\/revisions"}],"wp:featuredmedia":[{"embeddable":true,"href":"https:\/\/www.uqac.ca\/uqactualites\/wp-json\/wp\/v2\/media\/20745"}],"wp:attachment":[{"href":"https:\/\/www.uqac.ca\/uqactualites\/wp-json\/wp\/v2\/media?parent=25402"}],"wp:term":[{"taxonomy":"category","embeddable":true,"href":"https:\/\/www.uqac.ca\/uqactualites\/wp-json\/wp\/v2\/categories?post=25402"},{"taxonomy":"post_tag","embeddable":true,"href":"https:\/\/www.uqac.ca\/uqactualites\/wp-json\/wp\/v2\/tags?post=25402"}],"curies":[{"name":"wp","href":"https:\/\/api.w.org\/{rel}","templated":true}]}}