{"id":25413,"date":"2007-02-23T11:29:00","date_gmt":"2007-02-23T16:29:00","guid":{"rendered":"http:\/\/uqactualite.odev.ca\/?p=25413"},"modified":"2007-02-23T11:29:00","modified_gmt":"2007-02-23T16:29:00","slug":"des-cercles-de-creativite-pour-interpeller-les-enjeux-davenir","status":"publish","type":"post","link":"https:\/\/www.uqac.ca\/uqactualites\/2007\/02\/23\/des-cercles-de-creativite-pour-interpeller-les-enjeux-davenir\/","title":{"rendered":"Des Cercles de cr\u00e9ativit\u00e9 pour interpeller les enjeux d\u2019avenir"},"content":{"rendered":"<p style=\"text-align: justify\"><strong>Saguenay, le 23 f\u00e9vrier 2007 <\/strong>\u2014 Les tendances lourdes associ\u00e9es \u00e0 la mondialisation des march\u00e9s, \u00e0 la mutation technologique continue et \u00e0 l\u2019affirmation du d\u00e9veloppement durable confrontent les collectivit\u00e9s territoriales \u00e0 divers enjeux, petits et grands. Le laisser-faire n\u2019est pas appropri\u00e9 \u00e0 cet \u00e9gard. Il faut plut\u00f4t faire face \u00e0 ces enjeux en recherchant collectivement des solutions novatrices et concr\u00e8tes.<\/p>\n<p style=\"text-align: justify\">En ce sens, le territoire p\u00e9riph\u00e9rique que repr\u00e9sente le Saguenay\u2014Lac-Saint-Jean ne fait aucunement exception \u00e0 cette r\u00e8gle g\u00e9n\u00e9rale pour conduire \u00e0 la survie et la prosp\u00e9rit\u00e9 des collectivit\u00e9s. Cette r\u00e9gion doit vigoureusement interpeller les enjeux actuels et anticip\u00e9s dans un esprit de solutions et d\u2019actions. Concr\u00e8tement, ces enjeux sont en r\u00e9alit\u00e9 des probl\u00e8mes \u00e0 identifier d\u2019une fa\u00e7on convenable, des forces latentes en pr\u00e9sence, des ressources \u00e0 se pr\u00e9occuper durablement, des menaces \u00e0 contrer avec doigt\u00e9, des faiblesses \u00e0 contourner habilement, des occasions \u00e0 saisir avec efficacit\u00e9, des contraintes \u00e0 all\u00e9ger d\u2019une mani\u00e8re tactique.<\/p>\n<p style=\"text-align: justify\"><strong>Exemples d\u2019enjeux \u00e0 relever par la collectivit\u00e9<\/strong><\/p>\n<table border=\"1\" cellspacing=\"0\" cellpadding=\"0\">\n<tbody>\n<tr>\n<td width=\"456\">Le march\u00e9 int\u00e9rieur des fromages du terroir r\u00e9gional.<\/td>\n<\/tr>\n<tr>\n<td width=\"456\">La r\u00e9tention des cr\u00e9ateurs \u00e0 Ville Saguenay, \u00e0 Ville d&rsquo;Alma, etc.<\/td>\n<\/tr>\n<tr>\n<td width=\"456\">Le d\u00e9ficit d\u00e9mocratique local.<\/td>\n<\/tr>\n<tr>\n<td width=\"456\">L&rsquo;int\u00e9gration sectorielle mena\u00e7ante dans l&rsquo;agriculture.<\/td>\n<\/tr>\n<tr>\n<td width=\"456\">L&rsquo;enjeu de l&rsquo;\u00e9nergie solaire, thermique, etc.<\/td>\n<\/tr>\n<tr>\n<td width=\"456\">La r\u00e9ciprocit\u00e9 des \u00e9changes dans la grappe aluminium.<\/td>\n<\/tr>\n<tr>\n<td width=\"456\">Les march\u00e9s futurs de l&rsquo;agroalimentaire.<\/td>\n<\/tr>\n<tr>\n<td width=\"456\">La multifonctionnalit\u00e9 des chemins forestiers.<\/td>\n<\/tr>\n<tr>\n<td width=\"456\">Le march\u00e9 r\u00e9gional et mondial de la culture.<\/td>\n<\/tr>\n<tr>\n<td width=\"456\">La fiscalit\u00e9 dans les arts.<\/td>\n<\/tr>\n<tr>\n<td width=\"456\">L&rsquo;attraction r\u00e9gionale de \u00ab talents \u00bb.<\/td>\n<\/tr>\n<tr>\n<td width=\"456\">La protection de la propri\u00e9t\u00e9 r\u00e9gionale.<\/td>\n<\/tr>\n<tr>\n<td width=\"456\">La r\u00e9tention des immigrants.<\/td>\n<\/tr>\n<tr>\n<td width=\"456\">L&rsquo;acc\u00e8s industriel \u00e0 l&rsquo;aluminium liquide.<\/td>\n<\/tr>\n<tr>\n<td width=\"456\">L&rsquo;apprentissage au r\u00e9seautage.<\/td>\n<\/tr>\n<\/tbody>\n<\/table>\n<p style=\"text-align: justify\">Le tableau ci-contre permet d\u2019offrir quelques exemples de ces enjeux qui s\u2019inscrivent de fait comme de v\u00e9ritables cibles pour asseoir des acteurs dans une d\u00e9marche syst\u00e9matique conduisant \u00e0 la cr\u00e9ativit\u00e9 en mati\u00e8re de solutions et d\u2019actions. De diverses dimensions et amplitudes, ces enjeux collectifs sont nombreux a priori dans la r\u00e9gion. Ils ne peuvent \u00eatre n\u00e9glig\u00e9s que sous peine de retarder le d\u00e9veloppement de la collectivit\u00e9.<\/p>\n<p style=\"text-align: justify\" align=\"center\"><img loading=\"lazy\" decoding=\"async\" alt=\"Cercles de cr\u00e9ativit\u00e9\" src=\"http:\/\/www.uqac.ca\/medias\/communique\/2007\/2007_05.gif\" width=\"497\" height=\"311\" \/><\/p>\n<p style=\"text-align: justify\"><em>Face \u00e0 cette n\u00e9cessit\u00e9 d\u2019interpeller davantage les enjeux actuels et anticip\u00e9s, le groupe Vision 2025 propose, \u00e0 cet effet, la mise en \u0153uvre d\u2019un m\u00e9canisme institutionnel pour assurer la multiplication, l\u2019animation et le suivi de Cercles de cr\u00e9ativit\u00e9 bien cibl\u00e9s sur une s\u00e9rie d\u2019enjeux locaux et r\u00e9gionaux \u00e0 relever imp\u00e9rativement par la collectivit\u00e9.<\/em> Tel qu\u2019illustr\u00e9 par le sch\u00e9ma ci-dessus, de tels interfaces devraient r\u00e9unir les experts du savoir (chercheurs, enseignants, technologues\u2026) et les experts du savoir-faire (ing\u00e9nieurs, techniciens, op\u00e9rateurs, dessinateurs\u2026) dans une d\u00e9marche m\u00e9thodique et encadr\u00e9e conduisant \u00e0 la cr\u00e9ativit\u00e9 sous la forme de solutions et d\u2019actions pour l\u2019enjeu en question. Le Saguenay\u2014Lac-Saint-Jean n\u00e9cessite un leadership fort en ce sens de cr\u00e9ativit\u00e9.<\/p>\n<div style=\"text-align: center\" align=\"center\">&#8211; 30 &#8211;<\/div>\n<p style=\"text-align: justify\">Renseignements :<br \/>\nMarc-Urbain Proulx<br \/>\nProfesseur-chercheur \u2022 Vision 2025<br \/>\nSciences \u00e9conomiques et administratives<br \/>\n545-5011, poste 5243<\/p>\n<p style=\"text-align: justify\">Source\u00a0:<br \/>\nC\u00e9line L&rsquo;Esp\u00e9rance<br \/>\nService des affaires publiques<br \/>\nT\u00e9l\u00e9phone\u00a0: 545-5011, poste 2350<br \/>\nceline_lesperance@uqac.ca<\/p>\n","protected":false},"excerpt":{"rendered":"<p>Saguenay, le 23 f\u00e9vrier 2007 \u2014 Les tendances lourdes associ\u00e9es \u00e0 la mondialisation des march\u00e9s, \u00e0 la mutation technologique continue et \u00e0 l\u2019affirmation du d\u00e9veloppement durable confrontent les collectivit\u00e9s territoriales \u00e0 divers enjeux, petits et grands. Le laisser-faire n\u2019est pas appropri\u00e9 \u00e0 cet \u00e9gard. Il faut plut\u00f4t faire face \u00e0 ces enjeux en recherchant collectivement [&hellip;]<\/p>\n","protected":false},"author":5,"featured_media":20745,"comment_status":"open","ping_status":"open","sticky":false,"template":"","format":"standard","meta":{"footnotes":""},"categories":[2772],"tags":[],"yoast_head":"<!-- This site is optimized with the Yoast SEO plugin v24.2 - https:\/\/yoast.com\/wordpress\/plugins\/seo\/ -->\r\n<title>Des Cercles de cr\u00e9ativit\u00e9 pour interpeller les enjeux d\u2019avenir - UQACtualit\u00e9s<\/title>\r\n<meta name=\"robots\" content=\"index, follow, max-snippet:-1, max-image-preview:large, max-video-preview:-1\" \/>\r\n<link rel=\"canonical\" href=\"https:\/\/www.uqac.ca\/uqactualites\/2007\/02\/23\/des-cercles-de-creativite-pour-interpeller-les-enjeux-davenir\/\" \/>\r\n<meta property=\"og:locale\" content=\"fr_CA\" \/>\r\n<meta property=\"og:type\" content=\"article\" \/>\r\n<meta property=\"og:title\" content=\"Des Cercles de cr\u00e9ativit\u00e9 pour interpeller les enjeux d\u2019avenir - UQACtualit\u00e9s\" \/>\r\n<meta property=\"og:description\" content=\"Saguenay, le 23 f\u00e9vrier 2007 \u2014 Les tendances lourdes associ\u00e9es \u00e0 la mondialisation des march\u00e9s, \u00e0 la mutation technologique continue et \u00e0 l\u2019affirmation du d\u00e9veloppement durable confrontent les collectivit\u00e9s territoriales \u00e0 divers enjeux, petits et grands. Le laisser-faire n\u2019est pas appropri\u00e9 \u00e0 cet \u00e9gard. Il faut plut\u00f4t faire face \u00e0 ces enjeux en recherchant collectivement [&hellip;]\" \/>\r\n<meta property=\"og:url\" content=\"https:\/\/www.uqac.ca\/uqactualites\/2007\/02\/23\/des-cercles-de-creativite-pour-interpeller-les-enjeux-davenir\/\" \/>\r\n<meta property=\"og:site_name\" content=\"UQACtualit\u00e9s\" \/>\r\n<meta property=\"article:published_time\" content=\"2007-02-23T16:29:00+00:00\" \/>\r\n<meta property=\"og:image\" content=\"https:\/\/www.uqac.ca\/uqactualites\/wp-content\/uploads\/2012\/05\/communiqu-.jpg\" \/>\r\n\t<meta property=\"og:image:width\" content=\"620\" \/>\r\n\t<meta property=\"og:image:height\" content=\"300\" \/>\r\n\t<meta property=\"og:image:type\" content=\"image\/jpeg\" \/>\r\n<meta name=\"author\" content=\"Service des communications et des relations publiques\" \/>\r\n<meta name=\"twitter:card\" content=\"summary_large_image\" \/>\r\n<meta name=\"twitter:label1\" content=\"\u00c9crit par\" \/>\n\t<meta name=\"twitter:data1\" content=\"Service des communications et des relations publiques\" \/>\n\t<meta name=\"twitter:label2\" content=\"Estimation du temps de lecture\" \/>\n\t<meta name=\"twitter:data2\" content=\"3 minutes\" \/>\r\n<script type=\"application\/ld+json\" class=\"yoast-schema-graph\">{\"@context\":\"https:\/\/schema.org\",\"@graph\":[{\"@type\":\"WebPage\",\"@id\":\"https:\/\/www.uqac.ca\/uqactualites\/2007\/02\/23\/des-cercles-de-creativite-pour-interpeller-les-enjeux-davenir\/\",\"url\":\"https:\/\/www.uqac.ca\/uqactualites\/2007\/02\/23\/des-cercles-de-creativite-pour-interpeller-les-enjeux-davenir\/\",\"name\":\"Des Cercles de cr\u00e9ativit\u00e9 pour interpeller les enjeux d\u2019avenir - UQACtualit\u00e9s\",\"isPartOf\":{\"@id\":\"https:\/\/www.uqac.ca\/uqactualites\/#website\"},\"primaryImageOfPage\":{\"@id\":\"https:\/\/www.uqac.ca\/uqactualites\/2007\/02\/23\/des-cercles-de-creativite-pour-interpeller-les-enjeux-davenir\/#primaryimage\"},\"image\":{\"@id\":\"https:\/\/www.uqac.ca\/uqactualites\/2007\/02\/23\/des-cercles-de-creativite-pour-interpeller-les-enjeux-davenir\/#primaryimage\"},\"thumbnailUrl\":\"https:\/\/www.uqac.ca\/uqactualites\/wp-content\/uploads\/2012\/05\/communiqu-.jpg\",\"datePublished\":\"2007-02-23T16:29:00+00:00\",\"dateModified\":\"2007-02-23T16:29:00+00:00\",\"author\":{\"@id\":\"https:\/\/www.uqac.ca\/uqactualites\/#\/schema\/person\/366c45a0c4f0e677b41b4af5886e2018\"},\"breadcrumb\":{\"@id\":\"https:\/\/www.uqac.ca\/uqactualites\/2007\/02\/23\/des-cercles-de-creativite-pour-interpeller-les-enjeux-davenir\/#breadcrumb\"},\"inLanguage\":\"fr-CA\",\"potentialAction\":[{\"@type\":\"ReadAction\",\"target\":[\"https:\/\/www.uqac.ca\/uqactualites\/2007\/02\/23\/des-cercles-de-creativite-pour-interpeller-les-enjeux-davenir\/\"]}]},{\"@type\":\"ImageObject\",\"inLanguage\":\"fr-CA\",\"@id\":\"https:\/\/www.uqac.ca\/uqactualites\/2007\/02\/23\/des-cercles-de-creativite-pour-interpeller-les-enjeux-davenir\/#primaryimage\",\"url\":\"https:\/\/www.uqac.ca\/uqactualites\/wp-content\/uploads\/2012\/05\/communiqu-.jpg\",\"contentUrl\":\"https:\/\/www.uqac.ca\/uqactualites\/wp-content\/uploads\/2012\/05\/communiqu-.jpg\",\"width\":620,\"height\":300},{\"@type\":\"BreadcrumbList\",\"@id\":\"https:\/\/www.uqac.ca\/uqactualites\/2007\/02\/23\/des-cercles-de-creativite-pour-interpeller-les-enjeux-davenir\/#breadcrumb\",\"itemListElement\":[{\"@type\":\"ListItem\",\"position\":1,\"name\":\"Home\",\"item\":\"https:\/\/www.uqac.ca\/uqactualites\/\"},{\"@type\":\"ListItem\",\"position\":2,\"name\":\"Des Cercles de cr\u00e9ativit\u00e9 pour interpeller les enjeux d\u2019avenir\"}]},{\"@type\":\"WebSite\",\"@id\":\"https:\/\/www.uqac.ca\/uqactualites\/#website\",\"url\":\"https:\/\/www.uqac.ca\/uqactualites\/\",\"name\":\"UQACtualit\u00e9s\",\"description\":\"Le portail des nouvelles de l&#039;UQAC\",\"potentialAction\":[{\"@type\":\"SearchAction\",\"target\":{\"@type\":\"EntryPoint\",\"urlTemplate\":\"https:\/\/www.uqac.ca\/uqactualites\/?s={search_term_string}\"},\"query-input\":{\"@type\":\"PropertyValueSpecification\",\"valueRequired\":true,\"valueName\":\"search_term_string\"}}],\"inLanguage\":\"fr-CA\"},{\"@type\":\"Person\",\"@id\":\"https:\/\/www.uqac.ca\/uqactualites\/#\/schema\/person\/366c45a0c4f0e677b41b4af5886e2018\",\"name\":\"Service des communications et des relations publiques\",\"image\":{\"@type\":\"ImageObject\",\"inLanguage\":\"fr-CA\",\"@id\":\"https:\/\/www.uqac.ca\/uqactualites\/#\/schema\/person\/image\/\",\"url\":\"https:\/\/secure.gravatar.com\/avatar\/20fbbda8a292f59f2d3461a5b999c00b?s=96&d=mm&r=g\",\"contentUrl\":\"https:\/\/secure.gravatar.com\/avatar\/20fbbda8a292f59f2d3461a5b999c00b?s=96&d=mm&r=g\",\"caption\":\"Service des communications et des relations publiques\"},\"url\":\"https:\/\/www.uqac.ca\/uqactualites\/author\/bap\/\"}]}<\/script>\r\n<!-- \/ Yoast SEO plugin. -->","yoast_head_json":{"title":"Des Cercles de cr\u00e9ativit\u00e9 pour interpeller les enjeux d\u2019avenir - UQACtualit\u00e9s","robots":{"index":"index","follow":"follow","max-snippet":"max-snippet:-1","max-image-preview":"max-image-preview:large","max-video-preview":"max-video-preview:-1"},"canonical":"https:\/\/www.uqac.ca\/uqactualites\/2007\/02\/23\/des-cercles-de-creativite-pour-interpeller-les-enjeux-davenir\/","og_locale":"fr_CA","og_type":"article","og_title":"Des Cercles de cr\u00e9ativit\u00e9 pour interpeller les enjeux d\u2019avenir - UQACtualit\u00e9s","og_description":"Saguenay, le 23 f\u00e9vrier 2007 \u2014 Les tendances lourdes associ\u00e9es \u00e0 la mondialisation des march\u00e9s, \u00e0 la mutation technologique continue et \u00e0 l\u2019affirmation du d\u00e9veloppement durable confrontent les collectivit\u00e9s territoriales \u00e0 divers enjeux, petits et grands. Le laisser-faire n\u2019est pas appropri\u00e9 \u00e0 cet \u00e9gard. Il faut plut\u00f4t faire face \u00e0 ces enjeux en recherchant collectivement [&hellip;]","og_url":"https:\/\/www.uqac.ca\/uqactualites\/2007\/02\/23\/des-cercles-de-creativite-pour-interpeller-les-enjeux-davenir\/","og_site_name":"UQACtualit\u00e9s","article_published_time":"2007-02-23T16:29:00+00:00","og_image":[{"width":620,"height":300,"url":"https:\/\/www.uqac.ca\/uqactualites\/wp-content\/uploads\/2012\/05\/communiqu-.jpg","type":"image\/jpeg"}],"author":"Service des communications et des relations publiques","twitter_card":"summary_large_image","twitter_misc":{"\u00c9crit par":"Service des communications et des relations publiques","Estimation du temps de lecture":"3 minutes"},"schema":{"@context":"https:\/\/schema.org","@graph":[{"@type":"WebPage","@id":"https:\/\/www.uqac.ca\/uqactualites\/2007\/02\/23\/des-cercles-de-creativite-pour-interpeller-les-enjeux-davenir\/","url":"https:\/\/www.uqac.ca\/uqactualites\/2007\/02\/23\/des-cercles-de-creativite-pour-interpeller-les-enjeux-davenir\/","name":"Des Cercles de cr\u00e9ativit\u00e9 pour interpeller les enjeux d\u2019avenir - UQACtualit\u00e9s","isPartOf":{"@id":"https:\/\/www.uqac.ca\/uqactualites\/#website"},"primaryImageOfPage":{"@id":"https:\/\/www.uqac.ca\/uqactualites\/2007\/02\/23\/des-cercles-de-creativite-pour-interpeller-les-enjeux-davenir\/#primaryimage"},"image":{"@id":"https:\/\/www.uqac.ca\/uqactualites\/2007\/02\/23\/des-cercles-de-creativite-pour-interpeller-les-enjeux-davenir\/#primaryimage"},"thumbnailUrl":"https:\/\/www.uqac.ca\/uqactualites\/wp-content\/uploads\/2012\/05\/communiqu-.jpg","datePublished":"2007-02-23T16:29:00+00:00","dateModified":"2007-02-23T16:29:00+00:00","author":{"@id":"https:\/\/www.uqac.ca\/uqactualites\/#\/schema\/person\/366c45a0c4f0e677b41b4af5886e2018"},"breadcrumb":{"@id":"https:\/\/www.uqac.ca\/uqactualites\/2007\/02\/23\/des-cercles-de-creativite-pour-interpeller-les-enjeux-davenir\/#breadcrumb"},"inLanguage":"fr-CA","potentialAction":[{"@type":"ReadAction","target":["https:\/\/www.uqac.ca\/uqactualites\/2007\/02\/23\/des-cercles-de-creativite-pour-interpeller-les-enjeux-davenir\/"]}]},{"@type":"ImageObject","inLanguage":"fr-CA","@id":"https:\/\/www.uqac.ca\/uqactualites\/2007\/02\/23\/des-cercles-de-creativite-pour-interpeller-les-enjeux-davenir\/#primaryimage","url":"https:\/\/www.uqac.ca\/uqactualites\/wp-content\/uploads\/2012\/05\/communiqu-.jpg","contentUrl":"https:\/\/www.uqac.ca\/uqactualites\/wp-content\/uploads\/2012\/05\/communiqu-.jpg","width":620,"height":300},{"@type":"BreadcrumbList","@id":"https:\/\/www.uqac.ca\/uqactualites\/2007\/02\/23\/des-cercles-de-creativite-pour-interpeller-les-enjeux-davenir\/#breadcrumb","itemListElement":[{"@type":"ListItem","position":1,"name":"Home","item":"https:\/\/www.uqac.ca\/uqactualites\/"},{"@type":"ListItem","position":2,"name":"Des Cercles de cr\u00e9ativit\u00e9 pour interpeller les enjeux d\u2019avenir"}]},{"@type":"WebSite","@id":"https:\/\/www.uqac.ca\/uqactualites\/#website","url":"https:\/\/www.uqac.ca\/uqactualites\/","name":"UQACtualit\u00e9s","description":"Le portail des nouvelles de l&#039;UQAC","potentialAction":[{"@type":"SearchAction","target":{"@type":"EntryPoint","urlTemplate":"https:\/\/www.uqac.ca\/uqactualites\/?s={search_term_string}"},"query-input":{"@type":"PropertyValueSpecification","valueRequired":true,"valueName":"search_term_string"}}],"inLanguage":"fr-CA"},{"@type":"Person","@id":"https:\/\/www.uqac.ca\/uqactualites\/#\/schema\/person\/366c45a0c4f0e677b41b4af5886e2018","name":"Service des communications et des relations publiques","image":{"@type":"ImageObject","inLanguage":"fr-CA","@id":"https:\/\/www.uqac.ca\/uqactualites\/#\/schema\/person\/image\/","url":"https:\/\/secure.gravatar.com\/avatar\/20fbbda8a292f59f2d3461a5b999c00b?s=96&d=mm&r=g","contentUrl":"https:\/\/secure.gravatar.com\/avatar\/20fbbda8a292f59f2d3461a5b999c00b?s=96&d=mm&r=g","caption":"Service des communications et des relations publiques"},"url":"https:\/\/www.uqac.ca\/uqactualites\/author\/bap\/"}]}},"_links":{"self":[{"href":"https:\/\/www.uqac.ca\/uqactualites\/wp-json\/wp\/v2\/posts\/25413"}],"collection":[{"href":"https:\/\/www.uqac.ca\/uqactualites\/wp-json\/wp\/v2\/posts"}],"about":[{"href":"https:\/\/www.uqac.ca\/uqactualites\/wp-json\/wp\/v2\/types\/post"}],"author":[{"embeddable":true,"href":"https:\/\/www.uqac.ca\/uqactualites\/wp-json\/wp\/v2\/users\/5"}],"replies":[{"embeddable":true,"href":"https:\/\/www.uqac.ca\/uqactualites\/wp-json\/wp\/v2\/comments?post=25413"}],"version-history":[{"count":0,"href":"https:\/\/www.uqac.ca\/uqactualites\/wp-json\/wp\/v2\/posts\/25413\/revisions"}],"wp:featuredmedia":[{"embeddable":true,"href":"https:\/\/www.uqac.ca\/uqactualites\/wp-json\/wp\/v2\/media\/20745"}],"wp:attachment":[{"href":"https:\/\/www.uqac.ca\/uqactualites\/wp-json\/wp\/v2\/media?parent=25413"}],"wp:term":[{"taxonomy":"category","embeddable":true,"href":"https:\/\/www.uqac.ca\/uqactualites\/wp-json\/wp\/v2\/categories?post=25413"},{"taxonomy":"post_tag","embeddable":true,"href":"https:\/\/www.uqac.ca\/uqactualites\/wp-json\/wp\/v2\/tags?post=25413"}],"curies":[{"name":"wp","href":"https:\/\/api.w.org\/{rel}","templated":true}]}}