{"id":25431,"date":"2007-06-19T11:40:14","date_gmt":"2007-06-19T15:40:14","guid":{"rendered":"http:\/\/uqactualite.odev.ca\/?p=25431"},"modified":"2007-06-19T11:40:14","modified_gmt":"2007-06-19T15:40:14","slug":"premiere-video-inc-devient-partenaire-du-financement-de-la-chaire-de-recherche-sur-les-agents-anticancereux","status":"publish","type":"post","link":"https:\/\/www.uqac.ca\/uqactualites\/2007\/06\/19\/premiere-video-inc-devient-partenaire-du-financement-de-la-chaire-de-recherche-sur-les-agents-anticancereux\/","title":{"rendered":"Premi\u00e8re Vid\u00e9o inc. devient partenaire du financement de la Chaire de recherche sur les agents anticanc\u00e9reux"},"content":{"rendered":"<p style=\"text-align: justify\"><strong>Saguenay, le 19 juin 2007 \u2014 <\/strong>Messieurs Andr\u00e9 Pichette et Jean Legault, titulaires de la <a href=\"http:\/\/www.uqac.ca\/activites\/pdf\/chaire_agents_anticancereux.pdf\" target=\"_top\" rel=\"noopener\">Chaire de recherche sur les agents anticanc\u00e9reux d&rsquo;origine naturelle<\/a> de l&rsquo;Universit\u00e9 du Qu\u00e9bec \u00e0 Chicoutimi sont fiers d&rsquo;annoncer l&rsquo;implication de Premi\u00e8re Vid\u00e9o inc. dans le financement de la Chaire.<\/p>\n<p style=\"text-align: justify\">Depuis avril, des activit\u00e9s de financement sont organis\u00e9es par l&rsquo;entreprise Premi\u00e8re Vid\u00e9o inc. telles que la mise en vente d&rsquo;une toile r\u00e9alis\u00e9e par un artiste de la r\u00e9gion, Monsieur Sylvain Bouchard, lors de l&rsquo;activit\u00e9 souper \u2013 Encan de tableaux de la Soci\u00e9t\u00e9 canadienne du cancer \u2013 section La Baie. \u00e9galement se tiendra, le 13 juillet prochain, un tournoi de golf au Club de Golf Lac-Saint-Jean. D&rsquo;autres activit\u00e9s de financement sont pr\u00e9vues au calendrier de la prochaine ann\u00e9e.<\/p>\n<p style=\"text-align: justify\">Selon Monsieur Robert Nault et Madame Annie Archambault, copropri\u00e9taires de Premi\u00e8re Vid\u00e9o inc. <em>\u00ab\u00a0notre implication origine du fait que nous avons \u00e9t\u00e9 confront\u00e9s au cancer et que nous souhaitons pouvoir contribuer, \u00e0 notre fa\u00e7on, \u00e0 le contrer. Nos objectifs sont, tout d&rsquo;abord, d&rsquo;amasser de l&rsquo;argent pour soutenir les activit\u00e9s de la Chaire de recherche puis de sensibiliser la population r\u00e9gionale sur son existence. \u00bb<\/em><\/p>\n<p style=\"text-align: justify\"><em>\u00ab\u00a0Les fonds r\u00e9colt\u00e9s seront investis pour consolider l&rsquo;aspect op\u00e9rationnel des activit\u00e9s de la Chaire et soutenir les travaux de recherche d&rsquo;une vingtaine de sp\u00e9cialistes. Nous sommes reconnaissants envers Premi\u00e8re Vid\u00e9o inc. de leur appui \u00bb <\/em>affirme Andr\u00e9 Pichette, titulaire de la Chaire de recherche.<\/p>\n<p style=\"text-align: justify\">Pour Monsieur Michel Belley, recteur de l&rsquo;UQAC \u00ab\u00a0<em>l&rsquo;implication de Premi\u00e8re Vid\u00e9o inc. est une autre d\u00e9monstration de l&rsquo;engagement des gens de la r\u00e9gion envers leur Universit\u00e9 et ce, tant au niveau de l&rsquo;enseignement que de la recherche. <\/em>\u00bb<\/p>\n<p style=\"text-align: justify\">Rappelons que la Chaire de recherche sur les agents anticanc\u00e9reux d&rsquo;origine naturelle de l&rsquo;Universit\u00e9 du Qu\u00e9bec \u00e0 Chicoutimi s&rsquo;int\u00e9resse \u00e0 l&rsquo;\u00e9tude des produits naturels issus de la for\u00eat bor\u00e9ale avec l&rsquo;objectif d&rsquo;identifier de nouveaux m\u00e9dicaments pour lutter contre plusieurs maladies, principalement le cancer. Les travaux de recherche sur le sapin baumier ont d\u00e9j\u00e0 permis d&rsquo;identifier deux compos\u00e9s naturels prometteurs. Ces innovations ont fait l&rsquo;objet de demandes de brevets dans plusieurs pays et ont re\u00e7u de nombreuses distinctions. La Chaire de recherche contribue au d\u00e9veloppement scientifique et \u00e9conomique de la r\u00e9gion et incite \u00e9galement les jeunes chercheurs hautement qualifi\u00e9s \u00e0 poursuivre leur carri\u00e8re au Saguenay\u2013Lac-Saint-Jean.<\/p>\n<p style=\"text-align: center\" align=\"center\">&#8211; 30 &#8211;<\/p>\n<p style=\"text-align: justify\"><strong>Renseignements\u00a0:<\/strong><\/p>\n<p style=\"text-align: justify\">Annie Archambault<br \/>\nPremi\u00e8re Vid\u00e9o inc.<br \/>\n418 818-2140<\/p>\n<p style=\"text-align: justify\"><strong>Sources\u00a0:<\/strong><\/p>\n<p style=\"text-align: justify\">C\u00e9line L&rsquo;Esp\u00e9rance<br \/>\nService des affaires publiques<br \/>\nT\u00e9l\u00e9phone\u00a0: 545-5011, poste 2350<br \/>\naffaires_publiques@uqac.ca<\/p>\n<p style=\"text-align: justify\">Marianne Bolduc<br \/>\nCEE-UQAC<br \/>\n418\u00a0545-5011, poste 4654<\/p>\n","protected":false},"excerpt":{"rendered":"<p>Saguenay, le 19 juin 2007 \u2014 Messieurs Andr\u00e9 Pichette et Jean Legault, titulaires de la Chaire de recherche sur les agents anticanc\u00e9reux d&rsquo;origine naturelle de l&rsquo;Universit\u00e9 du Qu\u00e9bec \u00e0 Chicoutimi sont fiers d&rsquo;annoncer l&rsquo;implication de Premi\u00e8re Vid\u00e9o inc. dans le financement de la Chaire. Depuis avril, des activit\u00e9s de financement sont organis\u00e9es par l&rsquo;entreprise Premi\u00e8re [&hellip;]<\/p>\n","protected":false},"author":5,"featured_media":20745,"comment_status":"open","ping_status":"open","sticky":false,"template":"","format":"standard","meta":{"footnotes":""},"categories":[2772],"tags":[],"yoast_head":"<!-- This site is optimized with the Yoast SEO plugin v24.2 - https:\/\/yoast.com\/wordpress\/plugins\/seo\/ -->\r\n<title>Premi\u00e8re Vid\u00e9o inc. devient partenaire du financement de la Chaire de recherche sur les agents anticanc\u00e9reux - UQACtualit\u00e9s<\/title>\r\n<meta name=\"robots\" content=\"index, follow, max-snippet:-1, max-image-preview:large, max-video-preview:-1\" \/>\r\n<link rel=\"canonical\" href=\"https:\/\/www.uqac.ca\/uqactualites\/2007\/06\/19\/premiere-video-inc-devient-partenaire-du-financement-de-la-chaire-de-recherche-sur-les-agents-anticancereux\/\" \/>\r\n<meta property=\"og:locale\" content=\"fr_CA\" \/>\r\n<meta property=\"og:type\" content=\"article\" \/>\r\n<meta property=\"og:title\" content=\"Premi\u00e8re Vid\u00e9o inc. devient partenaire du financement de la Chaire de recherche sur les agents anticanc\u00e9reux - UQACtualit\u00e9s\" \/>\r\n<meta property=\"og:description\" content=\"Saguenay, le 19 juin 2007 \u2014 Messieurs Andr\u00e9 Pichette et Jean Legault, titulaires de la Chaire de recherche sur les agents anticanc\u00e9reux d&rsquo;origine naturelle de l&rsquo;Universit\u00e9 du Qu\u00e9bec \u00e0 Chicoutimi sont fiers d&rsquo;annoncer l&rsquo;implication de Premi\u00e8re Vid\u00e9o inc. dans le financement de la Chaire. Depuis avril, des activit\u00e9s de financement sont organis\u00e9es par l&rsquo;entreprise Premi\u00e8re [&hellip;]\" \/>\r\n<meta property=\"og:url\" content=\"https:\/\/www.uqac.ca\/uqactualites\/2007\/06\/19\/premiere-video-inc-devient-partenaire-du-financement-de-la-chaire-de-recherche-sur-les-agents-anticancereux\/\" \/>\r\n<meta property=\"og:site_name\" content=\"UQACtualit\u00e9s\" \/>\r\n<meta property=\"article:published_time\" content=\"2007-06-19T15:40:14+00:00\" \/>\r\n<meta property=\"og:image\" content=\"https:\/\/www.uqac.ca\/uqactualites\/wp-content\/uploads\/2012\/05\/communiqu-.jpg\" \/>\r\n\t<meta property=\"og:image:width\" content=\"620\" \/>\r\n\t<meta property=\"og:image:height\" content=\"300\" \/>\r\n\t<meta property=\"og:image:type\" content=\"image\/jpeg\" \/>\r\n<meta name=\"author\" content=\"Service des communications et des relations publiques\" \/>\r\n<meta name=\"twitter:card\" content=\"summary_large_image\" \/>\r\n<meta name=\"twitter:label1\" content=\"\u00c9crit par\" \/>\n\t<meta name=\"twitter:data1\" content=\"Service des communications et des relations publiques\" \/>\n\t<meta name=\"twitter:label2\" content=\"Estimation du temps de lecture\" \/>\n\t<meta name=\"twitter:data2\" content=\"2 minutes\" \/>\r\n<script type=\"application\/ld+json\" class=\"yoast-schema-graph\">{\"@context\":\"https:\/\/schema.org\",\"@graph\":[{\"@type\":\"WebPage\",\"@id\":\"https:\/\/www.uqac.ca\/uqactualites\/2007\/06\/19\/premiere-video-inc-devient-partenaire-du-financement-de-la-chaire-de-recherche-sur-les-agents-anticancereux\/\",\"url\":\"https:\/\/www.uqac.ca\/uqactualites\/2007\/06\/19\/premiere-video-inc-devient-partenaire-du-financement-de-la-chaire-de-recherche-sur-les-agents-anticancereux\/\",\"name\":\"Premi\u00e8re Vid\u00e9o inc. devient partenaire du financement de la Chaire de recherche sur les agents anticanc\u00e9reux - UQACtualit\u00e9s\",\"isPartOf\":{\"@id\":\"https:\/\/www.uqac.ca\/uqactualites\/#website\"},\"primaryImageOfPage\":{\"@id\":\"https:\/\/www.uqac.ca\/uqactualites\/2007\/06\/19\/premiere-video-inc-devient-partenaire-du-financement-de-la-chaire-de-recherche-sur-les-agents-anticancereux\/#primaryimage\"},\"image\":{\"@id\":\"https:\/\/www.uqac.ca\/uqactualites\/2007\/06\/19\/premiere-video-inc-devient-partenaire-du-financement-de-la-chaire-de-recherche-sur-les-agents-anticancereux\/#primaryimage\"},\"thumbnailUrl\":\"https:\/\/www.uqac.ca\/uqactualites\/wp-content\/uploads\/2012\/05\/communiqu-.jpg\",\"datePublished\":\"2007-06-19T15:40:14+00:00\",\"dateModified\":\"2007-06-19T15:40:14+00:00\",\"author\":{\"@id\":\"https:\/\/www.uqac.ca\/uqactualites\/#\/schema\/person\/366c45a0c4f0e677b41b4af5886e2018\"},\"breadcrumb\":{\"@id\":\"https:\/\/www.uqac.ca\/uqactualites\/2007\/06\/19\/premiere-video-inc-devient-partenaire-du-financement-de-la-chaire-de-recherche-sur-les-agents-anticancereux\/#breadcrumb\"},\"inLanguage\":\"fr-CA\",\"potentialAction\":[{\"@type\":\"ReadAction\",\"target\":[\"https:\/\/www.uqac.ca\/uqactualites\/2007\/06\/19\/premiere-video-inc-devient-partenaire-du-financement-de-la-chaire-de-recherche-sur-les-agents-anticancereux\/\"]}]},{\"@type\":\"ImageObject\",\"inLanguage\":\"fr-CA\",\"@id\":\"https:\/\/www.uqac.ca\/uqactualites\/2007\/06\/19\/premiere-video-inc-devient-partenaire-du-financement-de-la-chaire-de-recherche-sur-les-agents-anticancereux\/#primaryimage\",\"url\":\"https:\/\/www.uqac.ca\/uqactualites\/wp-content\/uploads\/2012\/05\/communiqu-.jpg\",\"contentUrl\":\"https:\/\/www.uqac.ca\/uqactualites\/wp-content\/uploads\/2012\/05\/communiqu-.jpg\",\"width\":620,\"height\":300},{\"@type\":\"BreadcrumbList\",\"@id\":\"https:\/\/www.uqac.ca\/uqactualites\/2007\/06\/19\/premiere-video-inc-devient-partenaire-du-financement-de-la-chaire-de-recherche-sur-les-agents-anticancereux\/#breadcrumb\",\"itemListElement\":[{\"@type\":\"ListItem\",\"position\":1,\"name\":\"Home\",\"item\":\"https:\/\/www.uqac.ca\/uqactualites\/\"},{\"@type\":\"ListItem\",\"position\":2,\"name\":\"Premi\u00e8re Vid\u00e9o inc. devient partenaire du financement de la Chaire de recherche sur les agents anticanc\u00e9reux\"}]},{\"@type\":\"WebSite\",\"@id\":\"https:\/\/www.uqac.ca\/uqactualites\/#website\",\"url\":\"https:\/\/www.uqac.ca\/uqactualites\/\",\"name\":\"UQACtualit\u00e9s\",\"description\":\"Le portail des nouvelles de l&#039;UQAC\",\"potentialAction\":[{\"@type\":\"SearchAction\",\"target\":{\"@type\":\"EntryPoint\",\"urlTemplate\":\"https:\/\/www.uqac.ca\/uqactualites\/?s={search_term_string}\"},\"query-input\":{\"@type\":\"PropertyValueSpecification\",\"valueRequired\":true,\"valueName\":\"search_term_string\"}}],\"inLanguage\":\"fr-CA\"},{\"@type\":\"Person\",\"@id\":\"https:\/\/www.uqac.ca\/uqactualites\/#\/schema\/person\/366c45a0c4f0e677b41b4af5886e2018\",\"name\":\"Service des communications et des relations publiques\",\"image\":{\"@type\":\"ImageObject\",\"inLanguage\":\"fr-CA\",\"@id\":\"https:\/\/www.uqac.ca\/uqactualites\/#\/schema\/person\/image\/\",\"url\":\"https:\/\/secure.gravatar.com\/avatar\/20fbbda8a292f59f2d3461a5b999c00b?s=96&d=mm&r=g\",\"contentUrl\":\"https:\/\/secure.gravatar.com\/avatar\/20fbbda8a292f59f2d3461a5b999c00b?s=96&d=mm&r=g\",\"caption\":\"Service des communications et des relations publiques\"},\"url\":\"https:\/\/www.uqac.ca\/uqactualites\/author\/bap\/\"}]}<\/script>\r\n<!-- \/ Yoast SEO plugin. -->","yoast_head_json":{"title":"Premi\u00e8re Vid\u00e9o inc. devient partenaire du financement de la Chaire de recherche sur les agents anticanc\u00e9reux - UQACtualit\u00e9s","robots":{"index":"index","follow":"follow","max-snippet":"max-snippet:-1","max-image-preview":"max-image-preview:large","max-video-preview":"max-video-preview:-1"},"canonical":"https:\/\/www.uqac.ca\/uqactualites\/2007\/06\/19\/premiere-video-inc-devient-partenaire-du-financement-de-la-chaire-de-recherche-sur-les-agents-anticancereux\/","og_locale":"fr_CA","og_type":"article","og_title":"Premi\u00e8re Vid\u00e9o inc. devient partenaire du financement de la Chaire de recherche sur les agents anticanc\u00e9reux - UQACtualit\u00e9s","og_description":"Saguenay, le 19 juin 2007 \u2014 Messieurs Andr\u00e9 Pichette et Jean Legault, titulaires de la Chaire de recherche sur les agents anticanc\u00e9reux d&rsquo;origine naturelle de l&rsquo;Universit\u00e9 du Qu\u00e9bec \u00e0 Chicoutimi sont fiers d&rsquo;annoncer l&rsquo;implication de Premi\u00e8re Vid\u00e9o inc. dans le financement de la Chaire. Depuis avril, des activit\u00e9s de financement sont organis\u00e9es par l&rsquo;entreprise Premi\u00e8re [&hellip;]","og_url":"https:\/\/www.uqac.ca\/uqactualites\/2007\/06\/19\/premiere-video-inc-devient-partenaire-du-financement-de-la-chaire-de-recherche-sur-les-agents-anticancereux\/","og_site_name":"UQACtualit\u00e9s","article_published_time":"2007-06-19T15:40:14+00:00","og_image":[{"width":620,"height":300,"url":"https:\/\/www.uqac.ca\/uqactualites\/wp-content\/uploads\/2012\/05\/communiqu-.jpg","type":"image\/jpeg"}],"author":"Service des communications et des relations publiques","twitter_card":"summary_large_image","twitter_misc":{"\u00c9crit par":"Service des communications et des relations publiques","Estimation du temps de lecture":"2 minutes"},"schema":{"@context":"https:\/\/schema.org","@graph":[{"@type":"WebPage","@id":"https:\/\/www.uqac.ca\/uqactualites\/2007\/06\/19\/premiere-video-inc-devient-partenaire-du-financement-de-la-chaire-de-recherche-sur-les-agents-anticancereux\/","url":"https:\/\/www.uqac.ca\/uqactualites\/2007\/06\/19\/premiere-video-inc-devient-partenaire-du-financement-de-la-chaire-de-recherche-sur-les-agents-anticancereux\/","name":"Premi\u00e8re Vid\u00e9o inc. devient partenaire du financement de la Chaire de recherche sur les agents anticanc\u00e9reux - UQACtualit\u00e9s","isPartOf":{"@id":"https:\/\/www.uqac.ca\/uqactualites\/#website"},"primaryImageOfPage":{"@id":"https:\/\/www.uqac.ca\/uqactualites\/2007\/06\/19\/premiere-video-inc-devient-partenaire-du-financement-de-la-chaire-de-recherche-sur-les-agents-anticancereux\/#primaryimage"},"image":{"@id":"https:\/\/www.uqac.ca\/uqactualites\/2007\/06\/19\/premiere-video-inc-devient-partenaire-du-financement-de-la-chaire-de-recherche-sur-les-agents-anticancereux\/#primaryimage"},"thumbnailUrl":"https:\/\/www.uqac.ca\/uqactualites\/wp-content\/uploads\/2012\/05\/communiqu-.jpg","datePublished":"2007-06-19T15:40:14+00:00","dateModified":"2007-06-19T15:40:14+00:00","author":{"@id":"https:\/\/www.uqac.ca\/uqactualites\/#\/schema\/person\/366c45a0c4f0e677b41b4af5886e2018"},"breadcrumb":{"@id":"https:\/\/www.uqac.ca\/uqactualites\/2007\/06\/19\/premiere-video-inc-devient-partenaire-du-financement-de-la-chaire-de-recherche-sur-les-agents-anticancereux\/#breadcrumb"},"inLanguage":"fr-CA","potentialAction":[{"@type":"ReadAction","target":["https:\/\/www.uqac.ca\/uqactualites\/2007\/06\/19\/premiere-video-inc-devient-partenaire-du-financement-de-la-chaire-de-recherche-sur-les-agents-anticancereux\/"]}]},{"@type":"ImageObject","inLanguage":"fr-CA","@id":"https:\/\/www.uqac.ca\/uqactualites\/2007\/06\/19\/premiere-video-inc-devient-partenaire-du-financement-de-la-chaire-de-recherche-sur-les-agents-anticancereux\/#primaryimage","url":"https:\/\/www.uqac.ca\/uqactualites\/wp-content\/uploads\/2012\/05\/communiqu-.jpg","contentUrl":"https:\/\/www.uqac.ca\/uqactualites\/wp-content\/uploads\/2012\/05\/communiqu-.jpg","width":620,"height":300},{"@type":"BreadcrumbList","@id":"https:\/\/www.uqac.ca\/uqactualites\/2007\/06\/19\/premiere-video-inc-devient-partenaire-du-financement-de-la-chaire-de-recherche-sur-les-agents-anticancereux\/#breadcrumb","itemListElement":[{"@type":"ListItem","position":1,"name":"Home","item":"https:\/\/www.uqac.ca\/uqactualites\/"},{"@type":"ListItem","position":2,"name":"Premi\u00e8re Vid\u00e9o inc. devient partenaire du financement de la Chaire de recherche sur les agents anticanc\u00e9reux"}]},{"@type":"WebSite","@id":"https:\/\/www.uqac.ca\/uqactualites\/#website","url":"https:\/\/www.uqac.ca\/uqactualites\/","name":"UQACtualit\u00e9s","description":"Le portail des nouvelles de l&#039;UQAC","potentialAction":[{"@type":"SearchAction","target":{"@type":"EntryPoint","urlTemplate":"https:\/\/www.uqac.ca\/uqactualites\/?s={search_term_string}"},"query-input":{"@type":"PropertyValueSpecification","valueRequired":true,"valueName":"search_term_string"}}],"inLanguage":"fr-CA"},{"@type":"Person","@id":"https:\/\/www.uqac.ca\/uqactualites\/#\/schema\/person\/366c45a0c4f0e677b41b4af5886e2018","name":"Service des communications et des relations publiques","image":{"@type":"ImageObject","inLanguage":"fr-CA","@id":"https:\/\/www.uqac.ca\/uqactualites\/#\/schema\/person\/image\/","url":"https:\/\/secure.gravatar.com\/avatar\/20fbbda8a292f59f2d3461a5b999c00b?s=96&d=mm&r=g","contentUrl":"https:\/\/secure.gravatar.com\/avatar\/20fbbda8a292f59f2d3461a5b999c00b?s=96&d=mm&r=g","caption":"Service des communications et des relations publiques"},"url":"https:\/\/www.uqac.ca\/uqactualites\/author\/bap\/"}]}},"_links":{"self":[{"href":"https:\/\/www.uqac.ca\/uqactualites\/wp-json\/wp\/v2\/posts\/25431"}],"collection":[{"href":"https:\/\/www.uqac.ca\/uqactualites\/wp-json\/wp\/v2\/posts"}],"about":[{"href":"https:\/\/www.uqac.ca\/uqactualites\/wp-json\/wp\/v2\/types\/post"}],"author":[{"embeddable":true,"href":"https:\/\/www.uqac.ca\/uqactualites\/wp-json\/wp\/v2\/users\/5"}],"replies":[{"embeddable":true,"href":"https:\/\/www.uqac.ca\/uqactualites\/wp-json\/wp\/v2\/comments?post=25431"}],"version-history":[{"count":0,"href":"https:\/\/www.uqac.ca\/uqactualites\/wp-json\/wp\/v2\/posts\/25431\/revisions"}],"wp:featuredmedia":[{"embeddable":true,"href":"https:\/\/www.uqac.ca\/uqactualites\/wp-json\/wp\/v2\/media\/20745"}],"wp:attachment":[{"href":"https:\/\/www.uqac.ca\/uqactualites\/wp-json\/wp\/v2\/media?parent=25431"}],"wp:term":[{"taxonomy":"category","embeddable":true,"href":"https:\/\/www.uqac.ca\/uqactualites\/wp-json\/wp\/v2\/categories?post=25431"},{"taxonomy":"post_tag","embeddable":true,"href":"https:\/\/www.uqac.ca\/uqactualites\/wp-json\/wp\/v2\/tags?post=25431"}],"curies":[{"name":"wp","href":"https:\/\/api.w.org\/{rel}","templated":true}]}}