{"id":25448,"date":"2008-04-09T14:56:11","date_gmt":"2008-04-09T18:56:11","guid":{"rendered":"http:\/\/uqactualite.odev.ca\/?p=25448"},"modified":"2008-04-09T14:56:11","modified_gmt":"2008-04-09T18:56:11","slug":"37e-edition-de-remise-annuelle-des-bourses-dexcellence-luniversite-du-quebec-a-chicoutimi","status":"publish","type":"post","link":"https:\/\/www.uqac.ca\/uqactualites\/2008\/04\/09\/37e-edition-de-remise-annuelle-des-bourses-dexcellence-luniversite-du-quebec-a-chicoutimi\/","title":{"rendered":"37e \u00e9dition de remise annuelle des bourses d\u2019excellence l\u2019Universit\u00e9 du Qu\u00e9bec \u00e0 Chicoutimi"},"content":{"rendered":"<p style=\"text-align: justify\">Saguenay, le 9 avril 2008 \u2014 L&rsquo;Universit\u00e9 du Qu\u00e9bec \u00e0 Chicoutimi (UQAC) a proc\u00e9d\u00e9, aujourd&rsquo;hui, \u00e0 la trente-septi\u00e8me \u00e9dition de la remise annuelle des bourses et des prix d&rsquo;excellence. Plus de 600 milles dollars ont \u00e9t\u00e9 attribu\u00e9s aux \u00e9tudiants qui se sont distingu\u00e9s au cours de la derni\u00e8re ann\u00e9e.<\/p>\n<p style=\"text-align: justify\">Cette c\u00e9r\u00e9monie, qui s&rsquo;est d\u00e9roul\u00e9e au Pavillon sportif de l&rsquo;UQAC en pr\u00e9sence de quelque six cents invit\u00e9s, met en valeur le travail, le talent, la pers\u00e9v\u00e9rance et l&rsquo;accomplissement personnel d\u2019\u00e9tudiants des premier, deuxi\u00e8me et troisi\u00e8me cycles. Elle souligne \u00e9galement la g\u00e9n\u00e9rosit\u00e9 des nombreux donateurs priv\u00e9s et publics du Saguenay\u2014Lac-Saint-Jean et d&rsquo;ailleurs. Enfin, cette soir\u00e9e a d\u00e9montr\u00e9 une fois de plus l&rsquo;importance et la pertinence du programme des bourses d&rsquo;excellence qui, gr\u00e2ce \u00e0 la solidarit\u00e9 de ses partenaires, assure aux \u00e9tudiants une aide financi\u00e8re tr\u00e8s appr\u00e9ci\u00e9e.<\/p>\n<p style=\"text-align: justify\">Cette ann\u00e9e, plus de deux cents bourses d\u2019\u00e9tudes ont \u00e9t\u00e9 remises. Ces bourses proviennent principalement de donateurs priv\u00e9s, de Fondations, de Conseils nationaux de recherche, d\u2019organismes gouvernementaux, d\u2019entit\u00e9s de recherche de l\u2019UQAC ainsi que de la Campagne de financement de l\u2019UQAC.<\/p>\n<p style=\"text-align: justify\">Enfin, le recteur du l\u2019UQAC, Monsieur Michel Belley a \u00e9galement proc\u00e9d\u00e9 \u00e0 la remise des m\u00e9dailles de la Gouverneur g\u00e9n\u00e9ral du Canada. La m\u00e9daille d\u2019argent, qui r\u00e9compense les efforts du meilleur \u00e9tudiant de baccalaur\u00e9at, a \u00e9t\u00e9 d\u00e9cern\u00e9e \u00e0 MARIE-PIER TACH\u00c9 qui termine pr\u00e9sentement son baccalaur\u00e9at de premier cycle en sciences comptables. Pour ce qui est de la m\u00e9daille d\u2019or, c\u2019est MARIE-\u00c8VE BRADETTEH\u00c9BERT, qui termine ses \u00e9tudes de deuxi\u00e8me cycle \u00e0 la ma\u00eetrise en ressources renouvelable, qui s\u2019est vu d\u00e9cerner celle-ci en raison de sa performance au niveau des \u00e9tudes sup\u00e9rieures. Les r\u00e9cipiendaires ont \u00e9t\u00e9 choisis parmi les personnes qui ont maintenu les meilleures moyennes cumulatives dans leur programme d&rsquo;\u00e9tudes \u00e0 l&rsquo;Universit\u00e9.<\/p>\n<p style=\"text-align: justify\">La direction et le personnel de l&rsquo;Universit\u00e9 du Qu\u00e9bec \u00e0 Chicoutimi tiennent \u00e0 f\u00e9liciter tous les boursiers 2007-2008. Notre communaut\u00e9, par le biais de ses gens d&rsquo;affaires, exprime son engagement et sa vitalit\u00e9 en soutenant l&rsquo;excellence de la rel\u00e8ve. Nous sommes fiers et heureux de pouvoir compter sur de g\u00e9n\u00e9reux donateurs afin de poursuivre notre mission d&rsquo;enseignement et d&rsquo;offrir un avenir stimulant \u00e0 ces jeunes. Sans votre appui constant et votre vision de l&rsquo;avenir nous ne pourrions r\u00e9ussir seuls \u00e0 soutenir nos \u00e9tudiants dans la poursuite de leurs \u00e9tudes. Ainsi, contribuez-vous non seulement au d\u00e9veloppement de la rel\u00e8ve, mais aussi de notre Universit\u00e9 et de notre soci\u00e9t\u00e9. Au nom de l&rsquo;Universit\u00e9 du Qu\u00e9bec \u00e0 Chicoutimi et de chacun des \u00e9tudiants \u00e9m\u00e9rites c&rsquo;est avec une extr\u00eame reconnaissance que nous saluons votre geste.<\/p>\n<p style=\"text-align: center\">-30 &#8211;<\/p>\n<p style=\"text-align: justify\">Source :<br \/>\nJean Wauthier, directeur<br \/>\nBureau des affaires publiques<br \/>\nT\u00e9l\u00e9phone : 545-5011, poste 5006<br \/>\nCourriel : jean.wauthier@uqac.ca<\/p>\n","protected":false},"excerpt":{"rendered":"<p>Saguenay, le 9 avril 2008 \u2014 L&rsquo;Universit\u00e9 du Qu\u00e9bec \u00e0 Chicoutimi (UQAC) a proc\u00e9d\u00e9, aujourd&rsquo;hui, \u00e0 la trente-septi\u00e8me \u00e9dition de la remise annuelle des bourses et des prix d&rsquo;excellence. Plus de 600 milles dollars ont \u00e9t\u00e9 attribu\u00e9s aux \u00e9tudiants qui se sont distingu\u00e9s au cours de la derni\u00e8re ann\u00e9e. Cette c\u00e9r\u00e9monie, qui s&rsquo;est d\u00e9roul\u00e9e au [&hellip;]<\/p>\n","protected":false},"author":5,"featured_media":20745,"comment_status":"open","ping_status":"open","sticky":false,"template":"","format":"standard","meta":{"footnotes":""},"categories":[2772],"tags":[],"yoast_head":"<!-- This site is optimized with the Yoast SEO plugin v24.2 - https:\/\/yoast.com\/wordpress\/plugins\/seo\/ -->\r\n<title>37e \u00e9dition de remise annuelle des bourses d\u2019excellence l\u2019Universit\u00e9 du Qu\u00e9bec \u00e0 Chicoutimi - UQACtualit\u00e9s<\/title>\r\n<meta name=\"robots\" content=\"index, follow, max-snippet:-1, max-image-preview:large, max-video-preview:-1\" \/>\r\n<link rel=\"canonical\" href=\"https:\/\/www.uqac.ca\/uqactualites\/2008\/04\/09\/37e-edition-de-remise-annuelle-des-bourses-dexcellence-luniversite-du-quebec-a-chicoutimi\/\" \/>\r\n<meta property=\"og:locale\" content=\"fr_CA\" \/>\r\n<meta property=\"og:type\" content=\"article\" \/>\r\n<meta property=\"og:title\" content=\"37e \u00e9dition de remise annuelle des bourses d\u2019excellence l\u2019Universit\u00e9 du Qu\u00e9bec \u00e0 Chicoutimi - UQACtualit\u00e9s\" \/>\r\n<meta property=\"og:description\" content=\"Saguenay, le 9 avril 2008 \u2014 L&rsquo;Universit\u00e9 du Qu\u00e9bec \u00e0 Chicoutimi (UQAC) a proc\u00e9d\u00e9, aujourd&rsquo;hui, \u00e0 la trente-septi\u00e8me \u00e9dition de la remise annuelle des bourses et des prix d&rsquo;excellence. Plus de 600 milles dollars ont \u00e9t\u00e9 attribu\u00e9s aux \u00e9tudiants qui se sont distingu\u00e9s au cours de la derni\u00e8re ann\u00e9e. Cette c\u00e9r\u00e9monie, qui s&rsquo;est d\u00e9roul\u00e9e au [&hellip;]\" \/>\r\n<meta property=\"og:url\" content=\"https:\/\/www.uqac.ca\/uqactualites\/2008\/04\/09\/37e-edition-de-remise-annuelle-des-bourses-dexcellence-luniversite-du-quebec-a-chicoutimi\/\" \/>\r\n<meta property=\"og:site_name\" content=\"UQACtualit\u00e9s\" \/>\r\n<meta property=\"article:published_time\" content=\"2008-04-09T18:56:11+00:00\" \/>\r\n<meta property=\"og:image\" content=\"https:\/\/www.uqac.ca\/uqactualites\/wp-content\/uploads\/2012\/05\/communiqu-.jpg\" \/>\r\n\t<meta property=\"og:image:width\" content=\"620\" \/>\r\n\t<meta property=\"og:image:height\" content=\"300\" \/>\r\n\t<meta property=\"og:image:type\" content=\"image\/jpeg\" \/>\r\n<meta name=\"author\" content=\"Service des communications et des relations publiques\" \/>\r\n<meta name=\"twitter:card\" content=\"summary_large_image\" \/>\r\n<meta name=\"twitter:label1\" content=\"\u00c9crit par\" \/>\n\t<meta name=\"twitter:data1\" content=\"Service des communications et des relations publiques\" \/>\n\t<meta name=\"twitter:label2\" content=\"Estimation du temps de lecture\" \/>\n\t<meta name=\"twitter:data2\" content=\"2 minutes\" \/>\r\n<script type=\"application\/ld+json\" class=\"yoast-schema-graph\">{\"@context\":\"https:\/\/schema.org\",\"@graph\":[{\"@type\":\"WebPage\",\"@id\":\"https:\/\/www.uqac.ca\/uqactualites\/2008\/04\/09\/37e-edition-de-remise-annuelle-des-bourses-dexcellence-luniversite-du-quebec-a-chicoutimi\/\",\"url\":\"https:\/\/www.uqac.ca\/uqactualites\/2008\/04\/09\/37e-edition-de-remise-annuelle-des-bourses-dexcellence-luniversite-du-quebec-a-chicoutimi\/\",\"name\":\"37e \u00e9dition de remise annuelle des bourses d\u2019excellence l\u2019Universit\u00e9 du Qu\u00e9bec \u00e0 Chicoutimi - UQACtualit\u00e9s\",\"isPartOf\":{\"@id\":\"https:\/\/www.uqac.ca\/uqactualites\/#website\"},\"primaryImageOfPage\":{\"@id\":\"https:\/\/www.uqac.ca\/uqactualites\/2008\/04\/09\/37e-edition-de-remise-annuelle-des-bourses-dexcellence-luniversite-du-quebec-a-chicoutimi\/#primaryimage\"},\"image\":{\"@id\":\"https:\/\/www.uqac.ca\/uqactualites\/2008\/04\/09\/37e-edition-de-remise-annuelle-des-bourses-dexcellence-luniversite-du-quebec-a-chicoutimi\/#primaryimage\"},\"thumbnailUrl\":\"https:\/\/www.uqac.ca\/uqactualites\/wp-content\/uploads\/2012\/05\/communiqu-.jpg\",\"datePublished\":\"2008-04-09T18:56:11+00:00\",\"dateModified\":\"2008-04-09T18:56:11+00:00\",\"author\":{\"@id\":\"https:\/\/www.uqac.ca\/uqactualites\/#\/schema\/person\/366c45a0c4f0e677b41b4af5886e2018\"},\"breadcrumb\":{\"@id\":\"https:\/\/www.uqac.ca\/uqactualites\/2008\/04\/09\/37e-edition-de-remise-annuelle-des-bourses-dexcellence-luniversite-du-quebec-a-chicoutimi\/#breadcrumb\"},\"inLanguage\":\"fr-CA\",\"potentialAction\":[{\"@type\":\"ReadAction\",\"target\":[\"https:\/\/www.uqac.ca\/uqactualites\/2008\/04\/09\/37e-edition-de-remise-annuelle-des-bourses-dexcellence-luniversite-du-quebec-a-chicoutimi\/\"]}]},{\"@type\":\"ImageObject\",\"inLanguage\":\"fr-CA\",\"@id\":\"https:\/\/www.uqac.ca\/uqactualites\/2008\/04\/09\/37e-edition-de-remise-annuelle-des-bourses-dexcellence-luniversite-du-quebec-a-chicoutimi\/#primaryimage\",\"url\":\"https:\/\/www.uqac.ca\/uqactualites\/wp-content\/uploads\/2012\/05\/communiqu-.jpg\",\"contentUrl\":\"https:\/\/www.uqac.ca\/uqactualites\/wp-content\/uploads\/2012\/05\/communiqu-.jpg\",\"width\":620,\"height\":300},{\"@type\":\"BreadcrumbList\",\"@id\":\"https:\/\/www.uqac.ca\/uqactualites\/2008\/04\/09\/37e-edition-de-remise-annuelle-des-bourses-dexcellence-luniversite-du-quebec-a-chicoutimi\/#breadcrumb\",\"itemListElement\":[{\"@type\":\"ListItem\",\"position\":1,\"name\":\"Home\",\"item\":\"https:\/\/www.uqac.ca\/uqactualites\/\"},{\"@type\":\"ListItem\",\"position\":2,\"name\":\"37e \u00e9dition de remise annuelle des bourses d\u2019excellence l\u2019Universit\u00e9 du Qu\u00e9bec \u00e0 Chicoutimi\"}]},{\"@type\":\"WebSite\",\"@id\":\"https:\/\/www.uqac.ca\/uqactualites\/#website\",\"url\":\"https:\/\/www.uqac.ca\/uqactualites\/\",\"name\":\"UQACtualit\u00e9s\",\"description\":\"Le portail des nouvelles de l&#039;UQAC\",\"potentialAction\":[{\"@type\":\"SearchAction\",\"target\":{\"@type\":\"EntryPoint\",\"urlTemplate\":\"https:\/\/www.uqac.ca\/uqactualites\/?s={search_term_string}\"},\"query-input\":{\"@type\":\"PropertyValueSpecification\",\"valueRequired\":true,\"valueName\":\"search_term_string\"}}],\"inLanguage\":\"fr-CA\"},{\"@type\":\"Person\",\"@id\":\"https:\/\/www.uqac.ca\/uqactualites\/#\/schema\/person\/366c45a0c4f0e677b41b4af5886e2018\",\"name\":\"Service des communications et des relations publiques\",\"image\":{\"@type\":\"ImageObject\",\"inLanguage\":\"fr-CA\",\"@id\":\"https:\/\/www.uqac.ca\/uqactualites\/#\/schema\/person\/image\/\",\"url\":\"https:\/\/secure.gravatar.com\/avatar\/20fbbda8a292f59f2d3461a5b999c00b?s=96&d=mm&r=g\",\"contentUrl\":\"https:\/\/secure.gravatar.com\/avatar\/20fbbda8a292f59f2d3461a5b999c00b?s=96&d=mm&r=g\",\"caption\":\"Service des communications et des relations publiques\"},\"url\":\"https:\/\/www.uqac.ca\/uqactualites\/author\/bap\/\"}]}<\/script>\r\n<!-- \/ Yoast SEO plugin. -->","yoast_head_json":{"title":"37e \u00e9dition de remise annuelle des bourses d\u2019excellence l\u2019Universit\u00e9 du Qu\u00e9bec \u00e0 Chicoutimi - UQACtualit\u00e9s","robots":{"index":"index","follow":"follow","max-snippet":"max-snippet:-1","max-image-preview":"max-image-preview:large","max-video-preview":"max-video-preview:-1"},"canonical":"https:\/\/www.uqac.ca\/uqactualites\/2008\/04\/09\/37e-edition-de-remise-annuelle-des-bourses-dexcellence-luniversite-du-quebec-a-chicoutimi\/","og_locale":"fr_CA","og_type":"article","og_title":"37e \u00e9dition de remise annuelle des bourses d\u2019excellence l\u2019Universit\u00e9 du Qu\u00e9bec \u00e0 Chicoutimi - UQACtualit\u00e9s","og_description":"Saguenay, le 9 avril 2008 \u2014 L&rsquo;Universit\u00e9 du Qu\u00e9bec \u00e0 Chicoutimi (UQAC) a proc\u00e9d\u00e9, aujourd&rsquo;hui, \u00e0 la trente-septi\u00e8me \u00e9dition de la remise annuelle des bourses et des prix d&rsquo;excellence. Plus de 600 milles dollars ont \u00e9t\u00e9 attribu\u00e9s aux \u00e9tudiants qui se sont distingu\u00e9s au cours de la derni\u00e8re ann\u00e9e. Cette c\u00e9r\u00e9monie, qui s&rsquo;est d\u00e9roul\u00e9e au [&hellip;]","og_url":"https:\/\/www.uqac.ca\/uqactualites\/2008\/04\/09\/37e-edition-de-remise-annuelle-des-bourses-dexcellence-luniversite-du-quebec-a-chicoutimi\/","og_site_name":"UQACtualit\u00e9s","article_published_time":"2008-04-09T18:56:11+00:00","og_image":[{"width":620,"height":300,"url":"https:\/\/www.uqac.ca\/uqactualites\/wp-content\/uploads\/2012\/05\/communiqu-.jpg","type":"image\/jpeg"}],"author":"Service des communications et des relations publiques","twitter_card":"summary_large_image","twitter_misc":{"\u00c9crit par":"Service des communications et des relations publiques","Estimation du temps de lecture":"2 minutes"},"schema":{"@context":"https:\/\/schema.org","@graph":[{"@type":"WebPage","@id":"https:\/\/www.uqac.ca\/uqactualites\/2008\/04\/09\/37e-edition-de-remise-annuelle-des-bourses-dexcellence-luniversite-du-quebec-a-chicoutimi\/","url":"https:\/\/www.uqac.ca\/uqactualites\/2008\/04\/09\/37e-edition-de-remise-annuelle-des-bourses-dexcellence-luniversite-du-quebec-a-chicoutimi\/","name":"37e \u00e9dition de remise annuelle des bourses d\u2019excellence l\u2019Universit\u00e9 du Qu\u00e9bec \u00e0 Chicoutimi - UQACtualit\u00e9s","isPartOf":{"@id":"https:\/\/www.uqac.ca\/uqactualites\/#website"},"primaryImageOfPage":{"@id":"https:\/\/www.uqac.ca\/uqactualites\/2008\/04\/09\/37e-edition-de-remise-annuelle-des-bourses-dexcellence-luniversite-du-quebec-a-chicoutimi\/#primaryimage"},"image":{"@id":"https:\/\/www.uqac.ca\/uqactualites\/2008\/04\/09\/37e-edition-de-remise-annuelle-des-bourses-dexcellence-luniversite-du-quebec-a-chicoutimi\/#primaryimage"},"thumbnailUrl":"https:\/\/www.uqac.ca\/uqactualites\/wp-content\/uploads\/2012\/05\/communiqu-.jpg","datePublished":"2008-04-09T18:56:11+00:00","dateModified":"2008-04-09T18:56:11+00:00","author":{"@id":"https:\/\/www.uqac.ca\/uqactualites\/#\/schema\/person\/366c45a0c4f0e677b41b4af5886e2018"},"breadcrumb":{"@id":"https:\/\/www.uqac.ca\/uqactualites\/2008\/04\/09\/37e-edition-de-remise-annuelle-des-bourses-dexcellence-luniversite-du-quebec-a-chicoutimi\/#breadcrumb"},"inLanguage":"fr-CA","potentialAction":[{"@type":"ReadAction","target":["https:\/\/www.uqac.ca\/uqactualites\/2008\/04\/09\/37e-edition-de-remise-annuelle-des-bourses-dexcellence-luniversite-du-quebec-a-chicoutimi\/"]}]},{"@type":"ImageObject","inLanguage":"fr-CA","@id":"https:\/\/www.uqac.ca\/uqactualites\/2008\/04\/09\/37e-edition-de-remise-annuelle-des-bourses-dexcellence-luniversite-du-quebec-a-chicoutimi\/#primaryimage","url":"https:\/\/www.uqac.ca\/uqactualites\/wp-content\/uploads\/2012\/05\/communiqu-.jpg","contentUrl":"https:\/\/www.uqac.ca\/uqactualites\/wp-content\/uploads\/2012\/05\/communiqu-.jpg","width":620,"height":300},{"@type":"BreadcrumbList","@id":"https:\/\/www.uqac.ca\/uqactualites\/2008\/04\/09\/37e-edition-de-remise-annuelle-des-bourses-dexcellence-luniversite-du-quebec-a-chicoutimi\/#breadcrumb","itemListElement":[{"@type":"ListItem","position":1,"name":"Home","item":"https:\/\/www.uqac.ca\/uqactualites\/"},{"@type":"ListItem","position":2,"name":"37e \u00e9dition de remise annuelle des bourses d\u2019excellence l\u2019Universit\u00e9 du Qu\u00e9bec \u00e0 Chicoutimi"}]},{"@type":"WebSite","@id":"https:\/\/www.uqac.ca\/uqactualites\/#website","url":"https:\/\/www.uqac.ca\/uqactualites\/","name":"UQACtualit\u00e9s","description":"Le portail des nouvelles de l&#039;UQAC","potentialAction":[{"@type":"SearchAction","target":{"@type":"EntryPoint","urlTemplate":"https:\/\/www.uqac.ca\/uqactualites\/?s={search_term_string}"},"query-input":{"@type":"PropertyValueSpecification","valueRequired":true,"valueName":"search_term_string"}}],"inLanguage":"fr-CA"},{"@type":"Person","@id":"https:\/\/www.uqac.ca\/uqactualites\/#\/schema\/person\/366c45a0c4f0e677b41b4af5886e2018","name":"Service des communications et des relations publiques","image":{"@type":"ImageObject","inLanguage":"fr-CA","@id":"https:\/\/www.uqac.ca\/uqactualites\/#\/schema\/person\/image\/","url":"https:\/\/secure.gravatar.com\/avatar\/20fbbda8a292f59f2d3461a5b999c00b?s=96&d=mm&r=g","contentUrl":"https:\/\/secure.gravatar.com\/avatar\/20fbbda8a292f59f2d3461a5b999c00b?s=96&d=mm&r=g","caption":"Service des communications et des relations publiques"},"url":"https:\/\/www.uqac.ca\/uqactualites\/author\/bap\/"}]}},"_links":{"self":[{"href":"https:\/\/www.uqac.ca\/uqactualites\/wp-json\/wp\/v2\/posts\/25448"}],"collection":[{"href":"https:\/\/www.uqac.ca\/uqactualites\/wp-json\/wp\/v2\/posts"}],"about":[{"href":"https:\/\/www.uqac.ca\/uqactualites\/wp-json\/wp\/v2\/types\/post"}],"author":[{"embeddable":true,"href":"https:\/\/www.uqac.ca\/uqactualites\/wp-json\/wp\/v2\/users\/5"}],"replies":[{"embeddable":true,"href":"https:\/\/www.uqac.ca\/uqactualites\/wp-json\/wp\/v2\/comments?post=25448"}],"version-history":[{"count":0,"href":"https:\/\/www.uqac.ca\/uqactualites\/wp-json\/wp\/v2\/posts\/25448\/revisions"}],"wp:featuredmedia":[{"embeddable":true,"href":"https:\/\/www.uqac.ca\/uqactualites\/wp-json\/wp\/v2\/media\/20745"}],"wp:attachment":[{"href":"https:\/\/www.uqac.ca\/uqactualites\/wp-json\/wp\/v2\/media?parent=25448"}],"wp:term":[{"taxonomy":"category","embeddable":true,"href":"https:\/\/www.uqac.ca\/uqactualites\/wp-json\/wp\/v2\/categories?post=25448"},{"taxonomy":"post_tag","embeddable":true,"href":"https:\/\/www.uqac.ca\/uqactualites\/wp-json\/wp\/v2\/tags?post=25448"}],"curies":[{"name":"wp","href":"https:\/\/api.w.org\/{rel}","templated":true}]}}