{"id":25450,"date":"2008-04-24T14:58:40","date_gmt":"2008-04-24T18:58:40","guid":{"rendered":"http:\/\/uqactualite.odev.ca\/?p=25450"},"modified":"2008-04-24T14:58:40","modified_gmt":"2008-04-24T18:58:40","slug":"le-projet-compostable-une-initiative-de-developpement-durable","status":"publish","type":"post","link":"https:\/\/www.uqac.ca\/uqactualites\/2008\/04\/24\/le-projet-compostable-une-initiative-de-developpement-durable\/","title":{"rendered":"Le projet ComposTable une initiative de d\u00e9veloppement durable"},"content":{"rendered":"<p style=\"text-align: justify\">Saguenay, le 24 avril 2008 \u2014 Au terme de la premi\u00e8re ann\u00e9e compl\u00e8te d\u2019op\u00e9ration du projet ComposTable, la Chaire en \u00e9co-conseil de l\u2019Universit\u00e9 du Qu\u00e9bec \u00e0 Chicoutimi, organisme d\u00e9di\u00e9 \u00e0 la recherche et \u00e0 l\u2019application de projets de d\u00e9veloppement durable, est heureuse de pr\u00e9senter aujourd\u2019hui son bilan. L\u2019objectif vis\u00e9 \u00e9tant de favoriser une meilleure gestion des mati\u00e8res r\u00e9siduelles en r\u00e9coltant et en valorisant les mati\u00e8res putrescibles des industries, commerces et institutions (ICI) de la Ville de Saguenay.<\/p>\n<p style=\"text-align: justify\">Dans le cadre du projet, une collecte sp\u00e9cifique des mati\u00e8res putrescibles (fruits et l\u00e9gumes d\u00e9fra\u00eechis, r\u00e9sidus de table et de cuisine) a \u00e9t\u00e9 implant\u00e9e dans une vingtaine d\u2019ICI de la Ville de Saguenay. Cette implantation a permis la r\u00e9cup\u00e9ration et la valorisation d\u2019environ 615 tonnes de mati\u00e8res putrescibles en 2007 \u00e9vitant ainsi l\u2019\u00e9mission de 713 tonnes de gaz \u00e0 effet de serre. Appliqu\u00e9 \u00e0 l\u2019ensemble des commerces du genre \u00e0 la Ville de Saguenay, le potentiel de ce projet est impressionnant : plus de 4 000 tonnes de mati\u00e8res putrescibles pourraient prendre, chaque ann\u00e9e, la voie de la valorisation et ainsi \u00e9viter l\u2019\u00e9mission de 4 640 tonnes de CO2\u00e9q\/ann\u00e9e. Dans le plan de gestion des mati\u00e8res r\u00e9siduelles de la Ville de Saguenay, le potentiel incluant les r\u00e9sidences est de 30 000 tonnes, ce qui repr\u00e9senterait des \u00e9conomies annuelles de pr\u00e8s de 2 000 000 $ de frais d\u2019enfouissement en plus d\u2019\u00e9viter l\u2019\u00e9quivalent des \u00e9missions annuelles de 8 700 voitures.<\/p>\n<p style=\"text-align: justify\">Outre l\u2019aspect environnemental et l\u2019aspect \u00e9conomique, le projet ComposTable a aussi des r\u00e9percussions sociales. En plus de repr\u00e9senter un avantage pour les propri\u00e9taires de commerce, il rejoint directement les employ\u00e9s, les invitant \u00e0 adopter des comportements responsables et \u00e0 servir d\u2019ambassadeurs de d\u00e9veloppement durable dans la population. C\u2019est dans la cuisine et \u00e0 la desserte que le tri permettra d\u2019isoler les mati\u00e8res valorisables des autres mati\u00e8res r\u00e9siduelles, si un jour la Ville de Saguenay adopte la collecte \u00e0 trois voies. Enfin, il permet \u00e0 des entreprises r\u00e9gionales d\u2019innover, ce qui am\u00e9liore leur comp\u00e9titivit\u00e9.<\/p>\n<p style=\"text-align: justify\">Au cours de la derni\u00e8re ann\u00e9e, la Chaire en \u00e9co-conseil de l\u2019Universit\u00e9 du Qu\u00e9bec \u00e0 Chicoutimi a assur\u00e9 la formation des employ\u00e9s chez les participants au projet, la sensibilisation du public et la r\u00e9colte des donn\u00e9es n\u00e9cessaires afin de r\u00e9diger un rapport scientifique ainsi qu\u2019un guide permettant l\u2019application du projet ailleurs au Qu\u00e9bec. Ce guide est disponible en fran\u00e7ais et en anglais sur le site de la Chaire et il a \u00e9t\u00e9 produit gr\u00e2ce \u00e0 une subvention de D\u00e9veloppement \u00e9conomique Canada qui a soutenu le projet en 2007. Il a \u00e9galement permis de maintenir l\u2019emploi d\u2019un \u00e9co-conseiller et de deux valoristes, deux formations donn\u00e9es uniquement dans la r\u00e9gion. Selon Claude Villeneuve, professeur au D\u00e9partement des sciences fondamentales et titulaire de la Chaire \u00ab Le projet attire maintenant de nouveaux partenaires qui se joignent \u00e0 la collecte. Celle-ci devrait d\u00e9passer 1 000 tonnes de mati\u00e8res putrescibles en 2008. La d\u00e9monstration a \u00e9t\u00e9 faite dans notre exp\u00e9rimentation du bien-fond\u00e9 d\u2019une telle cueillette, de sa viabilit\u00e9 \u00e9conomique comme de ses avantages environnementaux et sociaux. Il marque des points sur tous les indicateurs de d\u00e9veloppement durable et pr\u00e9sente un exemple de l\u2019implication de l\u2019UQAC dans sa communaut\u00e9. \u00bb<\/p>\n<p style=\"text-align: justify\">Ce projet a r\u00e9uni, au-del\u00e0 des commer\u00e7ants g\u00e9n\u00e9rateurs de mati\u00e8res putrescibles, les Services sanitaires Rodrigue Bonneau inc. qui ont proc\u00e9d\u00e9 \u00e0 la collecte et Gazon Savard inc. chez qui les mati\u00e8res recueillies ont pu \u00eatre valoris\u00e9es \u00e0 l\u2019aide d\u2019une nouvelle technologie d\u00e9velopp\u00e9e en collaboration avec le Centre de recherche industrielle du Qu\u00e9bec. Tout au long de la derni\u00e8re ann\u00e9e, les partenaires suivants ont contribu\u00e9 \u00e0 la collecte de donn\u00e9es et \u00e0 l\u2019\u00e9valuation de la phase exp\u00e9rimentale : Loblaws, IGA \u2014 Alimentation Yvon Hach\u00e9, IGA \u2014 Robert Martin, H\u00f4tel Chicoutimi, Hydro-Qu\u00e9bec, Pacini, Corneau et Cantin, le C\u00e9gep de Jonqui\u00e8re, Abitibi-Bowater, Maxi, Maxi et cie et l\u2019Universit\u00e9 du Qu\u00e9bec \u00e0 Chicoutimi. Rappelons que la Chaire en \u00e9co-conseil de l\u2019Universit\u00e9 du Qu\u00e9bec \u00e0 Chicoutimi est en activit\u00e9 depuis novembre 2003. Elle a pour mission de formaliser et de cr\u00e9er de nouveaux savoirs propres \u00e0 enrichir la formation des \u00e9co-conseillers ainsi qu\u2019\u00e0 rendre applicables les notions d\u2019un d\u00e9veloppement durable pour les citoyens en g\u00e9n\u00e9ral. Pour information : http:\/\/dsf.uqac.ca\/eco-conseil<\/p>\n<p style=\"text-align: justify\">Le projet ComposTable a \u00e9t\u00e9 rendu possible gr\u00e2ce \u00e0 la participation financi\u00e8re de D\u00e9veloppement \u00e9conomique Canada, Recyc-Qu\u00e9bec et par les contributions en co\u00fbts \u00e9vit\u00e9s des entreprises participantes.<\/p>\n<p style=\"text-align: center\">&#8211; 30 &#8211;<\/p>\n<p style=\"text-align: justify\">Pour renseignements :<br \/>\nClaude Villeneuve<br \/>\nTitulaire \u2014 Chaire en \u00e9co-conseil<br \/>\nT\u00e9l\u00e9phone : 545-5011, poste 5059<\/p>\n<p style=\"text-align: justify\">Source :<br \/>\nC\u00e9line L\u2019Esp\u00e9rance<br \/>\nTechnicienne en information<br \/>\nT\u00e9l\u00e9phone : 545-5011, poste 2350<\/p>\n","protected":false},"excerpt":{"rendered":"<p>Saguenay, le 24 avril 2008 \u2014 Au terme de la premi\u00e8re ann\u00e9e compl\u00e8te d\u2019op\u00e9ration du projet ComposTable, la Chaire en \u00e9co-conseil de l\u2019Universit\u00e9 du Qu\u00e9bec \u00e0 Chicoutimi, organisme d\u00e9di\u00e9 \u00e0 la recherche et \u00e0 l\u2019application de projets de d\u00e9veloppement durable, est heureuse de pr\u00e9senter aujourd\u2019hui son bilan. L\u2019objectif vis\u00e9 \u00e9tant de favoriser une meilleure gestion [&hellip;]<\/p>\n","protected":false},"author":5,"featured_media":20745,"comment_status":"open","ping_status":"open","sticky":false,"template":"","format":"standard","meta":{"footnotes":""},"categories":[2772],"tags":[],"yoast_head":"<!-- This site is optimized with the Yoast SEO plugin v24.2 - https:\/\/yoast.com\/wordpress\/plugins\/seo\/ -->\r\n<title>Le projet ComposTable une initiative de d\u00e9veloppement durable - UQACtualit\u00e9s<\/title>\r\n<meta name=\"robots\" content=\"index, follow, max-snippet:-1, max-image-preview:large, max-video-preview:-1\" \/>\r\n<link rel=\"canonical\" href=\"https:\/\/www.uqac.ca\/uqactualites\/2008\/04\/24\/le-projet-compostable-une-initiative-de-developpement-durable\/\" \/>\r\n<meta property=\"og:locale\" content=\"fr_CA\" \/>\r\n<meta property=\"og:type\" content=\"article\" \/>\r\n<meta property=\"og:title\" content=\"Le projet ComposTable une initiative de d\u00e9veloppement durable - UQACtualit\u00e9s\" \/>\r\n<meta property=\"og:description\" content=\"Saguenay, le 24 avril 2008 \u2014 Au terme de la premi\u00e8re ann\u00e9e compl\u00e8te d\u2019op\u00e9ration du projet ComposTable, la Chaire en \u00e9co-conseil de l\u2019Universit\u00e9 du Qu\u00e9bec \u00e0 Chicoutimi, organisme d\u00e9di\u00e9 \u00e0 la recherche et \u00e0 l\u2019application de projets de d\u00e9veloppement durable, est heureuse de pr\u00e9senter aujourd\u2019hui son bilan. L\u2019objectif vis\u00e9 \u00e9tant de favoriser une meilleure gestion [&hellip;]\" \/>\r\n<meta property=\"og:url\" content=\"https:\/\/www.uqac.ca\/uqactualites\/2008\/04\/24\/le-projet-compostable-une-initiative-de-developpement-durable\/\" \/>\r\n<meta property=\"og:site_name\" content=\"UQACtualit\u00e9s\" \/>\r\n<meta property=\"article:published_time\" content=\"2008-04-24T18:58:40+00:00\" \/>\r\n<meta property=\"og:image\" content=\"https:\/\/www.uqac.ca\/uqactualites\/wp-content\/uploads\/2012\/05\/communiqu-.jpg\" \/>\r\n\t<meta property=\"og:image:width\" content=\"620\" \/>\r\n\t<meta property=\"og:image:height\" content=\"300\" \/>\r\n\t<meta property=\"og:image:type\" content=\"image\/jpeg\" \/>\r\n<meta name=\"author\" content=\"Service des communications et des relations publiques\" \/>\r\n<meta name=\"twitter:card\" content=\"summary_large_image\" \/>\r\n<meta name=\"twitter:label1\" content=\"\u00c9crit par\" \/>\n\t<meta name=\"twitter:data1\" content=\"Service des communications et des relations publiques\" \/>\n\t<meta name=\"twitter:label2\" content=\"Estimation du temps de lecture\" \/>\n\t<meta name=\"twitter:data2\" content=\"4 minutes\" \/>\r\n<script type=\"application\/ld+json\" class=\"yoast-schema-graph\">{\"@context\":\"https:\/\/schema.org\",\"@graph\":[{\"@type\":\"WebPage\",\"@id\":\"https:\/\/www.uqac.ca\/uqactualites\/2008\/04\/24\/le-projet-compostable-une-initiative-de-developpement-durable\/\",\"url\":\"https:\/\/www.uqac.ca\/uqactualites\/2008\/04\/24\/le-projet-compostable-une-initiative-de-developpement-durable\/\",\"name\":\"Le projet ComposTable une initiative de d\u00e9veloppement durable - UQACtualit\u00e9s\",\"isPartOf\":{\"@id\":\"https:\/\/www.uqac.ca\/uqactualites\/#website\"},\"primaryImageOfPage\":{\"@id\":\"https:\/\/www.uqac.ca\/uqactualites\/2008\/04\/24\/le-projet-compostable-une-initiative-de-developpement-durable\/#primaryimage\"},\"image\":{\"@id\":\"https:\/\/www.uqac.ca\/uqactualites\/2008\/04\/24\/le-projet-compostable-une-initiative-de-developpement-durable\/#primaryimage\"},\"thumbnailUrl\":\"https:\/\/www.uqac.ca\/uqactualites\/wp-content\/uploads\/2012\/05\/communiqu-.jpg\",\"datePublished\":\"2008-04-24T18:58:40+00:00\",\"dateModified\":\"2008-04-24T18:58:40+00:00\",\"author\":{\"@id\":\"https:\/\/www.uqac.ca\/uqactualites\/#\/schema\/person\/366c45a0c4f0e677b41b4af5886e2018\"},\"breadcrumb\":{\"@id\":\"https:\/\/www.uqac.ca\/uqactualites\/2008\/04\/24\/le-projet-compostable-une-initiative-de-developpement-durable\/#breadcrumb\"},\"inLanguage\":\"fr-CA\",\"potentialAction\":[{\"@type\":\"ReadAction\",\"target\":[\"https:\/\/www.uqac.ca\/uqactualites\/2008\/04\/24\/le-projet-compostable-une-initiative-de-developpement-durable\/\"]}]},{\"@type\":\"ImageObject\",\"inLanguage\":\"fr-CA\",\"@id\":\"https:\/\/www.uqac.ca\/uqactualites\/2008\/04\/24\/le-projet-compostable-une-initiative-de-developpement-durable\/#primaryimage\",\"url\":\"https:\/\/www.uqac.ca\/uqactualites\/wp-content\/uploads\/2012\/05\/communiqu-.jpg\",\"contentUrl\":\"https:\/\/www.uqac.ca\/uqactualites\/wp-content\/uploads\/2012\/05\/communiqu-.jpg\",\"width\":620,\"height\":300},{\"@type\":\"BreadcrumbList\",\"@id\":\"https:\/\/www.uqac.ca\/uqactualites\/2008\/04\/24\/le-projet-compostable-une-initiative-de-developpement-durable\/#breadcrumb\",\"itemListElement\":[{\"@type\":\"ListItem\",\"position\":1,\"name\":\"Home\",\"item\":\"https:\/\/www.uqac.ca\/uqactualites\/\"},{\"@type\":\"ListItem\",\"position\":2,\"name\":\"Le projet ComposTable une initiative de d\u00e9veloppement durable\"}]},{\"@type\":\"WebSite\",\"@id\":\"https:\/\/www.uqac.ca\/uqactualites\/#website\",\"url\":\"https:\/\/www.uqac.ca\/uqactualites\/\",\"name\":\"UQACtualit\u00e9s\",\"description\":\"Le portail des nouvelles de l&#039;UQAC\",\"potentialAction\":[{\"@type\":\"SearchAction\",\"target\":{\"@type\":\"EntryPoint\",\"urlTemplate\":\"https:\/\/www.uqac.ca\/uqactualites\/?s={search_term_string}\"},\"query-input\":{\"@type\":\"PropertyValueSpecification\",\"valueRequired\":true,\"valueName\":\"search_term_string\"}}],\"inLanguage\":\"fr-CA\"},{\"@type\":\"Person\",\"@id\":\"https:\/\/www.uqac.ca\/uqactualites\/#\/schema\/person\/366c45a0c4f0e677b41b4af5886e2018\",\"name\":\"Service des communications et des relations publiques\",\"image\":{\"@type\":\"ImageObject\",\"inLanguage\":\"fr-CA\",\"@id\":\"https:\/\/www.uqac.ca\/uqactualites\/#\/schema\/person\/image\/\",\"url\":\"https:\/\/secure.gravatar.com\/avatar\/20fbbda8a292f59f2d3461a5b999c00b?s=96&d=mm&r=g\",\"contentUrl\":\"https:\/\/secure.gravatar.com\/avatar\/20fbbda8a292f59f2d3461a5b999c00b?s=96&d=mm&r=g\",\"caption\":\"Service des communications et des relations publiques\"},\"url\":\"https:\/\/www.uqac.ca\/uqactualites\/author\/bap\/\"}]}<\/script>\r\n<!-- \/ Yoast SEO plugin. -->","yoast_head_json":{"title":"Le projet ComposTable une initiative de d\u00e9veloppement durable - UQACtualit\u00e9s","robots":{"index":"index","follow":"follow","max-snippet":"max-snippet:-1","max-image-preview":"max-image-preview:large","max-video-preview":"max-video-preview:-1"},"canonical":"https:\/\/www.uqac.ca\/uqactualites\/2008\/04\/24\/le-projet-compostable-une-initiative-de-developpement-durable\/","og_locale":"fr_CA","og_type":"article","og_title":"Le projet ComposTable une initiative de d\u00e9veloppement durable - UQACtualit\u00e9s","og_description":"Saguenay, le 24 avril 2008 \u2014 Au terme de la premi\u00e8re ann\u00e9e compl\u00e8te d\u2019op\u00e9ration du projet ComposTable, la Chaire en \u00e9co-conseil de l\u2019Universit\u00e9 du Qu\u00e9bec \u00e0 Chicoutimi, organisme d\u00e9di\u00e9 \u00e0 la recherche et \u00e0 l\u2019application de projets de d\u00e9veloppement durable, est heureuse de pr\u00e9senter aujourd\u2019hui son bilan. L\u2019objectif vis\u00e9 \u00e9tant de favoriser une meilleure gestion [&hellip;]","og_url":"https:\/\/www.uqac.ca\/uqactualites\/2008\/04\/24\/le-projet-compostable-une-initiative-de-developpement-durable\/","og_site_name":"UQACtualit\u00e9s","article_published_time":"2008-04-24T18:58:40+00:00","og_image":[{"width":620,"height":300,"url":"https:\/\/www.uqac.ca\/uqactualites\/wp-content\/uploads\/2012\/05\/communiqu-.jpg","type":"image\/jpeg"}],"author":"Service des communications et des relations publiques","twitter_card":"summary_large_image","twitter_misc":{"\u00c9crit par":"Service des communications et des relations publiques","Estimation du temps de lecture":"4 minutes"},"schema":{"@context":"https:\/\/schema.org","@graph":[{"@type":"WebPage","@id":"https:\/\/www.uqac.ca\/uqactualites\/2008\/04\/24\/le-projet-compostable-une-initiative-de-developpement-durable\/","url":"https:\/\/www.uqac.ca\/uqactualites\/2008\/04\/24\/le-projet-compostable-une-initiative-de-developpement-durable\/","name":"Le projet ComposTable une initiative de d\u00e9veloppement durable - UQACtualit\u00e9s","isPartOf":{"@id":"https:\/\/www.uqac.ca\/uqactualites\/#website"},"primaryImageOfPage":{"@id":"https:\/\/www.uqac.ca\/uqactualites\/2008\/04\/24\/le-projet-compostable-une-initiative-de-developpement-durable\/#primaryimage"},"image":{"@id":"https:\/\/www.uqac.ca\/uqactualites\/2008\/04\/24\/le-projet-compostable-une-initiative-de-developpement-durable\/#primaryimage"},"thumbnailUrl":"https:\/\/www.uqac.ca\/uqactualites\/wp-content\/uploads\/2012\/05\/communiqu-.jpg","datePublished":"2008-04-24T18:58:40+00:00","dateModified":"2008-04-24T18:58:40+00:00","author":{"@id":"https:\/\/www.uqac.ca\/uqactualites\/#\/schema\/person\/366c45a0c4f0e677b41b4af5886e2018"},"breadcrumb":{"@id":"https:\/\/www.uqac.ca\/uqactualites\/2008\/04\/24\/le-projet-compostable-une-initiative-de-developpement-durable\/#breadcrumb"},"inLanguage":"fr-CA","potentialAction":[{"@type":"ReadAction","target":["https:\/\/www.uqac.ca\/uqactualites\/2008\/04\/24\/le-projet-compostable-une-initiative-de-developpement-durable\/"]}]},{"@type":"ImageObject","inLanguage":"fr-CA","@id":"https:\/\/www.uqac.ca\/uqactualites\/2008\/04\/24\/le-projet-compostable-une-initiative-de-developpement-durable\/#primaryimage","url":"https:\/\/www.uqac.ca\/uqactualites\/wp-content\/uploads\/2012\/05\/communiqu-.jpg","contentUrl":"https:\/\/www.uqac.ca\/uqactualites\/wp-content\/uploads\/2012\/05\/communiqu-.jpg","width":620,"height":300},{"@type":"BreadcrumbList","@id":"https:\/\/www.uqac.ca\/uqactualites\/2008\/04\/24\/le-projet-compostable-une-initiative-de-developpement-durable\/#breadcrumb","itemListElement":[{"@type":"ListItem","position":1,"name":"Home","item":"https:\/\/www.uqac.ca\/uqactualites\/"},{"@type":"ListItem","position":2,"name":"Le projet ComposTable une initiative de d\u00e9veloppement durable"}]},{"@type":"WebSite","@id":"https:\/\/www.uqac.ca\/uqactualites\/#website","url":"https:\/\/www.uqac.ca\/uqactualites\/","name":"UQACtualit\u00e9s","description":"Le portail des nouvelles de l&#039;UQAC","potentialAction":[{"@type":"SearchAction","target":{"@type":"EntryPoint","urlTemplate":"https:\/\/www.uqac.ca\/uqactualites\/?s={search_term_string}"},"query-input":{"@type":"PropertyValueSpecification","valueRequired":true,"valueName":"search_term_string"}}],"inLanguage":"fr-CA"},{"@type":"Person","@id":"https:\/\/www.uqac.ca\/uqactualites\/#\/schema\/person\/366c45a0c4f0e677b41b4af5886e2018","name":"Service des communications et des relations publiques","image":{"@type":"ImageObject","inLanguage":"fr-CA","@id":"https:\/\/www.uqac.ca\/uqactualites\/#\/schema\/person\/image\/","url":"https:\/\/secure.gravatar.com\/avatar\/20fbbda8a292f59f2d3461a5b999c00b?s=96&d=mm&r=g","contentUrl":"https:\/\/secure.gravatar.com\/avatar\/20fbbda8a292f59f2d3461a5b999c00b?s=96&d=mm&r=g","caption":"Service des communications et des relations publiques"},"url":"https:\/\/www.uqac.ca\/uqactualites\/author\/bap\/"}]}},"_links":{"self":[{"href":"https:\/\/www.uqac.ca\/uqactualites\/wp-json\/wp\/v2\/posts\/25450"}],"collection":[{"href":"https:\/\/www.uqac.ca\/uqactualites\/wp-json\/wp\/v2\/posts"}],"about":[{"href":"https:\/\/www.uqac.ca\/uqactualites\/wp-json\/wp\/v2\/types\/post"}],"author":[{"embeddable":true,"href":"https:\/\/www.uqac.ca\/uqactualites\/wp-json\/wp\/v2\/users\/5"}],"replies":[{"embeddable":true,"href":"https:\/\/www.uqac.ca\/uqactualites\/wp-json\/wp\/v2\/comments?post=25450"}],"version-history":[{"count":0,"href":"https:\/\/www.uqac.ca\/uqactualites\/wp-json\/wp\/v2\/posts\/25450\/revisions"}],"wp:featuredmedia":[{"embeddable":true,"href":"https:\/\/www.uqac.ca\/uqactualites\/wp-json\/wp\/v2\/media\/20745"}],"wp:attachment":[{"href":"https:\/\/www.uqac.ca\/uqactualites\/wp-json\/wp\/v2\/media?parent=25450"}],"wp:term":[{"taxonomy":"category","embeddable":true,"href":"https:\/\/www.uqac.ca\/uqactualites\/wp-json\/wp\/v2\/categories?post=25450"},{"taxonomy":"post_tag","embeddable":true,"href":"https:\/\/www.uqac.ca\/uqactualites\/wp-json\/wp\/v2\/tags?post=25450"}],"curies":[{"name":"wp","href":"https:\/\/api.w.org\/{rel}","templated":true}]}}