{"id":25452,"date":"2013-08-15T13:55:08","date_gmt":"2013-08-15T17:55:08","guid":{"rendered":"http:\/\/uqactualite.odev.ca\/?p=25452"},"modified":"2013-08-15T13:55:08","modified_gmt":"2013-08-15T17:55:08","slug":"soutenance-de-these-de-monsieur-jean-guillaume-simard","status":"publish","type":"post","link":"https:\/\/www.uqac.ca\/uqactualites\/2013\/08\/15\/soutenance-de-these-de-monsieur-jean-guillaume-simard\/","title":{"rendered":"Soutenance de th\u00e8se de monsieur Jean-Guillaume Simard"},"content":{"rendered":"<p style=\"text-align: justify\">Monsieur Marc Jean, directeur du D\u00e9partement des sciences humaines, et pour l\u2019occasion repr\u00e9sentant du doyen des \u00e9tudes de cycles sup\u00e9rieurs et de la recherche, invite la communaut\u00e9 universitaire \u00e0 assister \u00e0 la soutenance de th\u00e8se de monsieur Jean-Guillaume Simard, \u00e9tudiant au doctorat en d\u00e9veloppement r\u00e9gional\u00a0:<\/p>\n<p style=\"text-align: center\" align=\"center\"><b><i><span style=\"color: #5a7411\">Int\u00e9gration des dimensions du d\u00e9veloppement territorial durable et influence urbaine<\/span><br \/>\n<span style=\"color: #5a7411\">dans les municipalit\u00e9s rurales de deux r\u00e9gions du Qu\u00e9bec<\/span><br \/>\n<\/i>Vendredi 23 ao\u00fbt 2013\u00a0 <\/b><b>\u25aa<\/b><b>\u00a0 13\u00a0h\u00a030<\/b><br \/>\nLocal P1-4270 (Pavillon principal)<\/p>\n<p style=\"text-align: justify\"><b>Direction de recherche<br \/>\n<\/b>Christiane Gagnon, UQAC<br \/>\nJohanne Boisjoly, UQAR<\/p>\n<p style=\"text-align: justify\"><b>Jury d\u2019\u00e9valuation<br \/>\n<\/b>Bruno Jean, UQAR<br \/>\nMajella Simard, Universit\u00e9 de Moncton<br \/>\nMartin Simard, UQAC<\/p>\n<p style=\"text-align: justify\"><b>Pr\u00e9sidence du jury<\/b><br \/>\nMichel Perron, UQAC<\/p>\n<p style=\"text-align: justify\">Bienvenue \u00e0 toutes et \u00e0 tous!<\/p>\n<p style=\"text-align: justify\"><b><br \/>\nRenseignements\u00a0:<br \/>\n<\/b>Guylaine Munger, agente \u00e0 la gestion des dossiers \u00e9tudiants<br \/>\nD\u00e9partement des sciences humaines<br \/>\nUniversit\u00e9 du Qu\u00e9bec \u00e0 Chicoutimi<br \/>\n418 545-5011, poste\u00a05275\u00a0 \u25aa\u00a0 <span style=\"color: #5a7411\"><a href=\"mailto:guylaine_munger@uqac.ca\"><span style=\"color: #5a7411\">guylaine_munger@uqac.ca<\/span><\/a><\/span><\/p>\n","protected":false},"excerpt":{"rendered":"<p>Monsieur Marc Jean, directeur du D\u00e9partement des sciences humaines, et pour l\u2019occasion repr\u00e9sentant du doyen des \u00e9tudes de cycles sup\u00e9rieurs et de la recherche, invite la communaut\u00e9 universitaire \u00e0 assister \u00e0 la soutenance de th\u00e8se de monsieur Jean-Guillaume Simard, \u00e9tudiant au doctorat en d\u00e9veloppement r\u00e9gional\u00a0: Int\u00e9gration des dimensions du d\u00e9veloppement territorial durable et influence urbaine [&hellip;]<\/p>\n","protected":false},"author":5,"featured_media":20989,"comment_status":"closed","ping_status":"open","sticky":false,"template":"","format":"standard","meta":{"footnotes":""},"categories":[2772],"tags":[273,292,338,387,293,294],"yoast_head":"<!-- This site is optimized with the Yoast SEO plugin v24.2 - https:\/\/yoast.com\/wordpress\/plugins\/seo\/ -->\r\n<title>Soutenance de th\u00e8se de monsieur Jean-Guillaume Simard - UQACtualit\u00e9s<\/title>\r\n<meta name=\"robots\" content=\"index, follow, max-snippet:-1, max-image-preview:large, max-video-preview:-1\" \/>\r\n<link rel=\"canonical\" href=\"https:\/\/www.uqac.ca\/uqactualites\/2013\/08\/15\/soutenance-de-these-de-monsieur-jean-guillaume-simard\/\" \/>\r\n<meta property=\"og:locale\" content=\"fr_CA\" \/>\r\n<meta property=\"og:type\" content=\"article\" \/>\r\n<meta property=\"og:title\" content=\"Soutenance de th\u00e8se de monsieur Jean-Guillaume Simard - UQACtualit\u00e9s\" \/>\r\n<meta property=\"og:description\" content=\"Monsieur Marc Jean, directeur du D\u00e9partement des sciences humaines, et pour l\u2019occasion repr\u00e9sentant du doyen des \u00e9tudes de cycles sup\u00e9rieurs et de la recherche, invite la communaut\u00e9 universitaire \u00e0 assister \u00e0 la soutenance de th\u00e8se de monsieur Jean-Guillaume Simard, \u00e9tudiant au doctorat en d\u00e9veloppement r\u00e9gional\u00a0: Int\u00e9gration des dimensions du d\u00e9veloppement territorial durable et influence urbaine [&hellip;]\" \/>\r\n<meta property=\"og:url\" content=\"https:\/\/www.uqac.ca\/uqactualites\/2013\/08\/15\/soutenance-de-these-de-monsieur-jean-guillaume-simard\/\" \/>\r\n<meta property=\"og:site_name\" content=\"UQACtualit\u00e9s\" \/>\r\n<meta property=\"article:published_time\" content=\"2013-08-15T17:55:08+00:00\" \/>\r\n<meta property=\"og:image\" content=\"https:\/\/www.uqac.ca\/uqactualites\/wp-content\/uploads\/2012\/05\/avis-laCommunaut-.jpg\" \/>\r\n\t<meta property=\"og:image:width\" content=\"620\" \/>\r\n\t<meta property=\"og:image:height\" content=\"300\" \/>\r\n\t<meta property=\"og:image:type\" content=\"image\/jpeg\" \/>\r\n<meta name=\"author\" content=\"Service des communications et des relations publiques\" \/>\r\n<meta name=\"twitter:card\" content=\"summary_large_image\" \/>\r\n<meta name=\"twitter:label1\" content=\"\u00c9crit par\" \/>\n\t<meta name=\"twitter:data1\" content=\"Service des communications et des relations publiques\" \/>\n\t<meta name=\"twitter:label2\" content=\"Estimation du temps de lecture\" \/>\n\t<meta name=\"twitter:data2\" content=\"1 minute\" \/>\r\n<script type=\"application\/ld+json\" class=\"yoast-schema-graph\">{\"@context\":\"https:\/\/schema.org\",\"@graph\":[{\"@type\":\"WebPage\",\"@id\":\"https:\/\/www.uqac.ca\/uqactualites\/2013\/08\/15\/soutenance-de-these-de-monsieur-jean-guillaume-simard\/\",\"url\":\"https:\/\/www.uqac.ca\/uqactualites\/2013\/08\/15\/soutenance-de-these-de-monsieur-jean-guillaume-simard\/\",\"name\":\"Soutenance de th\u00e8se de monsieur Jean-Guillaume Simard - UQACtualit\u00e9s\",\"isPartOf\":{\"@id\":\"https:\/\/www.uqac.ca\/uqactualites\/#website\"},\"primaryImageOfPage\":{\"@id\":\"https:\/\/www.uqac.ca\/uqactualites\/2013\/08\/15\/soutenance-de-these-de-monsieur-jean-guillaume-simard\/#primaryimage\"},\"image\":{\"@id\":\"https:\/\/www.uqac.ca\/uqactualites\/2013\/08\/15\/soutenance-de-these-de-monsieur-jean-guillaume-simard\/#primaryimage\"},\"thumbnailUrl\":\"https:\/\/www.uqac.ca\/uqactualites\/wp-content\/uploads\/2012\/05\/avis-laCommunaut-.jpg\",\"datePublished\":\"2013-08-15T17:55:08+00:00\",\"dateModified\":\"2013-08-15T17:55:08+00:00\",\"author\":{\"@id\":\"https:\/\/www.uqac.ca\/uqactualites\/#\/schema\/person\/366c45a0c4f0e677b41b4af5886e2018\"},\"breadcrumb\":{\"@id\":\"https:\/\/www.uqac.ca\/uqactualites\/2013\/08\/15\/soutenance-de-these-de-monsieur-jean-guillaume-simard\/#breadcrumb\"},\"inLanguage\":\"fr-CA\",\"potentialAction\":[{\"@type\":\"ReadAction\",\"target\":[\"https:\/\/www.uqac.ca\/uqactualites\/2013\/08\/15\/soutenance-de-these-de-monsieur-jean-guillaume-simard\/\"]}]},{\"@type\":\"ImageObject\",\"inLanguage\":\"fr-CA\",\"@id\":\"https:\/\/www.uqac.ca\/uqactualites\/2013\/08\/15\/soutenance-de-these-de-monsieur-jean-guillaume-simard\/#primaryimage\",\"url\":\"https:\/\/www.uqac.ca\/uqactualites\/wp-content\/uploads\/2012\/05\/avis-laCommunaut-.jpg\",\"contentUrl\":\"https:\/\/www.uqac.ca\/uqactualites\/wp-content\/uploads\/2012\/05\/avis-laCommunaut-.jpg\",\"width\":620,\"height\":300},{\"@type\":\"BreadcrumbList\",\"@id\":\"https:\/\/www.uqac.ca\/uqactualites\/2013\/08\/15\/soutenance-de-these-de-monsieur-jean-guillaume-simard\/#breadcrumb\",\"itemListElement\":[{\"@type\":\"ListItem\",\"position\":1,\"name\":\"Home\",\"item\":\"https:\/\/www.uqac.ca\/uqactualites\/\"},{\"@type\":\"ListItem\",\"position\":2,\"name\":\"Soutenance de th\u00e8se de monsieur Jean-Guillaume Simard\"}]},{\"@type\":\"WebSite\",\"@id\":\"https:\/\/www.uqac.ca\/uqactualites\/#website\",\"url\":\"https:\/\/www.uqac.ca\/uqactualites\/\",\"name\":\"UQACtualit\u00e9s\",\"description\":\"Le portail des nouvelles de l&#039;UQAC\",\"potentialAction\":[{\"@type\":\"SearchAction\",\"target\":{\"@type\":\"EntryPoint\",\"urlTemplate\":\"https:\/\/www.uqac.ca\/uqactualites\/?s={search_term_string}\"},\"query-input\":{\"@type\":\"PropertyValueSpecification\",\"valueRequired\":true,\"valueName\":\"search_term_string\"}}],\"inLanguage\":\"fr-CA\"},{\"@type\":\"Person\",\"@id\":\"https:\/\/www.uqac.ca\/uqactualites\/#\/schema\/person\/366c45a0c4f0e677b41b4af5886e2018\",\"name\":\"Service des communications et des relations publiques\",\"image\":{\"@type\":\"ImageObject\",\"inLanguage\":\"fr-CA\",\"@id\":\"https:\/\/www.uqac.ca\/uqactualites\/#\/schema\/person\/image\/\",\"url\":\"https:\/\/secure.gravatar.com\/avatar\/20fbbda8a292f59f2d3461a5b999c00b?s=96&d=mm&r=g\",\"contentUrl\":\"https:\/\/secure.gravatar.com\/avatar\/20fbbda8a292f59f2d3461a5b999c00b?s=96&d=mm&r=g\",\"caption\":\"Service des communications et des relations publiques\"},\"url\":\"https:\/\/www.uqac.ca\/uqactualites\/author\/bap\/\"}]}<\/script>\r\n<!-- \/ Yoast SEO plugin. -->","yoast_head_json":{"title":"Soutenance de th\u00e8se de monsieur Jean-Guillaume Simard - UQACtualit\u00e9s","robots":{"index":"index","follow":"follow","max-snippet":"max-snippet:-1","max-image-preview":"max-image-preview:large","max-video-preview":"max-video-preview:-1"},"canonical":"https:\/\/www.uqac.ca\/uqactualites\/2013\/08\/15\/soutenance-de-these-de-monsieur-jean-guillaume-simard\/","og_locale":"fr_CA","og_type":"article","og_title":"Soutenance de th\u00e8se de monsieur Jean-Guillaume Simard - UQACtualit\u00e9s","og_description":"Monsieur Marc Jean, directeur du D\u00e9partement des sciences humaines, et pour l\u2019occasion repr\u00e9sentant du doyen des \u00e9tudes de cycles sup\u00e9rieurs et de la recherche, invite la communaut\u00e9 universitaire \u00e0 assister \u00e0 la soutenance de th\u00e8se de monsieur Jean-Guillaume Simard, \u00e9tudiant au doctorat en d\u00e9veloppement r\u00e9gional\u00a0: Int\u00e9gration des dimensions du d\u00e9veloppement territorial durable et influence urbaine [&hellip;]","og_url":"https:\/\/www.uqac.ca\/uqactualites\/2013\/08\/15\/soutenance-de-these-de-monsieur-jean-guillaume-simard\/","og_site_name":"UQACtualit\u00e9s","article_published_time":"2013-08-15T17:55:08+00:00","og_image":[{"width":620,"height":300,"url":"https:\/\/www.uqac.ca\/uqactualites\/wp-content\/uploads\/2012\/05\/avis-laCommunaut-.jpg","type":"image\/jpeg"}],"author":"Service des communications et des relations publiques","twitter_card":"summary_large_image","twitter_misc":{"\u00c9crit par":"Service des communications et des relations publiques","Estimation du temps de lecture":"1 minute"},"schema":{"@context":"https:\/\/schema.org","@graph":[{"@type":"WebPage","@id":"https:\/\/www.uqac.ca\/uqactualites\/2013\/08\/15\/soutenance-de-these-de-monsieur-jean-guillaume-simard\/","url":"https:\/\/www.uqac.ca\/uqactualites\/2013\/08\/15\/soutenance-de-these-de-monsieur-jean-guillaume-simard\/","name":"Soutenance de th\u00e8se de monsieur Jean-Guillaume Simard - UQACtualit\u00e9s","isPartOf":{"@id":"https:\/\/www.uqac.ca\/uqactualites\/#website"},"primaryImageOfPage":{"@id":"https:\/\/www.uqac.ca\/uqactualites\/2013\/08\/15\/soutenance-de-these-de-monsieur-jean-guillaume-simard\/#primaryimage"},"image":{"@id":"https:\/\/www.uqac.ca\/uqactualites\/2013\/08\/15\/soutenance-de-these-de-monsieur-jean-guillaume-simard\/#primaryimage"},"thumbnailUrl":"https:\/\/www.uqac.ca\/uqactualites\/wp-content\/uploads\/2012\/05\/avis-laCommunaut-.jpg","datePublished":"2013-08-15T17:55:08+00:00","dateModified":"2013-08-15T17:55:08+00:00","author":{"@id":"https:\/\/www.uqac.ca\/uqactualites\/#\/schema\/person\/366c45a0c4f0e677b41b4af5886e2018"},"breadcrumb":{"@id":"https:\/\/www.uqac.ca\/uqactualites\/2013\/08\/15\/soutenance-de-these-de-monsieur-jean-guillaume-simard\/#breadcrumb"},"inLanguage":"fr-CA","potentialAction":[{"@type":"ReadAction","target":["https:\/\/www.uqac.ca\/uqactualites\/2013\/08\/15\/soutenance-de-these-de-monsieur-jean-guillaume-simard\/"]}]},{"@type":"ImageObject","inLanguage":"fr-CA","@id":"https:\/\/www.uqac.ca\/uqactualites\/2013\/08\/15\/soutenance-de-these-de-monsieur-jean-guillaume-simard\/#primaryimage","url":"https:\/\/www.uqac.ca\/uqactualites\/wp-content\/uploads\/2012\/05\/avis-laCommunaut-.jpg","contentUrl":"https:\/\/www.uqac.ca\/uqactualites\/wp-content\/uploads\/2012\/05\/avis-laCommunaut-.jpg","width":620,"height":300},{"@type":"BreadcrumbList","@id":"https:\/\/www.uqac.ca\/uqactualites\/2013\/08\/15\/soutenance-de-these-de-monsieur-jean-guillaume-simard\/#breadcrumb","itemListElement":[{"@type":"ListItem","position":1,"name":"Home","item":"https:\/\/www.uqac.ca\/uqactualites\/"},{"@type":"ListItem","position":2,"name":"Soutenance de th\u00e8se de monsieur Jean-Guillaume Simard"}]},{"@type":"WebSite","@id":"https:\/\/www.uqac.ca\/uqactualites\/#website","url":"https:\/\/www.uqac.ca\/uqactualites\/","name":"UQACtualit\u00e9s","description":"Le portail des nouvelles de l&#039;UQAC","potentialAction":[{"@type":"SearchAction","target":{"@type":"EntryPoint","urlTemplate":"https:\/\/www.uqac.ca\/uqactualites\/?s={search_term_string}"},"query-input":{"@type":"PropertyValueSpecification","valueRequired":true,"valueName":"search_term_string"}}],"inLanguage":"fr-CA"},{"@type":"Person","@id":"https:\/\/www.uqac.ca\/uqactualites\/#\/schema\/person\/366c45a0c4f0e677b41b4af5886e2018","name":"Service des communications et des relations publiques","image":{"@type":"ImageObject","inLanguage":"fr-CA","@id":"https:\/\/www.uqac.ca\/uqactualites\/#\/schema\/person\/image\/","url":"https:\/\/secure.gravatar.com\/avatar\/20fbbda8a292f59f2d3461a5b999c00b?s=96&d=mm&r=g","contentUrl":"https:\/\/secure.gravatar.com\/avatar\/20fbbda8a292f59f2d3461a5b999c00b?s=96&d=mm&r=g","caption":"Service des communications et des relations publiques"},"url":"https:\/\/www.uqac.ca\/uqactualites\/author\/bap\/"}]}},"_links":{"self":[{"href":"https:\/\/www.uqac.ca\/uqactualites\/wp-json\/wp\/v2\/posts\/25452"}],"collection":[{"href":"https:\/\/www.uqac.ca\/uqactualites\/wp-json\/wp\/v2\/posts"}],"about":[{"href":"https:\/\/www.uqac.ca\/uqactualites\/wp-json\/wp\/v2\/types\/post"}],"author":[{"embeddable":true,"href":"https:\/\/www.uqac.ca\/uqactualites\/wp-json\/wp\/v2\/users\/5"}],"replies":[{"embeddable":true,"href":"https:\/\/www.uqac.ca\/uqactualites\/wp-json\/wp\/v2\/comments?post=25452"}],"version-history":[{"count":0,"href":"https:\/\/www.uqac.ca\/uqactualites\/wp-json\/wp\/v2\/posts\/25452\/revisions"}],"wp:featuredmedia":[{"embeddable":true,"href":"https:\/\/www.uqac.ca\/uqactualites\/wp-json\/wp\/v2\/media\/20989"}],"wp:attachment":[{"href":"https:\/\/www.uqac.ca\/uqactualites\/wp-json\/wp\/v2\/media?parent=25452"}],"wp:term":[{"taxonomy":"category","embeddable":true,"href":"https:\/\/www.uqac.ca\/uqactualites\/wp-json\/wp\/v2\/categories?post=25452"},{"taxonomy":"post_tag","embeddable":true,"href":"https:\/\/www.uqac.ca\/uqactualites\/wp-json\/wp\/v2\/tags?post=25452"}],"curies":[{"name":"wp","href":"https:\/\/api.w.org\/{rel}","templated":true}]}}