{"id":25466,"date":"2013-08-21T14:22:11","date_gmt":"2013-08-21T18:22:11","guid":{"rendered":"http:\/\/uqactualite.odev.ca\/?p=25466"},"modified":"2013-08-21T14:22:11","modified_gmt":"2013-08-21T18:22:11","slug":"le-centre-du-savoir-sur-mesure-de-luqac-propose-un-colloque-sur-la-gestion-des-risques-lies-aux-navires-de-croisiere-et-aux-traversiers","status":"publish","type":"post","link":"https:\/\/www.uqac.ca\/uqactualites\/2013\/08\/21\/le-centre-du-savoir-sur-mesure-de-luqac-propose-un-colloque-sur-la-gestion-des-risques-lies-aux-navires-de-croisiere-et-aux-traversiers\/","title":{"rendered":"Le Centre du savoir sur mesure de l\u2019UQAC propose un colloque sur la gestion des risques li\u00e9s aux navires de croisi\u00e8re et aux traversiers"},"content":{"rendered":"<p style=\"text-align: justify\"><b>Saguenay, le 21 ao\u00fbt 2013<\/b> \u2013 Le Centre du savoir sur mesure (CESAM) de l\u2019Universit\u00e9 du Qu\u00e9bec \u00e0 Chicoutimi, en partenariat avec Promotion Saguenay, pr\u00e9sentera les 30 et 31 octobre prochain la toute premi\u00e8re \u00e9dition du Colloque \u00ab\u00a0Faudrait pas \u00e9chouer\u00a0\u00bb. \u00c9v\u00e9nement international, ce colloque abordera la question de la gestion des risques li\u00e9s aux navires de croisi\u00e8re et aux traversiers par les acteurs terrestres. Il accueillera pr\u00e8s d\u2019une vingtaine d\u2019intervenants hautement qualifi\u00e9s issus du Qu\u00e9bec, de l\u2019Ontario et de la France. \u00c0 cette occasion, les participants amorceront ces deux journ\u00e9es de formation et d\u2019exercices dans un endroit fort \u00e0 propos\u00a0: le port d\u2019escale de Saguenay (La Baie).<\/p>\n<p style=\"text-align: justify\">Mis sur pied dans un souci de sensibilisation et de concertation, le colloque se veut une occasion privil\u00e9gi\u00e9e de rassembler les acteurs de diff\u00e9rents horizons autour d\u2019un m\u00eame enjeu\u00a0: la gestion des risques. Le Qu\u00e9bec comptant neuf ports d\u2019escale et sachant que ceux-ci accueillent de plus en plus de navires annuellement, bien g\u00e9rer les risques devient alors une r\u00e9alit\u00e9 pour de nombreux acteurs, tant sur le plan de la s\u00e9curit\u00e9 publique qu\u2019en mati\u00e8re de sant\u00e9, de tourisme et d\u2019environnement. Par son programme diversifi\u00e9 proposant trois grandes conf\u00e9rences, une table ronde d\u2019experts, trois blocs de quatre choix d\u2019atelier-conf\u00e9rence, de m\u00eame qu\u2019un exercice sur table, le colloque permettra aux participants de prendre conscience des risques et al\u00e9as reli\u00e9s \u00e0 l\u2019accueil de navires de croisi\u00e8re et de traversiers; il leur donnera \u00e9galement la chance de mieux comprendre leurs r\u00f4les et responsabilit\u00e9s et d\u2019augmenter leurs capacit\u00e9s \u00e0 intervenir en cas de sinistre.<\/p>\n<p style=\"text-align: justify\">Dans le cadre de ce colloque, qui se veut le premier de cette envergure jamais mis sur pied au Qu\u00e9bec dans ce secteur d\u2019activit\u00e9, le CESAM a pu compter sur la collaboration de Promotion Saguenay \u00e0 titre de partenaire principal. L\u2019organisation contribue \u00e0 la logistique de l\u2019\u00e9v\u00e8nement, en plus de soutenir les efforts promotionnels en mettant \u00e0 profit son r\u00e9seau et son expertise.<\/p>\n<p style=\"text-align: justify\">Le pr\u00e9sident de Promotion Saguenay et maire de Saguenay, monsieur Jean Tremblay, applaudit l\u2019initiative du Centre du savoir sur mesure de l\u2019UQAC, qui propose pour une premi\u00e8re fois la tenue d\u2019un tel colloque. \u00ab\u00a0Saguenay veut \u00eatre pr\u00e9curseur en mati\u00e8re de s\u00e9curit\u00e9 et faire en sorte que la destination Saint-Laurent se d\u00e9marque et devienne un exemple dans la gestion des risques li\u00e9s \u00e0 la s\u00e9curit\u00e9 maritime. Je suis fier de notre institution d\u2019enseignement, qui a eu cette id\u00e9e innovante qui se r\u00e9alisera d\u00e8s cet automne. Je souhaite qu\u2019elle porte ses fruits et qu\u2019elle permette d\u2019autres d\u00e9bouch\u00e9s sur des initiatives qui nous aideront \u00e0 devenir encore plus performants dans ce domaine.\u00a0\u00bb<\/p>\n<p style=\"text-align: justify\">Le recteur de l\u2019UQAC, monsieur Martin Gauthier, se r\u00e9jouit de cette annonce qui d\u00e9montre le leadership de la Ville de Saguenay et de l\u2019Universit\u00e9 du Qu\u00e9bec \u00e0 Chicoutimi dans ce domaine d\u2019activit\u00e9. Elle est un autre exemple concret du maillage entre le savoir et le milieu, et ce partenariat entre la Ville et l\u2019Universit\u00e9 s\u2019inscrit dans une perspective de d\u00e9veloppement de nos ressources et de nos connaissances.<\/p>\n<p style=\"text-align: justify\"><b>Inscrivez-vous!<\/b><br \/>\nDes conf\u00e9rences, des tables rondes, des ateliers et un exercice de table seront au programme du Colloque \u00ab\u00a0Faudrait pas \u00e9chouer\u00a0\u00bb. Pour plus de d\u00e9tails et pour vous inscrire, consultez le <a href=\"http:\/\/cesam.uqac.ca\/\"><b>cesam.uqac.ca<\/b><\/a>.<\/p>\n<p style=\"text-align: justify\">Le CESAM et Promotion Saguenay ont pu compter sur l\u2019implication de nombreux collaborateurs \u00a0pour l\u2019organisation de cet \u00e9v\u00e9nement\u00a0: Ville de Saguenay, le minist\u00e8re de la S\u00e9curit\u00e9 publique, Port Saguenay, la Garde c\u00f4ti\u00e8re canadienne, l\u2019Institut maritime du Qu\u00e9bec et plusieurs autres.<\/p>\n<p style=\"text-align: center\" align=\"center\">\u00a0&#8211; 30 &#8211;<\/p>\n<p style=\"text-align: justify\"><b>Source\u00a0:<br \/>\n<\/b>Jean Wauthier, directeur<br \/>\nBureau des affaires publiques<br \/>\nUniversit\u00e9 du Qu\u00e9bec \u00e0 Chicoutimi<br \/>\n418 545-5011, poste\u00a05006\u00a0 \u25aa\u00a0 <span style=\"color: #5a7411\"><a href=\"mailto:jean.wauthier@uqac.ca\"><span style=\"color: #5a7411\">jean.wauthier@uqac.ca<\/span><\/a><\/span><\/p>\n<p style=\"text-align: justify\"><b>Renseignements\u00a0:<\/b><\/p>\n<p style=\"text-align: justify\">Patricia Martin, agente de liaison<br \/>\nCentre du savoir sur mesure<br \/>\nUniversit\u00e9 du Qu\u00e9bec \u00e0 Chicoutimi<br \/>\n418 545-5011, poste\u00a02227\u00a0 \u25aa\u00a0 <span style=\"color: #5a7411\"><a href=\"mailto:patricia1_martin@uqac.ca\"><span style=\"color: #5a7411\">patricia1_martin@uqac.ca<\/span><\/a><\/span><\/p>\n<p style=\"text-align: justify\">Priscilla Nemey<br \/>\nDirectrice du d\u00e9veloppement touristique et des communications &#8211; Promotion Saguenay<br \/>\nPr\u00e9sidente &#8211; Croisi\u00e8res du Saint-Laurent<br \/>\n418\u00a0698-3157\u00a0 \u25aa\u00a0 <span style=\"color: #5a7411\"><a href=\"mailto:priscilla.nemey@saguenay.ca\"><span style=\"color: #5a7411\">priscilla.nemey@saguenay.ca<\/span><\/a><\/span><\/p>\n","protected":false},"excerpt":{"rendered":"<p>Saguenay, le 21 ao\u00fbt 2013 \u2013 Le Centre du savoir sur mesure (CESAM) de l\u2019Universit\u00e9 du Qu\u00e9bec \u00e0 Chicoutimi, en partenariat avec Promotion Saguenay, pr\u00e9sentera les 30 et 31 octobre prochain la toute premi\u00e8re \u00e9dition du Colloque \u00ab\u00a0Faudrait pas \u00e9chouer\u00a0\u00bb. \u00c9v\u00e9nement international, ce colloque abordera la question de la gestion des risques li\u00e9s aux navires [&hellip;]<\/p>\n","protected":false},"author":5,"featured_media":25467,"comment_status":"open","ping_status":"open","sticky":false,"template":"","format":"standard","meta":{"footnotes":""},"categories":[2772],"tags":[2231,1153,101,466,2232,2233,1375,1852],"yoast_head":"<!-- This site is optimized with the Yoast SEO plugin v24.2 - https:\/\/yoast.com\/wordpress\/plugins\/seo\/ -->\r\n<title>Le Centre du savoir sur mesure de l\u2019UQAC propose un colloque sur la gestion des risques li\u00e9s aux navires de croisi\u00e8re et aux traversiers - UQACtualit\u00e9s<\/title>\r\n<meta name=\"robots\" content=\"index, follow, max-snippet:-1, max-image-preview:large, max-video-preview:-1\" \/>\r\n<link rel=\"canonical\" href=\"https:\/\/www.uqac.ca\/uqactualites\/2013\/08\/21\/le-centre-du-savoir-sur-mesure-de-luqac-propose-un-colloque-sur-la-gestion-des-risques-lies-aux-navires-de-croisiere-et-aux-traversiers\/\" \/>\r\n<meta property=\"og:locale\" content=\"fr_CA\" \/>\r\n<meta property=\"og:type\" content=\"article\" \/>\r\n<meta property=\"og:title\" content=\"Le Centre du savoir sur mesure de l\u2019UQAC propose un colloque sur la gestion des risques li\u00e9s aux navires de croisi\u00e8re et aux traversiers - UQACtualit\u00e9s\" \/>\r\n<meta property=\"og:description\" content=\"Saguenay, le 21 ao\u00fbt 2013 \u2013 Le Centre du savoir sur mesure (CESAM) de l\u2019Universit\u00e9 du Qu\u00e9bec \u00e0 Chicoutimi, en partenariat avec Promotion Saguenay, pr\u00e9sentera les 30 et 31 octobre prochain la toute premi\u00e8re \u00e9dition du Colloque \u00ab\u00a0Faudrait pas \u00e9chouer\u00a0\u00bb. \u00c9v\u00e9nement international, ce colloque abordera la question de la gestion des risques li\u00e9s aux navires [&hellip;]\" \/>\r\n<meta property=\"og:url\" content=\"https:\/\/www.uqac.ca\/uqactualites\/2013\/08\/21\/le-centre-du-savoir-sur-mesure-de-luqac-propose-un-colloque-sur-la-gestion-des-risques-lies-aux-navires-de-croisiere-et-aux-traversiers\/\" \/>\r\n<meta property=\"og:site_name\" content=\"UQACtualit\u00e9s\" \/>\r\n<meta property=\"article:published_time\" content=\"2013-08-21T18:22:11+00:00\" \/>\r\n<meta property=\"og:image\" content=\"https:\/\/www.uqac.ca\/uqactualites\/wp-content\/uploads\/2013\/08\/En-tete_CESAM-PromoSag.jpg\" \/>\r\n\t<meta property=\"og:image:width\" content=\"620\" \/>\r\n\t<meta property=\"og:image:height\" content=\"300\" \/>\r\n\t<meta property=\"og:image:type\" content=\"image\/jpeg\" \/>\r\n<meta name=\"author\" content=\"Service des communications et des relations publiques\" \/>\r\n<meta name=\"twitter:card\" content=\"summary_large_image\" \/>\r\n<meta name=\"twitter:label1\" content=\"\u00c9crit par\" \/>\n\t<meta name=\"twitter:data1\" content=\"Service des communications et des relations publiques\" \/>\n\t<meta name=\"twitter:label2\" content=\"Estimation du temps de lecture\" \/>\n\t<meta name=\"twitter:data2\" content=\"4 minutes\" \/>\r\n<script type=\"application\/ld+json\" class=\"yoast-schema-graph\">{\"@context\":\"https:\/\/schema.org\",\"@graph\":[{\"@type\":\"WebPage\",\"@id\":\"https:\/\/www.uqac.ca\/uqactualites\/2013\/08\/21\/le-centre-du-savoir-sur-mesure-de-luqac-propose-un-colloque-sur-la-gestion-des-risques-lies-aux-navires-de-croisiere-et-aux-traversiers\/\",\"url\":\"https:\/\/www.uqac.ca\/uqactualites\/2013\/08\/21\/le-centre-du-savoir-sur-mesure-de-luqac-propose-un-colloque-sur-la-gestion-des-risques-lies-aux-navires-de-croisiere-et-aux-traversiers\/\",\"name\":\"Le Centre du savoir sur mesure de l\u2019UQAC propose un colloque sur la gestion des risques li\u00e9s aux navires de croisi\u00e8re et aux traversiers - UQACtualit\u00e9s\",\"isPartOf\":{\"@id\":\"https:\/\/www.uqac.ca\/uqactualites\/#website\"},\"primaryImageOfPage\":{\"@id\":\"https:\/\/www.uqac.ca\/uqactualites\/2013\/08\/21\/le-centre-du-savoir-sur-mesure-de-luqac-propose-un-colloque-sur-la-gestion-des-risques-lies-aux-navires-de-croisiere-et-aux-traversiers\/#primaryimage\"},\"image\":{\"@id\":\"https:\/\/www.uqac.ca\/uqactualites\/2013\/08\/21\/le-centre-du-savoir-sur-mesure-de-luqac-propose-un-colloque-sur-la-gestion-des-risques-lies-aux-navires-de-croisiere-et-aux-traversiers\/#primaryimage\"},\"thumbnailUrl\":\"https:\/\/www.uqac.ca\/uqactualites\/wp-content\/uploads\/2013\/08\/En-tete_CESAM-PromoSag.jpg\",\"datePublished\":\"2013-08-21T18:22:11+00:00\",\"dateModified\":\"2013-08-21T18:22:11+00:00\",\"author\":{\"@id\":\"https:\/\/www.uqac.ca\/uqactualites\/#\/schema\/person\/366c45a0c4f0e677b41b4af5886e2018\"},\"breadcrumb\":{\"@id\":\"https:\/\/www.uqac.ca\/uqactualites\/2013\/08\/21\/le-centre-du-savoir-sur-mesure-de-luqac-propose-un-colloque-sur-la-gestion-des-risques-lies-aux-navires-de-croisiere-et-aux-traversiers\/#breadcrumb\"},\"inLanguage\":\"fr-CA\",\"potentialAction\":[{\"@type\":\"ReadAction\",\"target\":[\"https:\/\/www.uqac.ca\/uqactualites\/2013\/08\/21\/le-centre-du-savoir-sur-mesure-de-luqac-propose-un-colloque-sur-la-gestion-des-risques-lies-aux-navires-de-croisiere-et-aux-traversiers\/\"]}]},{\"@type\":\"ImageObject\",\"inLanguage\":\"fr-CA\",\"@id\":\"https:\/\/www.uqac.ca\/uqactualites\/2013\/08\/21\/le-centre-du-savoir-sur-mesure-de-luqac-propose-un-colloque-sur-la-gestion-des-risques-lies-aux-navires-de-croisiere-et-aux-traversiers\/#primaryimage\",\"url\":\"https:\/\/www.uqac.ca\/uqactualites\/wp-content\/uploads\/2013\/08\/En-tete_CESAM-PromoSag.jpg\",\"contentUrl\":\"https:\/\/www.uqac.ca\/uqactualites\/wp-content\/uploads\/2013\/08\/En-tete_CESAM-PromoSag.jpg\",\"width\":620,\"height\":300},{\"@type\":\"BreadcrumbList\",\"@id\":\"https:\/\/www.uqac.ca\/uqactualites\/2013\/08\/21\/le-centre-du-savoir-sur-mesure-de-luqac-propose-un-colloque-sur-la-gestion-des-risques-lies-aux-navires-de-croisiere-et-aux-traversiers\/#breadcrumb\",\"itemListElement\":[{\"@type\":\"ListItem\",\"position\":1,\"name\":\"Home\",\"item\":\"https:\/\/www.uqac.ca\/uqactualites\/\"},{\"@type\":\"ListItem\",\"position\":2,\"name\":\"Le Centre du savoir sur mesure de l\u2019UQAC propose un colloque sur la gestion des risques li\u00e9s aux navires de croisi\u00e8re et aux traversiers\"}]},{\"@type\":\"WebSite\",\"@id\":\"https:\/\/www.uqac.ca\/uqactualites\/#website\",\"url\":\"https:\/\/www.uqac.ca\/uqactualites\/\",\"name\":\"UQACtualit\u00e9s\",\"description\":\"Le portail des nouvelles de l&#039;UQAC\",\"potentialAction\":[{\"@type\":\"SearchAction\",\"target\":{\"@type\":\"EntryPoint\",\"urlTemplate\":\"https:\/\/www.uqac.ca\/uqactualites\/?s={search_term_string}\"},\"query-input\":{\"@type\":\"PropertyValueSpecification\",\"valueRequired\":true,\"valueName\":\"search_term_string\"}}],\"inLanguage\":\"fr-CA\"},{\"@type\":\"Person\",\"@id\":\"https:\/\/www.uqac.ca\/uqactualites\/#\/schema\/person\/366c45a0c4f0e677b41b4af5886e2018\",\"name\":\"Service des communications et des relations publiques\",\"image\":{\"@type\":\"ImageObject\",\"inLanguage\":\"fr-CA\",\"@id\":\"https:\/\/www.uqac.ca\/uqactualites\/#\/schema\/person\/image\/\",\"url\":\"https:\/\/secure.gravatar.com\/avatar\/20fbbda8a292f59f2d3461a5b999c00b?s=96&d=mm&r=g\",\"contentUrl\":\"https:\/\/secure.gravatar.com\/avatar\/20fbbda8a292f59f2d3461a5b999c00b?s=96&d=mm&r=g\",\"caption\":\"Service des communications et des relations publiques\"},\"url\":\"https:\/\/www.uqac.ca\/uqactualites\/author\/bap\/\"}]}<\/script>\r\n<!-- \/ Yoast SEO plugin. -->","yoast_head_json":{"title":"Le Centre du savoir sur mesure de l\u2019UQAC propose un colloque sur la gestion des risques li\u00e9s aux navires de croisi\u00e8re et aux traversiers - UQACtualit\u00e9s","robots":{"index":"index","follow":"follow","max-snippet":"max-snippet:-1","max-image-preview":"max-image-preview:large","max-video-preview":"max-video-preview:-1"},"canonical":"https:\/\/www.uqac.ca\/uqactualites\/2013\/08\/21\/le-centre-du-savoir-sur-mesure-de-luqac-propose-un-colloque-sur-la-gestion-des-risques-lies-aux-navires-de-croisiere-et-aux-traversiers\/","og_locale":"fr_CA","og_type":"article","og_title":"Le Centre du savoir sur mesure de l\u2019UQAC propose un colloque sur la gestion des risques li\u00e9s aux navires de croisi\u00e8re et aux traversiers - UQACtualit\u00e9s","og_description":"Saguenay, le 21 ao\u00fbt 2013 \u2013 Le Centre du savoir sur mesure (CESAM) de l\u2019Universit\u00e9 du Qu\u00e9bec \u00e0 Chicoutimi, en partenariat avec Promotion Saguenay, pr\u00e9sentera les 30 et 31 octobre prochain la toute premi\u00e8re \u00e9dition du Colloque \u00ab\u00a0Faudrait pas \u00e9chouer\u00a0\u00bb. \u00c9v\u00e9nement international, ce colloque abordera la question de la gestion des risques li\u00e9s aux navires [&hellip;]","og_url":"https:\/\/www.uqac.ca\/uqactualites\/2013\/08\/21\/le-centre-du-savoir-sur-mesure-de-luqac-propose-un-colloque-sur-la-gestion-des-risques-lies-aux-navires-de-croisiere-et-aux-traversiers\/","og_site_name":"UQACtualit\u00e9s","article_published_time":"2013-08-21T18:22:11+00:00","og_image":[{"width":620,"height":300,"url":"https:\/\/www.uqac.ca\/uqactualites\/wp-content\/uploads\/2013\/08\/En-tete_CESAM-PromoSag.jpg","type":"image\/jpeg"}],"author":"Service des communications et des relations publiques","twitter_card":"summary_large_image","twitter_misc":{"\u00c9crit par":"Service des communications et des relations publiques","Estimation du temps de lecture":"4 minutes"},"schema":{"@context":"https:\/\/schema.org","@graph":[{"@type":"WebPage","@id":"https:\/\/www.uqac.ca\/uqactualites\/2013\/08\/21\/le-centre-du-savoir-sur-mesure-de-luqac-propose-un-colloque-sur-la-gestion-des-risques-lies-aux-navires-de-croisiere-et-aux-traversiers\/","url":"https:\/\/www.uqac.ca\/uqactualites\/2013\/08\/21\/le-centre-du-savoir-sur-mesure-de-luqac-propose-un-colloque-sur-la-gestion-des-risques-lies-aux-navires-de-croisiere-et-aux-traversiers\/","name":"Le Centre du savoir sur mesure de l\u2019UQAC propose un colloque sur la gestion des risques li\u00e9s aux navires de croisi\u00e8re et aux traversiers - UQACtualit\u00e9s","isPartOf":{"@id":"https:\/\/www.uqac.ca\/uqactualites\/#website"},"primaryImageOfPage":{"@id":"https:\/\/www.uqac.ca\/uqactualites\/2013\/08\/21\/le-centre-du-savoir-sur-mesure-de-luqac-propose-un-colloque-sur-la-gestion-des-risques-lies-aux-navires-de-croisiere-et-aux-traversiers\/#primaryimage"},"image":{"@id":"https:\/\/www.uqac.ca\/uqactualites\/2013\/08\/21\/le-centre-du-savoir-sur-mesure-de-luqac-propose-un-colloque-sur-la-gestion-des-risques-lies-aux-navires-de-croisiere-et-aux-traversiers\/#primaryimage"},"thumbnailUrl":"https:\/\/www.uqac.ca\/uqactualites\/wp-content\/uploads\/2013\/08\/En-tete_CESAM-PromoSag.jpg","datePublished":"2013-08-21T18:22:11+00:00","dateModified":"2013-08-21T18:22:11+00:00","author":{"@id":"https:\/\/www.uqac.ca\/uqactualites\/#\/schema\/person\/366c45a0c4f0e677b41b4af5886e2018"},"breadcrumb":{"@id":"https:\/\/www.uqac.ca\/uqactualites\/2013\/08\/21\/le-centre-du-savoir-sur-mesure-de-luqac-propose-un-colloque-sur-la-gestion-des-risques-lies-aux-navires-de-croisiere-et-aux-traversiers\/#breadcrumb"},"inLanguage":"fr-CA","potentialAction":[{"@type":"ReadAction","target":["https:\/\/www.uqac.ca\/uqactualites\/2013\/08\/21\/le-centre-du-savoir-sur-mesure-de-luqac-propose-un-colloque-sur-la-gestion-des-risques-lies-aux-navires-de-croisiere-et-aux-traversiers\/"]}]},{"@type":"ImageObject","inLanguage":"fr-CA","@id":"https:\/\/www.uqac.ca\/uqactualites\/2013\/08\/21\/le-centre-du-savoir-sur-mesure-de-luqac-propose-un-colloque-sur-la-gestion-des-risques-lies-aux-navires-de-croisiere-et-aux-traversiers\/#primaryimage","url":"https:\/\/www.uqac.ca\/uqactualites\/wp-content\/uploads\/2013\/08\/En-tete_CESAM-PromoSag.jpg","contentUrl":"https:\/\/www.uqac.ca\/uqactualites\/wp-content\/uploads\/2013\/08\/En-tete_CESAM-PromoSag.jpg","width":620,"height":300},{"@type":"BreadcrumbList","@id":"https:\/\/www.uqac.ca\/uqactualites\/2013\/08\/21\/le-centre-du-savoir-sur-mesure-de-luqac-propose-un-colloque-sur-la-gestion-des-risques-lies-aux-navires-de-croisiere-et-aux-traversiers\/#breadcrumb","itemListElement":[{"@type":"ListItem","position":1,"name":"Home","item":"https:\/\/www.uqac.ca\/uqactualites\/"},{"@type":"ListItem","position":2,"name":"Le Centre du savoir sur mesure de l\u2019UQAC propose un colloque sur la gestion des risques li\u00e9s aux navires de croisi\u00e8re et aux traversiers"}]},{"@type":"WebSite","@id":"https:\/\/www.uqac.ca\/uqactualites\/#website","url":"https:\/\/www.uqac.ca\/uqactualites\/","name":"UQACtualit\u00e9s","description":"Le portail des nouvelles de l&#039;UQAC","potentialAction":[{"@type":"SearchAction","target":{"@type":"EntryPoint","urlTemplate":"https:\/\/www.uqac.ca\/uqactualites\/?s={search_term_string}"},"query-input":{"@type":"PropertyValueSpecification","valueRequired":true,"valueName":"search_term_string"}}],"inLanguage":"fr-CA"},{"@type":"Person","@id":"https:\/\/www.uqac.ca\/uqactualites\/#\/schema\/person\/366c45a0c4f0e677b41b4af5886e2018","name":"Service des communications et des relations publiques","image":{"@type":"ImageObject","inLanguage":"fr-CA","@id":"https:\/\/www.uqac.ca\/uqactualites\/#\/schema\/person\/image\/","url":"https:\/\/secure.gravatar.com\/avatar\/20fbbda8a292f59f2d3461a5b999c00b?s=96&d=mm&r=g","contentUrl":"https:\/\/secure.gravatar.com\/avatar\/20fbbda8a292f59f2d3461a5b999c00b?s=96&d=mm&r=g","caption":"Service des communications et des relations publiques"},"url":"https:\/\/www.uqac.ca\/uqactualites\/author\/bap\/"}]}},"_links":{"self":[{"href":"https:\/\/www.uqac.ca\/uqactualites\/wp-json\/wp\/v2\/posts\/25466"}],"collection":[{"href":"https:\/\/www.uqac.ca\/uqactualites\/wp-json\/wp\/v2\/posts"}],"about":[{"href":"https:\/\/www.uqac.ca\/uqactualites\/wp-json\/wp\/v2\/types\/post"}],"author":[{"embeddable":true,"href":"https:\/\/www.uqac.ca\/uqactualites\/wp-json\/wp\/v2\/users\/5"}],"replies":[{"embeddable":true,"href":"https:\/\/www.uqac.ca\/uqactualites\/wp-json\/wp\/v2\/comments?post=25466"}],"version-history":[{"count":0,"href":"https:\/\/www.uqac.ca\/uqactualites\/wp-json\/wp\/v2\/posts\/25466\/revisions"}],"wp:featuredmedia":[{"embeddable":true,"href":"https:\/\/www.uqac.ca\/uqactualites\/wp-json\/wp\/v2\/media\/25467"}],"wp:attachment":[{"href":"https:\/\/www.uqac.ca\/uqactualites\/wp-json\/wp\/v2\/media?parent=25466"}],"wp:term":[{"taxonomy":"category","embeddable":true,"href":"https:\/\/www.uqac.ca\/uqactualites\/wp-json\/wp\/v2\/categories?post=25466"},{"taxonomy":"post_tag","embeddable":true,"href":"https:\/\/www.uqac.ca\/uqactualites\/wp-json\/wp\/v2\/tags?post=25466"}],"curies":[{"name":"wp","href":"https:\/\/api.w.org\/{rel}","templated":true}]}}