{"id":25481,"date":"2013-08-22T10:32:37","date_gmt":"2013-08-22T14:32:37","guid":{"rendered":"http:\/\/uqactualite.odev.ca\/?p=25481"},"modified":"2013-08-22T10:32:37","modified_gmt":"2013-08-22T14:32:37","slug":"le-cesam-propose-un-colloque-sur-la-gestion-des-risques-lies-aux-navires-de-croisiere-et-aux-traversiers","status":"publish","type":"post","link":"https:\/\/www.uqac.ca\/uqactualites\/2013\/08\/22\/le-cesam-propose-un-colloque-sur-la-gestion-des-risques-lies-aux-navires-de-croisiere-et-aux-traversiers\/","title":{"rendered":"Le CESAM propose un colloque sur la gestion des risques li\u00e9s aux navires de croisi\u00e8re et aux traversiers"},"content":{"rendered":"<p style=\"text-align: justify\">C\u2019est \u00e0 l\u2019occasion d\u2019une conf\u00e9rence de presse tenue le 21 ao\u00fbt dernier que le Centre du savoir sur mesure (CESAM) de l\u2019UQAC a fait l\u2019annonce d\u2019un nouveau colloque, dont la premi\u00e8re \u00e9dition sera propos\u00e9e les 30 et 31 octobre prochain. Mis sur pied en collaboration avec Promotion Saguenay, le Colloque \u00ab\u00a0Faudrait pas \u00e9chouer\u00a0\u00bb abordera la question de la gestion des risques li\u00e9s aux navires de croisi\u00e8re et aux traversiers par les acteurs terrestres. Il accueillera pr\u00e8s d\u2019une vingtaine d\u2019intervenants hautement qualifi\u00e9s issus du Qu\u00e9bec, de l\u2019Ontario et de la France. \u00c0 cette occasion, les participants amorceront ces deux journ\u00e9es de formation et d\u2019exercices dans un endroit fort \u00e0 propos\u00a0: le port d\u2019escale de Saguenay (La Baie).<\/p>\n<p style=\"text-align: justify\">\u00c9labor\u00e9 dans un souci de sensibilisation et de concertation, le colloque proposera un programme diversifi\u00e9 compos\u00e9 de conf\u00e9rences, de tables rondes, d\u2019ateliers et d\u2019un exercice de table. Il permettra aux participants de prendre conscience des risques et al\u00e9as reli\u00e9s \u00e0 l\u2019accueil de navires de croisi\u00e8re et de traversiers; il leur donnera \u00e9galement la chance de mieux comprendre leurs r\u00f4les et responsabilit\u00e9s et d\u2019augmenter leurs capacit\u00e9s \u00e0 intervenir en cas de sinistre.<\/p>\n<p style=\"text-align: justify\">Dans le cadre de ce colloque, qui se veut le premier de cette envergure jamais mis sur pied au Qu\u00e9bec dans ce secteur d\u2019activit\u00e9, le CESAM et Promotion Saguenay ont pu compter sur l\u2019implication de nombreux collaborateurs\u00a0: Ville de Saguenay, le minist\u00e8re de la S\u00e9curit\u00e9 publique, Port Saguenay, la Garde c\u00f4ti\u00e8re canadienne, l\u2019Institut maritime du Qu\u00e9bec et plusieurs autres.<\/p>\n<p style=\"text-align: justify\">Pour plus de d\u00e9tails et pour vous inscrire, consultez le <a href=\"http:\/\/cesam.uqac.ca\" target=\"_blank\" rel=\"noopener\"><span style=\"color: #5a7411\"><span style=\"color: #5a7411\"><b>cesam.uqac.ca<\/b><\/span><\/span><\/a>.<\/p>\n<p style=\"text-align: justify\"><b><br \/>\nSources\u00a0:<\/b><\/p>\n<p style=\"text-align: justify\">Patricia Martin, agente de liaison<br \/>\nCentre du savoir sur mesure<br \/>\nUniversit\u00e9 du Qu\u00e9bec \u00e0 Chicoutimi<br \/>\n418 545-5011, poste\u00a02227\u00a0 \u25aa\u00a0 <span style=\"color: #5a7411\"><a href=\"mailto:patricia1_martin@uqac.ca\"><span style=\"color: #5a7411\">patricia1_martin@uqac.ca<\/span><\/a><\/span><\/p>\n<p style=\"text-align: justify\">Bureau des affaires publiques<br \/>\nUniversit\u00e9 du Qu\u00e9bec \u00e0 Chicoutimi<br \/>\n418\u00a0545-5011, poste\u00a02350\u00a0 \u25aa\u00a0 <span style=\"color: #5a7411\"><a href=\"mailto:affaires_publiques@uqac.ca\"><span style=\"color: #5a7411\">affaires_publiques@uqac.ca<\/span><\/a><\/span><\/p>\n<p style=\"text-align: justify\"><span style=\"color: #808080\"><b><br \/>\n________________________________________________________________________________________<\/b><\/span><\/p>\n<p style=\"text-align: justify\"><span style=\"color: #808080\"><b>Photo\u00a0:<\/b> Damien Ferland, directeur du CESAM, Jean Tremblay, pr\u00e9sident de Promotion Saguenay et maire de Saguenay, et Jean Wauthier, directeur du Bureau des affaires publiques de l\u2019UQAC<\/span><br \/>\n<span style=\"color: #808080\"><b>Photographe\u00a0:<\/b>\u00a0Jasmine Paradis-Laroche<\/span><br \/>\n<span style=\"color: #808080\">________________________________________________________________________________________<\/span><\/p>\n","protected":false},"excerpt":{"rendered":"<p>C\u2019est \u00e0 l\u2019occasion d\u2019une conf\u00e9rence de presse tenue le 21 ao\u00fbt dernier que le Centre du savoir sur mesure (CESAM) de l\u2019UQAC a fait l\u2019annonce d\u2019un nouveau colloque, dont la premi\u00e8re \u00e9dition sera propos\u00e9e les 30 et 31 octobre prochain. Mis sur pied en collaboration avec Promotion Saguenay, le Colloque \u00ab\u00a0Faudrait pas \u00e9chouer\u00a0\u00bb abordera la [&hellip;]<\/p>\n","protected":false},"author":5,"featured_media":25482,"comment_status":"open","ping_status":"open","sticky":false,"template":"","format":"standard","meta":{"footnotes":""},"categories":[2,61],"tags":[2231,1153,101,2237,466,2232,1375],"yoast_head":"<!-- This site is optimized with the Yoast SEO plugin v24.2 - https:\/\/yoast.com\/wordpress\/plugins\/seo\/ -->\r\n<title>Le CESAM propose un colloque sur la gestion des risques li\u00e9s aux navires de croisi\u00e8re et aux traversiers - UQACtualit\u00e9s<\/title>\r\n<meta name=\"robots\" content=\"index, follow, max-snippet:-1, max-image-preview:large, max-video-preview:-1\" \/>\r\n<link rel=\"canonical\" href=\"https:\/\/www.uqac.ca\/uqactualites\/2013\/08\/22\/le-cesam-propose-un-colloque-sur-la-gestion-des-risques-lies-aux-navires-de-croisiere-et-aux-traversiers\/\" \/>\r\n<meta property=\"og:locale\" content=\"fr_CA\" \/>\r\n<meta property=\"og:type\" content=\"article\" \/>\r\n<meta property=\"og:title\" content=\"Le CESAM propose un colloque sur la gestion des risques li\u00e9s aux navires de croisi\u00e8re et aux traversiers - UQACtualit\u00e9s\" \/>\r\n<meta property=\"og:description\" content=\"C\u2019est \u00e0 l\u2019occasion d\u2019une conf\u00e9rence de presse tenue le 21 ao\u00fbt dernier que le Centre du savoir sur mesure (CESAM) de l\u2019UQAC a fait l\u2019annonce d\u2019un nouveau colloque, dont la premi\u00e8re \u00e9dition sera propos\u00e9e les 30 et 31 octobre prochain. Mis sur pied en collaboration avec Promotion Saguenay, le Colloque \u00ab\u00a0Faudrait pas \u00e9chouer\u00a0\u00bb abordera la [&hellip;]\" \/>\r\n<meta property=\"og:url\" content=\"https:\/\/www.uqac.ca\/uqactualites\/2013\/08\/22\/le-cesam-propose-un-colloque-sur-la-gestion-des-risques-lies-aux-navires-de-croisiere-et-aux-traversiers\/\" \/>\r\n<meta property=\"og:site_name\" content=\"UQACtualit\u00e9s\" \/>\r\n<meta property=\"article:published_time\" content=\"2013-08-22T14:32:37+00:00\" \/>\r\n<meta property=\"og:image\" content=\"https:\/\/www.uqac.ca\/uqactualites\/wp-content\/uploads\/2013\/08\/Conf\u00e9rence-CESAM-21-08-13-Web-\u00a9Jasmine-Paradis-Laroche.jpg\" \/>\r\n\t<meta property=\"og:image:width\" content=\"620\" \/>\r\n\t<meta property=\"og:image:height\" content=\"300\" \/>\r\n\t<meta property=\"og:image:type\" content=\"image\/jpeg\" \/>\r\n<meta name=\"author\" content=\"Service des communications et des relations publiques\" \/>\r\n<meta name=\"twitter:card\" content=\"summary_large_image\" \/>\r\n<meta name=\"twitter:label1\" content=\"\u00c9crit par\" \/>\n\t<meta name=\"twitter:data1\" content=\"Service des communications et des relations publiques\" \/>\n\t<meta name=\"twitter:label2\" content=\"Estimation du temps de lecture\" \/>\n\t<meta name=\"twitter:data2\" content=\"2 minutes\" \/>\r\n<script type=\"application\/ld+json\" class=\"yoast-schema-graph\">{\"@context\":\"https:\/\/schema.org\",\"@graph\":[{\"@type\":\"WebPage\",\"@id\":\"https:\/\/www.uqac.ca\/uqactualites\/2013\/08\/22\/le-cesam-propose-un-colloque-sur-la-gestion-des-risques-lies-aux-navires-de-croisiere-et-aux-traversiers\/\",\"url\":\"https:\/\/www.uqac.ca\/uqactualites\/2013\/08\/22\/le-cesam-propose-un-colloque-sur-la-gestion-des-risques-lies-aux-navires-de-croisiere-et-aux-traversiers\/\",\"name\":\"Le CESAM propose un colloque sur la gestion des risques li\u00e9s aux navires de croisi\u00e8re et aux traversiers - UQACtualit\u00e9s\",\"isPartOf\":{\"@id\":\"https:\/\/www.uqac.ca\/uqactualites\/#website\"},\"primaryImageOfPage\":{\"@id\":\"https:\/\/www.uqac.ca\/uqactualites\/2013\/08\/22\/le-cesam-propose-un-colloque-sur-la-gestion-des-risques-lies-aux-navires-de-croisiere-et-aux-traversiers\/#primaryimage\"},\"image\":{\"@id\":\"https:\/\/www.uqac.ca\/uqactualites\/2013\/08\/22\/le-cesam-propose-un-colloque-sur-la-gestion-des-risques-lies-aux-navires-de-croisiere-et-aux-traversiers\/#primaryimage\"},\"thumbnailUrl\":\"https:\/\/www.uqac.ca\/uqactualites\/wp-content\/uploads\/2013\/08\/Conf\u00e9rence-CESAM-21-08-13-Web-\u00a9Jasmine-Paradis-Laroche.jpg\",\"datePublished\":\"2013-08-22T14:32:37+00:00\",\"dateModified\":\"2013-08-22T14:32:37+00:00\",\"author\":{\"@id\":\"https:\/\/www.uqac.ca\/uqactualites\/#\/schema\/person\/366c45a0c4f0e677b41b4af5886e2018\"},\"breadcrumb\":{\"@id\":\"https:\/\/www.uqac.ca\/uqactualites\/2013\/08\/22\/le-cesam-propose-un-colloque-sur-la-gestion-des-risques-lies-aux-navires-de-croisiere-et-aux-traversiers\/#breadcrumb\"},\"inLanguage\":\"fr-CA\",\"potentialAction\":[{\"@type\":\"ReadAction\",\"target\":[\"https:\/\/www.uqac.ca\/uqactualites\/2013\/08\/22\/le-cesam-propose-un-colloque-sur-la-gestion-des-risques-lies-aux-navires-de-croisiere-et-aux-traversiers\/\"]}]},{\"@type\":\"ImageObject\",\"inLanguage\":\"fr-CA\",\"@id\":\"https:\/\/www.uqac.ca\/uqactualites\/2013\/08\/22\/le-cesam-propose-un-colloque-sur-la-gestion-des-risques-lies-aux-navires-de-croisiere-et-aux-traversiers\/#primaryimage\",\"url\":\"https:\/\/www.uqac.ca\/uqactualites\/wp-content\/uploads\/2013\/08\/Conf\u00e9rence-CESAM-21-08-13-Web-\u00a9Jasmine-Paradis-Laroche.jpg\",\"contentUrl\":\"https:\/\/www.uqac.ca\/uqactualites\/wp-content\/uploads\/2013\/08\/Conf\u00e9rence-CESAM-21-08-13-Web-\u00a9Jasmine-Paradis-Laroche.jpg\",\"width\":620,\"height\":300},{\"@type\":\"BreadcrumbList\",\"@id\":\"https:\/\/www.uqac.ca\/uqactualites\/2013\/08\/22\/le-cesam-propose-un-colloque-sur-la-gestion-des-risques-lies-aux-navires-de-croisiere-et-aux-traversiers\/#breadcrumb\",\"itemListElement\":[{\"@type\":\"ListItem\",\"position\":1,\"name\":\"Home\",\"item\":\"https:\/\/www.uqac.ca\/uqactualites\/\"},{\"@type\":\"ListItem\",\"position\":2,\"name\":\"Le CESAM propose un colloque sur la gestion des risques li\u00e9s aux navires de croisi\u00e8re et aux traversiers\"}]},{\"@type\":\"WebSite\",\"@id\":\"https:\/\/www.uqac.ca\/uqactualites\/#website\",\"url\":\"https:\/\/www.uqac.ca\/uqactualites\/\",\"name\":\"UQACtualit\u00e9s\",\"description\":\"Le portail des nouvelles de l&#039;UQAC\",\"potentialAction\":[{\"@type\":\"SearchAction\",\"target\":{\"@type\":\"EntryPoint\",\"urlTemplate\":\"https:\/\/www.uqac.ca\/uqactualites\/?s={search_term_string}\"},\"query-input\":{\"@type\":\"PropertyValueSpecification\",\"valueRequired\":true,\"valueName\":\"search_term_string\"}}],\"inLanguage\":\"fr-CA\"},{\"@type\":\"Person\",\"@id\":\"https:\/\/www.uqac.ca\/uqactualites\/#\/schema\/person\/366c45a0c4f0e677b41b4af5886e2018\",\"name\":\"Service des communications et des relations publiques\",\"image\":{\"@type\":\"ImageObject\",\"inLanguage\":\"fr-CA\",\"@id\":\"https:\/\/www.uqac.ca\/uqactualites\/#\/schema\/person\/image\/\",\"url\":\"https:\/\/secure.gravatar.com\/avatar\/20fbbda8a292f59f2d3461a5b999c00b?s=96&d=mm&r=g\",\"contentUrl\":\"https:\/\/secure.gravatar.com\/avatar\/20fbbda8a292f59f2d3461a5b999c00b?s=96&d=mm&r=g\",\"caption\":\"Service des communications et des relations publiques\"},\"url\":\"https:\/\/www.uqac.ca\/uqactualites\/author\/bap\/\"}]}<\/script>\r\n<!-- \/ Yoast SEO plugin. -->","yoast_head_json":{"title":"Le CESAM propose un colloque sur la gestion des risques li\u00e9s aux navires de croisi\u00e8re et aux traversiers - UQACtualit\u00e9s","robots":{"index":"index","follow":"follow","max-snippet":"max-snippet:-1","max-image-preview":"max-image-preview:large","max-video-preview":"max-video-preview:-1"},"canonical":"https:\/\/www.uqac.ca\/uqactualites\/2013\/08\/22\/le-cesam-propose-un-colloque-sur-la-gestion-des-risques-lies-aux-navires-de-croisiere-et-aux-traversiers\/","og_locale":"fr_CA","og_type":"article","og_title":"Le CESAM propose un colloque sur la gestion des risques li\u00e9s aux navires de croisi\u00e8re et aux traversiers - UQACtualit\u00e9s","og_description":"C\u2019est \u00e0 l\u2019occasion d\u2019une conf\u00e9rence de presse tenue le 21 ao\u00fbt dernier que le Centre du savoir sur mesure (CESAM) de l\u2019UQAC a fait l\u2019annonce d\u2019un nouveau colloque, dont la premi\u00e8re \u00e9dition sera propos\u00e9e les 30 et 31 octobre prochain. Mis sur pied en collaboration avec Promotion Saguenay, le Colloque \u00ab\u00a0Faudrait pas \u00e9chouer\u00a0\u00bb abordera la [&hellip;]","og_url":"https:\/\/www.uqac.ca\/uqactualites\/2013\/08\/22\/le-cesam-propose-un-colloque-sur-la-gestion-des-risques-lies-aux-navires-de-croisiere-et-aux-traversiers\/","og_site_name":"UQACtualit\u00e9s","article_published_time":"2013-08-22T14:32:37+00:00","og_image":[{"width":620,"height":300,"url":"https:\/\/www.uqac.ca\/uqactualites\/wp-content\/uploads\/2013\/08\/Conf\u00e9rence-CESAM-21-08-13-Web-\u00a9Jasmine-Paradis-Laroche.jpg","type":"image\/jpeg"}],"author":"Service des communications et des relations publiques","twitter_card":"summary_large_image","twitter_misc":{"\u00c9crit par":"Service des communications et des relations publiques","Estimation du temps de lecture":"2 minutes"},"schema":{"@context":"https:\/\/schema.org","@graph":[{"@type":"WebPage","@id":"https:\/\/www.uqac.ca\/uqactualites\/2013\/08\/22\/le-cesam-propose-un-colloque-sur-la-gestion-des-risques-lies-aux-navires-de-croisiere-et-aux-traversiers\/","url":"https:\/\/www.uqac.ca\/uqactualites\/2013\/08\/22\/le-cesam-propose-un-colloque-sur-la-gestion-des-risques-lies-aux-navires-de-croisiere-et-aux-traversiers\/","name":"Le CESAM propose un colloque sur la gestion des risques li\u00e9s aux navires de croisi\u00e8re et aux traversiers - UQACtualit\u00e9s","isPartOf":{"@id":"https:\/\/www.uqac.ca\/uqactualites\/#website"},"primaryImageOfPage":{"@id":"https:\/\/www.uqac.ca\/uqactualites\/2013\/08\/22\/le-cesam-propose-un-colloque-sur-la-gestion-des-risques-lies-aux-navires-de-croisiere-et-aux-traversiers\/#primaryimage"},"image":{"@id":"https:\/\/www.uqac.ca\/uqactualites\/2013\/08\/22\/le-cesam-propose-un-colloque-sur-la-gestion-des-risques-lies-aux-navires-de-croisiere-et-aux-traversiers\/#primaryimage"},"thumbnailUrl":"https:\/\/www.uqac.ca\/uqactualites\/wp-content\/uploads\/2013\/08\/Conf\u00e9rence-CESAM-21-08-13-Web-\u00a9Jasmine-Paradis-Laroche.jpg","datePublished":"2013-08-22T14:32:37+00:00","dateModified":"2013-08-22T14:32:37+00:00","author":{"@id":"https:\/\/www.uqac.ca\/uqactualites\/#\/schema\/person\/366c45a0c4f0e677b41b4af5886e2018"},"breadcrumb":{"@id":"https:\/\/www.uqac.ca\/uqactualites\/2013\/08\/22\/le-cesam-propose-un-colloque-sur-la-gestion-des-risques-lies-aux-navires-de-croisiere-et-aux-traversiers\/#breadcrumb"},"inLanguage":"fr-CA","potentialAction":[{"@type":"ReadAction","target":["https:\/\/www.uqac.ca\/uqactualites\/2013\/08\/22\/le-cesam-propose-un-colloque-sur-la-gestion-des-risques-lies-aux-navires-de-croisiere-et-aux-traversiers\/"]}]},{"@type":"ImageObject","inLanguage":"fr-CA","@id":"https:\/\/www.uqac.ca\/uqactualites\/2013\/08\/22\/le-cesam-propose-un-colloque-sur-la-gestion-des-risques-lies-aux-navires-de-croisiere-et-aux-traversiers\/#primaryimage","url":"https:\/\/www.uqac.ca\/uqactualites\/wp-content\/uploads\/2013\/08\/Conf\u00e9rence-CESAM-21-08-13-Web-\u00a9Jasmine-Paradis-Laroche.jpg","contentUrl":"https:\/\/www.uqac.ca\/uqactualites\/wp-content\/uploads\/2013\/08\/Conf\u00e9rence-CESAM-21-08-13-Web-\u00a9Jasmine-Paradis-Laroche.jpg","width":620,"height":300},{"@type":"BreadcrumbList","@id":"https:\/\/www.uqac.ca\/uqactualites\/2013\/08\/22\/le-cesam-propose-un-colloque-sur-la-gestion-des-risques-lies-aux-navires-de-croisiere-et-aux-traversiers\/#breadcrumb","itemListElement":[{"@type":"ListItem","position":1,"name":"Home","item":"https:\/\/www.uqac.ca\/uqactualites\/"},{"@type":"ListItem","position":2,"name":"Le CESAM propose un colloque sur la gestion des risques li\u00e9s aux navires de croisi\u00e8re et aux traversiers"}]},{"@type":"WebSite","@id":"https:\/\/www.uqac.ca\/uqactualites\/#website","url":"https:\/\/www.uqac.ca\/uqactualites\/","name":"UQACtualit\u00e9s","description":"Le portail des nouvelles de l&#039;UQAC","potentialAction":[{"@type":"SearchAction","target":{"@type":"EntryPoint","urlTemplate":"https:\/\/www.uqac.ca\/uqactualites\/?s={search_term_string}"},"query-input":{"@type":"PropertyValueSpecification","valueRequired":true,"valueName":"search_term_string"}}],"inLanguage":"fr-CA"},{"@type":"Person","@id":"https:\/\/www.uqac.ca\/uqactualites\/#\/schema\/person\/366c45a0c4f0e677b41b4af5886e2018","name":"Service des communications et des relations publiques","image":{"@type":"ImageObject","inLanguage":"fr-CA","@id":"https:\/\/www.uqac.ca\/uqactualites\/#\/schema\/person\/image\/","url":"https:\/\/secure.gravatar.com\/avatar\/20fbbda8a292f59f2d3461a5b999c00b?s=96&d=mm&r=g","contentUrl":"https:\/\/secure.gravatar.com\/avatar\/20fbbda8a292f59f2d3461a5b999c00b?s=96&d=mm&r=g","caption":"Service des communications et des relations publiques"},"url":"https:\/\/www.uqac.ca\/uqactualites\/author\/bap\/"}]}},"_links":{"self":[{"href":"https:\/\/www.uqac.ca\/uqactualites\/wp-json\/wp\/v2\/posts\/25481"}],"collection":[{"href":"https:\/\/www.uqac.ca\/uqactualites\/wp-json\/wp\/v2\/posts"}],"about":[{"href":"https:\/\/www.uqac.ca\/uqactualites\/wp-json\/wp\/v2\/types\/post"}],"author":[{"embeddable":true,"href":"https:\/\/www.uqac.ca\/uqactualites\/wp-json\/wp\/v2\/users\/5"}],"replies":[{"embeddable":true,"href":"https:\/\/www.uqac.ca\/uqactualites\/wp-json\/wp\/v2\/comments?post=25481"}],"version-history":[{"count":0,"href":"https:\/\/www.uqac.ca\/uqactualites\/wp-json\/wp\/v2\/posts\/25481\/revisions"}],"wp:featuredmedia":[{"embeddable":true,"href":"https:\/\/www.uqac.ca\/uqactualites\/wp-json\/wp\/v2\/media\/25482"}],"wp:attachment":[{"href":"https:\/\/www.uqac.ca\/uqactualites\/wp-json\/wp\/v2\/media?parent=25481"}],"wp:term":[{"taxonomy":"category","embeddable":true,"href":"https:\/\/www.uqac.ca\/uqactualites\/wp-json\/wp\/v2\/categories?post=25481"},{"taxonomy":"post_tag","embeddable":true,"href":"https:\/\/www.uqac.ca\/uqactualites\/wp-json\/wp\/v2\/tags?post=25481"}],"curies":[{"name":"wp","href":"https:\/\/api.w.org\/{rel}","templated":true}]}}