{"id":25504,"date":"2013-08-27T09:00:20","date_gmt":"2013-08-27T13:00:20","guid":{"rendered":"http:\/\/uqactualite.odev.ca\/?p=25504"},"modified":"2013-08-27T09:00:20","modified_gmt":"2013-08-27T13:00:20","slug":"luqac-se-dote-dune-nouvelle-politique-institutionnelle-dutilisation-des-tic","status":"publish","type":"post","link":"https:\/\/www.uqac.ca\/uqactualites\/2013\/08\/27\/luqac-se-dote-dune-nouvelle-politique-institutionnelle-dutilisation-des-tic\/","title":{"rendered":"L\u2019UQAC se dote d\u2019une nouvelle politique institutionnelle d\u2019utilisation des TIC"},"content":{"rendered":"<p style=\"text-align: justify\">En raison de l\u2019utilisation sans cesse grandissante des nouvelles technologies dans les formules p\u00e9dagogiques, l\u2019UQAC a proc\u00e9d\u00e9 l\u2019an dernier \u00e0 la cr\u00e9ation d\u2019une nouvelle politique d\u2019utilisation des technologies de l\u2019information et de la communication (TIC) dans ses salles de cours.<\/p>\n<p style=\"text-align: justify\">Ainsi, depuis le trimestre d\u2019hiver 2013, l\u2019UQAC permet trois niveaux d\u2019utilisation des TIC\u00a0: \u00ab\u00a0usage permis si non perturbant\u00a0\u00bb (par d\u00e9faut), \u00ab\u00a0usage permis sous certaines conditions\u00a0\u00bb et \u00ab\u00a0usage interdit\u00a0\u00bb. Les professeurs ont la libert\u00e9 de choisir le niveau qui convient dans le cadre de leurs activit\u00e9s d\u2019enseignement, en consid\u00e9rant la ou les formules p\u00e9dagogiques qu\u2019ils privil\u00e9gient, et ont la responsabilit\u00e9 d\u2019inclure dans leur plan de cours le niveau d\u2019utilisation des TIC qu\u2019ils ont choisi.<\/p>\n<p style=\"text-align: justify\"><span style=\"color: #5a7411\"><a href=\"http:\/\/www.uqac.ca\/direction_services\/secretariat_general\/manuel\/3\/083.pdf\" target=\"_blank\" rel=\"noopener\"><span style=\"color: #5a7411\"><b>Consultez la politique en ligne<\/b><\/span><\/a><\/span> pour plus de d\u00e9tails.<\/p>\n<p style=\"text-align: justify\"><b><br \/>\nSources\u00a0:<\/b><\/p>\n<p style=\"text-align: justify\">Martin Larose, coordonnateur \u00e0 l\u2019assurance qualit\u00e9 des programmes<br \/>\nD\u00e9canat des \u00e9tudes<br \/>\nUniversit\u00e9 du Qu\u00e9bec \u00e0 Chicoutimi<br \/>\n418 545-5011, poste\u00a04756\u00a0 \u25aa\u00a0 <span style=\"color: #5a7411\"><a href=\"mailto:martin1_larose@uqac.ca\"><span style=\"color: #5a7411\">martin1_larose@uqac.ca<\/span><\/a><\/span><\/p>\n<p style=\"text-align: justify\">Bureau des affaires publiques<br \/>\nUniversit\u00e9 du Qu\u00e9bec \u00e0 Chicoutimi<br \/>\n418\u00a0545-5011, poste\u00a02350\u00a0 \u25aa\u00a0 <span style=\"color: #5a7411\"><a href=\"mailto:affaires_publiques@uqac.ca\"><span style=\"color: #5a7411\">affaires_publiques@uqac.ca<\/span><\/a><\/span><\/p>\n<p style=\"text-align: justify\"><span style=\"color: #808080\"><b><b><br \/>\n<\/b><\/b><\/span><span style=\"color: #808080\">________________________________________________________________________________________<\/span><\/p>\n<p><span style=\"color: #808080\"><b>Photographie\u00a0:<\/b> <a href=\"http:\/\/www.123rf.com\/\" target=\"_blank\" rel=\"noopener\"><span style=\"color: #808080\">123rf.com<\/span><\/a><\/span><br \/>\n<span style=\"color: #808080\"> ________________________________________________________________________________________<\/span><\/p>\n","protected":false},"excerpt":{"rendered":"<p>En raison de l\u2019utilisation sans cesse grandissante des nouvelles technologies dans les formules p\u00e9dagogiques, l\u2019UQAC a proc\u00e9d\u00e9 l\u2019an dernier \u00e0 la cr\u00e9ation d\u2019une nouvelle politique d\u2019utilisation des technologies de l\u2019information et de la communication (TIC) dans ses salles de cours. Ainsi, depuis le trimestre d\u2019hiver 2013, l\u2019UQAC permet trois niveaux d\u2019utilisation des TIC\u00a0: \u00ab\u00a0usage permis [&hellip;]<\/p>\n","protected":false},"author":5,"featured_media":25505,"comment_status":"open","ping_status":"open","sticky":false,"template":"","format":"standard","meta":{"footnotes":""},"categories":[2],"tags":[459,2241,257,1862,2242,374,523,1793,1794],"yoast_head":"<!-- This site is optimized with the Yoast SEO plugin v24.2 - https:\/\/yoast.com\/wordpress\/plugins\/seo\/ -->\r\n<title>L\u2019UQAC se dote d\u2019une nouvelle politique institutionnelle d\u2019utilisation des TIC - UQACtualit\u00e9s<\/title>\r\n<meta name=\"robots\" content=\"index, follow, max-snippet:-1, max-image-preview:large, max-video-preview:-1\" \/>\r\n<link rel=\"canonical\" href=\"https:\/\/www.uqac.ca\/uqactualites\/2013\/08\/27\/luqac-se-dote-dune-nouvelle-politique-institutionnelle-dutilisation-des-tic\/\" \/>\r\n<meta property=\"og:locale\" content=\"fr_CA\" \/>\r\n<meta property=\"og:type\" content=\"article\" \/>\r\n<meta property=\"og:title\" content=\"L\u2019UQAC se dote d\u2019une nouvelle politique institutionnelle d\u2019utilisation des TIC - UQACtualit\u00e9s\" \/>\r\n<meta property=\"og:description\" content=\"En raison de l\u2019utilisation sans cesse grandissante des nouvelles technologies dans les formules p\u00e9dagogiques, l\u2019UQAC a proc\u00e9d\u00e9 l\u2019an dernier \u00e0 la cr\u00e9ation d\u2019une nouvelle politique d\u2019utilisation des technologies de l\u2019information et de la communication (TIC) dans ses salles de cours. Ainsi, depuis le trimestre d\u2019hiver 2013, l\u2019UQAC permet trois niveaux d\u2019utilisation des TIC\u00a0: \u00ab\u00a0usage permis [&hellip;]\" \/>\r\n<meta property=\"og:url\" content=\"https:\/\/www.uqac.ca\/uqactualites\/2013\/08\/27\/luqac-se-dote-dune-nouvelle-politique-institutionnelle-dutilisation-des-tic\/\" \/>\r\n<meta property=\"og:site_name\" content=\"UQACtualit\u00e9s\" \/>\r\n<meta property=\"article:published_time\" content=\"2013-08-27T13:00:20+00:00\" \/>\r\n<meta property=\"og:image\" content=\"https:\/\/www.uqac.ca\/uqactualites\/wp-content\/uploads\/2013\/08\/Techno-Web-\u00a9123RF.jpg\" \/>\r\n\t<meta property=\"og:image:width\" content=\"620\" \/>\r\n\t<meta property=\"og:image:height\" content=\"300\" \/>\r\n\t<meta property=\"og:image:type\" content=\"image\/jpeg\" \/>\r\n<meta name=\"author\" content=\"Service des communications et des relations publiques\" \/>\r\n<meta name=\"twitter:card\" content=\"summary_large_image\" \/>\r\n<meta name=\"twitter:label1\" content=\"\u00c9crit par\" \/>\n\t<meta name=\"twitter:data1\" content=\"Service des communications et des relations publiques\" \/>\n\t<meta name=\"twitter:label2\" content=\"Estimation du temps de lecture\" \/>\n\t<meta name=\"twitter:data2\" content=\"1 minute\" \/>\r\n<script type=\"application\/ld+json\" class=\"yoast-schema-graph\">{\"@context\":\"https:\/\/schema.org\",\"@graph\":[{\"@type\":\"WebPage\",\"@id\":\"https:\/\/www.uqac.ca\/uqactualites\/2013\/08\/27\/luqac-se-dote-dune-nouvelle-politique-institutionnelle-dutilisation-des-tic\/\",\"url\":\"https:\/\/www.uqac.ca\/uqactualites\/2013\/08\/27\/luqac-se-dote-dune-nouvelle-politique-institutionnelle-dutilisation-des-tic\/\",\"name\":\"L\u2019UQAC se dote d\u2019une nouvelle politique institutionnelle d\u2019utilisation des TIC - UQACtualit\u00e9s\",\"isPartOf\":{\"@id\":\"https:\/\/www.uqac.ca\/uqactualites\/#website\"},\"primaryImageOfPage\":{\"@id\":\"https:\/\/www.uqac.ca\/uqactualites\/2013\/08\/27\/luqac-se-dote-dune-nouvelle-politique-institutionnelle-dutilisation-des-tic\/#primaryimage\"},\"image\":{\"@id\":\"https:\/\/www.uqac.ca\/uqactualites\/2013\/08\/27\/luqac-se-dote-dune-nouvelle-politique-institutionnelle-dutilisation-des-tic\/#primaryimage\"},\"thumbnailUrl\":\"https:\/\/www.uqac.ca\/uqactualites\/wp-content\/uploads\/2013\/08\/Techno-Web-\u00a9123RF.jpg\",\"datePublished\":\"2013-08-27T13:00:20+00:00\",\"dateModified\":\"2013-08-27T13:00:20+00:00\",\"author\":{\"@id\":\"https:\/\/www.uqac.ca\/uqactualites\/#\/schema\/person\/366c45a0c4f0e677b41b4af5886e2018\"},\"breadcrumb\":{\"@id\":\"https:\/\/www.uqac.ca\/uqactualites\/2013\/08\/27\/luqac-se-dote-dune-nouvelle-politique-institutionnelle-dutilisation-des-tic\/#breadcrumb\"},\"inLanguage\":\"fr-CA\",\"potentialAction\":[{\"@type\":\"ReadAction\",\"target\":[\"https:\/\/www.uqac.ca\/uqactualites\/2013\/08\/27\/luqac-se-dote-dune-nouvelle-politique-institutionnelle-dutilisation-des-tic\/\"]}]},{\"@type\":\"ImageObject\",\"inLanguage\":\"fr-CA\",\"@id\":\"https:\/\/www.uqac.ca\/uqactualites\/2013\/08\/27\/luqac-se-dote-dune-nouvelle-politique-institutionnelle-dutilisation-des-tic\/#primaryimage\",\"url\":\"https:\/\/www.uqac.ca\/uqactualites\/wp-content\/uploads\/2013\/08\/Techno-Web-\u00a9123RF.jpg\",\"contentUrl\":\"https:\/\/www.uqac.ca\/uqactualites\/wp-content\/uploads\/2013\/08\/Techno-Web-\u00a9123RF.jpg\",\"width\":620,\"height\":300},{\"@type\":\"BreadcrumbList\",\"@id\":\"https:\/\/www.uqac.ca\/uqactualites\/2013\/08\/27\/luqac-se-dote-dune-nouvelle-politique-institutionnelle-dutilisation-des-tic\/#breadcrumb\",\"itemListElement\":[{\"@type\":\"ListItem\",\"position\":1,\"name\":\"Home\",\"item\":\"https:\/\/www.uqac.ca\/uqactualites\/\"},{\"@type\":\"ListItem\",\"position\":2,\"name\":\"L\u2019UQAC se dote d\u2019une nouvelle politique institutionnelle d\u2019utilisation des TIC\"}]},{\"@type\":\"WebSite\",\"@id\":\"https:\/\/www.uqac.ca\/uqactualites\/#website\",\"url\":\"https:\/\/www.uqac.ca\/uqactualites\/\",\"name\":\"UQACtualit\u00e9s\",\"description\":\"Le portail des nouvelles de l&#039;UQAC\",\"potentialAction\":[{\"@type\":\"SearchAction\",\"target\":{\"@type\":\"EntryPoint\",\"urlTemplate\":\"https:\/\/www.uqac.ca\/uqactualites\/?s={search_term_string}\"},\"query-input\":{\"@type\":\"PropertyValueSpecification\",\"valueRequired\":true,\"valueName\":\"search_term_string\"}}],\"inLanguage\":\"fr-CA\"},{\"@type\":\"Person\",\"@id\":\"https:\/\/www.uqac.ca\/uqactualites\/#\/schema\/person\/366c45a0c4f0e677b41b4af5886e2018\",\"name\":\"Service des communications et des relations publiques\",\"image\":{\"@type\":\"ImageObject\",\"inLanguage\":\"fr-CA\",\"@id\":\"https:\/\/www.uqac.ca\/uqactualites\/#\/schema\/person\/image\/\",\"url\":\"https:\/\/secure.gravatar.com\/avatar\/20fbbda8a292f59f2d3461a5b999c00b?s=96&d=mm&r=g\",\"contentUrl\":\"https:\/\/secure.gravatar.com\/avatar\/20fbbda8a292f59f2d3461a5b999c00b?s=96&d=mm&r=g\",\"caption\":\"Service des communications et des relations publiques\"},\"url\":\"https:\/\/www.uqac.ca\/uqactualites\/author\/bap\/\"}]}<\/script>\r\n<!-- \/ Yoast SEO plugin. -->","yoast_head_json":{"title":"L\u2019UQAC se dote d\u2019une nouvelle politique institutionnelle d\u2019utilisation des TIC - UQACtualit\u00e9s","robots":{"index":"index","follow":"follow","max-snippet":"max-snippet:-1","max-image-preview":"max-image-preview:large","max-video-preview":"max-video-preview:-1"},"canonical":"https:\/\/www.uqac.ca\/uqactualites\/2013\/08\/27\/luqac-se-dote-dune-nouvelle-politique-institutionnelle-dutilisation-des-tic\/","og_locale":"fr_CA","og_type":"article","og_title":"L\u2019UQAC se dote d\u2019une nouvelle politique institutionnelle d\u2019utilisation des TIC - UQACtualit\u00e9s","og_description":"En raison de l\u2019utilisation sans cesse grandissante des nouvelles technologies dans les formules p\u00e9dagogiques, l\u2019UQAC a proc\u00e9d\u00e9 l\u2019an dernier \u00e0 la cr\u00e9ation d\u2019une nouvelle politique d\u2019utilisation des technologies de l\u2019information et de la communication (TIC) dans ses salles de cours. Ainsi, depuis le trimestre d\u2019hiver 2013, l\u2019UQAC permet trois niveaux d\u2019utilisation des TIC\u00a0: \u00ab\u00a0usage permis [&hellip;]","og_url":"https:\/\/www.uqac.ca\/uqactualites\/2013\/08\/27\/luqac-se-dote-dune-nouvelle-politique-institutionnelle-dutilisation-des-tic\/","og_site_name":"UQACtualit\u00e9s","article_published_time":"2013-08-27T13:00:20+00:00","og_image":[{"width":620,"height":300,"url":"https:\/\/www.uqac.ca\/uqactualites\/wp-content\/uploads\/2013\/08\/Techno-Web-\u00a9123RF.jpg","type":"image\/jpeg"}],"author":"Service des communications et des relations publiques","twitter_card":"summary_large_image","twitter_misc":{"\u00c9crit par":"Service des communications et des relations publiques","Estimation du temps de lecture":"1 minute"},"schema":{"@context":"https:\/\/schema.org","@graph":[{"@type":"WebPage","@id":"https:\/\/www.uqac.ca\/uqactualites\/2013\/08\/27\/luqac-se-dote-dune-nouvelle-politique-institutionnelle-dutilisation-des-tic\/","url":"https:\/\/www.uqac.ca\/uqactualites\/2013\/08\/27\/luqac-se-dote-dune-nouvelle-politique-institutionnelle-dutilisation-des-tic\/","name":"L\u2019UQAC se dote d\u2019une nouvelle politique institutionnelle d\u2019utilisation des TIC - UQACtualit\u00e9s","isPartOf":{"@id":"https:\/\/www.uqac.ca\/uqactualites\/#website"},"primaryImageOfPage":{"@id":"https:\/\/www.uqac.ca\/uqactualites\/2013\/08\/27\/luqac-se-dote-dune-nouvelle-politique-institutionnelle-dutilisation-des-tic\/#primaryimage"},"image":{"@id":"https:\/\/www.uqac.ca\/uqactualites\/2013\/08\/27\/luqac-se-dote-dune-nouvelle-politique-institutionnelle-dutilisation-des-tic\/#primaryimage"},"thumbnailUrl":"https:\/\/www.uqac.ca\/uqactualites\/wp-content\/uploads\/2013\/08\/Techno-Web-\u00a9123RF.jpg","datePublished":"2013-08-27T13:00:20+00:00","dateModified":"2013-08-27T13:00:20+00:00","author":{"@id":"https:\/\/www.uqac.ca\/uqactualites\/#\/schema\/person\/366c45a0c4f0e677b41b4af5886e2018"},"breadcrumb":{"@id":"https:\/\/www.uqac.ca\/uqactualites\/2013\/08\/27\/luqac-se-dote-dune-nouvelle-politique-institutionnelle-dutilisation-des-tic\/#breadcrumb"},"inLanguage":"fr-CA","potentialAction":[{"@type":"ReadAction","target":["https:\/\/www.uqac.ca\/uqactualites\/2013\/08\/27\/luqac-se-dote-dune-nouvelle-politique-institutionnelle-dutilisation-des-tic\/"]}]},{"@type":"ImageObject","inLanguage":"fr-CA","@id":"https:\/\/www.uqac.ca\/uqactualites\/2013\/08\/27\/luqac-se-dote-dune-nouvelle-politique-institutionnelle-dutilisation-des-tic\/#primaryimage","url":"https:\/\/www.uqac.ca\/uqactualites\/wp-content\/uploads\/2013\/08\/Techno-Web-\u00a9123RF.jpg","contentUrl":"https:\/\/www.uqac.ca\/uqactualites\/wp-content\/uploads\/2013\/08\/Techno-Web-\u00a9123RF.jpg","width":620,"height":300},{"@type":"BreadcrumbList","@id":"https:\/\/www.uqac.ca\/uqactualites\/2013\/08\/27\/luqac-se-dote-dune-nouvelle-politique-institutionnelle-dutilisation-des-tic\/#breadcrumb","itemListElement":[{"@type":"ListItem","position":1,"name":"Home","item":"https:\/\/www.uqac.ca\/uqactualites\/"},{"@type":"ListItem","position":2,"name":"L\u2019UQAC se dote d\u2019une nouvelle politique institutionnelle d\u2019utilisation des TIC"}]},{"@type":"WebSite","@id":"https:\/\/www.uqac.ca\/uqactualites\/#website","url":"https:\/\/www.uqac.ca\/uqactualites\/","name":"UQACtualit\u00e9s","description":"Le portail des nouvelles de l&#039;UQAC","potentialAction":[{"@type":"SearchAction","target":{"@type":"EntryPoint","urlTemplate":"https:\/\/www.uqac.ca\/uqactualites\/?s={search_term_string}"},"query-input":{"@type":"PropertyValueSpecification","valueRequired":true,"valueName":"search_term_string"}}],"inLanguage":"fr-CA"},{"@type":"Person","@id":"https:\/\/www.uqac.ca\/uqactualites\/#\/schema\/person\/366c45a0c4f0e677b41b4af5886e2018","name":"Service des communications et des relations publiques","image":{"@type":"ImageObject","inLanguage":"fr-CA","@id":"https:\/\/www.uqac.ca\/uqactualites\/#\/schema\/person\/image\/","url":"https:\/\/secure.gravatar.com\/avatar\/20fbbda8a292f59f2d3461a5b999c00b?s=96&d=mm&r=g","contentUrl":"https:\/\/secure.gravatar.com\/avatar\/20fbbda8a292f59f2d3461a5b999c00b?s=96&d=mm&r=g","caption":"Service des communications et des relations publiques"},"url":"https:\/\/www.uqac.ca\/uqactualites\/author\/bap\/"}]}},"_links":{"self":[{"href":"https:\/\/www.uqac.ca\/uqactualites\/wp-json\/wp\/v2\/posts\/25504"}],"collection":[{"href":"https:\/\/www.uqac.ca\/uqactualites\/wp-json\/wp\/v2\/posts"}],"about":[{"href":"https:\/\/www.uqac.ca\/uqactualites\/wp-json\/wp\/v2\/types\/post"}],"author":[{"embeddable":true,"href":"https:\/\/www.uqac.ca\/uqactualites\/wp-json\/wp\/v2\/users\/5"}],"replies":[{"embeddable":true,"href":"https:\/\/www.uqac.ca\/uqactualites\/wp-json\/wp\/v2\/comments?post=25504"}],"version-history":[{"count":0,"href":"https:\/\/www.uqac.ca\/uqactualites\/wp-json\/wp\/v2\/posts\/25504\/revisions"}],"wp:featuredmedia":[{"embeddable":true,"href":"https:\/\/www.uqac.ca\/uqactualites\/wp-json\/wp\/v2\/media\/25505"}],"wp:attachment":[{"href":"https:\/\/www.uqac.ca\/uqactualites\/wp-json\/wp\/v2\/media?parent=25504"}],"wp:term":[{"taxonomy":"category","embeddable":true,"href":"https:\/\/www.uqac.ca\/uqactualites\/wp-json\/wp\/v2\/categories?post=25504"},{"taxonomy":"post_tag","embeddable":true,"href":"https:\/\/www.uqac.ca\/uqactualites\/wp-json\/wp\/v2\/tags?post=25504"}],"curies":[{"name":"wp","href":"https:\/\/api.w.org\/{rel}","templated":true}]}}