{"id":25551,"date":"2013-08-29T10:29:08","date_gmt":"2013-08-29T14:29:08","guid":{"rendered":"http:\/\/uqactualite.odev.ca\/?p=25551"},"modified":"2013-08-29T10:29:08","modified_gmt":"2013-08-29T14:29:08","slug":"kevin-bouchard-est-nomme-membre-du-cercle-dexcellence-de-luniversite-du-quebec","status":"publish","type":"post","link":"https:\/\/www.uqac.ca\/uqactualites\/2013\/08\/29\/kevin-bouchard-est-nomme-membre-du-cercle-dexcellence-de-luniversite-du-quebec\/","title":{"rendered":"K\u00e9vin Bouchard est nomm\u00e9 membre du Cercle d\u2019excellence de l\u2019Universit\u00e9 du Qu\u00e9bec"},"content":{"rendered":"<p style=\"text-align: justify\">K\u00e9vin Bouchard, \u00e9tudiant au <span style=\"color: #5a7411\"><a href=\"http:\/\/programmes.uqac.ca\/3081\" target=\"_blank\" rel=\"noopener\"><span style=\"color: #5a7411\">doctorat en sciences et technologies de l\u2019information<\/span><\/a><\/span> de l\u2019UQAC, a \u00e9t\u00e9 nomm\u00e9 membre du Cercle d\u2019excellence de l\u2019Universit\u00e9 du Qu\u00e9bec (UQ). C\u2019est \u00e0 l\u2019occasion de la Rencontre des dirigeants du r\u00e9seau de l\u2019UQ, tenue le mercredi 28 ao\u00fbt 2013 au Mus\u00e9e de la civilisation de Qu\u00e9bec, que cette distinction lui a \u00e9t\u00e9 remise en reconnaissance de l\u2019excellence de son parcours universitaire.<\/p>\n<p style=\"text-align: justify\">Cumulant les bourses et les honneurs, K\u00e9vin est \u00e9galement coauteur de nombreuses publications scientifiques ayant \u00e9t\u00e9 accept\u00e9es dans les plus prestigieuses conf\u00e9rences internationales. Il remportait d\u2019ailleurs en d\u00e9cembre dernier le prix Best presentation dans le cadre de l\u2019International Conference on Networked Embedded Systems for Every Application. Cette r\u00e9compense, d\u00e9cern\u00e9e par l\u2019Institute of Electrical and Electronics Engineers (IEEE), t\u00e9moigne du travail exceptionnel de K\u00e9vin. Il poursuit actuellement ses recherches au sein du Laboratoire de recherche sur l\u2019intelligence ambiante pour la reconnaissance d\u2019activit\u00e9s (LIARA) et compte sur l\u2019appui de Bruno Bouchard et d\u2019Abdenour Bouzouane, qui sont respectivement directeur et codirecteur de sa th\u00e8se.<\/p>\n<p><span style=\"color: #808080\"><br \/>\n________________________________________________________________________________________<\/span><\/p>\n<p style=\"text-align: justify\"><span style=\"color: #808080\"><b>Photo\u00a0: <\/b><\/span><span style=\"color: #808080\">Sylvie Beauchamp, pr\u00e9sidente de l\u2019Universit\u00e9 du Qu\u00e9bec, K\u00e9vin Bouchard, \u00e9tudiant, et Martin Gauthier, recteur de l\u2019UQAC<\/span><br \/>\n<span style=\"color: #808080\"><b>Photographe\u00a0:<\/b> Agence Focus1<\/span><br \/>\n<span style=\"color: #808080\">________________________________________________________________________________________<\/span><\/p>\n","protected":false},"excerpt":{"rendered":"<p>K\u00e9vin Bouchard, \u00e9tudiant au doctorat en sciences et technologies de l\u2019information de l\u2019UQAC, a \u00e9t\u00e9 nomm\u00e9 membre du Cercle d\u2019excellence de l\u2019Universit\u00e9 du Qu\u00e9bec (UQ). C\u2019est \u00e0 l\u2019occasion de la Rencontre des dirigeants du r\u00e9seau de l\u2019UQ, tenue le mercredi 28 ao\u00fbt 2013 au Mus\u00e9e de la civilisation de Qu\u00e9bec, que cette distinction lui a [&hellip;]<\/p>\n","protected":false},"author":5,"featured_media":25565,"comment_status":"open","ping_status":"open","sticky":false,"template":"","format":"standard","meta":{"footnotes":""},"categories":[2,9],"tags":[1092,1528,20,2202,283,162,2244,492,2245,1054,1146,495],"yoast_head":"<!-- This site is optimized with the Yoast SEO plugin v24.2 - https:\/\/yoast.com\/wordpress\/plugins\/seo\/ -->\r\n<title>K\u00e9vin Bouchard est nomm\u00e9 membre du Cercle d\u2019excellence de l\u2019Universit\u00e9 du Qu\u00e9bec - UQACtualit\u00e9s<\/title>\r\n<meta name=\"robots\" content=\"index, follow, max-snippet:-1, max-image-preview:large, max-video-preview:-1\" \/>\r\n<link rel=\"canonical\" href=\"https:\/\/www.uqac.ca\/uqactualites\/2013\/08\/29\/kevin-bouchard-est-nomme-membre-du-cercle-dexcellence-de-luniversite-du-quebec\/\" \/>\r\n<meta property=\"og:locale\" content=\"fr_CA\" \/>\r\n<meta property=\"og:type\" content=\"article\" \/>\r\n<meta property=\"og:title\" content=\"K\u00e9vin Bouchard est nomm\u00e9 membre du Cercle d\u2019excellence de l\u2019Universit\u00e9 du Qu\u00e9bec - UQACtualit\u00e9s\" \/>\r\n<meta property=\"og:description\" content=\"K\u00e9vin Bouchard, \u00e9tudiant au doctorat en sciences et technologies de l\u2019information de l\u2019UQAC, a \u00e9t\u00e9 nomm\u00e9 membre du Cercle d\u2019excellence de l\u2019Universit\u00e9 du Qu\u00e9bec (UQ). C\u2019est \u00e0 l\u2019occasion de la Rencontre des dirigeants du r\u00e9seau de l\u2019UQ, tenue le mercredi 28 ao\u00fbt 2013 au Mus\u00e9e de la civilisation de Qu\u00e9bec, que cette distinction lui a [&hellip;]\" \/>\r\n<meta property=\"og:url\" content=\"https:\/\/www.uqac.ca\/uqactualites\/2013\/08\/29\/kevin-bouchard-est-nomme-membre-du-cercle-dexcellence-de-luniversite-du-quebec\/\" \/>\r\n<meta property=\"og:site_name\" content=\"UQACtualit\u00e9s\" \/>\r\n<meta property=\"article:published_time\" content=\"2013-08-29T14:29:08+00:00\" \/>\r\n<meta property=\"og:image\" content=\"https:\/\/www.uqac.ca\/uqactualites\/wp-content\/uploads\/2013\/08\/Cercle-dexcellence-Web-\u00a9Agence-Focus1.jpg\" \/>\r\n\t<meta property=\"og:image:width\" content=\"620\" \/>\r\n\t<meta property=\"og:image:height\" content=\"300\" \/>\r\n\t<meta property=\"og:image:type\" content=\"image\/jpeg\" \/>\r\n<meta name=\"author\" content=\"Service des communications et des relations publiques\" \/>\r\n<meta name=\"twitter:card\" content=\"summary_large_image\" \/>\r\n<meta name=\"twitter:label1\" content=\"\u00c9crit par\" \/>\n\t<meta name=\"twitter:data1\" content=\"Service des communications et des relations publiques\" \/>\n\t<meta name=\"twitter:label2\" content=\"Estimation du temps de lecture\" \/>\n\t<meta name=\"twitter:data2\" content=\"1 minute\" \/>\r\n<script type=\"application\/ld+json\" class=\"yoast-schema-graph\">{\"@context\":\"https:\/\/schema.org\",\"@graph\":[{\"@type\":\"WebPage\",\"@id\":\"https:\/\/www.uqac.ca\/uqactualites\/2013\/08\/29\/kevin-bouchard-est-nomme-membre-du-cercle-dexcellence-de-luniversite-du-quebec\/\",\"url\":\"https:\/\/www.uqac.ca\/uqactualites\/2013\/08\/29\/kevin-bouchard-est-nomme-membre-du-cercle-dexcellence-de-luniversite-du-quebec\/\",\"name\":\"K\u00e9vin Bouchard est nomm\u00e9 membre du Cercle d\u2019excellence de l\u2019Universit\u00e9 du Qu\u00e9bec - UQACtualit\u00e9s\",\"isPartOf\":{\"@id\":\"https:\/\/www.uqac.ca\/uqactualites\/#website\"},\"primaryImageOfPage\":{\"@id\":\"https:\/\/www.uqac.ca\/uqactualites\/2013\/08\/29\/kevin-bouchard-est-nomme-membre-du-cercle-dexcellence-de-luniversite-du-quebec\/#primaryimage\"},\"image\":{\"@id\":\"https:\/\/www.uqac.ca\/uqactualites\/2013\/08\/29\/kevin-bouchard-est-nomme-membre-du-cercle-dexcellence-de-luniversite-du-quebec\/#primaryimage\"},\"thumbnailUrl\":\"https:\/\/www.uqac.ca\/uqactualites\/wp-content\/uploads\/2013\/08\/Cercle-dexcellence-Web-\u00a9Agence-Focus1.jpg\",\"datePublished\":\"2013-08-29T14:29:08+00:00\",\"dateModified\":\"2013-08-29T14:29:08+00:00\",\"author\":{\"@id\":\"https:\/\/www.uqac.ca\/uqactualites\/#\/schema\/person\/366c45a0c4f0e677b41b4af5886e2018\"},\"breadcrumb\":{\"@id\":\"https:\/\/www.uqac.ca\/uqactualites\/2013\/08\/29\/kevin-bouchard-est-nomme-membre-du-cercle-dexcellence-de-luniversite-du-quebec\/#breadcrumb\"},\"inLanguage\":\"fr-CA\",\"potentialAction\":[{\"@type\":\"ReadAction\",\"target\":[\"https:\/\/www.uqac.ca\/uqactualites\/2013\/08\/29\/kevin-bouchard-est-nomme-membre-du-cercle-dexcellence-de-luniversite-du-quebec\/\"]}]},{\"@type\":\"ImageObject\",\"inLanguage\":\"fr-CA\",\"@id\":\"https:\/\/www.uqac.ca\/uqactualites\/2013\/08\/29\/kevin-bouchard-est-nomme-membre-du-cercle-dexcellence-de-luniversite-du-quebec\/#primaryimage\",\"url\":\"https:\/\/www.uqac.ca\/uqactualites\/wp-content\/uploads\/2013\/08\/Cercle-dexcellence-Web-\u00a9Agence-Focus1.jpg\",\"contentUrl\":\"https:\/\/www.uqac.ca\/uqactualites\/wp-content\/uploads\/2013\/08\/Cercle-dexcellence-Web-\u00a9Agence-Focus1.jpg\",\"width\":620,\"height\":300},{\"@type\":\"BreadcrumbList\",\"@id\":\"https:\/\/www.uqac.ca\/uqactualites\/2013\/08\/29\/kevin-bouchard-est-nomme-membre-du-cercle-dexcellence-de-luniversite-du-quebec\/#breadcrumb\",\"itemListElement\":[{\"@type\":\"ListItem\",\"position\":1,\"name\":\"Home\",\"item\":\"https:\/\/www.uqac.ca\/uqactualites\/\"},{\"@type\":\"ListItem\",\"position\":2,\"name\":\"K\u00e9vin Bouchard est nomm\u00e9 membre du Cercle d\u2019excellence de l\u2019Universit\u00e9 du Qu\u00e9bec\"}]},{\"@type\":\"WebSite\",\"@id\":\"https:\/\/www.uqac.ca\/uqactualites\/#website\",\"url\":\"https:\/\/www.uqac.ca\/uqactualites\/\",\"name\":\"UQACtualit\u00e9s\",\"description\":\"Le portail des nouvelles de l&#039;UQAC\",\"potentialAction\":[{\"@type\":\"SearchAction\",\"target\":{\"@type\":\"EntryPoint\",\"urlTemplate\":\"https:\/\/www.uqac.ca\/uqactualites\/?s={search_term_string}\"},\"query-input\":{\"@type\":\"PropertyValueSpecification\",\"valueRequired\":true,\"valueName\":\"search_term_string\"}}],\"inLanguage\":\"fr-CA\"},{\"@type\":\"Person\",\"@id\":\"https:\/\/www.uqac.ca\/uqactualites\/#\/schema\/person\/366c45a0c4f0e677b41b4af5886e2018\",\"name\":\"Service des communications et des relations publiques\",\"image\":{\"@type\":\"ImageObject\",\"inLanguage\":\"fr-CA\",\"@id\":\"https:\/\/www.uqac.ca\/uqactualites\/#\/schema\/person\/image\/\",\"url\":\"https:\/\/secure.gravatar.com\/avatar\/20fbbda8a292f59f2d3461a5b999c00b?s=96&d=mm&r=g\",\"contentUrl\":\"https:\/\/secure.gravatar.com\/avatar\/20fbbda8a292f59f2d3461a5b999c00b?s=96&d=mm&r=g\",\"caption\":\"Service des communications et des relations publiques\"},\"url\":\"https:\/\/www.uqac.ca\/uqactualites\/author\/bap\/\"}]}<\/script>\r\n<!-- \/ Yoast SEO plugin. -->","yoast_head_json":{"title":"K\u00e9vin Bouchard est nomm\u00e9 membre du Cercle d\u2019excellence de l\u2019Universit\u00e9 du Qu\u00e9bec - UQACtualit\u00e9s","robots":{"index":"index","follow":"follow","max-snippet":"max-snippet:-1","max-image-preview":"max-image-preview:large","max-video-preview":"max-video-preview:-1"},"canonical":"https:\/\/www.uqac.ca\/uqactualites\/2013\/08\/29\/kevin-bouchard-est-nomme-membre-du-cercle-dexcellence-de-luniversite-du-quebec\/","og_locale":"fr_CA","og_type":"article","og_title":"K\u00e9vin Bouchard est nomm\u00e9 membre du Cercle d\u2019excellence de l\u2019Universit\u00e9 du Qu\u00e9bec - UQACtualit\u00e9s","og_description":"K\u00e9vin Bouchard, \u00e9tudiant au doctorat en sciences et technologies de l\u2019information de l\u2019UQAC, a \u00e9t\u00e9 nomm\u00e9 membre du Cercle d\u2019excellence de l\u2019Universit\u00e9 du Qu\u00e9bec (UQ). C\u2019est \u00e0 l\u2019occasion de la Rencontre des dirigeants du r\u00e9seau de l\u2019UQ, tenue le mercredi 28 ao\u00fbt 2013 au Mus\u00e9e de la civilisation de Qu\u00e9bec, que cette distinction lui a [&hellip;]","og_url":"https:\/\/www.uqac.ca\/uqactualites\/2013\/08\/29\/kevin-bouchard-est-nomme-membre-du-cercle-dexcellence-de-luniversite-du-quebec\/","og_site_name":"UQACtualit\u00e9s","article_published_time":"2013-08-29T14:29:08+00:00","og_image":[{"width":620,"height":300,"url":"https:\/\/www.uqac.ca\/uqactualites\/wp-content\/uploads\/2013\/08\/Cercle-dexcellence-Web-\u00a9Agence-Focus1.jpg","type":"image\/jpeg"}],"author":"Service des communications et des relations publiques","twitter_card":"summary_large_image","twitter_misc":{"\u00c9crit par":"Service des communications et des relations publiques","Estimation du temps de lecture":"1 minute"},"schema":{"@context":"https:\/\/schema.org","@graph":[{"@type":"WebPage","@id":"https:\/\/www.uqac.ca\/uqactualites\/2013\/08\/29\/kevin-bouchard-est-nomme-membre-du-cercle-dexcellence-de-luniversite-du-quebec\/","url":"https:\/\/www.uqac.ca\/uqactualites\/2013\/08\/29\/kevin-bouchard-est-nomme-membre-du-cercle-dexcellence-de-luniversite-du-quebec\/","name":"K\u00e9vin Bouchard est nomm\u00e9 membre du Cercle d\u2019excellence de l\u2019Universit\u00e9 du Qu\u00e9bec - UQACtualit\u00e9s","isPartOf":{"@id":"https:\/\/www.uqac.ca\/uqactualites\/#website"},"primaryImageOfPage":{"@id":"https:\/\/www.uqac.ca\/uqactualites\/2013\/08\/29\/kevin-bouchard-est-nomme-membre-du-cercle-dexcellence-de-luniversite-du-quebec\/#primaryimage"},"image":{"@id":"https:\/\/www.uqac.ca\/uqactualites\/2013\/08\/29\/kevin-bouchard-est-nomme-membre-du-cercle-dexcellence-de-luniversite-du-quebec\/#primaryimage"},"thumbnailUrl":"https:\/\/www.uqac.ca\/uqactualites\/wp-content\/uploads\/2013\/08\/Cercle-dexcellence-Web-\u00a9Agence-Focus1.jpg","datePublished":"2013-08-29T14:29:08+00:00","dateModified":"2013-08-29T14:29:08+00:00","author":{"@id":"https:\/\/www.uqac.ca\/uqactualites\/#\/schema\/person\/366c45a0c4f0e677b41b4af5886e2018"},"breadcrumb":{"@id":"https:\/\/www.uqac.ca\/uqactualites\/2013\/08\/29\/kevin-bouchard-est-nomme-membre-du-cercle-dexcellence-de-luniversite-du-quebec\/#breadcrumb"},"inLanguage":"fr-CA","potentialAction":[{"@type":"ReadAction","target":["https:\/\/www.uqac.ca\/uqactualites\/2013\/08\/29\/kevin-bouchard-est-nomme-membre-du-cercle-dexcellence-de-luniversite-du-quebec\/"]}]},{"@type":"ImageObject","inLanguage":"fr-CA","@id":"https:\/\/www.uqac.ca\/uqactualites\/2013\/08\/29\/kevin-bouchard-est-nomme-membre-du-cercle-dexcellence-de-luniversite-du-quebec\/#primaryimage","url":"https:\/\/www.uqac.ca\/uqactualites\/wp-content\/uploads\/2013\/08\/Cercle-dexcellence-Web-\u00a9Agence-Focus1.jpg","contentUrl":"https:\/\/www.uqac.ca\/uqactualites\/wp-content\/uploads\/2013\/08\/Cercle-dexcellence-Web-\u00a9Agence-Focus1.jpg","width":620,"height":300},{"@type":"BreadcrumbList","@id":"https:\/\/www.uqac.ca\/uqactualites\/2013\/08\/29\/kevin-bouchard-est-nomme-membre-du-cercle-dexcellence-de-luniversite-du-quebec\/#breadcrumb","itemListElement":[{"@type":"ListItem","position":1,"name":"Home","item":"https:\/\/www.uqac.ca\/uqactualites\/"},{"@type":"ListItem","position":2,"name":"K\u00e9vin Bouchard est nomm\u00e9 membre du Cercle d\u2019excellence de l\u2019Universit\u00e9 du Qu\u00e9bec"}]},{"@type":"WebSite","@id":"https:\/\/www.uqac.ca\/uqactualites\/#website","url":"https:\/\/www.uqac.ca\/uqactualites\/","name":"UQACtualit\u00e9s","description":"Le portail des nouvelles de l&#039;UQAC","potentialAction":[{"@type":"SearchAction","target":{"@type":"EntryPoint","urlTemplate":"https:\/\/www.uqac.ca\/uqactualites\/?s={search_term_string}"},"query-input":{"@type":"PropertyValueSpecification","valueRequired":true,"valueName":"search_term_string"}}],"inLanguage":"fr-CA"},{"@type":"Person","@id":"https:\/\/www.uqac.ca\/uqactualites\/#\/schema\/person\/366c45a0c4f0e677b41b4af5886e2018","name":"Service des communications et des relations publiques","image":{"@type":"ImageObject","inLanguage":"fr-CA","@id":"https:\/\/www.uqac.ca\/uqactualites\/#\/schema\/person\/image\/","url":"https:\/\/secure.gravatar.com\/avatar\/20fbbda8a292f59f2d3461a5b999c00b?s=96&d=mm&r=g","contentUrl":"https:\/\/secure.gravatar.com\/avatar\/20fbbda8a292f59f2d3461a5b999c00b?s=96&d=mm&r=g","caption":"Service des communications et des relations publiques"},"url":"https:\/\/www.uqac.ca\/uqactualites\/author\/bap\/"}]}},"_links":{"self":[{"href":"https:\/\/www.uqac.ca\/uqactualites\/wp-json\/wp\/v2\/posts\/25551"}],"collection":[{"href":"https:\/\/www.uqac.ca\/uqactualites\/wp-json\/wp\/v2\/posts"}],"about":[{"href":"https:\/\/www.uqac.ca\/uqactualites\/wp-json\/wp\/v2\/types\/post"}],"author":[{"embeddable":true,"href":"https:\/\/www.uqac.ca\/uqactualites\/wp-json\/wp\/v2\/users\/5"}],"replies":[{"embeddable":true,"href":"https:\/\/www.uqac.ca\/uqactualites\/wp-json\/wp\/v2\/comments?post=25551"}],"version-history":[{"count":0,"href":"https:\/\/www.uqac.ca\/uqactualites\/wp-json\/wp\/v2\/posts\/25551\/revisions"}],"wp:featuredmedia":[{"embeddable":true,"href":"https:\/\/www.uqac.ca\/uqactualites\/wp-json\/wp\/v2\/media\/25565"}],"wp:attachment":[{"href":"https:\/\/www.uqac.ca\/uqactualites\/wp-json\/wp\/v2\/media?parent=25551"}],"wp:term":[{"taxonomy":"category","embeddable":true,"href":"https:\/\/www.uqac.ca\/uqactualites\/wp-json\/wp\/v2\/categories?post=25551"},{"taxonomy":"post_tag","embeddable":true,"href":"https:\/\/www.uqac.ca\/uqactualites\/wp-json\/wp\/v2\/tags?post=25551"}],"curies":[{"name":"wp","href":"https:\/\/api.w.org\/{rel}","templated":true}]}}