{"id":25559,"date":"2013-08-29T13:56:30","date_gmt":"2013-08-29T17:56:30","guid":{"rendered":"http:\/\/uqactualite.odev.ca\/?p=25559"},"modified":"2013-08-29T13:56:30","modified_gmt":"2013-08-29T17:56:30","slug":"le-cesam-offre-un-seminaire-destine-aux-premieres-nations","status":"publish","type":"post","link":"https:\/\/www.uqac.ca\/uqactualites\/2013\/08\/29\/le-cesam-offre-un-seminaire-destine-aux-premieres-nations\/","title":{"rendered":"Le CESAM offre un s\u00e9minaire destin\u00e9 aux Premi\u00e8res Nations"},"content":{"rendered":"<p style=\"text-align: justify\">Gr\u00e2ce au s\u00e9minaire \u00ab\u00a0Gestion des risques et planification des urgences pour les Premi\u00e8res Nations\u00a0\u00bb, offert par le Centre du savoir sur mesure (CESAM) de l\u2019UQAC, deux nouvelles cohortes de coordonnateurs de mesures d\u2019urgence des communaut\u00e9s des Premi\u00e8res Nations seront form\u00e9es en 2013-2014<i>.<\/i><\/p>\n<p style=\"text-align: justify\">C\u2019est en janvier 2012 que le CESAM a offert pour la premi\u00e8re fois ce s\u00e9minaire qui propose un accompagnement adapt\u00e9 \u00e0 la r\u00e9alit\u00e9 des Premi\u00e8res Nations. Pr\u00e9sentant les particularit\u00e9s de l\u2019intervention en situation d\u2019urgence, la formation est principalement ax\u00e9e sur les dimensions de la pr\u00e9vention et de l\u2019att\u00e9nuation et permet aux coordonnateurs de r\u00e9aliser un plan de mesures d\u2019urgence. De plus, elle sensibilise les participants \u00e0 la pr\u00e9paration et \u00e0 la vuln\u00e9rabilit\u00e9 de leurs communaut\u00e9s, de m\u00eame qu\u2019\u00e0 la capacit\u00e9 de r\u00e9tablissement de la communaut\u00e9 \u00e0 la suite d\u2019un \u00e9v\u00e9nement. Il importe aussi de pr\u00e9ciser que les participants sont sensibilis\u00e9s \u00e0 la communication avant sinistre (pr\u00e9paration de la population) et \u00e0 la gestion des risques potentiels par l\u2019\u00e9laboration du plan de mesures d\u2019urgence pour leur communaut\u00e9.<\/p>\n<p style=\"text-align: justify\">\u00c0 ce jour, le CESAM a form\u00e9 cinquante coordonnateurs provenant d\u2019une trentaine de communaut\u00e9s du Qu\u00e9bec et de la r\u00e9gion de l\u2019Atlantique. Le s\u00e9minaire sera offert en novembre 2013 \u00e0 la cohorte anglophone, et en mars 2014 \u00e0 la cohorte francophone.<\/p>\n<p style=\"text-align: justify\"><b><br \/>\nSources\u00a0:<\/b><\/p>\n<p style=\"text-align: justify\">Christiane Lecomte, agente de recherche et d\u00e9veloppement<br \/>\nCentre du savoir sur mesure<br \/>\nUniversit\u00e9 du Qu\u00e9bec \u00e0 Chicoutimi<br \/>\n418 545-5011, poste\u00a01212\u00a0 \u25aa\u00a0 <span style=\"color: #5a7411\"><a href=\"mailto:christiane_lecomte@uqac.ca\"><span style=\"color: #5a7411\">christiane_lecomte@uqac.ca<\/span><\/a><\/span><\/p>\n<p style=\"text-align: justify\">Bureau des affaires publiques<br \/>\nUniversit\u00e9 du Qu\u00e9bec \u00e0 Chicoutimi<br \/>\n418\u00a0545-5011, poste\u00a02350\u00a0 \u25aa\u00a0 <span style=\"color: #5a7411\"><a href=\"mailto:affaires_publiques@uqac.ca\"><span style=\"color: #5a7411\">affaires_publiques@uqac.ca<\/span><\/a><\/span><\/p>\n<p style=\"text-align: justify\"><b><br \/>\n<span style=\"color: #808080\">________________________________________________________________________________________<\/span><\/b><\/p>\n<p style=\"text-align: justify\"><span style=\"color: #808080\"><b>Photographe\u00a0:<\/b> Pierre Gill<\/span><br \/>\n<span style=\"color: #808080\">________________________________________________________________________________________<\/span><\/p>\n","protected":false},"excerpt":{"rendered":"<p>Gr\u00e2ce au s\u00e9minaire \u00ab\u00a0Gestion des risques et planification des urgences pour les Premi\u00e8res Nations\u00a0\u00bb, offert par le Centre du savoir sur mesure (CESAM) de l\u2019UQAC, deux nouvelles cohortes de coordonnateurs de mesures d\u2019urgence des communaut\u00e9s des Premi\u00e8res Nations seront form\u00e9es en 2013-2014. C\u2019est en janvier 2012 que le CESAM a offert pour la premi\u00e8re fois [&hellip;]<\/p>\n","protected":false},"author":5,"featured_media":25560,"comment_status":"open","ping_status":"open","sticky":false,"template":"","format":"standard","meta":{"footnotes":""},"categories":[2,61],"tags":[1153,101,2246,339,466,2247,360,1800,362,2248,1249,1398],"yoast_head":"<!-- This site is optimized with the Yoast SEO plugin v24.2 - https:\/\/yoast.com\/wordpress\/plugins\/seo\/ -->\r\n<title>Le CESAM offre un s\u00e9minaire destin\u00e9 aux Premi\u00e8res Nations - UQACtualit\u00e9s<\/title>\r\n<meta name=\"robots\" content=\"index, follow, max-snippet:-1, max-image-preview:large, max-video-preview:-1\" \/>\r\n<link rel=\"canonical\" href=\"https:\/\/www.uqac.ca\/uqactualites\/2013\/08\/29\/le-cesam-offre-un-seminaire-destine-aux-premieres-nations\/\" \/>\r\n<meta property=\"og:locale\" content=\"fr_CA\" \/>\r\n<meta property=\"og:type\" content=\"article\" \/>\r\n<meta property=\"og:title\" content=\"Le CESAM offre un s\u00e9minaire destin\u00e9 aux Premi\u00e8res Nations - UQACtualit\u00e9s\" \/>\r\n<meta property=\"og:description\" content=\"Gr\u00e2ce au s\u00e9minaire \u00ab\u00a0Gestion des risques et planification des urgences pour les Premi\u00e8res Nations\u00a0\u00bb, offert par le Centre du savoir sur mesure (CESAM) de l\u2019UQAC, deux nouvelles cohortes de coordonnateurs de mesures d\u2019urgence des communaut\u00e9s des Premi\u00e8res Nations seront form\u00e9es en 2013-2014. C\u2019est en janvier 2012 que le CESAM a offert pour la premi\u00e8re fois [&hellip;]\" \/>\r\n<meta property=\"og:url\" content=\"https:\/\/www.uqac.ca\/uqactualites\/2013\/08\/29\/le-cesam-offre-un-seminaire-destine-aux-premieres-nations\/\" \/>\r\n<meta property=\"og:site_name\" content=\"UQACtualit\u00e9s\" \/>\r\n<meta property=\"article:published_time\" content=\"2013-08-29T17:56:30+00:00\" \/>\r\n<meta property=\"og:image\" content=\"https:\/\/www.uqac.ca\/uqactualites\/wp-content\/uploads\/2013\/08\/Premi\u00e8res-Nations-Web-\u00a9Pierre-Gill.jpg\" \/>\r\n\t<meta property=\"og:image:width\" content=\"620\" \/>\r\n\t<meta property=\"og:image:height\" content=\"300\" \/>\r\n\t<meta property=\"og:image:type\" content=\"image\/jpeg\" \/>\r\n<meta name=\"author\" content=\"Service des communications et des relations publiques\" \/>\r\n<meta name=\"twitter:card\" content=\"summary_large_image\" \/>\r\n<meta name=\"twitter:label1\" content=\"\u00c9crit par\" \/>\n\t<meta name=\"twitter:data1\" content=\"Service des communications et des relations publiques\" \/>\n\t<meta name=\"twitter:label2\" content=\"Estimation du temps de lecture\" \/>\n\t<meta name=\"twitter:data2\" content=\"1 minute\" \/>\r\n<script type=\"application\/ld+json\" class=\"yoast-schema-graph\">{\"@context\":\"https:\/\/schema.org\",\"@graph\":[{\"@type\":\"WebPage\",\"@id\":\"https:\/\/www.uqac.ca\/uqactualites\/2013\/08\/29\/le-cesam-offre-un-seminaire-destine-aux-premieres-nations\/\",\"url\":\"https:\/\/www.uqac.ca\/uqactualites\/2013\/08\/29\/le-cesam-offre-un-seminaire-destine-aux-premieres-nations\/\",\"name\":\"Le CESAM offre un s\u00e9minaire destin\u00e9 aux Premi\u00e8res Nations - UQACtualit\u00e9s\",\"isPartOf\":{\"@id\":\"https:\/\/www.uqac.ca\/uqactualites\/#website\"},\"primaryImageOfPage\":{\"@id\":\"https:\/\/www.uqac.ca\/uqactualites\/2013\/08\/29\/le-cesam-offre-un-seminaire-destine-aux-premieres-nations\/#primaryimage\"},\"image\":{\"@id\":\"https:\/\/www.uqac.ca\/uqactualites\/2013\/08\/29\/le-cesam-offre-un-seminaire-destine-aux-premieres-nations\/#primaryimage\"},\"thumbnailUrl\":\"https:\/\/www.uqac.ca\/uqactualites\/wp-content\/uploads\/2013\/08\/Premi\u00e8res-Nations-Web-\u00a9Pierre-Gill.jpg\",\"datePublished\":\"2013-08-29T17:56:30+00:00\",\"dateModified\":\"2013-08-29T17:56:30+00:00\",\"author\":{\"@id\":\"https:\/\/www.uqac.ca\/uqactualites\/#\/schema\/person\/366c45a0c4f0e677b41b4af5886e2018\"},\"breadcrumb\":{\"@id\":\"https:\/\/www.uqac.ca\/uqactualites\/2013\/08\/29\/le-cesam-offre-un-seminaire-destine-aux-premieres-nations\/#breadcrumb\"},\"inLanguage\":\"fr-CA\",\"potentialAction\":[{\"@type\":\"ReadAction\",\"target\":[\"https:\/\/www.uqac.ca\/uqactualites\/2013\/08\/29\/le-cesam-offre-un-seminaire-destine-aux-premieres-nations\/\"]}]},{\"@type\":\"ImageObject\",\"inLanguage\":\"fr-CA\",\"@id\":\"https:\/\/www.uqac.ca\/uqactualites\/2013\/08\/29\/le-cesam-offre-un-seminaire-destine-aux-premieres-nations\/#primaryimage\",\"url\":\"https:\/\/www.uqac.ca\/uqactualites\/wp-content\/uploads\/2013\/08\/Premi\u00e8res-Nations-Web-\u00a9Pierre-Gill.jpg\",\"contentUrl\":\"https:\/\/www.uqac.ca\/uqactualites\/wp-content\/uploads\/2013\/08\/Premi\u00e8res-Nations-Web-\u00a9Pierre-Gill.jpg\",\"width\":620,\"height\":300},{\"@type\":\"BreadcrumbList\",\"@id\":\"https:\/\/www.uqac.ca\/uqactualites\/2013\/08\/29\/le-cesam-offre-un-seminaire-destine-aux-premieres-nations\/#breadcrumb\",\"itemListElement\":[{\"@type\":\"ListItem\",\"position\":1,\"name\":\"Home\",\"item\":\"https:\/\/www.uqac.ca\/uqactualites\/\"},{\"@type\":\"ListItem\",\"position\":2,\"name\":\"Le CESAM offre un s\u00e9minaire destin\u00e9 aux Premi\u00e8res Nations\"}]},{\"@type\":\"WebSite\",\"@id\":\"https:\/\/www.uqac.ca\/uqactualites\/#website\",\"url\":\"https:\/\/www.uqac.ca\/uqactualites\/\",\"name\":\"UQACtualit\u00e9s\",\"description\":\"Le portail des nouvelles de l&#039;UQAC\",\"potentialAction\":[{\"@type\":\"SearchAction\",\"target\":{\"@type\":\"EntryPoint\",\"urlTemplate\":\"https:\/\/www.uqac.ca\/uqactualites\/?s={search_term_string}\"},\"query-input\":{\"@type\":\"PropertyValueSpecification\",\"valueRequired\":true,\"valueName\":\"search_term_string\"}}],\"inLanguage\":\"fr-CA\"},{\"@type\":\"Person\",\"@id\":\"https:\/\/www.uqac.ca\/uqactualites\/#\/schema\/person\/366c45a0c4f0e677b41b4af5886e2018\",\"name\":\"Service des communications et des relations publiques\",\"image\":{\"@type\":\"ImageObject\",\"inLanguage\":\"fr-CA\",\"@id\":\"https:\/\/www.uqac.ca\/uqactualites\/#\/schema\/person\/image\/\",\"url\":\"https:\/\/secure.gravatar.com\/avatar\/20fbbda8a292f59f2d3461a5b999c00b?s=96&d=mm&r=g\",\"contentUrl\":\"https:\/\/secure.gravatar.com\/avatar\/20fbbda8a292f59f2d3461a5b999c00b?s=96&d=mm&r=g\",\"caption\":\"Service des communications et des relations publiques\"},\"url\":\"https:\/\/www.uqac.ca\/uqactualites\/author\/bap\/\"}]}<\/script>\r\n<!-- \/ Yoast SEO plugin. -->","yoast_head_json":{"title":"Le CESAM offre un s\u00e9minaire destin\u00e9 aux Premi\u00e8res Nations - UQACtualit\u00e9s","robots":{"index":"index","follow":"follow","max-snippet":"max-snippet:-1","max-image-preview":"max-image-preview:large","max-video-preview":"max-video-preview:-1"},"canonical":"https:\/\/www.uqac.ca\/uqactualites\/2013\/08\/29\/le-cesam-offre-un-seminaire-destine-aux-premieres-nations\/","og_locale":"fr_CA","og_type":"article","og_title":"Le CESAM offre un s\u00e9minaire destin\u00e9 aux Premi\u00e8res Nations - UQACtualit\u00e9s","og_description":"Gr\u00e2ce au s\u00e9minaire \u00ab\u00a0Gestion des risques et planification des urgences pour les Premi\u00e8res Nations\u00a0\u00bb, offert par le Centre du savoir sur mesure (CESAM) de l\u2019UQAC, deux nouvelles cohortes de coordonnateurs de mesures d\u2019urgence des communaut\u00e9s des Premi\u00e8res Nations seront form\u00e9es en 2013-2014. C\u2019est en janvier 2012 que le CESAM a offert pour la premi\u00e8re fois [&hellip;]","og_url":"https:\/\/www.uqac.ca\/uqactualites\/2013\/08\/29\/le-cesam-offre-un-seminaire-destine-aux-premieres-nations\/","og_site_name":"UQACtualit\u00e9s","article_published_time":"2013-08-29T17:56:30+00:00","og_image":[{"width":620,"height":300,"url":"https:\/\/www.uqac.ca\/uqactualites\/wp-content\/uploads\/2013\/08\/Premi\u00e8res-Nations-Web-\u00a9Pierre-Gill.jpg","type":"image\/jpeg"}],"author":"Service des communications et des relations publiques","twitter_card":"summary_large_image","twitter_misc":{"\u00c9crit par":"Service des communications et des relations publiques","Estimation du temps de lecture":"1 minute"},"schema":{"@context":"https:\/\/schema.org","@graph":[{"@type":"WebPage","@id":"https:\/\/www.uqac.ca\/uqactualites\/2013\/08\/29\/le-cesam-offre-un-seminaire-destine-aux-premieres-nations\/","url":"https:\/\/www.uqac.ca\/uqactualites\/2013\/08\/29\/le-cesam-offre-un-seminaire-destine-aux-premieres-nations\/","name":"Le CESAM offre un s\u00e9minaire destin\u00e9 aux Premi\u00e8res Nations - UQACtualit\u00e9s","isPartOf":{"@id":"https:\/\/www.uqac.ca\/uqactualites\/#website"},"primaryImageOfPage":{"@id":"https:\/\/www.uqac.ca\/uqactualites\/2013\/08\/29\/le-cesam-offre-un-seminaire-destine-aux-premieres-nations\/#primaryimage"},"image":{"@id":"https:\/\/www.uqac.ca\/uqactualites\/2013\/08\/29\/le-cesam-offre-un-seminaire-destine-aux-premieres-nations\/#primaryimage"},"thumbnailUrl":"https:\/\/www.uqac.ca\/uqactualites\/wp-content\/uploads\/2013\/08\/Premi\u00e8res-Nations-Web-\u00a9Pierre-Gill.jpg","datePublished":"2013-08-29T17:56:30+00:00","dateModified":"2013-08-29T17:56:30+00:00","author":{"@id":"https:\/\/www.uqac.ca\/uqactualites\/#\/schema\/person\/366c45a0c4f0e677b41b4af5886e2018"},"breadcrumb":{"@id":"https:\/\/www.uqac.ca\/uqactualites\/2013\/08\/29\/le-cesam-offre-un-seminaire-destine-aux-premieres-nations\/#breadcrumb"},"inLanguage":"fr-CA","potentialAction":[{"@type":"ReadAction","target":["https:\/\/www.uqac.ca\/uqactualites\/2013\/08\/29\/le-cesam-offre-un-seminaire-destine-aux-premieres-nations\/"]}]},{"@type":"ImageObject","inLanguage":"fr-CA","@id":"https:\/\/www.uqac.ca\/uqactualites\/2013\/08\/29\/le-cesam-offre-un-seminaire-destine-aux-premieres-nations\/#primaryimage","url":"https:\/\/www.uqac.ca\/uqactualites\/wp-content\/uploads\/2013\/08\/Premi\u00e8res-Nations-Web-\u00a9Pierre-Gill.jpg","contentUrl":"https:\/\/www.uqac.ca\/uqactualites\/wp-content\/uploads\/2013\/08\/Premi\u00e8res-Nations-Web-\u00a9Pierre-Gill.jpg","width":620,"height":300},{"@type":"BreadcrumbList","@id":"https:\/\/www.uqac.ca\/uqactualites\/2013\/08\/29\/le-cesam-offre-un-seminaire-destine-aux-premieres-nations\/#breadcrumb","itemListElement":[{"@type":"ListItem","position":1,"name":"Home","item":"https:\/\/www.uqac.ca\/uqactualites\/"},{"@type":"ListItem","position":2,"name":"Le CESAM offre un s\u00e9minaire destin\u00e9 aux Premi\u00e8res Nations"}]},{"@type":"WebSite","@id":"https:\/\/www.uqac.ca\/uqactualites\/#website","url":"https:\/\/www.uqac.ca\/uqactualites\/","name":"UQACtualit\u00e9s","description":"Le portail des nouvelles de l&#039;UQAC","potentialAction":[{"@type":"SearchAction","target":{"@type":"EntryPoint","urlTemplate":"https:\/\/www.uqac.ca\/uqactualites\/?s={search_term_string}"},"query-input":{"@type":"PropertyValueSpecification","valueRequired":true,"valueName":"search_term_string"}}],"inLanguage":"fr-CA"},{"@type":"Person","@id":"https:\/\/www.uqac.ca\/uqactualites\/#\/schema\/person\/366c45a0c4f0e677b41b4af5886e2018","name":"Service des communications et des relations publiques","image":{"@type":"ImageObject","inLanguage":"fr-CA","@id":"https:\/\/www.uqac.ca\/uqactualites\/#\/schema\/person\/image\/","url":"https:\/\/secure.gravatar.com\/avatar\/20fbbda8a292f59f2d3461a5b999c00b?s=96&d=mm&r=g","contentUrl":"https:\/\/secure.gravatar.com\/avatar\/20fbbda8a292f59f2d3461a5b999c00b?s=96&d=mm&r=g","caption":"Service des communications et des relations publiques"},"url":"https:\/\/www.uqac.ca\/uqactualites\/author\/bap\/"}]}},"_links":{"self":[{"href":"https:\/\/www.uqac.ca\/uqactualites\/wp-json\/wp\/v2\/posts\/25559"}],"collection":[{"href":"https:\/\/www.uqac.ca\/uqactualites\/wp-json\/wp\/v2\/posts"}],"about":[{"href":"https:\/\/www.uqac.ca\/uqactualites\/wp-json\/wp\/v2\/types\/post"}],"author":[{"embeddable":true,"href":"https:\/\/www.uqac.ca\/uqactualites\/wp-json\/wp\/v2\/users\/5"}],"replies":[{"embeddable":true,"href":"https:\/\/www.uqac.ca\/uqactualites\/wp-json\/wp\/v2\/comments?post=25559"}],"version-history":[{"count":0,"href":"https:\/\/www.uqac.ca\/uqactualites\/wp-json\/wp\/v2\/posts\/25559\/revisions"}],"wp:featuredmedia":[{"embeddable":true,"href":"https:\/\/www.uqac.ca\/uqactualites\/wp-json\/wp\/v2\/media\/25560"}],"wp:attachment":[{"href":"https:\/\/www.uqac.ca\/uqactualites\/wp-json\/wp\/v2\/media?parent=25559"}],"wp:term":[{"taxonomy":"category","embeddable":true,"href":"https:\/\/www.uqac.ca\/uqactualites\/wp-json\/wp\/v2\/categories?post=25559"},{"taxonomy":"post_tag","embeddable":true,"href":"https:\/\/www.uqac.ca\/uqactualites\/wp-json\/wp\/v2\/tags?post=25559"}],"curies":[{"name":"wp","href":"https:\/\/api.w.org\/{rel}","templated":true}]}}