{"id":256,"date":"2023-01-31T13:38:40","date_gmt":"2023-01-31T13:38:40","guid":{"rendered":"http:\/\/www.uqac.ca\/blogue-recteur\/?p=256"},"modified":"2023-10-23T09:38:56","modified_gmt":"2023-10-23T13:38:56","slug":"la-recherche-au-coeur-de-notre-derniere-visite-a-sept-iles","status":"publish","type":"post","link":"https:\/\/www.uqac.ca\/uqactualites\/2023\/01\/31\/la-recherche-au-coeur-de-notre-derniere-visite-a-sept-iles\/","title":{"rendered":"La recherche au c\u0153ur de notre derni\u00e8re visite \u00e0 Sept-\u00celes"},"content":{"rendered":"<p>C\u2019est accompagn\u00e9 du vice-recteur \u00e0 la recherche, \u00e0 la cr\u00e9ation et \u00e0 l\u2019innovation, Mohamed Bouazara, de la cheffe des relations avec les Premi\u00e8res Nations, Danielle Rousselot, ainsi que de la directrice des Centres de formation, Guylaine Malaison, que je suis all\u00e9 \u00e0 la rencontre de nos partenaires de Sept-\u00celes les 17 et 18 janvier derniers.<\/p>\n<p>Lors de cette mission, nous avons pu avoir de nombreux \u00e9changes fructueux et constructifs avec plusieurs acteurs du milieu dont le chef de Uashat\u00a0mak Mani-utenam, Mike\u00a0McKenzie, et la directrice du secteur de l\u2019\u00e9ducation de la communaut\u00e9. Des rencontres \u00e9taient \u00e9galement \u00e0 l\u2019horaire avec des membres de la direction de D\u00e9veloppement \u00e9conomique Sept-\u00celes.<\/p>\n<p>Nous avons aussi profit\u00e9 de notre passage pour visiter les installations de l\u2019Institut nordique de recherche en environnement et en sant\u00e9 au travail (INREST) et d\u2019ouvrir la discussion avec eux sur de futurs partenariats en recherche. Enfin, nous avons pu discuter avec la direction du Centre de sant\u00e9 et de services sociaux (CISSS) de la C\u00f4te-Nord relativement \u00e0 l\u2019\u00e9tat d\u2019avancement des travaux pour le Dispensaire urbain d\u2019enseignement clinique (DUEC) ainsi que sur les enjeux, d\u00e9fis et besoins en mati\u00e8re d\u2019attraction, de formation\/perfectionnement et de r\u00e9tention de la main-d\u2019\u0153uvre infirmi\u00e8re. Ce fut \u00e9galement l\u2019occasion de rencontrer les dirigeants du C\u00e9gep de Sept-\u00celes pour discuter de partenariat en recherche et en enseignement.<\/p>\n<p>On peut ainsi dire que ces deux jours de rencontres nous auront \u00e0 la fois permis de consolider certains de nos projets en cours, mais aussi de s\u2019ouvrir sur de nouvelles opportunit\u00e9s particuli\u00e8rement sur le plan de la recherche. Le d\u00e9fi est grand et les projets sont nombreux. \u00c0 nous maintenant d\u2019y donner suite au cours des prochains mois, voire les prochaines ann\u00e9es, et ce, tout en mettant \u00e0 profit l\u2019expertise d\u00e9j\u00e0 bien vivante sur notre campus principal.<\/p>\n","protected":false},"excerpt":{"rendered":"<p>C\u2019est accompagn\u00e9 du vice-recteur \u00e0 la recherche, \u00e0 la cr\u00e9ation et \u00e0 l\u2019innovation, Mohamed Bouazara, de la cheffe des relations avec les Premi\u00e8res Nations, Danielle Rousselot, ainsi que de la directrice des Centres de formation, Guylaine Malaison, que je suis all\u00e9 \u00e0 la rencontre de nos partenaires de Sept-\u00celes les 17 et 18 janvier derniers. [&hellip;]<\/p>\n","protected":false},"author":10,"featured_media":257,"comment_status":"closed","ping_status":"closed","sticky":false,"template":"","format":"standard","meta":{"footnotes":""},"categories":[2792,1,2793],"tags":[],"yoast_head":"<!-- This site is optimized with the Yoast SEO plugin v24.2 - https:\/\/yoast.com\/wordpress\/plugins\/seo\/ -->\r\n<title>La recherche au c\u0153ur de notre derni\u00e8re visite \u00e0 Sept-\u00celes - UQACtualit\u00e9s<\/title>\r\n<meta name=\"robots\" content=\"index, follow, max-snippet:-1, max-image-preview:large, max-video-preview:-1\" \/>\r\n<link rel=\"canonical\" href=\"https:\/\/www.uqac.ca\/uqactualites\/2023\/01\/31\/la-recherche-au-coeur-de-notre-derniere-visite-a-sept-iles\/\" \/>\r\n<meta property=\"og:locale\" content=\"fr_CA\" \/>\r\n<meta property=\"og:type\" content=\"article\" \/>\r\n<meta property=\"og:title\" content=\"La recherche au c\u0153ur de notre derni\u00e8re visite \u00e0 Sept-\u00celes - UQACtualit\u00e9s\" \/>\r\n<meta property=\"og:description\" content=\"C\u2019est accompagn\u00e9 du vice-recteur \u00e0 la recherche, \u00e0 la cr\u00e9ation et \u00e0 l\u2019innovation, Mohamed Bouazara, de la cheffe des relations avec les Premi\u00e8res Nations, Danielle Rousselot, ainsi que de la directrice des Centres de formation, Guylaine Malaison, que je suis all\u00e9 \u00e0 la rencontre de nos partenaires de Sept-\u00celes les 17 et 18 janvier derniers. [&hellip;]\" \/>\r\n<meta property=\"og:url\" content=\"https:\/\/www.uqac.ca\/uqactualites\/2023\/01\/31\/la-recherche-au-coeur-de-notre-derniere-visite-a-sept-iles\/\" \/>\r\n<meta property=\"og:site_name\" content=\"UQACtualit\u00e9s\" \/>\r\n<meta property=\"article:published_time\" content=\"2023-01-31T13:38:40+00:00\" \/>\r\n<meta property=\"article:modified_time\" content=\"2023-10-23T13:38:56+00:00\" \/>\r\n<meta property=\"og:image\" content=\"https:\/\/www.uqac.ca\/uqactualites\/wp-content\/uploads\/2023\/01\/NUM_SeptIles_FbkCouv851x315-02.jpg\" \/>\r\n\t<meta property=\"og:image:width\" content=\"852\" \/>\r\n\t<meta property=\"og:image:height\" content=\"361\" \/>\r\n\t<meta property=\"og:image:type\" content=\"image\/jpeg\" \/>\r\n<meta name=\"author\" content=\"Ghislain Samson\" \/>\r\n<meta name=\"twitter:card\" content=\"summary_large_image\" \/>\r\n<meta name=\"twitter:label1\" content=\"\u00c9crit par\" \/>\n\t<meta name=\"twitter:data1\" content=\"Ghislain Samson\" \/>\n\t<meta name=\"twitter:label2\" content=\"Estimation du temps de lecture\" \/>\n\t<meta name=\"twitter:data2\" content=\"2 minutes\" \/>\r\n<script type=\"application\/ld+json\" class=\"yoast-schema-graph\">{\"@context\":\"https:\/\/schema.org\",\"@graph\":[{\"@type\":\"WebPage\",\"@id\":\"https:\/\/www.uqac.ca\/uqactualites\/2023\/01\/31\/la-recherche-au-coeur-de-notre-derniere-visite-a-sept-iles\/\",\"url\":\"https:\/\/www.uqac.ca\/uqactualites\/2023\/01\/31\/la-recherche-au-coeur-de-notre-derniere-visite-a-sept-iles\/\",\"name\":\"La recherche au c\u0153ur de notre derni\u00e8re visite \u00e0 Sept-\u00celes - UQACtualit\u00e9s\",\"isPartOf\":{\"@id\":\"https:\/\/www.uqac.ca\/uqactualites\/#website\"},\"primaryImageOfPage\":{\"@id\":\"https:\/\/www.uqac.ca\/uqactualites\/2023\/01\/31\/la-recherche-au-coeur-de-notre-derniere-visite-a-sept-iles\/#primaryimage\"},\"image\":{\"@id\":\"https:\/\/www.uqac.ca\/uqactualites\/2023\/01\/31\/la-recherche-au-coeur-de-notre-derniere-visite-a-sept-iles\/#primaryimage\"},\"thumbnailUrl\":\"https:\/\/www.uqac.ca\/uqactualites\/wp-content\/uploads\/2023\/01\/NUM_SeptIles_FbkCouv851x315-02.jpg\",\"datePublished\":\"2023-01-31T13:38:40+00:00\",\"dateModified\":\"2023-10-23T13:38:56+00:00\",\"author\":{\"@id\":\"https:\/\/www.uqac.ca\/uqactualites\/#\/schema\/person\/ae2225f9f23eebff67a6e899225952fb\"},\"breadcrumb\":{\"@id\":\"https:\/\/www.uqac.ca\/uqactualites\/2023\/01\/31\/la-recherche-au-coeur-de-notre-derniere-visite-a-sept-iles\/#breadcrumb\"},\"inLanguage\":\"fr-CA\",\"potentialAction\":[{\"@type\":\"ReadAction\",\"target\":[\"https:\/\/www.uqac.ca\/uqactualites\/2023\/01\/31\/la-recherche-au-coeur-de-notre-derniere-visite-a-sept-iles\/\"]}]},{\"@type\":\"ImageObject\",\"inLanguage\":\"fr-CA\",\"@id\":\"https:\/\/www.uqac.ca\/uqactualites\/2023\/01\/31\/la-recherche-au-coeur-de-notre-derniere-visite-a-sept-iles\/#primaryimage\",\"url\":\"https:\/\/www.uqac.ca\/uqactualites\/wp-content\/uploads\/2023\/01\/NUM_SeptIles_FbkCouv851x315-02.jpg\",\"contentUrl\":\"https:\/\/www.uqac.ca\/uqactualites\/wp-content\/uploads\/2023\/01\/NUM_SeptIles_FbkCouv851x315-02.jpg\",\"width\":852,\"height\":361},{\"@type\":\"BreadcrumbList\",\"@id\":\"https:\/\/www.uqac.ca\/uqactualites\/2023\/01\/31\/la-recherche-au-coeur-de-notre-derniere-visite-a-sept-iles\/#breadcrumb\",\"itemListElement\":[{\"@type\":\"ListItem\",\"position\":1,\"name\":\"Home\",\"item\":\"https:\/\/www.uqac.ca\/uqactualites\/\"},{\"@type\":\"ListItem\",\"position\":2,\"name\":\"La recherche au c\u0153ur de notre derni\u00e8re visite \u00e0 Sept-\u00celes\"}]},{\"@type\":\"WebSite\",\"@id\":\"https:\/\/www.uqac.ca\/uqactualites\/#website\",\"url\":\"https:\/\/www.uqac.ca\/uqactualites\/\",\"name\":\"UQACtualit\u00e9s\",\"description\":\"Le portail des nouvelles de l&#039;UQAC\",\"potentialAction\":[{\"@type\":\"SearchAction\",\"target\":{\"@type\":\"EntryPoint\",\"urlTemplate\":\"https:\/\/www.uqac.ca\/uqactualites\/?s={search_term_string}\"},\"query-input\":{\"@type\":\"PropertyValueSpecification\",\"valueRequired\":true,\"valueName\":\"search_term_string\"}}],\"inLanguage\":\"fr-CA\"},{\"@type\":\"Person\",\"@id\":\"https:\/\/www.uqac.ca\/uqactualites\/#\/schema\/person\/ae2225f9f23eebff67a6e899225952fb\",\"name\":\"Ghislain Samson\",\"image\":{\"@type\":\"ImageObject\",\"inLanguage\":\"fr-CA\",\"@id\":\"https:\/\/www.uqac.ca\/uqactualites\/#\/schema\/person\/image\/\",\"url\":\"https:\/\/secure.gravatar.com\/avatar\/61ad9756d7707fefb25ed321388b2105?s=96&d=mm&r=g\",\"contentUrl\":\"https:\/\/secure.gravatar.com\/avatar\/61ad9756d7707fefb25ed321388b2105?s=96&d=mm&r=g\",\"caption\":\"Ghislain Samson\"},\"url\":\"https:\/\/www.uqac.ca\/uqactualites\/author\/gsamson\/\"}]}<\/script>\r\n<!-- \/ Yoast SEO plugin. -->","yoast_head_json":{"title":"La recherche au c\u0153ur de notre derni\u00e8re visite \u00e0 Sept-\u00celes - UQACtualit\u00e9s","robots":{"index":"index","follow":"follow","max-snippet":"max-snippet:-1","max-image-preview":"max-image-preview:large","max-video-preview":"max-video-preview:-1"},"canonical":"https:\/\/www.uqac.ca\/uqactualites\/2023\/01\/31\/la-recherche-au-coeur-de-notre-derniere-visite-a-sept-iles\/","og_locale":"fr_CA","og_type":"article","og_title":"La recherche au c\u0153ur de notre derni\u00e8re visite \u00e0 Sept-\u00celes - UQACtualit\u00e9s","og_description":"C\u2019est accompagn\u00e9 du vice-recteur \u00e0 la recherche, \u00e0 la cr\u00e9ation et \u00e0 l\u2019innovation, Mohamed Bouazara, de la cheffe des relations avec les Premi\u00e8res Nations, Danielle Rousselot, ainsi que de la directrice des Centres de formation, Guylaine Malaison, que je suis all\u00e9 \u00e0 la rencontre de nos partenaires de Sept-\u00celes les 17 et 18 janvier derniers. [&hellip;]","og_url":"https:\/\/www.uqac.ca\/uqactualites\/2023\/01\/31\/la-recherche-au-coeur-de-notre-derniere-visite-a-sept-iles\/","og_site_name":"UQACtualit\u00e9s","article_published_time":"2023-01-31T13:38:40+00:00","article_modified_time":"2023-10-23T13:38:56+00:00","og_image":[{"width":852,"height":361,"url":"https:\/\/www.uqac.ca\/uqactualites\/wp-content\/uploads\/2023\/01\/NUM_SeptIles_FbkCouv851x315-02.jpg","type":"image\/jpeg"}],"author":"Ghislain Samson","twitter_card":"summary_large_image","twitter_misc":{"\u00c9crit par":"Ghislain Samson","Estimation du temps de lecture":"2 minutes"},"schema":{"@context":"https:\/\/schema.org","@graph":[{"@type":"WebPage","@id":"https:\/\/www.uqac.ca\/uqactualites\/2023\/01\/31\/la-recherche-au-coeur-de-notre-derniere-visite-a-sept-iles\/","url":"https:\/\/www.uqac.ca\/uqactualites\/2023\/01\/31\/la-recherche-au-coeur-de-notre-derniere-visite-a-sept-iles\/","name":"La recherche au c\u0153ur de notre derni\u00e8re visite \u00e0 Sept-\u00celes - UQACtualit\u00e9s","isPartOf":{"@id":"https:\/\/www.uqac.ca\/uqactualites\/#website"},"primaryImageOfPage":{"@id":"https:\/\/www.uqac.ca\/uqactualites\/2023\/01\/31\/la-recherche-au-coeur-de-notre-derniere-visite-a-sept-iles\/#primaryimage"},"image":{"@id":"https:\/\/www.uqac.ca\/uqactualites\/2023\/01\/31\/la-recherche-au-coeur-de-notre-derniere-visite-a-sept-iles\/#primaryimage"},"thumbnailUrl":"https:\/\/www.uqac.ca\/uqactualites\/wp-content\/uploads\/2023\/01\/NUM_SeptIles_FbkCouv851x315-02.jpg","datePublished":"2023-01-31T13:38:40+00:00","dateModified":"2023-10-23T13:38:56+00:00","author":{"@id":"https:\/\/www.uqac.ca\/uqactualites\/#\/schema\/person\/ae2225f9f23eebff67a6e899225952fb"},"breadcrumb":{"@id":"https:\/\/www.uqac.ca\/uqactualites\/2023\/01\/31\/la-recherche-au-coeur-de-notre-derniere-visite-a-sept-iles\/#breadcrumb"},"inLanguage":"fr-CA","potentialAction":[{"@type":"ReadAction","target":["https:\/\/www.uqac.ca\/uqactualites\/2023\/01\/31\/la-recherche-au-coeur-de-notre-derniere-visite-a-sept-iles\/"]}]},{"@type":"ImageObject","inLanguage":"fr-CA","@id":"https:\/\/www.uqac.ca\/uqactualites\/2023\/01\/31\/la-recherche-au-coeur-de-notre-derniere-visite-a-sept-iles\/#primaryimage","url":"https:\/\/www.uqac.ca\/uqactualites\/wp-content\/uploads\/2023\/01\/NUM_SeptIles_FbkCouv851x315-02.jpg","contentUrl":"https:\/\/www.uqac.ca\/uqactualites\/wp-content\/uploads\/2023\/01\/NUM_SeptIles_FbkCouv851x315-02.jpg","width":852,"height":361},{"@type":"BreadcrumbList","@id":"https:\/\/www.uqac.ca\/uqactualites\/2023\/01\/31\/la-recherche-au-coeur-de-notre-derniere-visite-a-sept-iles\/#breadcrumb","itemListElement":[{"@type":"ListItem","position":1,"name":"Home","item":"https:\/\/www.uqac.ca\/uqactualites\/"},{"@type":"ListItem","position":2,"name":"La recherche au c\u0153ur de notre derni\u00e8re visite \u00e0 Sept-\u00celes"}]},{"@type":"WebSite","@id":"https:\/\/www.uqac.ca\/uqactualites\/#website","url":"https:\/\/www.uqac.ca\/uqactualites\/","name":"UQACtualit\u00e9s","description":"Le portail des nouvelles de l&#039;UQAC","potentialAction":[{"@type":"SearchAction","target":{"@type":"EntryPoint","urlTemplate":"https:\/\/www.uqac.ca\/uqactualites\/?s={search_term_string}"},"query-input":{"@type":"PropertyValueSpecification","valueRequired":true,"valueName":"search_term_string"}}],"inLanguage":"fr-CA"},{"@type":"Person","@id":"https:\/\/www.uqac.ca\/uqactualites\/#\/schema\/person\/ae2225f9f23eebff67a6e899225952fb","name":"Ghislain Samson","image":{"@type":"ImageObject","inLanguage":"fr-CA","@id":"https:\/\/www.uqac.ca\/uqactualites\/#\/schema\/person\/image\/","url":"https:\/\/secure.gravatar.com\/avatar\/61ad9756d7707fefb25ed321388b2105?s=96&d=mm&r=g","contentUrl":"https:\/\/secure.gravatar.com\/avatar\/61ad9756d7707fefb25ed321388b2105?s=96&d=mm&r=g","caption":"Ghislain Samson"},"url":"https:\/\/www.uqac.ca\/uqactualites\/author\/gsamson\/"}]}},"_links":{"self":[{"href":"https:\/\/www.uqac.ca\/uqactualites\/wp-json\/wp\/v2\/posts\/256"}],"collection":[{"href":"https:\/\/www.uqac.ca\/uqactualites\/wp-json\/wp\/v2\/posts"}],"about":[{"href":"https:\/\/www.uqac.ca\/uqactualites\/wp-json\/wp\/v2\/types\/post"}],"author":[{"embeddable":true,"href":"https:\/\/www.uqac.ca\/uqactualites\/wp-json\/wp\/v2\/users\/10"}],"replies":[{"embeddable":true,"href":"https:\/\/www.uqac.ca\/uqactualites\/wp-json\/wp\/v2\/comments?post=256"}],"version-history":[{"count":1,"href":"https:\/\/www.uqac.ca\/uqactualites\/wp-json\/wp\/v2\/posts\/256\/revisions"}],"predecessor-version":[{"id":44847,"href":"https:\/\/www.uqac.ca\/uqactualites\/wp-json\/wp\/v2\/posts\/256\/revisions\/44847"}],"wp:featuredmedia":[{"embeddable":true,"href":"https:\/\/www.uqac.ca\/uqactualites\/wp-json\/wp\/v2\/media\/257"}],"wp:attachment":[{"href":"https:\/\/www.uqac.ca\/uqactualites\/wp-json\/wp\/v2\/media?parent=256"}],"wp:term":[{"taxonomy":"category","embeddable":true,"href":"https:\/\/www.uqac.ca\/uqactualites\/wp-json\/wp\/v2\/categories?post=256"},{"taxonomy":"post_tag","embeddable":true,"href":"https:\/\/www.uqac.ca\/uqactualites\/wp-json\/wp\/v2\/tags?post=256"}],"curies":[{"name":"wp","href":"https:\/\/api.w.org\/{rel}","templated":true}]}}