{"id":25632,"date":"2013-09-06T11:15:11","date_gmt":"2013-09-06T15:15:11","guid":{"rendered":"http:\/\/uqactualite.odev.ca\/?p=25632"},"modified":"2013-09-06T11:15:11","modified_gmt":"2013-09-06T15:15:11","slug":"etienne-hebert-est-nomme-doyen-des-etudes","status":"publish","type":"post","link":"https:\/\/www.uqac.ca\/uqactualites\/2013\/09\/06\/etienne-hebert-est-nomme-doyen-des-etudes\/","title":{"rendered":"\u00c9tienne H\u00e9bert est nomm\u00e9 doyen des \u00e9tudes"},"content":{"rendered":"<p style=\"text-align: justify\">Les membres du Conseil d\u2019administration de l\u2019UQAC ont proc\u00e9d\u00e9, lors de leur rencontre du 3 septembre 2013, \u00e0 la nomination de monsieur \u00c9tienne H\u00e9bert au poste de doyen des \u00e9tudes.<\/p>\n<p style=\"text-align: justify\">Monsieur H\u00e9bert, qui est professeur \u00e0 l\u2019UQAC depuis 2004, \u00e9tait jusqu\u2019\u00e0 sa r\u00e9cente nomination directeur du D\u00e9partement des sciences de la sant\u00e9. Son mandat en tant que doyen des \u00e9tudes, d\u2019une dur\u00e9e de quatre ans, s\u2019amor\u00e7ait le 4 septembre dernier et se poursuivra jusqu\u2019au 3 septembre 2017.<\/p>\n<p>Nous souhaitons \u00e0 monsieur H\u00e9bert tout le succ\u00e8s d\u00e9sir\u00e9.<\/p>\n<p><b><br \/>\n<span style=\"color: #808080\">________________________________________________________________________________________<\/span><\/b><\/p>\n<p><span style=\"color: #808080\"><b>Photo\u00a0: <\/b>\u00c9tienne H\u00e9bert<\/span><br \/>\n<span style=\"color: #808080\"><b>Photographie\u00a0:<\/b> Gracieuset\u00e9<\/span><br \/>\n<span style=\"color: #808080\">________________________________________________________________________________________<\/span><\/p>\n","protected":false},"excerpt":{"rendered":"<p>Les membres du Conseil d\u2019administration de l\u2019UQAC ont proc\u00e9d\u00e9, lors de leur rencontre du 3 septembre 2013, \u00e0 la nomination de monsieur \u00c9tienne H\u00e9bert au poste de doyen des \u00e9tudes. Monsieur H\u00e9bert, qui est professeur \u00e0 l\u2019UQAC depuis 2004, \u00e9tait jusqu\u2019\u00e0 sa r\u00e9cente nomination directeur du D\u00e9partement des sciences de la sant\u00e9. Son mandat en [&hellip;]<\/p>\n","protected":false},"author":5,"featured_media":25633,"comment_status":"open","ping_status":"open","sticky":false,"template":"","format":"standard","meta":{"footnotes":""},"categories":[2,15],"tags":[2241,1554,1458,448,1459,53],"yoast_head":"<!-- This site is optimized with the Yoast SEO plugin v24.2 - https:\/\/yoast.com\/wordpress\/plugins\/seo\/ -->\r\n<title>\u00c9tienne H\u00e9bert est nomm\u00e9 doyen des \u00e9tudes - UQACtualit\u00e9s<\/title>\r\n<meta name=\"robots\" content=\"index, follow, max-snippet:-1, max-image-preview:large, max-video-preview:-1\" \/>\r\n<link rel=\"canonical\" href=\"https:\/\/www.uqac.ca\/uqactualites\/2013\/09\/06\/etienne-hebert-est-nomme-doyen-des-etudes\/\" \/>\r\n<meta property=\"og:locale\" content=\"fr_CA\" \/>\r\n<meta property=\"og:type\" content=\"article\" \/>\r\n<meta property=\"og:title\" content=\"\u00c9tienne H\u00e9bert est nomm\u00e9 doyen des \u00e9tudes - UQACtualit\u00e9s\" \/>\r\n<meta property=\"og:description\" content=\"Les membres du Conseil d\u2019administration de l\u2019UQAC ont proc\u00e9d\u00e9, lors de leur rencontre du 3 septembre 2013, \u00e0 la nomination de monsieur \u00c9tienne H\u00e9bert au poste de doyen des \u00e9tudes. Monsieur H\u00e9bert, qui est professeur \u00e0 l\u2019UQAC depuis 2004, \u00e9tait jusqu\u2019\u00e0 sa r\u00e9cente nomination directeur du D\u00e9partement des sciences de la sant\u00e9. Son mandat en [&hellip;]\" \/>\r\n<meta property=\"og:url\" content=\"https:\/\/www.uqac.ca\/uqactualites\/2013\/09\/06\/etienne-hebert-est-nomme-doyen-des-etudes\/\" \/>\r\n<meta property=\"og:site_name\" content=\"UQACtualit\u00e9s\" \/>\r\n<meta property=\"article:published_time\" content=\"2013-09-06T15:15:11+00:00\" \/>\r\n<meta property=\"og:image\" content=\"https:\/\/www.uqac.ca\/uqactualites\/wp-content\/uploads\/2013\/09\/tienne-H\u00e9bert-Web-\u00a9Gracieuset\u00e9-copie.jpg\" \/>\r\n\t<meta property=\"og:image:width\" content=\"620\" \/>\r\n\t<meta property=\"og:image:height\" content=\"300\" \/>\r\n\t<meta property=\"og:image:type\" content=\"image\/jpeg\" \/>\r\n<meta name=\"author\" content=\"Service des communications et des relations publiques\" \/>\r\n<meta name=\"twitter:card\" content=\"summary_large_image\" \/>\r\n<meta name=\"twitter:label1\" content=\"\u00c9crit par\" \/>\n\t<meta name=\"twitter:data1\" content=\"Service des communications et des relations publiques\" \/>\r\n<script type=\"application\/ld+json\" class=\"yoast-schema-graph\">{\"@context\":\"https:\/\/schema.org\",\"@graph\":[{\"@type\":\"WebPage\",\"@id\":\"https:\/\/www.uqac.ca\/uqactualites\/2013\/09\/06\/etienne-hebert-est-nomme-doyen-des-etudes\/\",\"url\":\"https:\/\/www.uqac.ca\/uqactualites\/2013\/09\/06\/etienne-hebert-est-nomme-doyen-des-etudes\/\",\"name\":\"\u00c9tienne H\u00e9bert est nomm\u00e9 doyen des \u00e9tudes - UQACtualit\u00e9s\",\"isPartOf\":{\"@id\":\"https:\/\/www.uqac.ca\/uqactualites\/#website\"},\"primaryImageOfPage\":{\"@id\":\"https:\/\/www.uqac.ca\/uqactualites\/2013\/09\/06\/etienne-hebert-est-nomme-doyen-des-etudes\/#primaryimage\"},\"image\":{\"@id\":\"https:\/\/www.uqac.ca\/uqactualites\/2013\/09\/06\/etienne-hebert-est-nomme-doyen-des-etudes\/#primaryimage\"},\"thumbnailUrl\":\"https:\/\/www.uqac.ca\/uqactualites\/wp-content\/uploads\/2013\/09\/tienne-H\u00e9bert-Web-\u00a9Gracieuset\u00e9-copie.jpg\",\"datePublished\":\"2013-09-06T15:15:11+00:00\",\"dateModified\":\"2013-09-06T15:15:11+00:00\",\"author\":{\"@id\":\"https:\/\/www.uqac.ca\/uqactualites\/#\/schema\/person\/366c45a0c4f0e677b41b4af5886e2018\"},\"breadcrumb\":{\"@id\":\"https:\/\/www.uqac.ca\/uqactualites\/2013\/09\/06\/etienne-hebert-est-nomme-doyen-des-etudes\/#breadcrumb\"},\"inLanguage\":\"fr-CA\",\"potentialAction\":[{\"@type\":\"ReadAction\",\"target\":[\"https:\/\/www.uqac.ca\/uqactualites\/2013\/09\/06\/etienne-hebert-est-nomme-doyen-des-etudes\/\"]}]},{\"@type\":\"ImageObject\",\"inLanguage\":\"fr-CA\",\"@id\":\"https:\/\/www.uqac.ca\/uqactualites\/2013\/09\/06\/etienne-hebert-est-nomme-doyen-des-etudes\/#primaryimage\",\"url\":\"https:\/\/www.uqac.ca\/uqactualites\/wp-content\/uploads\/2013\/09\/tienne-H\u00e9bert-Web-\u00a9Gracieuset\u00e9-copie.jpg\",\"contentUrl\":\"https:\/\/www.uqac.ca\/uqactualites\/wp-content\/uploads\/2013\/09\/tienne-H\u00e9bert-Web-\u00a9Gracieuset\u00e9-copie.jpg\",\"width\":620,\"height\":300},{\"@type\":\"BreadcrumbList\",\"@id\":\"https:\/\/www.uqac.ca\/uqactualites\/2013\/09\/06\/etienne-hebert-est-nomme-doyen-des-etudes\/#breadcrumb\",\"itemListElement\":[{\"@type\":\"ListItem\",\"position\":1,\"name\":\"Home\",\"item\":\"https:\/\/www.uqac.ca\/uqactualites\/\"},{\"@type\":\"ListItem\",\"position\":2,\"name\":\"\u00c9tienne H\u00e9bert est nomm\u00e9 doyen des \u00e9tudes\"}]},{\"@type\":\"WebSite\",\"@id\":\"https:\/\/www.uqac.ca\/uqactualites\/#website\",\"url\":\"https:\/\/www.uqac.ca\/uqactualites\/\",\"name\":\"UQACtualit\u00e9s\",\"description\":\"Le portail des nouvelles de l&#039;UQAC\",\"potentialAction\":[{\"@type\":\"SearchAction\",\"target\":{\"@type\":\"EntryPoint\",\"urlTemplate\":\"https:\/\/www.uqac.ca\/uqactualites\/?s={search_term_string}\"},\"query-input\":{\"@type\":\"PropertyValueSpecification\",\"valueRequired\":true,\"valueName\":\"search_term_string\"}}],\"inLanguage\":\"fr-CA\"},{\"@type\":\"Person\",\"@id\":\"https:\/\/www.uqac.ca\/uqactualites\/#\/schema\/person\/366c45a0c4f0e677b41b4af5886e2018\",\"name\":\"Service des communications et des relations publiques\",\"image\":{\"@type\":\"ImageObject\",\"inLanguage\":\"fr-CA\",\"@id\":\"https:\/\/www.uqac.ca\/uqactualites\/#\/schema\/person\/image\/\",\"url\":\"https:\/\/secure.gravatar.com\/avatar\/20fbbda8a292f59f2d3461a5b999c00b?s=96&d=mm&r=g\",\"contentUrl\":\"https:\/\/secure.gravatar.com\/avatar\/20fbbda8a292f59f2d3461a5b999c00b?s=96&d=mm&r=g\",\"caption\":\"Service des communications et des relations publiques\"},\"url\":\"https:\/\/www.uqac.ca\/uqactualites\/author\/bap\/\"}]}<\/script>\r\n<!-- \/ Yoast SEO plugin. -->","yoast_head_json":{"title":"\u00c9tienne H\u00e9bert est nomm\u00e9 doyen des \u00e9tudes - UQACtualit\u00e9s","robots":{"index":"index","follow":"follow","max-snippet":"max-snippet:-1","max-image-preview":"max-image-preview:large","max-video-preview":"max-video-preview:-1"},"canonical":"https:\/\/www.uqac.ca\/uqactualites\/2013\/09\/06\/etienne-hebert-est-nomme-doyen-des-etudes\/","og_locale":"fr_CA","og_type":"article","og_title":"\u00c9tienne H\u00e9bert est nomm\u00e9 doyen des \u00e9tudes - UQACtualit\u00e9s","og_description":"Les membres du Conseil d\u2019administration de l\u2019UQAC ont proc\u00e9d\u00e9, lors de leur rencontre du 3 septembre 2013, \u00e0 la nomination de monsieur \u00c9tienne H\u00e9bert au poste de doyen des \u00e9tudes. Monsieur H\u00e9bert, qui est professeur \u00e0 l\u2019UQAC depuis 2004, \u00e9tait jusqu\u2019\u00e0 sa r\u00e9cente nomination directeur du D\u00e9partement des sciences de la sant\u00e9. Son mandat en [&hellip;]","og_url":"https:\/\/www.uqac.ca\/uqactualites\/2013\/09\/06\/etienne-hebert-est-nomme-doyen-des-etudes\/","og_site_name":"UQACtualit\u00e9s","article_published_time":"2013-09-06T15:15:11+00:00","og_image":[{"width":620,"height":300,"url":"https:\/\/www.uqac.ca\/uqactualites\/wp-content\/uploads\/2013\/09\/tienne-H\u00e9bert-Web-\u00a9Gracieuset\u00e9-copie.jpg","type":"image\/jpeg"}],"author":"Service des communications et des relations publiques","twitter_card":"summary_large_image","twitter_misc":{"\u00c9crit par":"Service des communications et des relations publiques"},"schema":{"@context":"https:\/\/schema.org","@graph":[{"@type":"WebPage","@id":"https:\/\/www.uqac.ca\/uqactualites\/2013\/09\/06\/etienne-hebert-est-nomme-doyen-des-etudes\/","url":"https:\/\/www.uqac.ca\/uqactualites\/2013\/09\/06\/etienne-hebert-est-nomme-doyen-des-etudes\/","name":"\u00c9tienne H\u00e9bert est nomm\u00e9 doyen des \u00e9tudes - UQACtualit\u00e9s","isPartOf":{"@id":"https:\/\/www.uqac.ca\/uqactualites\/#website"},"primaryImageOfPage":{"@id":"https:\/\/www.uqac.ca\/uqactualites\/2013\/09\/06\/etienne-hebert-est-nomme-doyen-des-etudes\/#primaryimage"},"image":{"@id":"https:\/\/www.uqac.ca\/uqactualites\/2013\/09\/06\/etienne-hebert-est-nomme-doyen-des-etudes\/#primaryimage"},"thumbnailUrl":"https:\/\/www.uqac.ca\/uqactualites\/wp-content\/uploads\/2013\/09\/tienne-H\u00e9bert-Web-\u00a9Gracieuset\u00e9-copie.jpg","datePublished":"2013-09-06T15:15:11+00:00","dateModified":"2013-09-06T15:15:11+00:00","author":{"@id":"https:\/\/www.uqac.ca\/uqactualites\/#\/schema\/person\/366c45a0c4f0e677b41b4af5886e2018"},"breadcrumb":{"@id":"https:\/\/www.uqac.ca\/uqactualites\/2013\/09\/06\/etienne-hebert-est-nomme-doyen-des-etudes\/#breadcrumb"},"inLanguage":"fr-CA","potentialAction":[{"@type":"ReadAction","target":["https:\/\/www.uqac.ca\/uqactualites\/2013\/09\/06\/etienne-hebert-est-nomme-doyen-des-etudes\/"]}]},{"@type":"ImageObject","inLanguage":"fr-CA","@id":"https:\/\/www.uqac.ca\/uqactualites\/2013\/09\/06\/etienne-hebert-est-nomme-doyen-des-etudes\/#primaryimage","url":"https:\/\/www.uqac.ca\/uqactualites\/wp-content\/uploads\/2013\/09\/tienne-H\u00e9bert-Web-\u00a9Gracieuset\u00e9-copie.jpg","contentUrl":"https:\/\/www.uqac.ca\/uqactualites\/wp-content\/uploads\/2013\/09\/tienne-H\u00e9bert-Web-\u00a9Gracieuset\u00e9-copie.jpg","width":620,"height":300},{"@type":"BreadcrumbList","@id":"https:\/\/www.uqac.ca\/uqactualites\/2013\/09\/06\/etienne-hebert-est-nomme-doyen-des-etudes\/#breadcrumb","itemListElement":[{"@type":"ListItem","position":1,"name":"Home","item":"https:\/\/www.uqac.ca\/uqactualites\/"},{"@type":"ListItem","position":2,"name":"\u00c9tienne H\u00e9bert est nomm\u00e9 doyen des \u00e9tudes"}]},{"@type":"WebSite","@id":"https:\/\/www.uqac.ca\/uqactualites\/#website","url":"https:\/\/www.uqac.ca\/uqactualites\/","name":"UQACtualit\u00e9s","description":"Le portail des nouvelles de l&#039;UQAC","potentialAction":[{"@type":"SearchAction","target":{"@type":"EntryPoint","urlTemplate":"https:\/\/www.uqac.ca\/uqactualites\/?s={search_term_string}"},"query-input":{"@type":"PropertyValueSpecification","valueRequired":true,"valueName":"search_term_string"}}],"inLanguage":"fr-CA"},{"@type":"Person","@id":"https:\/\/www.uqac.ca\/uqactualites\/#\/schema\/person\/366c45a0c4f0e677b41b4af5886e2018","name":"Service des communications et des relations publiques","image":{"@type":"ImageObject","inLanguage":"fr-CA","@id":"https:\/\/www.uqac.ca\/uqactualites\/#\/schema\/person\/image\/","url":"https:\/\/secure.gravatar.com\/avatar\/20fbbda8a292f59f2d3461a5b999c00b?s=96&d=mm&r=g","contentUrl":"https:\/\/secure.gravatar.com\/avatar\/20fbbda8a292f59f2d3461a5b999c00b?s=96&d=mm&r=g","caption":"Service des communications et des relations publiques"},"url":"https:\/\/www.uqac.ca\/uqactualites\/author\/bap\/"}]}},"_links":{"self":[{"href":"https:\/\/www.uqac.ca\/uqactualites\/wp-json\/wp\/v2\/posts\/25632"}],"collection":[{"href":"https:\/\/www.uqac.ca\/uqactualites\/wp-json\/wp\/v2\/posts"}],"about":[{"href":"https:\/\/www.uqac.ca\/uqactualites\/wp-json\/wp\/v2\/types\/post"}],"author":[{"embeddable":true,"href":"https:\/\/www.uqac.ca\/uqactualites\/wp-json\/wp\/v2\/users\/5"}],"replies":[{"embeddable":true,"href":"https:\/\/www.uqac.ca\/uqactualites\/wp-json\/wp\/v2\/comments?post=25632"}],"version-history":[{"count":0,"href":"https:\/\/www.uqac.ca\/uqactualites\/wp-json\/wp\/v2\/posts\/25632\/revisions"}],"wp:featuredmedia":[{"embeddable":true,"href":"https:\/\/www.uqac.ca\/uqactualites\/wp-json\/wp\/v2\/media\/25633"}],"wp:attachment":[{"href":"https:\/\/www.uqac.ca\/uqactualites\/wp-json\/wp\/v2\/media?parent=25632"}],"wp:term":[{"taxonomy":"category","embeddable":true,"href":"https:\/\/www.uqac.ca\/uqactualites\/wp-json\/wp\/v2\/categories?post=25632"},{"taxonomy":"post_tag","embeddable":true,"href":"https:\/\/www.uqac.ca\/uqactualites\/wp-json\/wp\/v2\/tags?post=25632"}],"curies":[{"name":"wp","href":"https:\/\/api.w.org\/{rel}","templated":true}]}}