{"id":25691,"date":"2013-09-10T14:39:34","date_gmt":"2013-09-10T18:39:34","guid":{"rendered":"http:\/\/uqactualite.odev.ca\/?p=25691"},"modified":"2013-09-10T14:39:34","modified_gmt":"2013-09-10T18:39:34","slug":"la-bibliotheque-paul-emile-boulet-propose-une-formation-dinitiation-a-la-recherche-2","status":"publish","type":"post","link":"https:\/\/www.uqac.ca\/uqactualites\/2013\/09\/10\/la-bibliotheque-paul-emile-boulet-propose-une-formation-dinitiation-a-la-recherche-2\/","title":{"rendered":"La biblioth\u00e8que Paul-\u00c9mile-Boulet propose une formation d\u2019initiation \u00e0 la recherche"},"content":{"rendered":"<p style=\"text-align: justify\">La biblioth\u00e8que Paul-\u00c9mile-Boulet propose la formation \u00ab\u00a0Initiation \u00e0 la recherche\u00a0\u00bb\u00a0:<\/p>\n<p style=\"text-align: center\" align=\"center\"><span style=\"color: #5a7411\"><b>Jeudi 12 septembre 2013\u00a0 <\/b><b>\u25aa<\/b><b>\u00a0 11\u00a0h \u00e0 12\u00a0h<\/b><\/span><br \/>\n<span style=\"color: #5a7411\">Local P2-8170<\/span><\/p>\n<p style=\"text-align: justify\"><b>Sujets abord\u00e9s<\/b><\/p>\n<ul style=\"text-align: justify\">\n<li>Identification de ses besoins documentaires<\/li>\n<li>D\u00e9finition de son sujet de recherche<\/li>\n<li>Op\u00e9rateurs logiques et bool\u00e9ens<\/li>\n<li>Mod\u00e8le de plan de concept (question de recherche, concepts, synonymes et traduction)<\/li>\n<li>Rep\u00e9rage des sources disponibles (catalogue, base de donn\u00e9es)<\/li>\n<li>D\u00e9finition des diff\u00e9rents types de documents disponibles<\/li>\n<li>Meilleure utilisation du Web<\/li>\n<li>\u00c9valuation de la pertinence de l&rsquo;information<\/li>\n<li>Citation des sources de fa\u00e7on correcte afin d&rsquo;\u00e9viter le plagiat<\/li>\n<\/ul>\n<p style=\"text-align: justify\"><span style=\"color: #5a7411\"><b><a href=\"http:\/\/bibvir2.uqac.ca\/ateliers\/inscription.php?id=20\" target=\"_blank\" rel=\"noopener\"><span style=\"color: #5a7411\">Inscrivez-vous en ligne<\/span><\/a><\/b><\/span> d\u00e8s maintenant!<\/p>\n<p style=\"text-align: justify\"><b><br \/>\nRenseignements\u00a0:<\/b><br \/>\nNadia Villeneuve, conseill\u00e8re en information documentaire<br \/>\nBiblioth\u00e8que Paul-\u00c9mile-Boulet<br \/>\nUniversit\u00e9 du Qu\u00e9bec \u00e0 Chicoutimi<br \/>\n418 545-5011, poste\u00a02305\u00a0 \u25aa\u00a0 <span style=\"color: #5a7411\"><a href=\"mailto:nadia1_villeneuve@uqac.ca\"><span style=\"color: #5a7411\">nadia1_villeneuve@uqac.ca<\/span><\/a><\/span><\/p>\n","protected":false},"excerpt":{"rendered":"<p>La biblioth\u00e8que Paul-\u00c9mile-Boulet propose la formation \u00ab\u00a0Initiation \u00e0 la recherche\u00a0\u00bb\u00a0: Jeudi 12 septembre 2013\u00a0 \u25aa\u00a0 11\u00a0h \u00e0 12\u00a0h Local P2-8170 Sujets abord\u00e9s Identification de ses besoins documentaires D\u00e9finition de son sujet de recherche Op\u00e9rateurs logiques et bool\u00e9ens Mod\u00e8le de plan de concept (question de recherche, concepts, synonymes et traduction) Rep\u00e9rage des sources disponibles (catalogue, base [&hellip;]<\/p>\n","protected":false},"author":5,"featured_media":20989,"comment_status":"closed","ping_status":"open","sticky":false,"template":"","format":"standard","meta":{"footnotes":""},"categories":[2772],"tags":[245,339,991,453,16],"yoast_head":"<!-- This site is optimized with the Yoast SEO plugin v24.2 - https:\/\/yoast.com\/wordpress\/plugins\/seo\/ -->\r\n<title>La biblioth\u00e8que Paul-\u00c9mile-Boulet propose une formation d\u2019initiation \u00e0 la recherche - UQACtualit\u00e9s<\/title>\r\n<meta name=\"robots\" content=\"index, follow, max-snippet:-1, max-image-preview:large, max-video-preview:-1\" \/>\r\n<link rel=\"canonical\" href=\"https:\/\/www.uqac.ca\/uqactualites\/2013\/09\/10\/la-bibliotheque-paul-emile-boulet-propose-une-formation-dinitiation-a-la-recherche-2\/\" \/>\r\n<meta property=\"og:locale\" content=\"fr_CA\" \/>\r\n<meta property=\"og:type\" content=\"article\" \/>\r\n<meta property=\"og:title\" content=\"La biblioth\u00e8que Paul-\u00c9mile-Boulet propose une formation d\u2019initiation \u00e0 la recherche - UQACtualit\u00e9s\" \/>\r\n<meta property=\"og:description\" content=\"La biblioth\u00e8que Paul-\u00c9mile-Boulet propose la formation \u00ab\u00a0Initiation \u00e0 la recherche\u00a0\u00bb\u00a0: Jeudi 12 septembre 2013\u00a0 \u25aa\u00a0 11\u00a0h \u00e0 12\u00a0h Local P2-8170 Sujets abord\u00e9s Identification de ses besoins documentaires D\u00e9finition de son sujet de recherche Op\u00e9rateurs logiques et bool\u00e9ens Mod\u00e8le de plan de concept (question de recherche, concepts, synonymes et traduction) Rep\u00e9rage des sources disponibles (catalogue, base [&hellip;]\" \/>\r\n<meta property=\"og:url\" content=\"https:\/\/www.uqac.ca\/uqactualites\/2013\/09\/10\/la-bibliotheque-paul-emile-boulet-propose-une-formation-dinitiation-a-la-recherche-2\/\" \/>\r\n<meta property=\"og:site_name\" content=\"UQACtualit\u00e9s\" \/>\r\n<meta property=\"article:published_time\" content=\"2013-09-10T18:39:34+00:00\" \/>\r\n<meta property=\"og:image\" content=\"https:\/\/www.uqac.ca\/uqactualites\/wp-content\/uploads\/2012\/05\/avis-laCommunaut-.jpg\" \/>\r\n\t<meta property=\"og:image:width\" content=\"620\" \/>\r\n\t<meta property=\"og:image:height\" content=\"300\" \/>\r\n\t<meta property=\"og:image:type\" content=\"image\/jpeg\" \/>\r\n<meta name=\"author\" content=\"Service des communications et des relations publiques\" \/>\r\n<meta name=\"twitter:card\" content=\"summary_large_image\" \/>\r\n<meta name=\"twitter:label1\" content=\"\u00c9crit par\" \/>\n\t<meta name=\"twitter:data1\" content=\"Service des communications et des relations publiques\" \/>\n\t<meta name=\"twitter:label2\" content=\"Estimation du temps de lecture\" \/>\n\t<meta name=\"twitter:data2\" content=\"1 minute\" \/>\r\n<script type=\"application\/ld+json\" class=\"yoast-schema-graph\">{\"@context\":\"https:\/\/schema.org\",\"@graph\":[{\"@type\":\"WebPage\",\"@id\":\"https:\/\/www.uqac.ca\/uqactualites\/2013\/09\/10\/la-bibliotheque-paul-emile-boulet-propose-une-formation-dinitiation-a-la-recherche-2\/\",\"url\":\"https:\/\/www.uqac.ca\/uqactualites\/2013\/09\/10\/la-bibliotheque-paul-emile-boulet-propose-une-formation-dinitiation-a-la-recherche-2\/\",\"name\":\"La biblioth\u00e8que Paul-\u00c9mile-Boulet propose une formation d\u2019initiation \u00e0 la recherche - UQACtualit\u00e9s\",\"isPartOf\":{\"@id\":\"https:\/\/www.uqac.ca\/uqactualites\/#website\"},\"primaryImageOfPage\":{\"@id\":\"https:\/\/www.uqac.ca\/uqactualites\/2013\/09\/10\/la-bibliotheque-paul-emile-boulet-propose-une-formation-dinitiation-a-la-recherche-2\/#primaryimage\"},\"image\":{\"@id\":\"https:\/\/www.uqac.ca\/uqactualites\/2013\/09\/10\/la-bibliotheque-paul-emile-boulet-propose-une-formation-dinitiation-a-la-recherche-2\/#primaryimage\"},\"thumbnailUrl\":\"https:\/\/www.uqac.ca\/uqactualites\/wp-content\/uploads\/2012\/05\/avis-laCommunaut-.jpg\",\"datePublished\":\"2013-09-10T18:39:34+00:00\",\"dateModified\":\"2013-09-10T18:39:34+00:00\",\"author\":{\"@id\":\"https:\/\/www.uqac.ca\/uqactualites\/#\/schema\/person\/366c45a0c4f0e677b41b4af5886e2018\"},\"breadcrumb\":{\"@id\":\"https:\/\/www.uqac.ca\/uqactualites\/2013\/09\/10\/la-bibliotheque-paul-emile-boulet-propose-une-formation-dinitiation-a-la-recherche-2\/#breadcrumb\"},\"inLanguage\":\"fr-CA\",\"potentialAction\":[{\"@type\":\"ReadAction\",\"target\":[\"https:\/\/www.uqac.ca\/uqactualites\/2013\/09\/10\/la-bibliotheque-paul-emile-boulet-propose-une-formation-dinitiation-a-la-recherche-2\/\"]}]},{\"@type\":\"ImageObject\",\"inLanguage\":\"fr-CA\",\"@id\":\"https:\/\/www.uqac.ca\/uqactualites\/2013\/09\/10\/la-bibliotheque-paul-emile-boulet-propose-une-formation-dinitiation-a-la-recherche-2\/#primaryimage\",\"url\":\"https:\/\/www.uqac.ca\/uqactualites\/wp-content\/uploads\/2012\/05\/avis-laCommunaut-.jpg\",\"contentUrl\":\"https:\/\/www.uqac.ca\/uqactualites\/wp-content\/uploads\/2012\/05\/avis-laCommunaut-.jpg\",\"width\":620,\"height\":300},{\"@type\":\"BreadcrumbList\",\"@id\":\"https:\/\/www.uqac.ca\/uqactualites\/2013\/09\/10\/la-bibliotheque-paul-emile-boulet-propose-une-formation-dinitiation-a-la-recherche-2\/#breadcrumb\",\"itemListElement\":[{\"@type\":\"ListItem\",\"position\":1,\"name\":\"Home\",\"item\":\"https:\/\/www.uqac.ca\/uqactualites\/\"},{\"@type\":\"ListItem\",\"position\":2,\"name\":\"La biblioth\u00e8que Paul-\u00c9mile-Boulet propose une formation d\u2019initiation \u00e0 la recherche\"}]},{\"@type\":\"WebSite\",\"@id\":\"https:\/\/www.uqac.ca\/uqactualites\/#website\",\"url\":\"https:\/\/www.uqac.ca\/uqactualites\/\",\"name\":\"UQACtualit\u00e9s\",\"description\":\"Le portail des nouvelles de l&#039;UQAC\",\"potentialAction\":[{\"@type\":\"SearchAction\",\"target\":{\"@type\":\"EntryPoint\",\"urlTemplate\":\"https:\/\/www.uqac.ca\/uqactualites\/?s={search_term_string}\"},\"query-input\":{\"@type\":\"PropertyValueSpecification\",\"valueRequired\":true,\"valueName\":\"search_term_string\"}}],\"inLanguage\":\"fr-CA\"},{\"@type\":\"Person\",\"@id\":\"https:\/\/www.uqac.ca\/uqactualites\/#\/schema\/person\/366c45a0c4f0e677b41b4af5886e2018\",\"name\":\"Service des communications et des relations publiques\",\"image\":{\"@type\":\"ImageObject\",\"inLanguage\":\"fr-CA\",\"@id\":\"https:\/\/www.uqac.ca\/uqactualites\/#\/schema\/person\/image\/\",\"url\":\"https:\/\/secure.gravatar.com\/avatar\/20fbbda8a292f59f2d3461a5b999c00b?s=96&d=mm&r=g\",\"contentUrl\":\"https:\/\/secure.gravatar.com\/avatar\/20fbbda8a292f59f2d3461a5b999c00b?s=96&d=mm&r=g\",\"caption\":\"Service des communications et des relations publiques\"},\"url\":\"https:\/\/www.uqac.ca\/uqactualites\/author\/bap\/\"}]}<\/script>\r\n<!-- \/ Yoast SEO plugin. -->","yoast_head_json":{"title":"La biblioth\u00e8que Paul-\u00c9mile-Boulet propose une formation d\u2019initiation \u00e0 la recherche - UQACtualit\u00e9s","robots":{"index":"index","follow":"follow","max-snippet":"max-snippet:-1","max-image-preview":"max-image-preview:large","max-video-preview":"max-video-preview:-1"},"canonical":"https:\/\/www.uqac.ca\/uqactualites\/2013\/09\/10\/la-bibliotheque-paul-emile-boulet-propose-une-formation-dinitiation-a-la-recherche-2\/","og_locale":"fr_CA","og_type":"article","og_title":"La biblioth\u00e8que Paul-\u00c9mile-Boulet propose une formation d\u2019initiation \u00e0 la recherche - UQACtualit\u00e9s","og_description":"La biblioth\u00e8que Paul-\u00c9mile-Boulet propose la formation \u00ab\u00a0Initiation \u00e0 la recherche\u00a0\u00bb\u00a0: Jeudi 12 septembre 2013\u00a0 \u25aa\u00a0 11\u00a0h \u00e0 12\u00a0h Local P2-8170 Sujets abord\u00e9s Identification de ses besoins documentaires D\u00e9finition de son sujet de recherche Op\u00e9rateurs logiques et bool\u00e9ens Mod\u00e8le de plan de concept (question de recherche, concepts, synonymes et traduction) Rep\u00e9rage des sources disponibles (catalogue, base [&hellip;]","og_url":"https:\/\/www.uqac.ca\/uqactualites\/2013\/09\/10\/la-bibliotheque-paul-emile-boulet-propose-une-formation-dinitiation-a-la-recherche-2\/","og_site_name":"UQACtualit\u00e9s","article_published_time":"2013-09-10T18:39:34+00:00","og_image":[{"width":620,"height":300,"url":"https:\/\/www.uqac.ca\/uqactualites\/wp-content\/uploads\/2012\/05\/avis-laCommunaut-.jpg","type":"image\/jpeg"}],"author":"Service des communications et des relations publiques","twitter_card":"summary_large_image","twitter_misc":{"\u00c9crit par":"Service des communications et des relations publiques","Estimation du temps de lecture":"1 minute"},"schema":{"@context":"https:\/\/schema.org","@graph":[{"@type":"WebPage","@id":"https:\/\/www.uqac.ca\/uqactualites\/2013\/09\/10\/la-bibliotheque-paul-emile-boulet-propose-une-formation-dinitiation-a-la-recherche-2\/","url":"https:\/\/www.uqac.ca\/uqactualites\/2013\/09\/10\/la-bibliotheque-paul-emile-boulet-propose-une-formation-dinitiation-a-la-recherche-2\/","name":"La biblioth\u00e8que Paul-\u00c9mile-Boulet propose une formation d\u2019initiation \u00e0 la recherche - UQACtualit\u00e9s","isPartOf":{"@id":"https:\/\/www.uqac.ca\/uqactualites\/#website"},"primaryImageOfPage":{"@id":"https:\/\/www.uqac.ca\/uqactualites\/2013\/09\/10\/la-bibliotheque-paul-emile-boulet-propose-une-formation-dinitiation-a-la-recherche-2\/#primaryimage"},"image":{"@id":"https:\/\/www.uqac.ca\/uqactualites\/2013\/09\/10\/la-bibliotheque-paul-emile-boulet-propose-une-formation-dinitiation-a-la-recherche-2\/#primaryimage"},"thumbnailUrl":"https:\/\/www.uqac.ca\/uqactualites\/wp-content\/uploads\/2012\/05\/avis-laCommunaut-.jpg","datePublished":"2013-09-10T18:39:34+00:00","dateModified":"2013-09-10T18:39:34+00:00","author":{"@id":"https:\/\/www.uqac.ca\/uqactualites\/#\/schema\/person\/366c45a0c4f0e677b41b4af5886e2018"},"breadcrumb":{"@id":"https:\/\/www.uqac.ca\/uqactualites\/2013\/09\/10\/la-bibliotheque-paul-emile-boulet-propose-une-formation-dinitiation-a-la-recherche-2\/#breadcrumb"},"inLanguage":"fr-CA","potentialAction":[{"@type":"ReadAction","target":["https:\/\/www.uqac.ca\/uqactualites\/2013\/09\/10\/la-bibliotheque-paul-emile-boulet-propose-une-formation-dinitiation-a-la-recherche-2\/"]}]},{"@type":"ImageObject","inLanguage":"fr-CA","@id":"https:\/\/www.uqac.ca\/uqactualites\/2013\/09\/10\/la-bibliotheque-paul-emile-boulet-propose-une-formation-dinitiation-a-la-recherche-2\/#primaryimage","url":"https:\/\/www.uqac.ca\/uqactualites\/wp-content\/uploads\/2012\/05\/avis-laCommunaut-.jpg","contentUrl":"https:\/\/www.uqac.ca\/uqactualites\/wp-content\/uploads\/2012\/05\/avis-laCommunaut-.jpg","width":620,"height":300},{"@type":"BreadcrumbList","@id":"https:\/\/www.uqac.ca\/uqactualites\/2013\/09\/10\/la-bibliotheque-paul-emile-boulet-propose-une-formation-dinitiation-a-la-recherche-2\/#breadcrumb","itemListElement":[{"@type":"ListItem","position":1,"name":"Home","item":"https:\/\/www.uqac.ca\/uqactualites\/"},{"@type":"ListItem","position":2,"name":"La biblioth\u00e8que Paul-\u00c9mile-Boulet propose une formation d\u2019initiation \u00e0 la recherche"}]},{"@type":"WebSite","@id":"https:\/\/www.uqac.ca\/uqactualites\/#website","url":"https:\/\/www.uqac.ca\/uqactualites\/","name":"UQACtualit\u00e9s","description":"Le portail des nouvelles de l&#039;UQAC","potentialAction":[{"@type":"SearchAction","target":{"@type":"EntryPoint","urlTemplate":"https:\/\/www.uqac.ca\/uqactualites\/?s={search_term_string}"},"query-input":{"@type":"PropertyValueSpecification","valueRequired":true,"valueName":"search_term_string"}}],"inLanguage":"fr-CA"},{"@type":"Person","@id":"https:\/\/www.uqac.ca\/uqactualites\/#\/schema\/person\/366c45a0c4f0e677b41b4af5886e2018","name":"Service des communications et des relations publiques","image":{"@type":"ImageObject","inLanguage":"fr-CA","@id":"https:\/\/www.uqac.ca\/uqactualites\/#\/schema\/person\/image\/","url":"https:\/\/secure.gravatar.com\/avatar\/20fbbda8a292f59f2d3461a5b999c00b?s=96&d=mm&r=g","contentUrl":"https:\/\/secure.gravatar.com\/avatar\/20fbbda8a292f59f2d3461a5b999c00b?s=96&d=mm&r=g","caption":"Service des communications et des relations publiques"},"url":"https:\/\/www.uqac.ca\/uqactualites\/author\/bap\/"}]}},"_links":{"self":[{"href":"https:\/\/www.uqac.ca\/uqactualites\/wp-json\/wp\/v2\/posts\/25691"}],"collection":[{"href":"https:\/\/www.uqac.ca\/uqactualites\/wp-json\/wp\/v2\/posts"}],"about":[{"href":"https:\/\/www.uqac.ca\/uqactualites\/wp-json\/wp\/v2\/types\/post"}],"author":[{"embeddable":true,"href":"https:\/\/www.uqac.ca\/uqactualites\/wp-json\/wp\/v2\/users\/5"}],"replies":[{"embeddable":true,"href":"https:\/\/www.uqac.ca\/uqactualites\/wp-json\/wp\/v2\/comments?post=25691"}],"version-history":[{"count":0,"href":"https:\/\/www.uqac.ca\/uqactualites\/wp-json\/wp\/v2\/posts\/25691\/revisions"}],"wp:featuredmedia":[{"embeddable":true,"href":"https:\/\/www.uqac.ca\/uqactualites\/wp-json\/wp\/v2\/media\/20989"}],"wp:attachment":[{"href":"https:\/\/www.uqac.ca\/uqactualites\/wp-json\/wp\/v2\/media?parent=25691"}],"wp:term":[{"taxonomy":"category","embeddable":true,"href":"https:\/\/www.uqac.ca\/uqactualites\/wp-json\/wp\/v2\/categories?post=25691"},{"taxonomy":"post_tag","embeddable":true,"href":"https:\/\/www.uqac.ca\/uqactualites\/wp-json\/wp\/v2\/tags?post=25691"}],"curies":[{"name":"wp","href":"https:\/\/api.w.org\/{rel}","templated":true}]}}