{"id":25745,"date":"2013-09-17T10:36:47","date_gmt":"2013-09-17T14:36:47","guid":{"rendered":"http:\/\/uqactualite.odev.ca\/?p=25745"},"modified":"2013-09-17T10:36:47","modified_gmt":"2013-09-17T14:36:47","slug":"residence-de-production-a-sherbrooke-pour-james-partaik","status":"publish","type":"post","link":"https:\/\/www.uqac.ca\/uqactualites\/2013\/09\/17\/residence-de-production-a-sherbrooke-pour-james-partaik\/","title":{"rendered":"R\u00e9sidence de production \u00e0 Sherbrooke pour James Partaik"},"content":{"rendered":"<p style=\"text-align: justify\">James Partaik, professeur-chercheur au D\u00e9partement des arts et lettres de l\u2019UQAC, effectue actuellement une r\u00e9sidence de production au laboratoire de cr\u00e9ation sonore Sporobole, un centre de diffusion et de production en art actuel situ\u00e9 \u00e0 Sherbrooke. R\u00e9alis\u00e9e dans le cadre du projet \u00ab\u00a0Laboratoire des virtualit\u00e9s concr\u00e8tes\u00a0\u00bb, financ\u00e9 par le Fonds qu\u00e9b\u00e9cois de la recherche sur la soci\u00e9t\u00e9 et la culture (FQRSC) 2012-2015, cette r\u00e9sidence permettra \u00e0 M.\u00a0Partaik de poursuivre ses recherches en arts num\u00e9riques dans un laboratoire dot\u00e9 d\u2019\u00e9quipements audio \u00e0 la fine pointe de la technologie.<\/p>\n<p style=\"text-align: justify\">Les int\u00e9r\u00eats artistiques de James Partaik s&rsquo;articulent autour de l\u2019id\u00e9e du <i>techNOMADISM<\/i>, soit la cr\u00e9ation d\u2019environnements hybrides int\u00e9grant une gamme de technologies mobiles en temps r\u00e9el et employant l\u2019espace architectural, le corps, le son, l&rsquo;image et les technologies. Sa r\u00e9sidence au laboratoire Sporobole lui donnera ainsi l\u2019occasion de poursuivre sa recherche en son 3D avec un dispositif de diffusion sonore ambisonique.<\/p>\n<p style=\"text-align: justify\">M.\u00a0Partaik offrira une performance dans le cadre de l\u2019\u00e9v\u00e9nement biennal ESPACE[IM]M\u00c9DIA. Intitul\u00e9e <i>Moteur de r\u00e9alit\u00e9<\/i>\u00a0: <i>wireless demons and electromagnectic disorder<\/i>, cette derni\u00e8re sera propos\u00e9e le samedi 21 septembre \u00e0 compter de 20\u00a0h. Pour y assister, communiquez avec l\u2019\u00e9quipe de <span style=\"color: #5a7411\"><a href=\"http:\/\/www.sporobole.org\/contact\" target=\"_blank\" rel=\"noopener\"><span style=\"color: #5a7411\"><b>Sporobole<\/b><\/span><\/a><\/span>.<\/p>\n<p style=\"text-align: justify\"><b><br \/>\nSources\u00a0:<\/b><\/p>\n<p style=\"text-align: justify\">James Partaik, professeur-chercheur<br \/>\nD\u00e9partement des arts et lettres<br \/>\nUniversit\u00e9 du Qu\u00e9bec \u00e0 Chicoutimi<br \/>\n418 545-5011, poste\u00a02427\u00a0 \u25aa\u00a0 <span style=\"color: #5a7411\"><a href=\"mailto:james_partaik@uqac.ca\"><span style=\"color: #5a7411\">james_partaik@uqac.ca<\/span><\/a><\/span><\/p>\n<p style=\"text-align: justify\">Bureau des affaires publiques<br \/>\nUniversit\u00e9 du Qu\u00e9bec \u00e0 Chicoutimi<br \/>\n418 545-5011, poste\u00a02350\u00a0 \u25aa\u00a0 <span style=\"color: #5a7411\"><a href=\"mailto:affaires_publiques@uqac.ca\"><span style=\"color: #5a7411\">affaires_publiques@uqac.ca<\/span><\/a><\/span><\/p>\n<p style=\"text-align: justify\"><b><br \/>\n<span style=\"color: #808080\">________________________________________________________________________________________<\/span><\/b><\/p>\n<p style=\"text-align: justify\"><span style=\"color: #808080\"><b>Photo\u00a0: <\/b>Sporobole<\/span><br \/>\n<span style=\"color: #808080\"><b>Photographie\u00a0:<\/b> Sporobole<\/span><br \/>\n<span style=\"color: #808080\">________________________________________________________________________________________<\/span><\/p>\n","protected":false},"excerpt":{"rendered":"<p>James Partaik, professeur-chercheur au D\u00e9partement des arts et lettres de l\u2019UQAC, effectue actuellement une r\u00e9sidence de production au laboratoire de cr\u00e9ation sonore Sporobole, un centre de diffusion et de production en art actuel situ\u00e9 \u00e0 Sherbrooke. R\u00e9alis\u00e9e dans le cadre du projet \u00ab\u00a0Laboratoire des virtualit\u00e9s concr\u00e8tes\u00a0\u00bb, financ\u00e9 par le Fonds qu\u00e9b\u00e9cois de la recherche sur [&hellip;]<\/p>\n","protected":false},"author":5,"featured_media":25746,"comment_status":"open","ping_status":"open","sticky":false,"template":"","format":"standard","meta":{"footnotes":""},"categories":[2,61],"tags":[510,152,1608,1610,2278,350],"yoast_head":"<!-- This site is optimized with the Yoast SEO plugin v24.2 - https:\/\/yoast.com\/wordpress\/plugins\/seo\/ -->\r\n<title>R\u00e9sidence de production \u00e0 Sherbrooke pour James Partaik - UQACtualit\u00e9s<\/title>\r\n<meta name=\"robots\" content=\"index, follow, max-snippet:-1, max-image-preview:large, max-video-preview:-1\" \/>\r\n<link rel=\"canonical\" href=\"https:\/\/www.uqac.ca\/uqactualites\/2013\/09\/17\/residence-de-production-a-sherbrooke-pour-james-partaik\/\" \/>\r\n<meta property=\"og:locale\" content=\"fr_CA\" \/>\r\n<meta property=\"og:type\" content=\"article\" \/>\r\n<meta property=\"og:title\" content=\"R\u00e9sidence de production \u00e0 Sherbrooke pour James Partaik - UQACtualit\u00e9s\" \/>\r\n<meta property=\"og:description\" content=\"James Partaik, professeur-chercheur au D\u00e9partement des arts et lettres de l\u2019UQAC, effectue actuellement une r\u00e9sidence de production au laboratoire de cr\u00e9ation sonore Sporobole, un centre de diffusion et de production en art actuel situ\u00e9 \u00e0 Sherbrooke. R\u00e9alis\u00e9e dans le cadre du projet \u00ab\u00a0Laboratoire des virtualit\u00e9s concr\u00e8tes\u00a0\u00bb, financ\u00e9 par le Fonds qu\u00e9b\u00e9cois de la recherche sur [&hellip;]\" \/>\r\n<meta property=\"og:url\" content=\"https:\/\/www.uqac.ca\/uqactualites\/2013\/09\/17\/residence-de-production-a-sherbrooke-pour-james-partaik\/\" \/>\r\n<meta property=\"og:site_name\" content=\"UQACtualit\u00e9s\" \/>\r\n<meta property=\"article:published_time\" content=\"2013-09-17T14:36:47+00:00\" \/>\r\n<meta property=\"og:image\" content=\"https:\/\/www.uqac.ca\/uqactualites\/wp-content\/uploads\/2013\/09\/Sporobole-\u00a9Sporobole.jpg\" \/>\r\n\t<meta property=\"og:image:width\" content=\"620\" \/>\r\n\t<meta property=\"og:image:height\" content=\"300\" \/>\r\n\t<meta property=\"og:image:type\" content=\"image\/jpeg\" \/>\r\n<meta name=\"author\" content=\"Service des communications et des relations publiques\" \/>\r\n<meta name=\"twitter:card\" content=\"summary_large_image\" \/>\r\n<meta name=\"twitter:label1\" content=\"\u00c9crit par\" \/>\n\t<meta name=\"twitter:data1\" content=\"Service des communications et des relations publiques\" \/>\n\t<meta name=\"twitter:label2\" content=\"Estimation du temps de lecture\" \/>\n\t<meta name=\"twitter:data2\" content=\"1 minute\" \/>\r\n<script type=\"application\/ld+json\" class=\"yoast-schema-graph\">{\"@context\":\"https:\/\/schema.org\",\"@graph\":[{\"@type\":\"WebPage\",\"@id\":\"https:\/\/www.uqac.ca\/uqactualites\/2013\/09\/17\/residence-de-production-a-sherbrooke-pour-james-partaik\/\",\"url\":\"https:\/\/www.uqac.ca\/uqactualites\/2013\/09\/17\/residence-de-production-a-sherbrooke-pour-james-partaik\/\",\"name\":\"R\u00e9sidence de production \u00e0 Sherbrooke pour James Partaik - UQACtualit\u00e9s\",\"isPartOf\":{\"@id\":\"https:\/\/www.uqac.ca\/uqactualites\/#website\"},\"primaryImageOfPage\":{\"@id\":\"https:\/\/www.uqac.ca\/uqactualites\/2013\/09\/17\/residence-de-production-a-sherbrooke-pour-james-partaik\/#primaryimage\"},\"image\":{\"@id\":\"https:\/\/www.uqac.ca\/uqactualites\/2013\/09\/17\/residence-de-production-a-sherbrooke-pour-james-partaik\/#primaryimage\"},\"thumbnailUrl\":\"https:\/\/www.uqac.ca\/uqactualites\/wp-content\/uploads\/2013\/09\/Sporobole-\u00a9Sporobole.jpg\",\"datePublished\":\"2013-09-17T14:36:47+00:00\",\"dateModified\":\"2013-09-17T14:36:47+00:00\",\"author\":{\"@id\":\"https:\/\/www.uqac.ca\/uqactualites\/#\/schema\/person\/366c45a0c4f0e677b41b4af5886e2018\"},\"breadcrumb\":{\"@id\":\"https:\/\/www.uqac.ca\/uqactualites\/2013\/09\/17\/residence-de-production-a-sherbrooke-pour-james-partaik\/#breadcrumb\"},\"inLanguage\":\"fr-CA\",\"potentialAction\":[{\"@type\":\"ReadAction\",\"target\":[\"https:\/\/www.uqac.ca\/uqactualites\/2013\/09\/17\/residence-de-production-a-sherbrooke-pour-james-partaik\/\"]}]},{\"@type\":\"ImageObject\",\"inLanguage\":\"fr-CA\",\"@id\":\"https:\/\/www.uqac.ca\/uqactualites\/2013\/09\/17\/residence-de-production-a-sherbrooke-pour-james-partaik\/#primaryimage\",\"url\":\"https:\/\/www.uqac.ca\/uqactualites\/wp-content\/uploads\/2013\/09\/Sporobole-\u00a9Sporobole.jpg\",\"contentUrl\":\"https:\/\/www.uqac.ca\/uqactualites\/wp-content\/uploads\/2013\/09\/Sporobole-\u00a9Sporobole.jpg\",\"width\":620,\"height\":300},{\"@type\":\"BreadcrumbList\",\"@id\":\"https:\/\/www.uqac.ca\/uqactualites\/2013\/09\/17\/residence-de-production-a-sherbrooke-pour-james-partaik\/#breadcrumb\",\"itemListElement\":[{\"@type\":\"ListItem\",\"position\":1,\"name\":\"Home\",\"item\":\"https:\/\/www.uqac.ca\/uqactualites\/\"},{\"@type\":\"ListItem\",\"position\":2,\"name\":\"R\u00e9sidence de production \u00e0 Sherbrooke pour James Partaik\"}]},{\"@type\":\"WebSite\",\"@id\":\"https:\/\/www.uqac.ca\/uqactualites\/#website\",\"url\":\"https:\/\/www.uqac.ca\/uqactualites\/\",\"name\":\"UQACtualit\u00e9s\",\"description\":\"Le portail des nouvelles de l&#039;UQAC\",\"potentialAction\":[{\"@type\":\"SearchAction\",\"target\":{\"@type\":\"EntryPoint\",\"urlTemplate\":\"https:\/\/www.uqac.ca\/uqactualites\/?s={search_term_string}\"},\"query-input\":{\"@type\":\"PropertyValueSpecification\",\"valueRequired\":true,\"valueName\":\"search_term_string\"}}],\"inLanguage\":\"fr-CA\"},{\"@type\":\"Person\",\"@id\":\"https:\/\/www.uqac.ca\/uqactualites\/#\/schema\/person\/366c45a0c4f0e677b41b4af5886e2018\",\"name\":\"Service des communications et des relations publiques\",\"image\":{\"@type\":\"ImageObject\",\"inLanguage\":\"fr-CA\",\"@id\":\"https:\/\/www.uqac.ca\/uqactualites\/#\/schema\/person\/image\/\",\"url\":\"https:\/\/secure.gravatar.com\/avatar\/20fbbda8a292f59f2d3461a5b999c00b?s=96&d=mm&r=g\",\"contentUrl\":\"https:\/\/secure.gravatar.com\/avatar\/20fbbda8a292f59f2d3461a5b999c00b?s=96&d=mm&r=g\",\"caption\":\"Service des communications et des relations publiques\"},\"url\":\"https:\/\/www.uqac.ca\/uqactualites\/author\/bap\/\"}]}<\/script>\r\n<!-- \/ Yoast SEO plugin. -->","yoast_head_json":{"title":"R\u00e9sidence de production \u00e0 Sherbrooke pour James Partaik - UQACtualit\u00e9s","robots":{"index":"index","follow":"follow","max-snippet":"max-snippet:-1","max-image-preview":"max-image-preview:large","max-video-preview":"max-video-preview:-1"},"canonical":"https:\/\/www.uqac.ca\/uqactualites\/2013\/09\/17\/residence-de-production-a-sherbrooke-pour-james-partaik\/","og_locale":"fr_CA","og_type":"article","og_title":"R\u00e9sidence de production \u00e0 Sherbrooke pour James Partaik - UQACtualit\u00e9s","og_description":"James Partaik, professeur-chercheur au D\u00e9partement des arts et lettres de l\u2019UQAC, effectue actuellement une r\u00e9sidence de production au laboratoire de cr\u00e9ation sonore Sporobole, un centre de diffusion et de production en art actuel situ\u00e9 \u00e0 Sherbrooke. R\u00e9alis\u00e9e dans le cadre du projet \u00ab\u00a0Laboratoire des virtualit\u00e9s concr\u00e8tes\u00a0\u00bb, financ\u00e9 par le Fonds qu\u00e9b\u00e9cois de la recherche sur [&hellip;]","og_url":"https:\/\/www.uqac.ca\/uqactualites\/2013\/09\/17\/residence-de-production-a-sherbrooke-pour-james-partaik\/","og_site_name":"UQACtualit\u00e9s","article_published_time":"2013-09-17T14:36:47+00:00","og_image":[{"width":620,"height":300,"url":"https:\/\/www.uqac.ca\/uqactualites\/wp-content\/uploads\/2013\/09\/Sporobole-\u00a9Sporobole.jpg","type":"image\/jpeg"}],"author":"Service des communications et des relations publiques","twitter_card":"summary_large_image","twitter_misc":{"\u00c9crit par":"Service des communications et des relations publiques","Estimation du temps de lecture":"1 minute"},"schema":{"@context":"https:\/\/schema.org","@graph":[{"@type":"WebPage","@id":"https:\/\/www.uqac.ca\/uqactualites\/2013\/09\/17\/residence-de-production-a-sherbrooke-pour-james-partaik\/","url":"https:\/\/www.uqac.ca\/uqactualites\/2013\/09\/17\/residence-de-production-a-sherbrooke-pour-james-partaik\/","name":"R\u00e9sidence de production \u00e0 Sherbrooke pour James Partaik - UQACtualit\u00e9s","isPartOf":{"@id":"https:\/\/www.uqac.ca\/uqactualites\/#website"},"primaryImageOfPage":{"@id":"https:\/\/www.uqac.ca\/uqactualites\/2013\/09\/17\/residence-de-production-a-sherbrooke-pour-james-partaik\/#primaryimage"},"image":{"@id":"https:\/\/www.uqac.ca\/uqactualites\/2013\/09\/17\/residence-de-production-a-sherbrooke-pour-james-partaik\/#primaryimage"},"thumbnailUrl":"https:\/\/www.uqac.ca\/uqactualites\/wp-content\/uploads\/2013\/09\/Sporobole-\u00a9Sporobole.jpg","datePublished":"2013-09-17T14:36:47+00:00","dateModified":"2013-09-17T14:36:47+00:00","author":{"@id":"https:\/\/www.uqac.ca\/uqactualites\/#\/schema\/person\/366c45a0c4f0e677b41b4af5886e2018"},"breadcrumb":{"@id":"https:\/\/www.uqac.ca\/uqactualites\/2013\/09\/17\/residence-de-production-a-sherbrooke-pour-james-partaik\/#breadcrumb"},"inLanguage":"fr-CA","potentialAction":[{"@type":"ReadAction","target":["https:\/\/www.uqac.ca\/uqactualites\/2013\/09\/17\/residence-de-production-a-sherbrooke-pour-james-partaik\/"]}]},{"@type":"ImageObject","inLanguage":"fr-CA","@id":"https:\/\/www.uqac.ca\/uqactualites\/2013\/09\/17\/residence-de-production-a-sherbrooke-pour-james-partaik\/#primaryimage","url":"https:\/\/www.uqac.ca\/uqactualites\/wp-content\/uploads\/2013\/09\/Sporobole-\u00a9Sporobole.jpg","contentUrl":"https:\/\/www.uqac.ca\/uqactualites\/wp-content\/uploads\/2013\/09\/Sporobole-\u00a9Sporobole.jpg","width":620,"height":300},{"@type":"BreadcrumbList","@id":"https:\/\/www.uqac.ca\/uqactualites\/2013\/09\/17\/residence-de-production-a-sherbrooke-pour-james-partaik\/#breadcrumb","itemListElement":[{"@type":"ListItem","position":1,"name":"Home","item":"https:\/\/www.uqac.ca\/uqactualites\/"},{"@type":"ListItem","position":2,"name":"R\u00e9sidence de production \u00e0 Sherbrooke pour James Partaik"}]},{"@type":"WebSite","@id":"https:\/\/www.uqac.ca\/uqactualites\/#website","url":"https:\/\/www.uqac.ca\/uqactualites\/","name":"UQACtualit\u00e9s","description":"Le portail des nouvelles de l&#039;UQAC","potentialAction":[{"@type":"SearchAction","target":{"@type":"EntryPoint","urlTemplate":"https:\/\/www.uqac.ca\/uqactualites\/?s={search_term_string}"},"query-input":{"@type":"PropertyValueSpecification","valueRequired":true,"valueName":"search_term_string"}}],"inLanguage":"fr-CA"},{"@type":"Person","@id":"https:\/\/www.uqac.ca\/uqactualites\/#\/schema\/person\/366c45a0c4f0e677b41b4af5886e2018","name":"Service des communications et des relations publiques","image":{"@type":"ImageObject","inLanguage":"fr-CA","@id":"https:\/\/www.uqac.ca\/uqactualites\/#\/schema\/person\/image\/","url":"https:\/\/secure.gravatar.com\/avatar\/20fbbda8a292f59f2d3461a5b999c00b?s=96&d=mm&r=g","contentUrl":"https:\/\/secure.gravatar.com\/avatar\/20fbbda8a292f59f2d3461a5b999c00b?s=96&d=mm&r=g","caption":"Service des communications et des relations publiques"},"url":"https:\/\/www.uqac.ca\/uqactualites\/author\/bap\/"}]}},"_links":{"self":[{"href":"https:\/\/www.uqac.ca\/uqactualites\/wp-json\/wp\/v2\/posts\/25745"}],"collection":[{"href":"https:\/\/www.uqac.ca\/uqactualites\/wp-json\/wp\/v2\/posts"}],"about":[{"href":"https:\/\/www.uqac.ca\/uqactualites\/wp-json\/wp\/v2\/types\/post"}],"author":[{"embeddable":true,"href":"https:\/\/www.uqac.ca\/uqactualites\/wp-json\/wp\/v2\/users\/5"}],"replies":[{"embeddable":true,"href":"https:\/\/www.uqac.ca\/uqactualites\/wp-json\/wp\/v2\/comments?post=25745"}],"version-history":[{"count":0,"href":"https:\/\/www.uqac.ca\/uqactualites\/wp-json\/wp\/v2\/posts\/25745\/revisions"}],"wp:featuredmedia":[{"embeddable":true,"href":"https:\/\/www.uqac.ca\/uqactualites\/wp-json\/wp\/v2\/media\/25746"}],"wp:attachment":[{"href":"https:\/\/www.uqac.ca\/uqactualites\/wp-json\/wp\/v2\/media?parent=25745"}],"wp:term":[{"taxonomy":"category","embeddable":true,"href":"https:\/\/www.uqac.ca\/uqactualites\/wp-json\/wp\/v2\/categories?post=25745"},{"taxonomy":"post_tag","embeddable":true,"href":"https:\/\/www.uqac.ca\/uqactualites\/wp-json\/wp\/v2\/tags?post=25745"}],"curies":[{"name":"wp","href":"https:\/\/api.w.org\/{rel}","templated":true}]}}