{"id":25752,"date":"2013-09-17T11:46:54","date_gmt":"2013-09-17T15:46:54","guid":{"rendered":"http:\/\/uqactualite.odev.ca\/?p=25752"},"modified":"2013-09-17T11:46:54","modified_gmt":"2013-09-17T15:46:54","slug":"invitation-de-centraide-competition-de-tir-a-la-corde-dun-cf-18","status":"publish","type":"post","link":"https:\/\/www.uqac.ca\/uqactualites\/2013\/09\/17\/invitation-de-centraide-competition-de-tir-a-la-corde-dun-cf-18\/","title":{"rendered":"Invitation de Centraide \u2013 Comp\u00e9tition de tir \u00e0 la corde d\u2019un CF-18"},"content":{"rendered":"<p style=\"text-align: justify\">Dans le cadre de la campagne de financement 2013 de Centraide Saguenay\u2013Lac-Saint-Jean, la 3<sup>e<\/sup> Escadre de Bagotville invite les entreprises \u00e0 s\u2019inscrire pour sa comp\u00e9tition de tir \u00e0 la corde d\u2019un CF-18\u00a0:<\/p>\n<p style=\"text-align: center\" align=\"center\"><span style=\"color: #5a7411\"><b>Vendredi 4 octobre 2013\u00a0 \u25aa\u00a0 13\u00a0h<\/b><\/span><\/p>\n<p style=\"text-align: justify\">Les membres de la communaut\u00e9 universitaire sont invit\u00e9s \u00e0 former des \u00e9quipes de 10 personnes afin d\u2019effectuer, lors d\u2019une comp\u00e9tition amicale, le tir \u00e0 la corde sur une distance de 20 m\u00e8tres d\u2019un chasseur pesant plus de 18\u00a0000\u00a0kg. L\u2019\u00e9quipe la plus rapide aura l\u2019honneur de mettre la main sur le Troph\u00e9e du Commandant.<\/p>\n<p style=\"text-align: justify\">Le co\u00fbt d\u2019inscription est fix\u00e9 \u00e0 500\u00a0$ par \u00e9quipe. Les montants r\u00e9colt\u00e9s lors de cette activit\u00e9 seront remis \u00e0 Centraide Saguenay\u2013Lac-Saint-Jean et comptabilis\u00e9s dans la campagne en milieu de travail de l\u2019\u00e9quipe participante.<\/p>\n<p style=\"text-align: justify\"><b><span style=\"color: #5a7411\">Mesurez-vous \u00e0 l\u2019homme fort Hugo Girard, pr\u00e9sident d\u2019honneur de l\u2019\u00e9v\u00e9nement, et \u00e0 son \u00e9quipe!<\/span><br \/>\n<\/b>Inscrivez-vous avant le 30 septembre prochain.<br \/>\nPour plus de d\u00e9tails, consultez la <span style=\"color: #5a7411\"><a href=\"http:\/\/www.uqac.ca\/wp-content\/uploads\/2013\/09\/Invitation-Centraide.pdf\" target=\"_blank\" rel=\"noopener\"><span style=\"color: #5a7411\"><b>fiche d\u2019information en ligne<\/b><\/span><\/a><\/span>.<\/p>\n<p style=\"text-align: justify\"><b><br \/>\nRenseignements et inscription\u00a0:<br \/>\n<\/b>Claudie Fortin<br \/>\nCentraide Saguenay\u2013Lac-Saint-Jean<br \/>\n418 543-3131, poste\u00a0108<\/p>\n","protected":false},"excerpt":{"rendered":"<p>Dans le cadre de la campagne de financement 2013 de Centraide Saguenay\u2013Lac-Saint-Jean, la 3e Escadre de Bagotville invite les entreprises \u00e0 s\u2019inscrire pour sa comp\u00e9tition de tir \u00e0 la corde d\u2019un CF-18\u00a0: Vendredi 4 octobre 2013\u00a0 \u25aa\u00a0 13\u00a0h Les membres de la communaut\u00e9 universitaire sont invit\u00e9s \u00e0 former des \u00e9quipes de 10 personnes afin d\u2019effectuer, [&hellip;]<\/p>\n","protected":false},"author":5,"featured_media":20989,"comment_status":"closed","ping_status":"open","sticky":false,"template":"","format":"standard","meta":{"footnotes":""},"categories":[2772],"tags":[272,1673,2279,43,2280,353,1674],"yoast_head":"<!-- This site is optimized with the Yoast SEO plugin v24.2 - https:\/\/yoast.com\/wordpress\/plugins\/seo\/ -->\r\n<title>Invitation de Centraide \u2013 Comp\u00e9tition de tir \u00e0 la corde d\u2019un CF-18 - UQACtualit\u00e9s<\/title>\r\n<meta name=\"robots\" content=\"index, follow, max-snippet:-1, max-image-preview:large, max-video-preview:-1\" \/>\r\n<link rel=\"canonical\" href=\"https:\/\/www.uqac.ca\/uqactualites\/2013\/09\/17\/invitation-de-centraide-competition-de-tir-a-la-corde-dun-cf-18\/\" \/>\r\n<meta property=\"og:locale\" content=\"fr_CA\" \/>\r\n<meta property=\"og:type\" content=\"article\" \/>\r\n<meta property=\"og:title\" content=\"Invitation de Centraide \u2013 Comp\u00e9tition de tir \u00e0 la corde d\u2019un CF-18 - UQACtualit\u00e9s\" \/>\r\n<meta property=\"og:description\" content=\"Dans le cadre de la campagne de financement 2013 de Centraide Saguenay\u2013Lac-Saint-Jean, la 3e Escadre de Bagotville invite les entreprises \u00e0 s\u2019inscrire pour sa comp\u00e9tition de tir \u00e0 la corde d\u2019un CF-18\u00a0: Vendredi 4 octobre 2013\u00a0 \u25aa\u00a0 13\u00a0h Les membres de la communaut\u00e9 universitaire sont invit\u00e9s \u00e0 former des \u00e9quipes de 10 personnes afin d\u2019effectuer, [&hellip;]\" \/>\r\n<meta property=\"og:url\" content=\"https:\/\/www.uqac.ca\/uqactualites\/2013\/09\/17\/invitation-de-centraide-competition-de-tir-a-la-corde-dun-cf-18\/\" \/>\r\n<meta property=\"og:site_name\" content=\"UQACtualit\u00e9s\" \/>\r\n<meta property=\"article:published_time\" content=\"2013-09-17T15:46:54+00:00\" \/>\r\n<meta property=\"og:image\" content=\"https:\/\/www.uqac.ca\/uqactualites\/wp-content\/uploads\/2012\/05\/avis-laCommunaut-.jpg\" \/>\r\n\t<meta property=\"og:image:width\" content=\"620\" \/>\r\n\t<meta property=\"og:image:height\" content=\"300\" \/>\r\n\t<meta property=\"og:image:type\" content=\"image\/jpeg\" \/>\r\n<meta name=\"author\" content=\"Service des communications et des relations publiques\" \/>\r\n<meta name=\"twitter:card\" content=\"summary_large_image\" \/>\r\n<meta name=\"twitter:label1\" content=\"\u00c9crit par\" \/>\n\t<meta name=\"twitter:data1\" content=\"Service des communications et des relations publiques\" \/>\n\t<meta name=\"twitter:label2\" content=\"Estimation du temps de lecture\" \/>\n\t<meta name=\"twitter:data2\" content=\"1 minute\" \/>\r\n<script type=\"application\/ld+json\" class=\"yoast-schema-graph\">{\"@context\":\"https:\/\/schema.org\",\"@graph\":[{\"@type\":\"WebPage\",\"@id\":\"https:\/\/www.uqac.ca\/uqactualites\/2013\/09\/17\/invitation-de-centraide-competition-de-tir-a-la-corde-dun-cf-18\/\",\"url\":\"https:\/\/www.uqac.ca\/uqactualites\/2013\/09\/17\/invitation-de-centraide-competition-de-tir-a-la-corde-dun-cf-18\/\",\"name\":\"Invitation de Centraide \u2013 Comp\u00e9tition de tir \u00e0 la corde d\u2019un CF-18 - UQACtualit\u00e9s\",\"isPartOf\":{\"@id\":\"https:\/\/www.uqac.ca\/uqactualites\/#website\"},\"primaryImageOfPage\":{\"@id\":\"https:\/\/www.uqac.ca\/uqactualites\/2013\/09\/17\/invitation-de-centraide-competition-de-tir-a-la-corde-dun-cf-18\/#primaryimage\"},\"image\":{\"@id\":\"https:\/\/www.uqac.ca\/uqactualites\/2013\/09\/17\/invitation-de-centraide-competition-de-tir-a-la-corde-dun-cf-18\/#primaryimage\"},\"thumbnailUrl\":\"https:\/\/www.uqac.ca\/uqactualites\/wp-content\/uploads\/2012\/05\/avis-laCommunaut-.jpg\",\"datePublished\":\"2013-09-17T15:46:54+00:00\",\"dateModified\":\"2013-09-17T15:46:54+00:00\",\"author\":{\"@id\":\"https:\/\/www.uqac.ca\/uqactualites\/#\/schema\/person\/366c45a0c4f0e677b41b4af5886e2018\"},\"breadcrumb\":{\"@id\":\"https:\/\/www.uqac.ca\/uqactualites\/2013\/09\/17\/invitation-de-centraide-competition-de-tir-a-la-corde-dun-cf-18\/#breadcrumb\"},\"inLanguage\":\"fr-CA\",\"potentialAction\":[{\"@type\":\"ReadAction\",\"target\":[\"https:\/\/www.uqac.ca\/uqactualites\/2013\/09\/17\/invitation-de-centraide-competition-de-tir-a-la-corde-dun-cf-18\/\"]}]},{\"@type\":\"ImageObject\",\"inLanguage\":\"fr-CA\",\"@id\":\"https:\/\/www.uqac.ca\/uqactualites\/2013\/09\/17\/invitation-de-centraide-competition-de-tir-a-la-corde-dun-cf-18\/#primaryimage\",\"url\":\"https:\/\/www.uqac.ca\/uqactualites\/wp-content\/uploads\/2012\/05\/avis-laCommunaut-.jpg\",\"contentUrl\":\"https:\/\/www.uqac.ca\/uqactualites\/wp-content\/uploads\/2012\/05\/avis-laCommunaut-.jpg\",\"width\":620,\"height\":300},{\"@type\":\"BreadcrumbList\",\"@id\":\"https:\/\/www.uqac.ca\/uqactualites\/2013\/09\/17\/invitation-de-centraide-competition-de-tir-a-la-corde-dun-cf-18\/#breadcrumb\",\"itemListElement\":[{\"@type\":\"ListItem\",\"position\":1,\"name\":\"Home\",\"item\":\"https:\/\/www.uqac.ca\/uqactualites\/\"},{\"@type\":\"ListItem\",\"position\":2,\"name\":\"Invitation de Centraide \u2013 Comp\u00e9tition de tir \u00e0 la corde d\u2019un CF-18\"}]},{\"@type\":\"WebSite\",\"@id\":\"https:\/\/www.uqac.ca\/uqactualites\/#website\",\"url\":\"https:\/\/www.uqac.ca\/uqactualites\/\",\"name\":\"UQACtualit\u00e9s\",\"description\":\"Le portail des nouvelles de l&#039;UQAC\",\"potentialAction\":[{\"@type\":\"SearchAction\",\"target\":{\"@type\":\"EntryPoint\",\"urlTemplate\":\"https:\/\/www.uqac.ca\/uqactualites\/?s={search_term_string}\"},\"query-input\":{\"@type\":\"PropertyValueSpecification\",\"valueRequired\":true,\"valueName\":\"search_term_string\"}}],\"inLanguage\":\"fr-CA\"},{\"@type\":\"Person\",\"@id\":\"https:\/\/www.uqac.ca\/uqactualites\/#\/schema\/person\/366c45a0c4f0e677b41b4af5886e2018\",\"name\":\"Service des communications et des relations publiques\",\"image\":{\"@type\":\"ImageObject\",\"inLanguage\":\"fr-CA\",\"@id\":\"https:\/\/www.uqac.ca\/uqactualites\/#\/schema\/person\/image\/\",\"url\":\"https:\/\/secure.gravatar.com\/avatar\/20fbbda8a292f59f2d3461a5b999c00b?s=96&d=mm&r=g\",\"contentUrl\":\"https:\/\/secure.gravatar.com\/avatar\/20fbbda8a292f59f2d3461a5b999c00b?s=96&d=mm&r=g\",\"caption\":\"Service des communications et des relations publiques\"},\"url\":\"https:\/\/www.uqac.ca\/uqactualites\/author\/bap\/\"}]}<\/script>\r\n<!-- \/ Yoast SEO plugin. -->","yoast_head_json":{"title":"Invitation de Centraide \u2013 Comp\u00e9tition de tir \u00e0 la corde d\u2019un CF-18 - UQACtualit\u00e9s","robots":{"index":"index","follow":"follow","max-snippet":"max-snippet:-1","max-image-preview":"max-image-preview:large","max-video-preview":"max-video-preview:-1"},"canonical":"https:\/\/www.uqac.ca\/uqactualites\/2013\/09\/17\/invitation-de-centraide-competition-de-tir-a-la-corde-dun-cf-18\/","og_locale":"fr_CA","og_type":"article","og_title":"Invitation de Centraide \u2013 Comp\u00e9tition de tir \u00e0 la corde d\u2019un CF-18 - UQACtualit\u00e9s","og_description":"Dans le cadre de la campagne de financement 2013 de Centraide Saguenay\u2013Lac-Saint-Jean, la 3e Escadre de Bagotville invite les entreprises \u00e0 s\u2019inscrire pour sa comp\u00e9tition de tir \u00e0 la corde d\u2019un CF-18\u00a0: Vendredi 4 octobre 2013\u00a0 \u25aa\u00a0 13\u00a0h Les membres de la communaut\u00e9 universitaire sont invit\u00e9s \u00e0 former des \u00e9quipes de 10 personnes afin d\u2019effectuer, [&hellip;]","og_url":"https:\/\/www.uqac.ca\/uqactualites\/2013\/09\/17\/invitation-de-centraide-competition-de-tir-a-la-corde-dun-cf-18\/","og_site_name":"UQACtualit\u00e9s","article_published_time":"2013-09-17T15:46:54+00:00","og_image":[{"width":620,"height":300,"url":"https:\/\/www.uqac.ca\/uqactualites\/wp-content\/uploads\/2012\/05\/avis-laCommunaut-.jpg","type":"image\/jpeg"}],"author":"Service des communications et des relations publiques","twitter_card":"summary_large_image","twitter_misc":{"\u00c9crit par":"Service des communications et des relations publiques","Estimation du temps de lecture":"1 minute"},"schema":{"@context":"https:\/\/schema.org","@graph":[{"@type":"WebPage","@id":"https:\/\/www.uqac.ca\/uqactualites\/2013\/09\/17\/invitation-de-centraide-competition-de-tir-a-la-corde-dun-cf-18\/","url":"https:\/\/www.uqac.ca\/uqactualites\/2013\/09\/17\/invitation-de-centraide-competition-de-tir-a-la-corde-dun-cf-18\/","name":"Invitation de Centraide \u2013 Comp\u00e9tition de tir \u00e0 la corde d\u2019un CF-18 - UQACtualit\u00e9s","isPartOf":{"@id":"https:\/\/www.uqac.ca\/uqactualites\/#website"},"primaryImageOfPage":{"@id":"https:\/\/www.uqac.ca\/uqactualites\/2013\/09\/17\/invitation-de-centraide-competition-de-tir-a-la-corde-dun-cf-18\/#primaryimage"},"image":{"@id":"https:\/\/www.uqac.ca\/uqactualites\/2013\/09\/17\/invitation-de-centraide-competition-de-tir-a-la-corde-dun-cf-18\/#primaryimage"},"thumbnailUrl":"https:\/\/www.uqac.ca\/uqactualites\/wp-content\/uploads\/2012\/05\/avis-laCommunaut-.jpg","datePublished":"2013-09-17T15:46:54+00:00","dateModified":"2013-09-17T15:46:54+00:00","author":{"@id":"https:\/\/www.uqac.ca\/uqactualites\/#\/schema\/person\/366c45a0c4f0e677b41b4af5886e2018"},"breadcrumb":{"@id":"https:\/\/www.uqac.ca\/uqactualites\/2013\/09\/17\/invitation-de-centraide-competition-de-tir-a-la-corde-dun-cf-18\/#breadcrumb"},"inLanguage":"fr-CA","potentialAction":[{"@type":"ReadAction","target":["https:\/\/www.uqac.ca\/uqactualites\/2013\/09\/17\/invitation-de-centraide-competition-de-tir-a-la-corde-dun-cf-18\/"]}]},{"@type":"ImageObject","inLanguage":"fr-CA","@id":"https:\/\/www.uqac.ca\/uqactualites\/2013\/09\/17\/invitation-de-centraide-competition-de-tir-a-la-corde-dun-cf-18\/#primaryimage","url":"https:\/\/www.uqac.ca\/uqactualites\/wp-content\/uploads\/2012\/05\/avis-laCommunaut-.jpg","contentUrl":"https:\/\/www.uqac.ca\/uqactualites\/wp-content\/uploads\/2012\/05\/avis-laCommunaut-.jpg","width":620,"height":300},{"@type":"BreadcrumbList","@id":"https:\/\/www.uqac.ca\/uqactualites\/2013\/09\/17\/invitation-de-centraide-competition-de-tir-a-la-corde-dun-cf-18\/#breadcrumb","itemListElement":[{"@type":"ListItem","position":1,"name":"Home","item":"https:\/\/www.uqac.ca\/uqactualites\/"},{"@type":"ListItem","position":2,"name":"Invitation de Centraide \u2013 Comp\u00e9tition de tir \u00e0 la corde d\u2019un CF-18"}]},{"@type":"WebSite","@id":"https:\/\/www.uqac.ca\/uqactualites\/#website","url":"https:\/\/www.uqac.ca\/uqactualites\/","name":"UQACtualit\u00e9s","description":"Le portail des nouvelles de l&#039;UQAC","potentialAction":[{"@type":"SearchAction","target":{"@type":"EntryPoint","urlTemplate":"https:\/\/www.uqac.ca\/uqactualites\/?s={search_term_string}"},"query-input":{"@type":"PropertyValueSpecification","valueRequired":true,"valueName":"search_term_string"}}],"inLanguage":"fr-CA"},{"@type":"Person","@id":"https:\/\/www.uqac.ca\/uqactualites\/#\/schema\/person\/366c45a0c4f0e677b41b4af5886e2018","name":"Service des communications et des relations publiques","image":{"@type":"ImageObject","inLanguage":"fr-CA","@id":"https:\/\/www.uqac.ca\/uqactualites\/#\/schema\/person\/image\/","url":"https:\/\/secure.gravatar.com\/avatar\/20fbbda8a292f59f2d3461a5b999c00b?s=96&d=mm&r=g","contentUrl":"https:\/\/secure.gravatar.com\/avatar\/20fbbda8a292f59f2d3461a5b999c00b?s=96&d=mm&r=g","caption":"Service des communications et des relations publiques"},"url":"https:\/\/www.uqac.ca\/uqactualites\/author\/bap\/"}]}},"_links":{"self":[{"href":"https:\/\/www.uqac.ca\/uqactualites\/wp-json\/wp\/v2\/posts\/25752"}],"collection":[{"href":"https:\/\/www.uqac.ca\/uqactualites\/wp-json\/wp\/v2\/posts"}],"about":[{"href":"https:\/\/www.uqac.ca\/uqactualites\/wp-json\/wp\/v2\/types\/post"}],"author":[{"embeddable":true,"href":"https:\/\/www.uqac.ca\/uqactualites\/wp-json\/wp\/v2\/users\/5"}],"replies":[{"embeddable":true,"href":"https:\/\/www.uqac.ca\/uqactualites\/wp-json\/wp\/v2\/comments?post=25752"}],"version-history":[{"count":0,"href":"https:\/\/www.uqac.ca\/uqactualites\/wp-json\/wp\/v2\/posts\/25752\/revisions"}],"wp:featuredmedia":[{"embeddable":true,"href":"https:\/\/www.uqac.ca\/uqactualites\/wp-json\/wp\/v2\/media\/20989"}],"wp:attachment":[{"href":"https:\/\/www.uqac.ca\/uqactualites\/wp-json\/wp\/v2\/media?parent=25752"}],"wp:term":[{"taxonomy":"category","embeddable":true,"href":"https:\/\/www.uqac.ca\/uqactualites\/wp-json\/wp\/v2\/categories?post=25752"},{"taxonomy":"post_tag","embeddable":true,"href":"https:\/\/www.uqac.ca\/uqactualites\/wp-json\/wp\/v2\/tags?post=25752"}],"curies":[{"name":"wp","href":"https:\/\/api.w.org\/{rel}","templated":true}]}}