{"id":25762,"date":"2013-09-18T10:34:02","date_gmt":"2013-09-18T14:34:02","guid":{"rendered":"http:\/\/uqactualite.odev.ca\/?p=25762"},"modified":"2013-09-18T10:34:02","modified_gmt":"2013-09-18T14:34:02","slug":"reconnaissance-de-limplication-des-etudiants-a-la-vie-institutionnelle-3","status":"publish","type":"post","link":"https:\/\/www.uqac.ca\/uqactualites\/2013\/09\/18\/reconnaissance-de-limplication-des-etudiants-a-la-vie-institutionnelle-3\/","title":{"rendered":"Reconnaissance de l\u2019implication des \u00e9tudiants \u00e0 la vie institutionnelle"},"content":{"rendered":"<p style=\"text-align: justify\">Saviez-vous qu\u2019il est possible pour tout \u00e9tudiant de l\u2019UQAC engag\u00e9 dans un regroupement \u00e9tudiant (club, association modulaire, etc.) ou impliqu\u00e9 dans une instance de l\u2019UQAC (conseil de module, commission des \u00e9tudes, etc.) de faire reconna\u00eetre cette participation et d\u2019obtenir une <b>attestation officielle<\/b> ou <b>trois cr\u00e9dits universitaires<\/b>?<\/p>\n<p style=\"text-align: justify\"><b>Attestation officielle<\/b><br \/>\nPour obtenir une attestation officielle, il faut un <b>minimum de 45 heures d\u2019implication<\/b>. Les documents \u00e0 remplir sont disponibles aux Services aux \u00e9tudiants.<\/p>\n<p style=\"text-align: justify\"><span style=\"text-decoration: underline\">Personne-ressource\u00a0:<b><br \/>\n<\/b><\/span>Patrice S\u00e9guin, responsable de la Vie \u00e9tudiante<br \/>\nServices aux \u00e9tudiants (local P1-1040-4)<br \/>\n418 545-5011, poste\u00a02014<\/p>\n<p style=\"text-align: justify\"><b><br \/>\nTrois cr\u00e9dits universitaires<br \/>\n<\/b>Pour obtenir trois cr\u00e9dits universitaires, il faut un <b>minimum de 135 heures d\u2019implication<\/b>. Les documents \u00e0 remplir sont disponibles au D\u00e9canat des \u00e9tudes. La date limite pour faire votre demande afin d\u2019obtenir trois cr\u00e9dits universitaires\u00a0est fix\u00e9e au <b>lundi 4 novembre 2013 \u00e0 17\u00a0h<\/b>.<\/p>\n<p style=\"text-align: justify\"><span style=\"text-decoration: underline\">Personne-ressource\u00a0:<b><br \/>\n<\/b><\/span>Claudine Gagnon, coordonnatrice<br \/>\nD\u00e9canat des \u00e9tudes (local H7-1050-2)<br \/>\n418 545-5011, poste\u00a04755<\/p>\n<p style=\"text-align: justify\"><b><br \/>\nRenseignements\u00a0:<\/b><br \/>\nClaudine Gagnon, coordonnatrice<br \/>\nD\u00e9canat des \u00e9tudes<br \/>\nUniversit\u00e9 du Qu\u00e9bec \u00e0 Chicoutimi<br \/>\n418 545-5011, poste\u00a04755\u00a0 \u25aa\u00a0 <span style=\"color: #5a7411\"><a href=\"mailto:claudine-c_gagnon@uqac.ca\"><span style=\"color: #5a7411\">claudine-c_gagnon@uqac.ca<\/span><\/a><\/span><\/p>\n","protected":false},"excerpt":{"rendered":"<p>Saviez-vous qu\u2019il est possible pour tout \u00e9tudiant de l\u2019UQAC engag\u00e9 dans un regroupement \u00e9tudiant (club, association modulaire, etc.) ou impliqu\u00e9 dans une instance de l\u2019UQAC (conseil de module, commission des \u00e9tudes, etc.) de faire reconna\u00eetre cette participation et d\u2019obtenir une attestation officielle ou trois cr\u00e9dits universitaires? Attestation officielle Pour obtenir une attestation officielle, il faut [&hellip;]<\/p>\n","protected":false},"author":5,"featured_media":20989,"comment_status":"closed","ping_status":"open","sticky":false,"template":"","format":"standard","meta":{"footnotes":""},"categories":[2772],"tags":[798,1861,1045,161,1352,1863,115,1006],"yoast_head":"<!-- This site is optimized with the Yoast SEO plugin v24.2 - https:\/\/yoast.com\/wordpress\/plugins\/seo\/ -->\r\n<title>Reconnaissance de l\u2019implication des \u00e9tudiants \u00e0 la vie institutionnelle - UQACtualit\u00e9s<\/title>\r\n<meta name=\"robots\" content=\"index, follow, max-snippet:-1, max-image-preview:large, max-video-preview:-1\" \/>\r\n<link rel=\"canonical\" href=\"https:\/\/www.uqac.ca\/uqactualites\/2013\/09\/18\/reconnaissance-de-limplication-des-etudiants-a-la-vie-institutionnelle-3\/\" \/>\r\n<meta property=\"og:locale\" content=\"fr_CA\" \/>\r\n<meta property=\"og:type\" content=\"article\" \/>\r\n<meta property=\"og:title\" content=\"Reconnaissance de l\u2019implication des \u00e9tudiants \u00e0 la vie institutionnelle - UQACtualit\u00e9s\" \/>\r\n<meta property=\"og:description\" content=\"Saviez-vous qu\u2019il est possible pour tout \u00e9tudiant de l\u2019UQAC engag\u00e9 dans un regroupement \u00e9tudiant (club, association modulaire, etc.) ou impliqu\u00e9 dans une instance de l\u2019UQAC (conseil de module, commission des \u00e9tudes, etc.) de faire reconna\u00eetre cette participation et d\u2019obtenir une attestation officielle ou trois cr\u00e9dits universitaires? Attestation officielle Pour obtenir une attestation officielle, il faut [&hellip;]\" \/>\r\n<meta property=\"og:url\" content=\"https:\/\/www.uqac.ca\/uqactualites\/2013\/09\/18\/reconnaissance-de-limplication-des-etudiants-a-la-vie-institutionnelle-3\/\" \/>\r\n<meta property=\"og:site_name\" content=\"UQACtualit\u00e9s\" \/>\r\n<meta property=\"article:published_time\" content=\"2013-09-18T14:34:02+00:00\" \/>\r\n<meta property=\"og:image\" content=\"https:\/\/www.uqac.ca\/uqactualites\/wp-content\/uploads\/2012\/05\/avis-laCommunaut-.jpg\" \/>\r\n\t<meta property=\"og:image:width\" content=\"620\" \/>\r\n\t<meta property=\"og:image:height\" content=\"300\" \/>\r\n\t<meta property=\"og:image:type\" content=\"image\/jpeg\" \/>\r\n<meta name=\"author\" content=\"Service des communications et des relations publiques\" \/>\r\n<meta name=\"twitter:card\" content=\"summary_large_image\" \/>\r\n<meta name=\"twitter:label1\" content=\"\u00c9crit par\" \/>\n\t<meta name=\"twitter:data1\" content=\"Service des communications et des relations publiques\" \/>\n\t<meta name=\"twitter:label2\" content=\"Estimation du temps de lecture\" \/>\n\t<meta name=\"twitter:data2\" content=\"1 minute\" \/>\r\n<script type=\"application\/ld+json\" class=\"yoast-schema-graph\">{\"@context\":\"https:\/\/schema.org\",\"@graph\":[{\"@type\":\"WebPage\",\"@id\":\"https:\/\/www.uqac.ca\/uqactualites\/2013\/09\/18\/reconnaissance-de-limplication-des-etudiants-a-la-vie-institutionnelle-3\/\",\"url\":\"https:\/\/www.uqac.ca\/uqactualites\/2013\/09\/18\/reconnaissance-de-limplication-des-etudiants-a-la-vie-institutionnelle-3\/\",\"name\":\"Reconnaissance de l\u2019implication des \u00e9tudiants \u00e0 la vie institutionnelle - UQACtualit\u00e9s\",\"isPartOf\":{\"@id\":\"https:\/\/www.uqac.ca\/uqactualites\/#website\"},\"primaryImageOfPage\":{\"@id\":\"https:\/\/www.uqac.ca\/uqactualites\/2013\/09\/18\/reconnaissance-de-limplication-des-etudiants-a-la-vie-institutionnelle-3\/#primaryimage\"},\"image\":{\"@id\":\"https:\/\/www.uqac.ca\/uqactualites\/2013\/09\/18\/reconnaissance-de-limplication-des-etudiants-a-la-vie-institutionnelle-3\/#primaryimage\"},\"thumbnailUrl\":\"https:\/\/www.uqac.ca\/uqactualites\/wp-content\/uploads\/2012\/05\/avis-laCommunaut-.jpg\",\"datePublished\":\"2013-09-18T14:34:02+00:00\",\"dateModified\":\"2013-09-18T14:34:02+00:00\",\"author\":{\"@id\":\"https:\/\/www.uqac.ca\/uqactualites\/#\/schema\/person\/366c45a0c4f0e677b41b4af5886e2018\"},\"breadcrumb\":{\"@id\":\"https:\/\/www.uqac.ca\/uqactualites\/2013\/09\/18\/reconnaissance-de-limplication-des-etudiants-a-la-vie-institutionnelle-3\/#breadcrumb\"},\"inLanguage\":\"fr-CA\",\"potentialAction\":[{\"@type\":\"ReadAction\",\"target\":[\"https:\/\/www.uqac.ca\/uqactualites\/2013\/09\/18\/reconnaissance-de-limplication-des-etudiants-a-la-vie-institutionnelle-3\/\"]}]},{\"@type\":\"ImageObject\",\"inLanguage\":\"fr-CA\",\"@id\":\"https:\/\/www.uqac.ca\/uqactualites\/2013\/09\/18\/reconnaissance-de-limplication-des-etudiants-a-la-vie-institutionnelle-3\/#primaryimage\",\"url\":\"https:\/\/www.uqac.ca\/uqactualites\/wp-content\/uploads\/2012\/05\/avis-laCommunaut-.jpg\",\"contentUrl\":\"https:\/\/www.uqac.ca\/uqactualites\/wp-content\/uploads\/2012\/05\/avis-laCommunaut-.jpg\",\"width\":620,\"height\":300},{\"@type\":\"BreadcrumbList\",\"@id\":\"https:\/\/www.uqac.ca\/uqactualites\/2013\/09\/18\/reconnaissance-de-limplication-des-etudiants-a-la-vie-institutionnelle-3\/#breadcrumb\",\"itemListElement\":[{\"@type\":\"ListItem\",\"position\":1,\"name\":\"Home\",\"item\":\"https:\/\/www.uqac.ca\/uqactualites\/\"},{\"@type\":\"ListItem\",\"position\":2,\"name\":\"Reconnaissance de l\u2019implication des \u00e9tudiants \u00e0 la vie institutionnelle\"}]},{\"@type\":\"WebSite\",\"@id\":\"https:\/\/www.uqac.ca\/uqactualites\/#website\",\"url\":\"https:\/\/www.uqac.ca\/uqactualites\/\",\"name\":\"UQACtualit\u00e9s\",\"description\":\"Le portail des nouvelles de l&#039;UQAC\",\"potentialAction\":[{\"@type\":\"SearchAction\",\"target\":{\"@type\":\"EntryPoint\",\"urlTemplate\":\"https:\/\/www.uqac.ca\/uqactualites\/?s={search_term_string}\"},\"query-input\":{\"@type\":\"PropertyValueSpecification\",\"valueRequired\":true,\"valueName\":\"search_term_string\"}}],\"inLanguage\":\"fr-CA\"},{\"@type\":\"Person\",\"@id\":\"https:\/\/www.uqac.ca\/uqactualites\/#\/schema\/person\/366c45a0c4f0e677b41b4af5886e2018\",\"name\":\"Service des communications et des relations publiques\",\"image\":{\"@type\":\"ImageObject\",\"inLanguage\":\"fr-CA\",\"@id\":\"https:\/\/www.uqac.ca\/uqactualites\/#\/schema\/person\/image\/\",\"url\":\"https:\/\/secure.gravatar.com\/avatar\/20fbbda8a292f59f2d3461a5b999c00b?s=96&d=mm&r=g\",\"contentUrl\":\"https:\/\/secure.gravatar.com\/avatar\/20fbbda8a292f59f2d3461a5b999c00b?s=96&d=mm&r=g\",\"caption\":\"Service des communications et des relations publiques\"},\"url\":\"https:\/\/www.uqac.ca\/uqactualites\/author\/bap\/\"}]}<\/script>\r\n<!-- \/ Yoast SEO plugin. -->","yoast_head_json":{"title":"Reconnaissance de l\u2019implication des \u00e9tudiants \u00e0 la vie institutionnelle - UQACtualit\u00e9s","robots":{"index":"index","follow":"follow","max-snippet":"max-snippet:-1","max-image-preview":"max-image-preview:large","max-video-preview":"max-video-preview:-1"},"canonical":"https:\/\/www.uqac.ca\/uqactualites\/2013\/09\/18\/reconnaissance-de-limplication-des-etudiants-a-la-vie-institutionnelle-3\/","og_locale":"fr_CA","og_type":"article","og_title":"Reconnaissance de l\u2019implication des \u00e9tudiants \u00e0 la vie institutionnelle - UQACtualit\u00e9s","og_description":"Saviez-vous qu\u2019il est possible pour tout \u00e9tudiant de l\u2019UQAC engag\u00e9 dans un regroupement \u00e9tudiant (club, association modulaire, etc.) ou impliqu\u00e9 dans une instance de l\u2019UQAC (conseil de module, commission des \u00e9tudes, etc.) de faire reconna\u00eetre cette participation et d\u2019obtenir une attestation officielle ou trois cr\u00e9dits universitaires? Attestation officielle Pour obtenir une attestation officielle, il faut [&hellip;]","og_url":"https:\/\/www.uqac.ca\/uqactualites\/2013\/09\/18\/reconnaissance-de-limplication-des-etudiants-a-la-vie-institutionnelle-3\/","og_site_name":"UQACtualit\u00e9s","article_published_time":"2013-09-18T14:34:02+00:00","og_image":[{"width":620,"height":300,"url":"https:\/\/www.uqac.ca\/uqactualites\/wp-content\/uploads\/2012\/05\/avis-laCommunaut-.jpg","type":"image\/jpeg"}],"author":"Service des communications et des relations publiques","twitter_card":"summary_large_image","twitter_misc":{"\u00c9crit par":"Service des communications et des relations publiques","Estimation du temps de lecture":"1 minute"},"schema":{"@context":"https:\/\/schema.org","@graph":[{"@type":"WebPage","@id":"https:\/\/www.uqac.ca\/uqactualites\/2013\/09\/18\/reconnaissance-de-limplication-des-etudiants-a-la-vie-institutionnelle-3\/","url":"https:\/\/www.uqac.ca\/uqactualites\/2013\/09\/18\/reconnaissance-de-limplication-des-etudiants-a-la-vie-institutionnelle-3\/","name":"Reconnaissance de l\u2019implication des \u00e9tudiants \u00e0 la vie institutionnelle - UQACtualit\u00e9s","isPartOf":{"@id":"https:\/\/www.uqac.ca\/uqactualites\/#website"},"primaryImageOfPage":{"@id":"https:\/\/www.uqac.ca\/uqactualites\/2013\/09\/18\/reconnaissance-de-limplication-des-etudiants-a-la-vie-institutionnelle-3\/#primaryimage"},"image":{"@id":"https:\/\/www.uqac.ca\/uqactualites\/2013\/09\/18\/reconnaissance-de-limplication-des-etudiants-a-la-vie-institutionnelle-3\/#primaryimage"},"thumbnailUrl":"https:\/\/www.uqac.ca\/uqactualites\/wp-content\/uploads\/2012\/05\/avis-laCommunaut-.jpg","datePublished":"2013-09-18T14:34:02+00:00","dateModified":"2013-09-18T14:34:02+00:00","author":{"@id":"https:\/\/www.uqac.ca\/uqactualites\/#\/schema\/person\/366c45a0c4f0e677b41b4af5886e2018"},"breadcrumb":{"@id":"https:\/\/www.uqac.ca\/uqactualites\/2013\/09\/18\/reconnaissance-de-limplication-des-etudiants-a-la-vie-institutionnelle-3\/#breadcrumb"},"inLanguage":"fr-CA","potentialAction":[{"@type":"ReadAction","target":["https:\/\/www.uqac.ca\/uqactualites\/2013\/09\/18\/reconnaissance-de-limplication-des-etudiants-a-la-vie-institutionnelle-3\/"]}]},{"@type":"ImageObject","inLanguage":"fr-CA","@id":"https:\/\/www.uqac.ca\/uqactualites\/2013\/09\/18\/reconnaissance-de-limplication-des-etudiants-a-la-vie-institutionnelle-3\/#primaryimage","url":"https:\/\/www.uqac.ca\/uqactualites\/wp-content\/uploads\/2012\/05\/avis-laCommunaut-.jpg","contentUrl":"https:\/\/www.uqac.ca\/uqactualites\/wp-content\/uploads\/2012\/05\/avis-laCommunaut-.jpg","width":620,"height":300},{"@type":"BreadcrumbList","@id":"https:\/\/www.uqac.ca\/uqactualites\/2013\/09\/18\/reconnaissance-de-limplication-des-etudiants-a-la-vie-institutionnelle-3\/#breadcrumb","itemListElement":[{"@type":"ListItem","position":1,"name":"Home","item":"https:\/\/www.uqac.ca\/uqactualites\/"},{"@type":"ListItem","position":2,"name":"Reconnaissance de l\u2019implication des \u00e9tudiants \u00e0 la vie institutionnelle"}]},{"@type":"WebSite","@id":"https:\/\/www.uqac.ca\/uqactualites\/#website","url":"https:\/\/www.uqac.ca\/uqactualites\/","name":"UQACtualit\u00e9s","description":"Le portail des nouvelles de l&#039;UQAC","potentialAction":[{"@type":"SearchAction","target":{"@type":"EntryPoint","urlTemplate":"https:\/\/www.uqac.ca\/uqactualites\/?s={search_term_string}"},"query-input":{"@type":"PropertyValueSpecification","valueRequired":true,"valueName":"search_term_string"}}],"inLanguage":"fr-CA"},{"@type":"Person","@id":"https:\/\/www.uqac.ca\/uqactualites\/#\/schema\/person\/366c45a0c4f0e677b41b4af5886e2018","name":"Service des communications et des relations publiques","image":{"@type":"ImageObject","inLanguage":"fr-CA","@id":"https:\/\/www.uqac.ca\/uqactualites\/#\/schema\/person\/image\/","url":"https:\/\/secure.gravatar.com\/avatar\/20fbbda8a292f59f2d3461a5b999c00b?s=96&d=mm&r=g","contentUrl":"https:\/\/secure.gravatar.com\/avatar\/20fbbda8a292f59f2d3461a5b999c00b?s=96&d=mm&r=g","caption":"Service des communications et des relations publiques"},"url":"https:\/\/www.uqac.ca\/uqactualites\/author\/bap\/"}]}},"_links":{"self":[{"href":"https:\/\/www.uqac.ca\/uqactualites\/wp-json\/wp\/v2\/posts\/25762"}],"collection":[{"href":"https:\/\/www.uqac.ca\/uqactualites\/wp-json\/wp\/v2\/posts"}],"about":[{"href":"https:\/\/www.uqac.ca\/uqactualites\/wp-json\/wp\/v2\/types\/post"}],"author":[{"embeddable":true,"href":"https:\/\/www.uqac.ca\/uqactualites\/wp-json\/wp\/v2\/users\/5"}],"replies":[{"embeddable":true,"href":"https:\/\/www.uqac.ca\/uqactualites\/wp-json\/wp\/v2\/comments?post=25762"}],"version-history":[{"count":0,"href":"https:\/\/www.uqac.ca\/uqactualites\/wp-json\/wp\/v2\/posts\/25762\/revisions"}],"wp:featuredmedia":[{"embeddable":true,"href":"https:\/\/www.uqac.ca\/uqactualites\/wp-json\/wp\/v2\/media\/20989"}],"wp:attachment":[{"href":"https:\/\/www.uqac.ca\/uqactualites\/wp-json\/wp\/v2\/media?parent=25762"}],"wp:term":[{"taxonomy":"category","embeddable":true,"href":"https:\/\/www.uqac.ca\/uqactualites\/wp-json\/wp\/v2\/categories?post=25762"},{"taxonomy":"post_tag","embeddable":true,"href":"https:\/\/www.uqac.ca\/uqactualites\/wp-json\/wp\/v2\/tags?post=25762"}],"curies":[{"name":"wp","href":"https:\/\/api.w.org\/{rel}","templated":true}]}}