{"id":25805,"date":"2013-09-20T09:45:11","date_gmt":"2013-09-20T13:45:11","guid":{"rendered":"http:\/\/uqactualite.odev.ca\/?p=25805"},"modified":"2013-09-20T09:45:11","modified_gmt":"2013-09-20T13:45:11","slug":"le-prix-masoud-farzaneh-est-decerne-a-monsieur-svein-fikke","status":"publish","type":"post","link":"https:\/\/www.uqac.ca\/uqactualites\/2013\/09\/20\/le-prix-masoud-farzaneh-est-decerne-a-monsieur-svein-fikke\/","title":{"rendered":"Le prix Masoud-Farzaneh est d\u00e9cern\u00e9 \u00e0 monsieur Svein Fikke"},"content":{"rendered":"<p style=\"text-align: justify\"><b>Saguenay, le 20 septembre 2013<\/b> \u2013 La troisi\u00e8me \u00e9dition de la remise du prix Masoud-Farzaneh a eu lieu \u00e0 l\u2019occasion du 15<sup>e<\/sup> Congr\u00e8s de l\u2019International Workshop on Atmospheric Icing of Structures (IWAIS), tenu \u00e0 St-John\u2019s le 9 septembre dernier. L\u2019\u00e9v\u00e9nement, qui portait sur le givrage atmosph\u00e9rique des structures, r\u00e9unissait de nombreux chercheurs et dignitaires et accueillait notamment monsieur \u00c9ric Pilote, doyen aux affaires professorales et d\u00e9partementales de l\u2019UQAC, et le professeur Farzaneh. Le prix Masoud-Farzaneh, qui a \u00e9t\u00e9 institu\u00e9 par l\u2019UQAC en 2010 en\u00a0l\u2019honneur du chercheur Masoud Farzaneh, est d\u00e9cern\u00e9 chaque ann\u00e9e \u00e0 un chercheur qui s\u2019est distingu\u00e9 dans le domaine du transport de l\u2019\u00e9nergie \u00e9lectrique dans des conditions climatiques nordiques. Cette ann\u00e9e, le laur\u00e9at du prix est monsieur Svein Fikke.<\/p>\n<p style=\"text-align: justify\">Apr\u00e8s avoir obtenu sa ma\u00eetrise en m\u00e9t\u00e9orologie de l\u2019Universit\u00e9 d\u2019Oslo en 1971, monsieur Fikke a travaill\u00e9 successivement pour l\u2019Institut norv\u00e9gien de recherche en \u00e9lectricit\u00e9 (SINTEF), la Commission norv\u00e9gienne d\u2019\u00e9tat sur l\u2019\u00e9nergie (Statkraft) et le R\u00e9seau de distribution \u00e9lectrique de Norv\u00e8ge (Statnett). Ses travaux portent sur l\u2019impact des conditions climatiques sur les structures expos\u00e9es, notamment sur les lignes a\u00e9riennes de transport d\u2019\u00e9nergie \u00e9lectrique. Il s\u2019est fait remarquer par sa conception d\u2019un mod\u00e8le multidimensionnel de l\u2019analyse des phases de transition de l\u2019eau et de la glace dans l\u2019atmosph\u00e8re, et il a activement contribu\u00e9 \u00e0 la compr\u00e9hension des ph\u00e9nom\u00e8nes de pollution atmosph\u00e9rique des lignes a\u00e9riennes de transport d\u2019\u00e9lectricit\u00e9 sur de longues distances en terrain montagneux. De plus, il a \u00e9t\u00e9 directement responsable de la mise en place de l\u2019IWAIS, un forum international sur le givrage atmosph\u00e9rique, en 1992.<\/p>\n<p style=\"text-align: justify\">Depuis 2002, M.\u00a0Fikke est consultant ind\u00e9pendant au service de producteurs et distributeurs d\u2019\u00e9lectricit\u00e9 de Norv\u00e8ge, du Canada, du Chili, du Groenland, de l\u2019Islande, de l\u2019Irlande, de la Su\u00e8de et du Royaume-Uni. Il est impliqu\u00e9 dans les activit\u00e9s du Study Committee B2 du Conseil international des grands r\u00e9seaux \u00e9lectriques (CIGR\u00c9) depuis la fin des ann\u00e9es 80, pour lequel il a pr\u00e9sid\u00e9 des groupes de travail sur les aspects m\u00e9t\u00e9orologiques en lien avec les lignes a\u00e9riennes de transport d\u2019\u00e9lectricit\u00e9. Membre du Comit\u00e9 national de Norv\u00e8ge, du CELENEC et du IEC TC11, il a aussi contribu\u00e9 \u00e0 des organismes tels qu\u2019ISO, IEC et CEN.<\/p>\n<p style=\"text-align: justify\">Le prix remis \u00e0 monsieur Fikke \u00e9tait accompagn\u00e9 d\u2019une pi\u00e8ce d\u2019art en verre r\u00e9alis\u00e9 par un artiste de renom, monsieur Giuseppe Benedetto. Ce troph\u00e9e tr\u00e8s original a la forme d\u2019un pyl\u00f4ne surmont\u00e9 d\u2019un isolateur repr\u00e9sentant le globe terrestre et l\u2019\u00e9nergie \u00e9lectrique.<\/p>\n<p style=\"text-align: center\" align=\"center\">&#8211; 30 &#8211;<\/p>\n<p style=\"text-align: justify\"><strong>Source :<\/strong><br \/>\nJean Wauthier, directeur<br \/>\nBureau des affaires publiques<br \/>\nUniversit\u00e9 du Qu\u00e9bec \u00e0 Chicoutimi<br \/>\n418 545-5011, poste 5006\u00a0 \u25aa\u00a0 <span style=\"color: #5a7411\"><a href=\"mailto:jean.wauthier@uqac.ca\"><span style=\"color: #5a7411\">jean.wauthier@uqac.ca<\/span><\/a><\/span><\/p>\n<p style=\"text-align: justify\"><strong>Renseignements :<\/strong><br \/>\nMasoud Farzaneh, professeur et responsable CIGELE\/CENGIVRE<br \/>\nD\u00e9partement des sciences appliqu\u00e9es<br \/>\nUniversit\u00e9 du Qu\u00e9bec \u00e0 Chicoutimi<br \/>\n418 545-5011, postes 5044 et 2467\u00a0 \u25aa\u00a0 <span style=\"color: #5a7411\"><a href=\"mailto:masoud_farzaneh@uqac.ca\"><span style=\"color: #5a7411\">masoud_farzaneh@uqac.ca<\/span><\/a><\/span><\/p>\n","protected":false},"excerpt":{"rendered":"<p>Saguenay, le 20 septembre 2013 \u2013 La troisi\u00e8me \u00e9dition de la remise du prix Masoud-Farzaneh a eu lieu \u00e0 l\u2019occasion du 15e Congr\u00e8s de l\u2019International Workshop on Atmospheric Icing of Structures (IWAIS), tenu \u00e0 St-John\u2019s le 9 septembre dernier. L\u2019\u00e9v\u00e9nement, qui portait sur le givrage atmosph\u00e9rique des structures, r\u00e9unissait de nombreux chercheurs et dignitaires et [&hellip;]<\/p>\n","protected":false},"author":5,"featured_media":20745,"comment_status":"open","ping_status":"open","sticky":false,"template":"","format":"standard","meta":{"footnotes":""},"categories":[2772],"tags":[230,231,65],"yoast_head":"<!-- This site is optimized with the Yoast SEO plugin v24.2 - https:\/\/yoast.com\/wordpress\/plugins\/seo\/ -->\r\n<title>Le prix Masoud-Farzaneh est d\u00e9cern\u00e9 \u00e0 monsieur Svein Fikke - UQACtualit\u00e9s<\/title>\r\n<meta name=\"robots\" content=\"index, follow, max-snippet:-1, max-image-preview:large, max-video-preview:-1\" \/>\r\n<link rel=\"canonical\" href=\"https:\/\/www.uqac.ca\/uqactualites\/2013\/09\/20\/le-prix-masoud-farzaneh-est-decerne-a-monsieur-svein-fikke\/\" \/>\r\n<meta property=\"og:locale\" content=\"fr_CA\" \/>\r\n<meta property=\"og:type\" content=\"article\" \/>\r\n<meta property=\"og:title\" content=\"Le prix Masoud-Farzaneh est d\u00e9cern\u00e9 \u00e0 monsieur Svein Fikke - UQACtualit\u00e9s\" \/>\r\n<meta property=\"og:description\" content=\"Saguenay, le 20 septembre 2013 \u2013 La troisi\u00e8me \u00e9dition de la remise du prix Masoud-Farzaneh a eu lieu \u00e0 l\u2019occasion du 15e Congr\u00e8s de l\u2019International Workshop on Atmospheric Icing of Structures (IWAIS), tenu \u00e0 St-John\u2019s le 9 septembre dernier. L\u2019\u00e9v\u00e9nement, qui portait sur le givrage atmosph\u00e9rique des structures, r\u00e9unissait de nombreux chercheurs et dignitaires et [&hellip;]\" \/>\r\n<meta property=\"og:url\" content=\"https:\/\/www.uqac.ca\/uqactualites\/2013\/09\/20\/le-prix-masoud-farzaneh-est-decerne-a-monsieur-svein-fikke\/\" \/>\r\n<meta property=\"og:site_name\" content=\"UQACtualit\u00e9s\" \/>\r\n<meta property=\"article:published_time\" content=\"2013-09-20T13:45:11+00:00\" \/>\r\n<meta property=\"og:image\" content=\"https:\/\/www.uqac.ca\/uqactualites\/wp-content\/uploads\/2012\/05\/communiqu-.jpg\" \/>\r\n\t<meta property=\"og:image:width\" content=\"620\" \/>\r\n\t<meta property=\"og:image:height\" content=\"300\" \/>\r\n\t<meta property=\"og:image:type\" content=\"image\/jpeg\" \/>\r\n<meta name=\"author\" content=\"Service des communications et des relations publiques\" \/>\r\n<meta name=\"twitter:card\" content=\"summary_large_image\" \/>\r\n<meta name=\"twitter:label1\" content=\"\u00c9crit par\" \/>\n\t<meta name=\"twitter:data1\" content=\"Service des communications et des relations publiques\" \/>\n\t<meta name=\"twitter:label2\" content=\"Estimation du temps de lecture\" \/>\n\t<meta name=\"twitter:data2\" content=\"3 minutes\" \/>\r\n<script type=\"application\/ld+json\" class=\"yoast-schema-graph\">{\"@context\":\"https:\/\/schema.org\",\"@graph\":[{\"@type\":\"WebPage\",\"@id\":\"https:\/\/www.uqac.ca\/uqactualites\/2013\/09\/20\/le-prix-masoud-farzaneh-est-decerne-a-monsieur-svein-fikke\/\",\"url\":\"https:\/\/www.uqac.ca\/uqactualites\/2013\/09\/20\/le-prix-masoud-farzaneh-est-decerne-a-monsieur-svein-fikke\/\",\"name\":\"Le prix Masoud-Farzaneh est d\u00e9cern\u00e9 \u00e0 monsieur Svein Fikke - UQACtualit\u00e9s\",\"isPartOf\":{\"@id\":\"https:\/\/www.uqac.ca\/uqactualites\/#website\"},\"primaryImageOfPage\":{\"@id\":\"https:\/\/www.uqac.ca\/uqactualites\/2013\/09\/20\/le-prix-masoud-farzaneh-est-decerne-a-monsieur-svein-fikke\/#primaryimage\"},\"image\":{\"@id\":\"https:\/\/www.uqac.ca\/uqactualites\/2013\/09\/20\/le-prix-masoud-farzaneh-est-decerne-a-monsieur-svein-fikke\/#primaryimage\"},\"thumbnailUrl\":\"https:\/\/www.uqac.ca\/uqactualites\/wp-content\/uploads\/2012\/05\/communiqu-.jpg\",\"datePublished\":\"2013-09-20T13:45:11+00:00\",\"dateModified\":\"2013-09-20T13:45:11+00:00\",\"author\":{\"@id\":\"https:\/\/www.uqac.ca\/uqactualites\/#\/schema\/person\/366c45a0c4f0e677b41b4af5886e2018\"},\"breadcrumb\":{\"@id\":\"https:\/\/www.uqac.ca\/uqactualites\/2013\/09\/20\/le-prix-masoud-farzaneh-est-decerne-a-monsieur-svein-fikke\/#breadcrumb\"},\"inLanguage\":\"fr-CA\",\"potentialAction\":[{\"@type\":\"ReadAction\",\"target\":[\"https:\/\/www.uqac.ca\/uqactualites\/2013\/09\/20\/le-prix-masoud-farzaneh-est-decerne-a-monsieur-svein-fikke\/\"]}]},{\"@type\":\"ImageObject\",\"inLanguage\":\"fr-CA\",\"@id\":\"https:\/\/www.uqac.ca\/uqactualites\/2013\/09\/20\/le-prix-masoud-farzaneh-est-decerne-a-monsieur-svein-fikke\/#primaryimage\",\"url\":\"https:\/\/www.uqac.ca\/uqactualites\/wp-content\/uploads\/2012\/05\/communiqu-.jpg\",\"contentUrl\":\"https:\/\/www.uqac.ca\/uqactualites\/wp-content\/uploads\/2012\/05\/communiqu-.jpg\",\"width\":620,\"height\":300},{\"@type\":\"BreadcrumbList\",\"@id\":\"https:\/\/www.uqac.ca\/uqactualites\/2013\/09\/20\/le-prix-masoud-farzaneh-est-decerne-a-monsieur-svein-fikke\/#breadcrumb\",\"itemListElement\":[{\"@type\":\"ListItem\",\"position\":1,\"name\":\"Home\",\"item\":\"https:\/\/www.uqac.ca\/uqactualites\/\"},{\"@type\":\"ListItem\",\"position\":2,\"name\":\"Le prix Masoud-Farzaneh est d\u00e9cern\u00e9 \u00e0 monsieur Svein Fikke\"}]},{\"@type\":\"WebSite\",\"@id\":\"https:\/\/www.uqac.ca\/uqactualites\/#website\",\"url\":\"https:\/\/www.uqac.ca\/uqactualites\/\",\"name\":\"UQACtualit\u00e9s\",\"description\":\"Le portail des nouvelles de l&#039;UQAC\",\"potentialAction\":[{\"@type\":\"SearchAction\",\"target\":{\"@type\":\"EntryPoint\",\"urlTemplate\":\"https:\/\/www.uqac.ca\/uqactualites\/?s={search_term_string}\"},\"query-input\":{\"@type\":\"PropertyValueSpecification\",\"valueRequired\":true,\"valueName\":\"search_term_string\"}}],\"inLanguage\":\"fr-CA\"},{\"@type\":\"Person\",\"@id\":\"https:\/\/www.uqac.ca\/uqactualites\/#\/schema\/person\/366c45a0c4f0e677b41b4af5886e2018\",\"name\":\"Service des communications et des relations publiques\",\"image\":{\"@type\":\"ImageObject\",\"inLanguage\":\"fr-CA\",\"@id\":\"https:\/\/www.uqac.ca\/uqactualites\/#\/schema\/person\/image\/\",\"url\":\"https:\/\/secure.gravatar.com\/avatar\/20fbbda8a292f59f2d3461a5b999c00b?s=96&d=mm&r=g\",\"contentUrl\":\"https:\/\/secure.gravatar.com\/avatar\/20fbbda8a292f59f2d3461a5b999c00b?s=96&d=mm&r=g\",\"caption\":\"Service des communications et des relations publiques\"},\"url\":\"https:\/\/www.uqac.ca\/uqactualites\/author\/bap\/\"}]}<\/script>\r\n<!-- \/ Yoast SEO plugin. -->","yoast_head_json":{"title":"Le prix Masoud-Farzaneh est d\u00e9cern\u00e9 \u00e0 monsieur Svein Fikke - UQACtualit\u00e9s","robots":{"index":"index","follow":"follow","max-snippet":"max-snippet:-1","max-image-preview":"max-image-preview:large","max-video-preview":"max-video-preview:-1"},"canonical":"https:\/\/www.uqac.ca\/uqactualites\/2013\/09\/20\/le-prix-masoud-farzaneh-est-decerne-a-monsieur-svein-fikke\/","og_locale":"fr_CA","og_type":"article","og_title":"Le prix Masoud-Farzaneh est d\u00e9cern\u00e9 \u00e0 monsieur Svein Fikke - UQACtualit\u00e9s","og_description":"Saguenay, le 20 septembre 2013 \u2013 La troisi\u00e8me \u00e9dition de la remise du prix Masoud-Farzaneh a eu lieu \u00e0 l\u2019occasion du 15e Congr\u00e8s de l\u2019International Workshop on Atmospheric Icing of Structures (IWAIS), tenu \u00e0 St-John\u2019s le 9 septembre dernier. L\u2019\u00e9v\u00e9nement, qui portait sur le givrage atmosph\u00e9rique des structures, r\u00e9unissait de nombreux chercheurs et dignitaires et [&hellip;]","og_url":"https:\/\/www.uqac.ca\/uqactualites\/2013\/09\/20\/le-prix-masoud-farzaneh-est-decerne-a-monsieur-svein-fikke\/","og_site_name":"UQACtualit\u00e9s","article_published_time":"2013-09-20T13:45:11+00:00","og_image":[{"width":620,"height":300,"url":"https:\/\/www.uqac.ca\/uqactualites\/wp-content\/uploads\/2012\/05\/communiqu-.jpg","type":"image\/jpeg"}],"author":"Service des communications et des relations publiques","twitter_card":"summary_large_image","twitter_misc":{"\u00c9crit par":"Service des communications et des relations publiques","Estimation du temps de lecture":"3 minutes"},"schema":{"@context":"https:\/\/schema.org","@graph":[{"@type":"WebPage","@id":"https:\/\/www.uqac.ca\/uqactualites\/2013\/09\/20\/le-prix-masoud-farzaneh-est-decerne-a-monsieur-svein-fikke\/","url":"https:\/\/www.uqac.ca\/uqactualites\/2013\/09\/20\/le-prix-masoud-farzaneh-est-decerne-a-monsieur-svein-fikke\/","name":"Le prix Masoud-Farzaneh est d\u00e9cern\u00e9 \u00e0 monsieur Svein Fikke - UQACtualit\u00e9s","isPartOf":{"@id":"https:\/\/www.uqac.ca\/uqactualites\/#website"},"primaryImageOfPage":{"@id":"https:\/\/www.uqac.ca\/uqactualites\/2013\/09\/20\/le-prix-masoud-farzaneh-est-decerne-a-monsieur-svein-fikke\/#primaryimage"},"image":{"@id":"https:\/\/www.uqac.ca\/uqactualites\/2013\/09\/20\/le-prix-masoud-farzaneh-est-decerne-a-monsieur-svein-fikke\/#primaryimage"},"thumbnailUrl":"https:\/\/www.uqac.ca\/uqactualites\/wp-content\/uploads\/2012\/05\/communiqu-.jpg","datePublished":"2013-09-20T13:45:11+00:00","dateModified":"2013-09-20T13:45:11+00:00","author":{"@id":"https:\/\/www.uqac.ca\/uqactualites\/#\/schema\/person\/366c45a0c4f0e677b41b4af5886e2018"},"breadcrumb":{"@id":"https:\/\/www.uqac.ca\/uqactualites\/2013\/09\/20\/le-prix-masoud-farzaneh-est-decerne-a-monsieur-svein-fikke\/#breadcrumb"},"inLanguage":"fr-CA","potentialAction":[{"@type":"ReadAction","target":["https:\/\/www.uqac.ca\/uqactualites\/2013\/09\/20\/le-prix-masoud-farzaneh-est-decerne-a-monsieur-svein-fikke\/"]}]},{"@type":"ImageObject","inLanguage":"fr-CA","@id":"https:\/\/www.uqac.ca\/uqactualites\/2013\/09\/20\/le-prix-masoud-farzaneh-est-decerne-a-monsieur-svein-fikke\/#primaryimage","url":"https:\/\/www.uqac.ca\/uqactualites\/wp-content\/uploads\/2012\/05\/communiqu-.jpg","contentUrl":"https:\/\/www.uqac.ca\/uqactualites\/wp-content\/uploads\/2012\/05\/communiqu-.jpg","width":620,"height":300},{"@type":"BreadcrumbList","@id":"https:\/\/www.uqac.ca\/uqactualites\/2013\/09\/20\/le-prix-masoud-farzaneh-est-decerne-a-monsieur-svein-fikke\/#breadcrumb","itemListElement":[{"@type":"ListItem","position":1,"name":"Home","item":"https:\/\/www.uqac.ca\/uqactualites\/"},{"@type":"ListItem","position":2,"name":"Le prix Masoud-Farzaneh est d\u00e9cern\u00e9 \u00e0 monsieur Svein Fikke"}]},{"@type":"WebSite","@id":"https:\/\/www.uqac.ca\/uqactualites\/#website","url":"https:\/\/www.uqac.ca\/uqactualites\/","name":"UQACtualit\u00e9s","description":"Le portail des nouvelles de l&#039;UQAC","potentialAction":[{"@type":"SearchAction","target":{"@type":"EntryPoint","urlTemplate":"https:\/\/www.uqac.ca\/uqactualites\/?s={search_term_string}"},"query-input":{"@type":"PropertyValueSpecification","valueRequired":true,"valueName":"search_term_string"}}],"inLanguage":"fr-CA"},{"@type":"Person","@id":"https:\/\/www.uqac.ca\/uqactualites\/#\/schema\/person\/366c45a0c4f0e677b41b4af5886e2018","name":"Service des communications et des relations publiques","image":{"@type":"ImageObject","inLanguage":"fr-CA","@id":"https:\/\/www.uqac.ca\/uqactualites\/#\/schema\/person\/image\/","url":"https:\/\/secure.gravatar.com\/avatar\/20fbbda8a292f59f2d3461a5b999c00b?s=96&d=mm&r=g","contentUrl":"https:\/\/secure.gravatar.com\/avatar\/20fbbda8a292f59f2d3461a5b999c00b?s=96&d=mm&r=g","caption":"Service des communications et des relations publiques"},"url":"https:\/\/www.uqac.ca\/uqactualites\/author\/bap\/"}]}},"_links":{"self":[{"href":"https:\/\/www.uqac.ca\/uqactualites\/wp-json\/wp\/v2\/posts\/25805"}],"collection":[{"href":"https:\/\/www.uqac.ca\/uqactualites\/wp-json\/wp\/v2\/posts"}],"about":[{"href":"https:\/\/www.uqac.ca\/uqactualites\/wp-json\/wp\/v2\/types\/post"}],"author":[{"embeddable":true,"href":"https:\/\/www.uqac.ca\/uqactualites\/wp-json\/wp\/v2\/users\/5"}],"replies":[{"embeddable":true,"href":"https:\/\/www.uqac.ca\/uqactualites\/wp-json\/wp\/v2\/comments?post=25805"}],"version-history":[{"count":0,"href":"https:\/\/www.uqac.ca\/uqactualites\/wp-json\/wp\/v2\/posts\/25805\/revisions"}],"wp:featuredmedia":[{"embeddable":true,"href":"https:\/\/www.uqac.ca\/uqactualites\/wp-json\/wp\/v2\/media\/20745"}],"wp:attachment":[{"href":"https:\/\/www.uqac.ca\/uqactualites\/wp-json\/wp\/v2\/media?parent=25805"}],"wp:term":[{"taxonomy":"category","embeddable":true,"href":"https:\/\/www.uqac.ca\/uqactualites\/wp-json\/wp\/v2\/categories?post=25805"},{"taxonomy":"post_tag","embeddable":true,"href":"https:\/\/www.uqac.ca\/uqactualites\/wp-json\/wp\/v2\/tags?post=25805"}],"curies":[{"name":"wp","href":"https:\/\/api.w.org\/{rel}","templated":true}]}}