{"id":25887,"date":"2013-09-27T11:39:15","date_gmt":"2013-09-27T15:39:15","guid":{"rendered":"http:\/\/uqactualite.odev.ca\/?p=25887"},"modified":"2013-09-27T11:39:15","modified_gmt":"2013-09-27T15:39:15","slug":"claude-villeneuve-lance-un-nouveau-livre-sur-les-changements-climatiques","status":"publish","type":"post","link":"https:\/\/www.uqac.ca\/uqactualites\/2013\/09\/27\/claude-villeneuve-lance-un-nouveau-livre-sur-les-changements-climatiques\/","title":{"rendered":"Claude Villeneuve lance un nouveau livre sur les changements climatiques"},"content":{"rendered":"<p style=\"text-align: justify\">C\u2019est le jeudi 26 septembre dernier que Claude Villeneuve, professeur au D\u00e9partement des sciences fondamentales et directeur de la Chaire en \u00e9co-conseil de l\u2019UQAC, proc\u00e9dait au lancement officiel de son plus r\u00e9cent livre. Intitul\u00e9 <i>Est-il trop tard? Le point sur les changements climatiques<\/i>, l\u2019ouvrage examine la fiabilit\u00e9 des mod\u00e8les climatiques et des pr\u00e9dictions qui en r\u00e9sultent, les r\u00e9actions de la communaut\u00e9 internationale \u00e0 la notion de risque climatique et les cons\u00e9quences auxquelles on peut s\u2019attendre.<\/p>\n<p style=\"text-align: justify\">Paru aux \u00e9ditions MultiMondes, ce livre est le premier au Qu\u00e9bec \u00e0 b\u00e9n\u00e9ficier de la mention \u00ab\u00a0Pr\u00e9ventif pour le climat\u00a0\u00bb. Pour plus de d\u00e9tails sur l\u2019ouvrage, consultez le <span style=\"color: #5a7411\"><a href=\"http:\/\/multim.com\/titre\/?ID=372\" target=\"_blank\" rel=\"noopener\"><span style=\"color: #5a7411\"><b>site Web des \u00c9ditions MultiMondes<\/b><\/span><\/a><\/span>.<\/p>\n<p style=\"text-align: justify\" align=\"left\">Consultez \u00e9galement en ligne la <span style=\"color: #5a7411\"><a href=\"http:\/\/www.uqac.ca\/wp-content\/uploads\/2013\/09\/POCHETTE_Fiche-empreinte-carbone.pdf\" target=\"_blank\" rel=\"noopener\"><span style=\"color: #5a7411\"><b>fiche technique<\/b><\/span><\/a><\/span> pr\u00e9sentant l\u2019empreinte carbone simplifi\u00e9e du livre et la mani\u00e8re dont les \u00e9missions de gaz \u00e0 effet de serre induites par la fabrication de ce dernier seront compens\u00e9es.<\/p>\n<p style=\"text-align: justify\"><b>Quelques mots sur l\u2019auteur<\/b><br \/>\nClaude Villeneuve est biologiste. Depuis plus de 35 ans, il partage sa carri\u00e8re entre l\u2019enseignement sup\u00e9rieur, la recherche, les travaux de terrain et la communication publique en sciences de l\u2019environnement. Il a publi\u00e9 plusieurs ouvrages de grande qualit\u00e9, dont <i>Vivre les changements climatiques<\/i>, un ouvrage de r\u00e9f\u00e9rence reconnu internationalement qu\u2019il a cosign\u00e9 avec Fran\u00e7ois Richard.<\/p>\n<p style=\"text-align: justify\">M.\u00a0Villeneuve sera pr\u00e9sent au prochain Salon du livre du Saguenay\u2013Lac-Saint-Jean\u00a0:<\/p>\n<p style=\"text-align: justify\">\u00bb Vendredi 27 septembre 2013<\/p>\n<ul style=\"text-align: justify\">\n<li>De 19\u00a0h \u00e0 21\u00a0h\u00a0: S\u00e9ance de d\u00e9dicace au stand 70 (Prologue\u2013\u00c9ditions MultiMondes)<\/li>\n<\/ul>\n<p style=\"text-align: justify\">\u00bb Samedi 28 septembre 2013<\/p>\n<ul style=\"text-align: justify\">\n<li>De 10\u00a0h \u00e0 12\u00a0h\u00a0: S\u00e9ance de d\u00e9dicace au stand 70 (Prologue\u2013\u00c9ditions MultiMondes)<\/li>\n<\/ul>\n<p style=\"text-align: justify\">\u00bb Dimanche 29 septembre 2013<\/p>\n<ul style=\"text-align: justify\">\n<li>De 13\u00a0h\u00a015 \u00e0 14 h 05\u00a0: Discussion \u00ab\u00a0All\u00f4 la Terre? Toujours l\u00e0?\u00a0\u00bb avec Claude Villeneuve (MultiMondes) et Jean D\u00e9sy (XYZ), anim\u00e9e par Michel Payette (Place Qu\u00e9b\u00e9cor)<\/li>\n<li>De 14\u00a0h\u00a015 \u00e0 15\u00a0h\u00a030\u00a0: S\u00e9ance de d\u00e9dicace au stand 70 (Prologue\u2013\u00c9ditions MultiMondes)<\/li>\n<\/ul>\n<p style=\"text-align: justify\"><b><br \/>\nSources\u00a0:<\/b><\/p>\n<p style=\"text-align: justify\">\u00c9ditions MultiMondes<br \/>\n1 800 840-3029\u00a0 \u25aa\u00a0 <span style=\"color: #5a7411\"><a href=\"mailto:multimondes@multim.com\"><span style=\"color: #5a7411\">multimondes@multim.com<br \/>\n<\/span><\/a><\/span><a href=\"http:\/\/www.multim.com\" target=\"_blank\" rel=\"noopener\"><span style=\"color: #5a7411\"><span style=\"color: #5a7411\">www.multim.com<\/span><\/span><\/a><\/p>\n<p style=\"text-align: justify\">Bureau des affaires publiques<br \/>\nUniversit\u00e9 du Qu\u00e9bec \u00e0 Chicoutimi<br \/>\n418\u00a0545-5011, poste\u00a02350\u00a0 \u25aa\u00a0 <span style=\"color: #5a7411\"><a href=\"mailto:affaires_publiques@uqac.ca\"><span style=\"color: #5a7411\">affaires_publiques@uqac.ca<\/span><\/a><\/span><\/p>\n<p style=\"text-align: justify\">\n<p style=\"text-align: justify\"><span style=\"color: #808080\"><b>________________________________________________________________________________________<\/b><\/span><\/p>\n<p style=\"text-align: justify\"><span style=\"color: #808080\"><b>Photo\u00a0: <\/b>Jean-Marc Gagnon, \u00e9diteur (\u00c9ditions MultiMondes), Claude Villeneuve, professeur au DSF et directeur de la Chaire en \u00e9co-conseil de l\u2019UQAC, et \u00c9tienne H\u00e9bert, doyen des \u00e9tudes de l\u2019UQAC<\/span><br \/>\n<span style=\"color: #808080\"><b>Photographe\u00a0: <\/b>Denis Blackburn, UQAC<\/span><br \/>\n<span style=\"color: #808080\">________________________________________________________________________________________<\/span><\/p>\n","protected":false},"excerpt":{"rendered":"<p>C\u2019est le jeudi 26 septembre dernier que Claude Villeneuve, professeur au D\u00e9partement des sciences fondamentales et directeur de la Chaire en \u00e9co-conseil de l\u2019UQAC, proc\u00e9dait au lancement officiel de son plus r\u00e9cent livre. Intitul\u00e9 Est-il trop tard? Le point sur les changements climatiques, l\u2019ouvrage examine la fiabilit\u00e9 des mod\u00e8les climatiques et des pr\u00e9dictions qui en [&hellip;]<\/p>\n","protected":false},"author":5,"featured_media":25888,"comment_status":"open","ping_status":"open","sticky":false,"template":"","format":"standard","meta":{"footnotes":""},"categories":[2,25],"tags":[2304,1898,2305,3,80,393],"yoast_head":"<!-- This site is optimized with the Yoast SEO plugin v24.2 - https:\/\/yoast.com\/wordpress\/plugins\/seo\/ -->\r\n<title>Claude Villeneuve lance un nouveau livre sur les changements climatiques - UQACtualit\u00e9s<\/title>\r\n<meta name=\"robots\" content=\"index, follow, max-snippet:-1, max-image-preview:large, max-video-preview:-1\" \/>\r\n<link rel=\"canonical\" href=\"https:\/\/www.uqac.ca\/uqactualites\/2013\/09\/27\/claude-villeneuve-lance-un-nouveau-livre-sur-les-changements-climatiques\/\" \/>\r\n<meta property=\"og:locale\" content=\"fr_CA\" \/>\r\n<meta property=\"og:type\" content=\"article\" \/>\r\n<meta property=\"og:title\" content=\"Claude Villeneuve lance un nouveau livre sur les changements climatiques - UQACtualit\u00e9s\" \/>\r\n<meta property=\"og:description\" content=\"C\u2019est le jeudi 26 septembre dernier que Claude Villeneuve, professeur au D\u00e9partement des sciences fondamentales et directeur de la Chaire en \u00e9co-conseil de l\u2019UQAC, proc\u00e9dait au lancement officiel de son plus r\u00e9cent livre. Intitul\u00e9 Est-il trop tard? Le point sur les changements climatiques, l\u2019ouvrage examine la fiabilit\u00e9 des mod\u00e8les climatiques et des pr\u00e9dictions qui en [&hellip;]\" \/>\r\n<meta property=\"og:url\" content=\"https:\/\/www.uqac.ca\/uqactualites\/2013\/09\/27\/claude-villeneuve-lance-un-nouveau-livre-sur-les-changements-climatiques\/\" \/>\r\n<meta property=\"og:site_name\" content=\"UQACtualit\u00e9s\" \/>\r\n<meta property=\"article:published_time\" content=\"2013-09-27T15:39:15+00:00\" \/>\r\n<meta property=\"og:image\" content=\"https:\/\/www.uqac.ca\/uqactualites\/wp-content\/uploads\/2013\/09\/Lancement-CV-4-Web-\u00a9Denis-Blackburn.jpg\" \/>\r\n\t<meta property=\"og:image:width\" content=\"620\" \/>\r\n\t<meta property=\"og:image:height\" content=\"300\" \/>\r\n\t<meta property=\"og:image:type\" content=\"image\/jpeg\" \/>\r\n<meta name=\"author\" content=\"Service des communications et des relations publiques\" \/>\r\n<meta name=\"twitter:card\" content=\"summary_large_image\" \/>\r\n<meta name=\"twitter:label1\" content=\"\u00c9crit par\" \/>\n\t<meta name=\"twitter:data1\" content=\"Service des communications et des relations publiques\" \/>\n\t<meta name=\"twitter:label2\" content=\"Estimation du temps de lecture\" \/>\n\t<meta name=\"twitter:data2\" content=\"2 minutes\" \/>\r\n<script type=\"application\/ld+json\" class=\"yoast-schema-graph\">{\"@context\":\"https:\/\/schema.org\",\"@graph\":[{\"@type\":\"WebPage\",\"@id\":\"https:\/\/www.uqac.ca\/uqactualites\/2013\/09\/27\/claude-villeneuve-lance-un-nouveau-livre-sur-les-changements-climatiques\/\",\"url\":\"https:\/\/www.uqac.ca\/uqactualites\/2013\/09\/27\/claude-villeneuve-lance-un-nouveau-livre-sur-les-changements-climatiques\/\",\"name\":\"Claude Villeneuve lance un nouveau livre sur les changements climatiques - UQACtualit\u00e9s\",\"isPartOf\":{\"@id\":\"https:\/\/www.uqac.ca\/uqactualites\/#website\"},\"primaryImageOfPage\":{\"@id\":\"https:\/\/www.uqac.ca\/uqactualites\/2013\/09\/27\/claude-villeneuve-lance-un-nouveau-livre-sur-les-changements-climatiques\/#primaryimage\"},\"image\":{\"@id\":\"https:\/\/www.uqac.ca\/uqactualites\/2013\/09\/27\/claude-villeneuve-lance-un-nouveau-livre-sur-les-changements-climatiques\/#primaryimage\"},\"thumbnailUrl\":\"https:\/\/www.uqac.ca\/uqactualites\/wp-content\/uploads\/2013\/09\/Lancement-CV-4-Web-\u00a9Denis-Blackburn.jpg\",\"datePublished\":\"2013-09-27T15:39:15+00:00\",\"dateModified\":\"2013-09-27T15:39:15+00:00\",\"author\":{\"@id\":\"https:\/\/www.uqac.ca\/uqactualites\/#\/schema\/person\/366c45a0c4f0e677b41b4af5886e2018\"},\"breadcrumb\":{\"@id\":\"https:\/\/www.uqac.ca\/uqactualites\/2013\/09\/27\/claude-villeneuve-lance-un-nouveau-livre-sur-les-changements-climatiques\/#breadcrumb\"},\"inLanguage\":\"fr-CA\",\"potentialAction\":[{\"@type\":\"ReadAction\",\"target\":[\"https:\/\/www.uqac.ca\/uqactualites\/2013\/09\/27\/claude-villeneuve-lance-un-nouveau-livre-sur-les-changements-climatiques\/\"]}]},{\"@type\":\"ImageObject\",\"inLanguage\":\"fr-CA\",\"@id\":\"https:\/\/www.uqac.ca\/uqactualites\/2013\/09\/27\/claude-villeneuve-lance-un-nouveau-livre-sur-les-changements-climatiques\/#primaryimage\",\"url\":\"https:\/\/www.uqac.ca\/uqactualites\/wp-content\/uploads\/2013\/09\/Lancement-CV-4-Web-\u00a9Denis-Blackburn.jpg\",\"contentUrl\":\"https:\/\/www.uqac.ca\/uqactualites\/wp-content\/uploads\/2013\/09\/Lancement-CV-4-Web-\u00a9Denis-Blackburn.jpg\",\"width\":620,\"height\":300},{\"@type\":\"BreadcrumbList\",\"@id\":\"https:\/\/www.uqac.ca\/uqactualites\/2013\/09\/27\/claude-villeneuve-lance-un-nouveau-livre-sur-les-changements-climatiques\/#breadcrumb\",\"itemListElement\":[{\"@type\":\"ListItem\",\"position\":1,\"name\":\"Home\",\"item\":\"https:\/\/www.uqac.ca\/uqactualites\/\"},{\"@type\":\"ListItem\",\"position\":2,\"name\":\"Claude Villeneuve lance un nouveau livre sur les changements climatiques\"}]},{\"@type\":\"WebSite\",\"@id\":\"https:\/\/www.uqac.ca\/uqactualites\/#website\",\"url\":\"https:\/\/www.uqac.ca\/uqactualites\/\",\"name\":\"UQACtualit\u00e9s\",\"description\":\"Le portail des nouvelles de l&#039;UQAC\",\"potentialAction\":[{\"@type\":\"SearchAction\",\"target\":{\"@type\":\"EntryPoint\",\"urlTemplate\":\"https:\/\/www.uqac.ca\/uqactualites\/?s={search_term_string}\"},\"query-input\":{\"@type\":\"PropertyValueSpecification\",\"valueRequired\":true,\"valueName\":\"search_term_string\"}}],\"inLanguage\":\"fr-CA\"},{\"@type\":\"Person\",\"@id\":\"https:\/\/www.uqac.ca\/uqactualites\/#\/schema\/person\/366c45a0c4f0e677b41b4af5886e2018\",\"name\":\"Service des communications et des relations publiques\",\"image\":{\"@type\":\"ImageObject\",\"inLanguage\":\"fr-CA\",\"@id\":\"https:\/\/www.uqac.ca\/uqactualites\/#\/schema\/person\/image\/\",\"url\":\"https:\/\/secure.gravatar.com\/avatar\/20fbbda8a292f59f2d3461a5b999c00b?s=96&d=mm&r=g\",\"contentUrl\":\"https:\/\/secure.gravatar.com\/avatar\/20fbbda8a292f59f2d3461a5b999c00b?s=96&d=mm&r=g\",\"caption\":\"Service des communications et des relations publiques\"},\"url\":\"https:\/\/www.uqac.ca\/uqactualites\/author\/bap\/\"}]}<\/script>\r\n<!-- \/ Yoast SEO plugin. -->","yoast_head_json":{"title":"Claude Villeneuve lance un nouveau livre sur les changements climatiques - UQACtualit\u00e9s","robots":{"index":"index","follow":"follow","max-snippet":"max-snippet:-1","max-image-preview":"max-image-preview:large","max-video-preview":"max-video-preview:-1"},"canonical":"https:\/\/www.uqac.ca\/uqactualites\/2013\/09\/27\/claude-villeneuve-lance-un-nouveau-livre-sur-les-changements-climatiques\/","og_locale":"fr_CA","og_type":"article","og_title":"Claude Villeneuve lance un nouveau livre sur les changements climatiques - UQACtualit\u00e9s","og_description":"C\u2019est le jeudi 26 septembre dernier que Claude Villeneuve, professeur au D\u00e9partement des sciences fondamentales et directeur de la Chaire en \u00e9co-conseil de l\u2019UQAC, proc\u00e9dait au lancement officiel de son plus r\u00e9cent livre. Intitul\u00e9 Est-il trop tard? Le point sur les changements climatiques, l\u2019ouvrage examine la fiabilit\u00e9 des mod\u00e8les climatiques et des pr\u00e9dictions qui en [&hellip;]","og_url":"https:\/\/www.uqac.ca\/uqactualites\/2013\/09\/27\/claude-villeneuve-lance-un-nouveau-livre-sur-les-changements-climatiques\/","og_site_name":"UQACtualit\u00e9s","article_published_time":"2013-09-27T15:39:15+00:00","og_image":[{"width":620,"height":300,"url":"https:\/\/www.uqac.ca\/uqactualites\/wp-content\/uploads\/2013\/09\/Lancement-CV-4-Web-\u00a9Denis-Blackburn.jpg","type":"image\/jpeg"}],"author":"Service des communications et des relations publiques","twitter_card":"summary_large_image","twitter_misc":{"\u00c9crit par":"Service des communications et des relations publiques","Estimation du temps de lecture":"2 minutes"},"schema":{"@context":"https:\/\/schema.org","@graph":[{"@type":"WebPage","@id":"https:\/\/www.uqac.ca\/uqactualites\/2013\/09\/27\/claude-villeneuve-lance-un-nouveau-livre-sur-les-changements-climatiques\/","url":"https:\/\/www.uqac.ca\/uqactualites\/2013\/09\/27\/claude-villeneuve-lance-un-nouveau-livre-sur-les-changements-climatiques\/","name":"Claude Villeneuve lance un nouveau livre sur les changements climatiques - UQACtualit\u00e9s","isPartOf":{"@id":"https:\/\/www.uqac.ca\/uqactualites\/#website"},"primaryImageOfPage":{"@id":"https:\/\/www.uqac.ca\/uqactualites\/2013\/09\/27\/claude-villeneuve-lance-un-nouveau-livre-sur-les-changements-climatiques\/#primaryimage"},"image":{"@id":"https:\/\/www.uqac.ca\/uqactualites\/2013\/09\/27\/claude-villeneuve-lance-un-nouveau-livre-sur-les-changements-climatiques\/#primaryimage"},"thumbnailUrl":"https:\/\/www.uqac.ca\/uqactualites\/wp-content\/uploads\/2013\/09\/Lancement-CV-4-Web-\u00a9Denis-Blackburn.jpg","datePublished":"2013-09-27T15:39:15+00:00","dateModified":"2013-09-27T15:39:15+00:00","author":{"@id":"https:\/\/www.uqac.ca\/uqactualites\/#\/schema\/person\/366c45a0c4f0e677b41b4af5886e2018"},"breadcrumb":{"@id":"https:\/\/www.uqac.ca\/uqactualites\/2013\/09\/27\/claude-villeneuve-lance-un-nouveau-livre-sur-les-changements-climatiques\/#breadcrumb"},"inLanguage":"fr-CA","potentialAction":[{"@type":"ReadAction","target":["https:\/\/www.uqac.ca\/uqactualites\/2013\/09\/27\/claude-villeneuve-lance-un-nouveau-livre-sur-les-changements-climatiques\/"]}]},{"@type":"ImageObject","inLanguage":"fr-CA","@id":"https:\/\/www.uqac.ca\/uqactualites\/2013\/09\/27\/claude-villeneuve-lance-un-nouveau-livre-sur-les-changements-climatiques\/#primaryimage","url":"https:\/\/www.uqac.ca\/uqactualites\/wp-content\/uploads\/2013\/09\/Lancement-CV-4-Web-\u00a9Denis-Blackburn.jpg","contentUrl":"https:\/\/www.uqac.ca\/uqactualites\/wp-content\/uploads\/2013\/09\/Lancement-CV-4-Web-\u00a9Denis-Blackburn.jpg","width":620,"height":300},{"@type":"BreadcrumbList","@id":"https:\/\/www.uqac.ca\/uqactualites\/2013\/09\/27\/claude-villeneuve-lance-un-nouveau-livre-sur-les-changements-climatiques\/#breadcrumb","itemListElement":[{"@type":"ListItem","position":1,"name":"Home","item":"https:\/\/www.uqac.ca\/uqactualites\/"},{"@type":"ListItem","position":2,"name":"Claude Villeneuve lance un nouveau livre sur les changements climatiques"}]},{"@type":"WebSite","@id":"https:\/\/www.uqac.ca\/uqactualites\/#website","url":"https:\/\/www.uqac.ca\/uqactualites\/","name":"UQACtualit\u00e9s","description":"Le portail des nouvelles de l&#039;UQAC","potentialAction":[{"@type":"SearchAction","target":{"@type":"EntryPoint","urlTemplate":"https:\/\/www.uqac.ca\/uqactualites\/?s={search_term_string}"},"query-input":{"@type":"PropertyValueSpecification","valueRequired":true,"valueName":"search_term_string"}}],"inLanguage":"fr-CA"},{"@type":"Person","@id":"https:\/\/www.uqac.ca\/uqactualites\/#\/schema\/person\/366c45a0c4f0e677b41b4af5886e2018","name":"Service des communications et des relations publiques","image":{"@type":"ImageObject","inLanguage":"fr-CA","@id":"https:\/\/www.uqac.ca\/uqactualites\/#\/schema\/person\/image\/","url":"https:\/\/secure.gravatar.com\/avatar\/20fbbda8a292f59f2d3461a5b999c00b?s=96&d=mm&r=g","contentUrl":"https:\/\/secure.gravatar.com\/avatar\/20fbbda8a292f59f2d3461a5b999c00b?s=96&d=mm&r=g","caption":"Service des communications et des relations publiques"},"url":"https:\/\/www.uqac.ca\/uqactualites\/author\/bap\/"}]}},"_links":{"self":[{"href":"https:\/\/www.uqac.ca\/uqactualites\/wp-json\/wp\/v2\/posts\/25887"}],"collection":[{"href":"https:\/\/www.uqac.ca\/uqactualites\/wp-json\/wp\/v2\/posts"}],"about":[{"href":"https:\/\/www.uqac.ca\/uqactualites\/wp-json\/wp\/v2\/types\/post"}],"author":[{"embeddable":true,"href":"https:\/\/www.uqac.ca\/uqactualites\/wp-json\/wp\/v2\/users\/5"}],"replies":[{"embeddable":true,"href":"https:\/\/www.uqac.ca\/uqactualites\/wp-json\/wp\/v2\/comments?post=25887"}],"version-history":[{"count":0,"href":"https:\/\/www.uqac.ca\/uqactualites\/wp-json\/wp\/v2\/posts\/25887\/revisions"}],"wp:featuredmedia":[{"embeddable":true,"href":"https:\/\/www.uqac.ca\/uqactualites\/wp-json\/wp\/v2\/media\/25888"}],"wp:attachment":[{"href":"https:\/\/www.uqac.ca\/uqactualites\/wp-json\/wp\/v2\/media?parent=25887"}],"wp:term":[{"taxonomy":"category","embeddable":true,"href":"https:\/\/www.uqac.ca\/uqactualites\/wp-json\/wp\/v2\/categories?post=25887"},{"taxonomy":"post_tag","embeddable":true,"href":"https:\/\/www.uqac.ca\/uqactualites\/wp-json\/wp\/v2\/tags?post=25887"}],"curies":[{"name":"wp","href":"https:\/\/api.w.org\/{rel}","templated":true}]}}