{"id":25975,"date":"2013-10-11T14:33:26","date_gmt":"2013-10-11T18:33:26","guid":{"rendered":"http:\/\/uqactualite.odev.ca\/?p=25975"},"modified":"2013-10-11T14:33:26","modified_gmt":"2013-10-11T18:33:26","slug":"le-centre-des-premieres-nations-nikanite-recoit-75-000-du-mels","status":"publish","type":"post","link":"https:\/\/www.uqac.ca\/uqactualites\/2013\/10\/11\/le-centre-des-premieres-nations-nikanite-recoit-75-000-du-mels\/","title":{"rendered":"Le Centre des Premi\u00e8res Nations Nikanite re\u00e7oit 75 000 $ du MELS"},"content":{"rendered":"<p style=\"text-align: justify\">Le Centre des Premi\u00e8res Nations Nikanite (CPNN) de l\u2019UQAC a r\u00e9cemment obtenu du minist\u00e8re de l\u2019\u00c9ducation, du Loisir et du Sport (MELS) une aide financi\u00e8re de 75\u00a0000\u00a0$ destin\u00e9e \u00e0 soutenir l\u2019organisation d\u2019un colloque portant sur la pers\u00e9v\u00e9rance et la r\u00e9ussite scolaires chez les autochtones. Ce colloque, qui se d\u00e9roulera \u00e0 l\u2019UQAC du 4 au 6 mars prochain, r\u00e9unira des membres du personnel scolaire autochtone et non autochtone, des chercheurs et des \u00e9tudiants et permettra aux participants de partager leurs expertises au profit des jeunes des Premi\u00e8res Nations.<\/p>\n<p style=\"text-align: justify\"><b>Quelques mots sur le colloque<\/b><br \/>\nD\u00e9sireux de contribuer \u00e0 mieux faire conna\u00eetre les progr\u00e8s mais aussi les d\u00e9fis, les partenaires du colloque \u00ab\u00a0La pers\u00e9v\u00e9rance et la r\u00e9ussite scolaires chez les Premiers Peuples\u00a0\u00bb s\u2019unissent pour proposer une occasion de partage d\u2019informations et d\u2019id\u00e9es, particuli\u00e8rement dans le domaine des pratiques et des interventions \u00e9ducationnelles et sociales. Le colloque vise un public int\u00e9ress\u00e9 \u00e0 r\u00e9fl\u00e9chir sur l\u2019avenir de l\u2019\u00e9ducation des Premiers Peuples, et ce, \u00e0 tous les ordres d\u2019enseignement.<\/p>\n<p style=\"text-align: justify\">Pour participer au colloque \u00ab\u00a0La pers\u00e9v\u00e9rance et la r\u00e9ussite scolaires chez les Premiers Peuples\u00a0\u00bb, communiquez avec le CPNN au 418\u00a0545-5011, poste\u00a05086.<\/p>\n<p style=\"text-align: justify\">Consultez en ligne le <span style=\"color: #5a7411\"><a href=\"http:\/\/www.mels.gouv.qc.ca\/salle-de-presse\/communiques-de-presse\/detail\/article\/reussite-des-eleves-autochtones-la-ministre-malavoy-mise-sur-linnovation-et-ladaptation\/\" target=\"_blank\" rel=\"noopener\"><span style=\"color: #5a7411\"><b>communiqu\u00e9 publi\u00e9 par le MELS<\/b><\/span><\/a><\/span>.<\/p>\n<p style=\"text-align: justify\"><span style=\"color: #808080\"><br \/>\n________________________________________________________________________________________<\/span><\/p>\n<p style=\"text-align: justify\"><span style=\"color: #808080\"><b>Image\u00a0:<\/b> Bureau des affaires publiques, UQAC<\/span><br \/>\n<span style=\"color: #808080\"> ________________________________________________________________________________________<\/span><\/p>\n","protected":false},"excerpt":{"rendered":"<p>Le Centre des Premi\u00e8res Nations Nikanite (CPNN) de l\u2019UQAC a r\u00e9cemment obtenu du minist\u00e8re de l\u2019\u00c9ducation, du Loisir et du Sport (MELS) une aide financi\u00e8re de 75\u00a0000\u00a0$ destin\u00e9e \u00e0 soutenir l\u2019organisation d\u2019un colloque portant sur la pers\u00e9v\u00e9rance et la r\u00e9ussite scolaires chez les autochtones. Ce colloque, qui se d\u00e9roulera \u00e0 l\u2019UQAC du 4 au 6 [&hellip;]<\/p>\n","protected":false},"author":5,"featured_media":25976,"comment_status":"open","ping_status":"open","sticky":false,"template":"","format":"standard","meta":{"footnotes":""},"categories":[2],"tags":[101,105,2331,360,362,307],"yoast_head":"<!-- This site is optimized with the Yoast SEO plugin v24.2 - https:\/\/yoast.com\/wordpress\/plugins\/seo\/ -->\r\n<title>Le Centre des Premi\u00e8res Nations Nikanite re\u00e7oit 75 000 $ du MELS - UQACtualit\u00e9s<\/title>\r\n<meta name=\"robots\" content=\"index, follow, max-snippet:-1, max-image-preview:large, max-video-preview:-1\" \/>\r\n<link rel=\"canonical\" href=\"https:\/\/www.uqac.ca\/uqactualites\/2013\/10\/11\/le-centre-des-premieres-nations-nikanite-recoit-75-000-du-mels\/\" \/>\r\n<meta property=\"og:locale\" content=\"fr_CA\" \/>\r\n<meta property=\"og:type\" content=\"article\" \/>\r\n<meta property=\"og:title\" content=\"Le Centre des Premi\u00e8res Nations Nikanite re\u00e7oit 75 000 $ du MELS - UQACtualit\u00e9s\" \/>\r\n<meta property=\"og:description\" content=\"Le Centre des Premi\u00e8res Nations Nikanite (CPNN) de l\u2019UQAC a r\u00e9cemment obtenu du minist\u00e8re de l\u2019\u00c9ducation, du Loisir et du Sport (MELS) une aide financi\u00e8re de 75\u00a0000\u00a0$ destin\u00e9e \u00e0 soutenir l\u2019organisation d\u2019un colloque portant sur la pers\u00e9v\u00e9rance et la r\u00e9ussite scolaires chez les autochtones. Ce colloque, qui se d\u00e9roulera \u00e0 l\u2019UQAC du 4 au 6 [&hellip;]\" \/>\r\n<meta property=\"og:url\" content=\"https:\/\/www.uqac.ca\/uqactualites\/2013\/10\/11\/le-centre-des-premieres-nations-nikanite-recoit-75-000-du-mels\/\" \/>\r\n<meta property=\"og:site_name\" content=\"UQACtualit\u00e9s\" \/>\r\n<meta property=\"article:published_time\" content=\"2013-10-11T18:33:26+00:00\" \/>\r\n<meta property=\"og:image\" content=\"https:\/\/www.uqac.ca\/uqactualites\/wp-content\/uploads\/2013\/10\/ColloqueCPNN-\u00a9Bureau-des-affaires-publiques-UQAC.jpg\" \/>\r\n\t<meta property=\"og:image:width\" content=\"621\" \/>\r\n\t<meta property=\"og:image:height\" content=\"301\" \/>\r\n\t<meta property=\"og:image:type\" content=\"image\/jpeg\" \/>\r\n<meta name=\"author\" content=\"Service des communications et des relations publiques\" \/>\r\n<meta name=\"twitter:card\" content=\"summary_large_image\" \/>\r\n<meta name=\"twitter:label1\" content=\"\u00c9crit par\" \/>\n\t<meta name=\"twitter:data1\" content=\"Service des communications et des relations publiques\" \/>\n\t<meta name=\"twitter:label2\" content=\"Estimation du temps de lecture\" \/>\n\t<meta name=\"twitter:data2\" content=\"1 minute\" \/>\r\n<script type=\"application\/ld+json\" class=\"yoast-schema-graph\">{\"@context\":\"https:\/\/schema.org\",\"@graph\":[{\"@type\":\"WebPage\",\"@id\":\"https:\/\/www.uqac.ca\/uqactualites\/2013\/10\/11\/le-centre-des-premieres-nations-nikanite-recoit-75-000-du-mels\/\",\"url\":\"https:\/\/www.uqac.ca\/uqactualites\/2013\/10\/11\/le-centre-des-premieres-nations-nikanite-recoit-75-000-du-mels\/\",\"name\":\"Le Centre des Premi\u00e8res Nations Nikanite re\u00e7oit 75 000 $ du MELS - UQACtualit\u00e9s\",\"isPartOf\":{\"@id\":\"https:\/\/www.uqac.ca\/uqactualites\/#website\"},\"primaryImageOfPage\":{\"@id\":\"https:\/\/www.uqac.ca\/uqactualites\/2013\/10\/11\/le-centre-des-premieres-nations-nikanite-recoit-75-000-du-mels\/#primaryimage\"},\"image\":{\"@id\":\"https:\/\/www.uqac.ca\/uqactualites\/2013\/10\/11\/le-centre-des-premieres-nations-nikanite-recoit-75-000-du-mels\/#primaryimage\"},\"thumbnailUrl\":\"https:\/\/www.uqac.ca\/uqactualites\/wp-content\/uploads\/2013\/10\/ColloqueCPNN-\u00a9Bureau-des-affaires-publiques-UQAC.jpg\",\"datePublished\":\"2013-10-11T18:33:26+00:00\",\"dateModified\":\"2013-10-11T18:33:26+00:00\",\"author\":{\"@id\":\"https:\/\/www.uqac.ca\/uqactualites\/#\/schema\/person\/366c45a0c4f0e677b41b4af5886e2018\"},\"breadcrumb\":{\"@id\":\"https:\/\/www.uqac.ca\/uqactualites\/2013\/10\/11\/le-centre-des-premieres-nations-nikanite-recoit-75-000-du-mels\/#breadcrumb\"},\"inLanguage\":\"fr-CA\",\"potentialAction\":[{\"@type\":\"ReadAction\",\"target\":[\"https:\/\/www.uqac.ca\/uqactualites\/2013\/10\/11\/le-centre-des-premieres-nations-nikanite-recoit-75-000-du-mels\/\"]}]},{\"@type\":\"ImageObject\",\"inLanguage\":\"fr-CA\",\"@id\":\"https:\/\/www.uqac.ca\/uqactualites\/2013\/10\/11\/le-centre-des-premieres-nations-nikanite-recoit-75-000-du-mels\/#primaryimage\",\"url\":\"https:\/\/www.uqac.ca\/uqactualites\/wp-content\/uploads\/2013\/10\/ColloqueCPNN-\u00a9Bureau-des-affaires-publiques-UQAC.jpg\",\"contentUrl\":\"https:\/\/www.uqac.ca\/uqactualites\/wp-content\/uploads\/2013\/10\/ColloqueCPNN-\u00a9Bureau-des-affaires-publiques-UQAC.jpg\",\"width\":621,\"height\":301},{\"@type\":\"BreadcrumbList\",\"@id\":\"https:\/\/www.uqac.ca\/uqactualites\/2013\/10\/11\/le-centre-des-premieres-nations-nikanite-recoit-75-000-du-mels\/#breadcrumb\",\"itemListElement\":[{\"@type\":\"ListItem\",\"position\":1,\"name\":\"Home\",\"item\":\"https:\/\/www.uqac.ca\/uqactualites\/\"},{\"@type\":\"ListItem\",\"position\":2,\"name\":\"Le Centre des Premi\u00e8res Nations Nikanite re\u00e7oit 75 000 $ du MELS\"}]},{\"@type\":\"WebSite\",\"@id\":\"https:\/\/www.uqac.ca\/uqactualites\/#website\",\"url\":\"https:\/\/www.uqac.ca\/uqactualites\/\",\"name\":\"UQACtualit\u00e9s\",\"description\":\"Le portail des nouvelles de l&#039;UQAC\",\"potentialAction\":[{\"@type\":\"SearchAction\",\"target\":{\"@type\":\"EntryPoint\",\"urlTemplate\":\"https:\/\/www.uqac.ca\/uqactualites\/?s={search_term_string}\"},\"query-input\":{\"@type\":\"PropertyValueSpecification\",\"valueRequired\":true,\"valueName\":\"search_term_string\"}}],\"inLanguage\":\"fr-CA\"},{\"@type\":\"Person\",\"@id\":\"https:\/\/www.uqac.ca\/uqactualites\/#\/schema\/person\/366c45a0c4f0e677b41b4af5886e2018\",\"name\":\"Service des communications et des relations publiques\",\"image\":{\"@type\":\"ImageObject\",\"inLanguage\":\"fr-CA\",\"@id\":\"https:\/\/www.uqac.ca\/uqactualites\/#\/schema\/person\/image\/\",\"url\":\"https:\/\/secure.gravatar.com\/avatar\/20fbbda8a292f59f2d3461a5b999c00b?s=96&d=mm&r=g\",\"contentUrl\":\"https:\/\/secure.gravatar.com\/avatar\/20fbbda8a292f59f2d3461a5b999c00b?s=96&d=mm&r=g\",\"caption\":\"Service des communications et des relations publiques\"},\"url\":\"https:\/\/www.uqac.ca\/uqactualites\/author\/bap\/\"}]}<\/script>\r\n<!-- \/ Yoast SEO plugin. -->","yoast_head_json":{"title":"Le Centre des Premi\u00e8res Nations Nikanite re\u00e7oit 75 000 $ du MELS - UQACtualit\u00e9s","robots":{"index":"index","follow":"follow","max-snippet":"max-snippet:-1","max-image-preview":"max-image-preview:large","max-video-preview":"max-video-preview:-1"},"canonical":"https:\/\/www.uqac.ca\/uqactualites\/2013\/10\/11\/le-centre-des-premieres-nations-nikanite-recoit-75-000-du-mels\/","og_locale":"fr_CA","og_type":"article","og_title":"Le Centre des Premi\u00e8res Nations Nikanite re\u00e7oit 75 000 $ du MELS - UQACtualit\u00e9s","og_description":"Le Centre des Premi\u00e8res Nations Nikanite (CPNN) de l\u2019UQAC a r\u00e9cemment obtenu du minist\u00e8re de l\u2019\u00c9ducation, du Loisir et du Sport (MELS) une aide financi\u00e8re de 75\u00a0000\u00a0$ destin\u00e9e \u00e0 soutenir l\u2019organisation d\u2019un colloque portant sur la pers\u00e9v\u00e9rance et la r\u00e9ussite scolaires chez les autochtones. Ce colloque, qui se d\u00e9roulera \u00e0 l\u2019UQAC du 4 au 6 [&hellip;]","og_url":"https:\/\/www.uqac.ca\/uqactualites\/2013\/10\/11\/le-centre-des-premieres-nations-nikanite-recoit-75-000-du-mels\/","og_site_name":"UQACtualit\u00e9s","article_published_time":"2013-10-11T18:33:26+00:00","og_image":[{"width":621,"height":301,"url":"https:\/\/www.uqac.ca\/uqactualites\/wp-content\/uploads\/2013\/10\/ColloqueCPNN-\u00a9Bureau-des-affaires-publiques-UQAC.jpg","type":"image\/jpeg"}],"author":"Service des communications et des relations publiques","twitter_card":"summary_large_image","twitter_misc":{"\u00c9crit par":"Service des communications et des relations publiques","Estimation du temps de lecture":"1 minute"},"schema":{"@context":"https:\/\/schema.org","@graph":[{"@type":"WebPage","@id":"https:\/\/www.uqac.ca\/uqactualites\/2013\/10\/11\/le-centre-des-premieres-nations-nikanite-recoit-75-000-du-mels\/","url":"https:\/\/www.uqac.ca\/uqactualites\/2013\/10\/11\/le-centre-des-premieres-nations-nikanite-recoit-75-000-du-mels\/","name":"Le Centre des Premi\u00e8res Nations Nikanite re\u00e7oit 75 000 $ du MELS - UQACtualit\u00e9s","isPartOf":{"@id":"https:\/\/www.uqac.ca\/uqactualites\/#website"},"primaryImageOfPage":{"@id":"https:\/\/www.uqac.ca\/uqactualites\/2013\/10\/11\/le-centre-des-premieres-nations-nikanite-recoit-75-000-du-mels\/#primaryimage"},"image":{"@id":"https:\/\/www.uqac.ca\/uqactualites\/2013\/10\/11\/le-centre-des-premieres-nations-nikanite-recoit-75-000-du-mels\/#primaryimage"},"thumbnailUrl":"https:\/\/www.uqac.ca\/uqactualites\/wp-content\/uploads\/2013\/10\/ColloqueCPNN-\u00a9Bureau-des-affaires-publiques-UQAC.jpg","datePublished":"2013-10-11T18:33:26+00:00","dateModified":"2013-10-11T18:33:26+00:00","author":{"@id":"https:\/\/www.uqac.ca\/uqactualites\/#\/schema\/person\/366c45a0c4f0e677b41b4af5886e2018"},"breadcrumb":{"@id":"https:\/\/www.uqac.ca\/uqactualites\/2013\/10\/11\/le-centre-des-premieres-nations-nikanite-recoit-75-000-du-mels\/#breadcrumb"},"inLanguage":"fr-CA","potentialAction":[{"@type":"ReadAction","target":["https:\/\/www.uqac.ca\/uqactualites\/2013\/10\/11\/le-centre-des-premieres-nations-nikanite-recoit-75-000-du-mels\/"]}]},{"@type":"ImageObject","inLanguage":"fr-CA","@id":"https:\/\/www.uqac.ca\/uqactualites\/2013\/10\/11\/le-centre-des-premieres-nations-nikanite-recoit-75-000-du-mels\/#primaryimage","url":"https:\/\/www.uqac.ca\/uqactualites\/wp-content\/uploads\/2013\/10\/ColloqueCPNN-\u00a9Bureau-des-affaires-publiques-UQAC.jpg","contentUrl":"https:\/\/www.uqac.ca\/uqactualites\/wp-content\/uploads\/2013\/10\/ColloqueCPNN-\u00a9Bureau-des-affaires-publiques-UQAC.jpg","width":621,"height":301},{"@type":"BreadcrumbList","@id":"https:\/\/www.uqac.ca\/uqactualites\/2013\/10\/11\/le-centre-des-premieres-nations-nikanite-recoit-75-000-du-mels\/#breadcrumb","itemListElement":[{"@type":"ListItem","position":1,"name":"Home","item":"https:\/\/www.uqac.ca\/uqactualites\/"},{"@type":"ListItem","position":2,"name":"Le Centre des Premi\u00e8res Nations Nikanite re\u00e7oit 75 000 $ du MELS"}]},{"@type":"WebSite","@id":"https:\/\/www.uqac.ca\/uqactualites\/#website","url":"https:\/\/www.uqac.ca\/uqactualites\/","name":"UQACtualit\u00e9s","description":"Le portail des nouvelles de l&#039;UQAC","potentialAction":[{"@type":"SearchAction","target":{"@type":"EntryPoint","urlTemplate":"https:\/\/www.uqac.ca\/uqactualites\/?s={search_term_string}"},"query-input":{"@type":"PropertyValueSpecification","valueRequired":true,"valueName":"search_term_string"}}],"inLanguage":"fr-CA"},{"@type":"Person","@id":"https:\/\/www.uqac.ca\/uqactualites\/#\/schema\/person\/366c45a0c4f0e677b41b4af5886e2018","name":"Service des communications et des relations publiques","image":{"@type":"ImageObject","inLanguage":"fr-CA","@id":"https:\/\/www.uqac.ca\/uqactualites\/#\/schema\/person\/image\/","url":"https:\/\/secure.gravatar.com\/avatar\/20fbbda8a292f59f2d3461a5b999c00b?s=96&d=mm&r=g","contentUrl":"https:\/\/secure.gravatar.com\/avatar\/20fbbda8a292f59f2d3461a5b999c00b?s=96&d=mm&r=g","caption":"Service des communications et des relations publiques"},"url":"https:\/\/www.uqac.ca\/uqactualites\/author\/bap\/"}]}},"_links":{"self":[{"href":"https:\/\/www.uqac.ca\/uqactualites\/wp-json\/wp\/v2\/posts\/25975"}],"collection":[{"href":"https:\/\/www.uqac.ca\/uqactualites\/wp-json\/wp\/v2\/posts"}],"about":[{"href":"https:\/\/www.uqac.ca\/uqactualites\/wp-json\/wp\/v2\/types\/post"}],"author":[{"embeddable":true,"href":"https:\/\/www.uqac.ca\/uqactualites\/wp-json\/wp\/v2\/users\/5"}],"replies":[{"embeddable":true,"href":"https:\/\/www.uqac.ca\/uqactualites\/wp-json\/wp\/v2\/comments?post=25975"}],"version-history":[{"count":0,"href":"https:\/\/www.uqac.ca\/uqactualites\/wp-json\/wp\/v2\/posts\/25975\/revisions"}],"wp:featuredmedia":[{"embeddable":true,"href":"https:\/\/www.uqac.ca\/uqactualites\/wp-json\/wp\/v2\/media\/25976"}],"wp:attachment":[{"href":"https:\/\/www.uqac.ca\/uqactualites\/wp-json\/wp\/v2\/media?parent=25975"}],"wp:term":[{"taxonomy":"category","embeddable":true,"href":"https:\/\/www.uqac.ca\/uqactualites\/wp-json\/wp\/v2\/categories?post=25975"},{"taxonomy":"post_tag","embeddable":true,"href":"https:\/\/www.uqac.ca\/uqactualites\/wp-json\/wp\/v2\/tags?post=25975"}],"curies":[{"name":"wp","href":"https:\/\/api.w.org\/{rel}","templated":true}]}}