{"id":26007,"date":"2013-10-17T10:33:07","date_gmt":"2013-10-17T14:33:07","guid":{"rendered":"http:\/\/uqactualite.odev.ca\/?p=26007"},"modified":"2013-10-17T10:33:07","modified_gmt":"2013-10-17T14:33:07","slug":"real-daigneault-laureat-2013-du-prix-come-carbonneau","status":"publish","type":"post","link":"https:\/\/www.uqac.ca\/uqactualites\/2013\/10\/17\/real-daigneault-laureat-2013-du-prix-come-carbonneau\/","title":{"rendered":"R\u00e9al Daigneault, laur\u00e9at 2013 du prix C\u00f4me-Carbonneau"},"content":{"rendered":"<p style=\"text-align: justify\">R\u00e9al Daigneault, professeur au D\u00e9partement des sciences appliqu\u00e9es de l\u2019UQAC, a re\u00e7u le 4 octobre dernier le prix C\u00f4me-Carbonneau, la plus haute distinction remise par l\u2019Ordre des g\u00e9ologues du Qu\u00e9bec (OGQ). C\u2019est \u00e0 l\u2019occasion de l\u2019assembl\u00e9e g\u00e9n\u00e9rale annuelle de l\u2019OGQ qu\u2019on lui a remis cet honneur, accord\u00e9 en reconnaissance de ses r\u00e9alisations exceptionnelles dans le d\u00e9veloppement des sciences de la Terre.<\/p>\n<p style=\"text-align: justify\">Toutes nos f\u00e9licitations \u00e0 M. Daigneault pour cette r\u00e9compense hautement m\u00e9rit\u00e9e!<\/p>\n<p style=\"text-align: justify\"><b>Quelques mots sur R\u00e9al Daigneault<\/b><br \/>\n\u00c9galement directeur du Centre d\u2019\u00e9tudes sur les ressources min\u00e9rales (CERM) et coordonnateur du Consortium de recherche en exploration min\u00e9rale (CONSOREM), R\u00e9al Daigneault se sp\u00e9cialise en g\u00e9ologie structurale, en g\u00e9omatique et en g\u00e9ologie \u00e9conomique. Il contribue ainsi depuis de nombreuses ann\u00e9es \u00e0 la recherche et \u00e0 l\u2019innovation en exploration min\u00e9rale.<\/p>\n<p style=\"text-align: justify\"><b><br \/>\n<span style=\"color: #808080\">________________________________________________________________________________________<\/span><\/b><\/p>\n<p style=\"text-align: justify\"><span style=\"color: #808080\"><b>Photo\u00a0:<\/b> R\u00e9al Daigneault<\/span><br \/>\n<span style=\"color: #808080\"><b>Photographe\u00a0:<\/b> Denis Blackburn<\/span><br \/>\n<span style=\"color: #808080\">________________________________________________________________________________________<\/span><\/p>\n","protected":false},"excerpt":{"rendered":"<p>R\u00e9al Daigneault, professeur au D\u00e9partement des sciences appliqu\u00e9es de l\u2019UQAC, a re\u00e7u le 4 octobre dernier le prix C\u00f4me-Carbonneau, la plus haute distinction remise par l\u2019Ordre des g\u00e9ologues du Qu\u00e9bec (OGQ). C\u2019est \u00e0 l\u2019occasion de l\u2019assembl\u00e9e g\u00e9n\u00e9rale annuelle de l\u2019OGQ qu\u2019on lui a remis cet honneur, accord\u00e9 en reconnaissance de ses r\u00e9alisations exceptionnelles dans le [&hellip;]<\/p>\n","protected":false},"author":5,"featured_media":26008,"comment_status":"open","ping_status":"open","sticky":false,"template":"","format":"standard","meta":{"footnotes":""},"categories":[2,9],"tags":[2345,2346,21,2347,162,2348,65,2349],"yoast_head":"<!-- This site is optimized with the Yoast SEO plugin v24.2 - https:\/\/yoast.com\/wordpress\/plugins\/seo\/ -->\r\n<title>R\u00e9al Daigneault, laur\u00e9at 2013 du prix C\u00f4me-Carbonneau - UQACtualit\u00e9s<\/title>\r\n<meta name=\"robots\" content=\"index, follow, max-snippet:-1, max-image-preview:large, max-video-preview:-1\" \/>\r\n<link rel=\"canonical\" href=\"https:\/\/www.uqac.ca\/uqactualites\/2013\/10\/17\/real-daigneault-laureat-2013-du-prix-come-carbonneau\/\" \/>\r\n<meta property=\"og:locale\" content=\"fr_CA\" \/>\r\n<meta property=\"og:type\" content=\"article\" \/>\r\n<meta property=\"og:title\" content=\"R\u00e9al Daigneault, laur\u00e9at 2013 du prix C\u00f4me-Carbonneau - UQACtualit\u00e9s\" \/>\r\n<meta property=\"og:description\" content=\"R\u00e9al Daigneault, professeur au D\u00e9partement des sciences appliqu\u00e9es de l\u2019UQAC, a re\u00e7u le 4 octobre dernier le prix C\u00f4me-Carbonneau, la plus haute distinction remise par l\u2019Ordre des g\u00e9ologues du Qu\u00e9bec (OGQ). C\u2019est \u00e0 l\u2019occasion de l\u2019assembl\u00e9e g\u00e9n\u00e9rale annuelle de l\u2019OGQ qu\u2019on lui a remis cet honneur, accord\u00e9 en reconnaissance de ses r\u00e9alisations exceptionnelles dans le [&hellip;]\" \/>\r\n<meta property=\"og:url\" content=\"https:\/\/www.uqac.ca\/uqactualites\/2013\/10\/17\/real-daigneault-laureat-2013-du-prix-come-carbonneau\/\" \/>\r\n<meta property=\"og:site_name\" content=\"UQACtualit\u00e9s\" \/>\r\n<meta property=\"article:published_time\" content=\"2013-10-17T14:33:07+00:00\" \/>\r\n<meta property=\"og:image\" content=\"https:\/\/www.uqac.ca\/uqactualites\/wp-content\/uploads\/2013\/10\/R\u00e9al-Daigneault-Web-\u00a9Denis-Blackburn.jpg\" \/>\r\n\t<meta property=\"og:image:width\" content=\"620\" \/>\r\n\t<meta property=\"og:image:height\" content=\"300\" \/>\r\n\t<meta property=\"og:image:type\" content=\"image\/jpeg\" \/>\r\n<meta name=\"author\" content=\"Service des communications et des relations publiques\" \/>\r\n<meta name=\"twitter:card\" content=\"summary_large_image\" \/>\r\n<meta name=\"twitter:label1\" content=\"\u00c9crit par\" \/>\n\t<meta name=\"twitter:data1\" content=\"Service des communications et des relations publiques\" \/>\n\t<meta name=\"twitter:label2\" content=\"Estimation du temps de lecture\" \/>\n\t<meta name=\"twitter:data2\" content=\"1 minute\" \/>\r\n<script type=\"application\/ld+json\" class=\"yoast-schema-graph\">{\"@context\":\"https:\/\/schema.org\",\"@graph\":[{\"@type\":\"WebPage\",\"@id\":\"https:\/\/www.uqac.ca\/uqactualites\/2013\/10\/17\/real-daigneault-laureat-2013-du-prix-come-carbonneau\/\",\"url\":\"https:\/\/www.uqac.ca\/uqactualites\/2013\/10\/17\/real-daigneault-laureat-2013-du-prix-come-carbonneau\/\",\"name\":\"R\u00e9al Daigneault, laur\u00e9at 2013 du prix C\u00f4me-Carbonneau - UQACtualit\u00e9s\",\"isPartOf\":{\"@id\":\"https:\/\/www.uqac.ca\/uqactualites\/#website\"},\"primaryImageOfPage\":{\"@id\":\"https:\/\/www.uqac.ca\/uqactualites\/2013\/10\/17\/real-daigneault-laureat-2013-du-prix-come-carbonneau\/#primaryimage\"},\"image\":{\"@id\":\"https:\/\/www.uqac.ca\/uqactualites\/2013\/10\/17\/real-daigneault-laureat-2013-du-prix-come-carbonneau\/#primaryimage\"},\"thumbnailUrl\":\"https:\/\/www.uqac.ca\/uqactualites\/wp-content\/uploads\/2013\/10\/R\u00e9al-Daigneault-Web-\u00a9Denis-Blackburn.jpg\",\"datePublished\":\"2013-10-17T14:33:07+00:00\",\"dateModified\":\"2013-10-17T14:33:07+00:00\",\"author\":{\"@id\":\"https:\/\/www.uqac.ca\/uqactualites\/#\/schema\/person\/366c45a0c4f0e677b41b4af5886e2018\"},\"breadcrumb\":{\"@id\":\"https:\/\/www.uqac.ca\/uqactualites\/2013\/10\/17\/real-daigneault-laureat-2013-du-prix-come-carbonneau\/#breadcrumb\"},\"inLanguage\":\"fr-CA\",\"potentialAction\":[{\"@type\":\"ReadAction\",\"target\":[\"https:\/\/www.uqac.ca\/uqactualites\/2013\/10\/17\/real-daigneault-laureat-2013-du-prix-come-carbonneau\/\"]}]},{\"@type\":\"ImageObject\",\"inLanguage\":\"fr-CA\",\"@id\":\"https:\/\/www.uqac.ca\/uqactualites\/2013\/10\/17\/real-daigneault-laureat-2013-du-prix-come-carbonneau\/#primaryimage\",\"url\":\"https:\/\/www.uqac.ca\/uqactualites\/wp-content\/uploads\/2013\/10\/R\u00e9al-Daigneault-Web-\u00a9Denis-Blackburn.jpg\",\"contentUrl\":\"https:\/\/www.uqac.ca\/uqactualites\/wp-content\/uploads\/2013\/10\/R\u00e9al-Daigneault-Web-\u00a9Denis-Blackburn.jpg\",\"width\":620,\"height\":300},{\"@type\":\"BreadcrumbList\",\"@id\":\"https:\/\/www.uqac.ca\/uqactualites\/2013\/10\/17\/real-daigneault-laureat-2013-du-prix-come-carbonneau\/#breadcrumb\",\"itemListElement\":[{\"@type\":\"ListItem\",\"position\":1,\"name\":\"Home\",\"item\":\"https:\/\/www.uqac.ca\/uqactualites\/\"},{\"@type\":\"ListItem\",\"position\":2,\"name\":\"R\u00e9al Daigneault, laur\u00e9at 2013 du prix C\u00f4me-Carbonneau\"}]},{\"@type\":\"WebSite\",\"@id\":\"https:\/\/www.uqac.ca\/uqactualites\/#website\",\"url\":\"https:\/\/www.uqac.ca\/uqactualites\/\",\"name\":\"UQACtualit\u00e9s\",\"description\":\"Le portail des nouvelles de l&#039;UQAC\",\"potentialAction\":[{\"@type\":\"SearchAction\",\"target\":{\"@type\":\"EntryPoint\",\"urlTemplate\":\"https:\/\/www.uqac.ca\/uqactualites\/?s={search_term_string}\"},\"query-input\":{\"@type\":\"PropertyValueSpecification\",\"valueRequired\":true,\"valueName\":\"search_term_string\"}}],\"inLanguage\":\"fr-CA\"},{\"@type\":\"Person\",\"@id\":\"https:\/\/www.uqac.ca\/uqactualites\/#\/schema\/person\/366c45a0c4f0e677b41b4af5886e2018\",\"name\":\"Service des communications et des relations publiques\",\"image\":{\"@type\":\"ImageObject\",\"inLanguage\":\"fr-CA\",\"@id\":\"https:\/\/www.uqac.ca\/uqactualites\/#\/schema\/person\/image\/\",\"url\":\"https:\/\/secure.gravatar.com\/avatar\/20fbbda8a292f59f2d3461a5b999c00b?s=96&d=mm&r=g\",\"contentUrl\":\"https:\/\/secure.gravatar.com\/avatar\/20fbbda8a292f59f2d3461a5b999c00b?s=96&d=mm&r=g\",\"caption\":\"Service des communications et des relations publiques\"},\"url\":\"https:\/\/www.uqac.ca\/uqactualites\/author\/bap\/\"}]}<\/script>\r\n<!-- \/ Yoast SEO plugin. -->","yoast_head_json":{"title":"R\u00e9al Daigneault, laur\u00e9at 2013 du prix C\u00f4me-Carbonneau - UQACtualit\u00e9s","robots":{"index":"index","follow":"follow","max-snippet":"max-snippet:-1","max-image-preview":"max-image-preview:large","max-video-preview":"max-video-preview:-1"},"canonical":"https:\/\/www.uqac.ca\/uqactualites\/2013\/10\/17\/real-daigneault-laureat-2013-du-prix-come-carbonneau\/","og_locale":"fr_CA","og_type":"article","og_title":"R\u00e9al Daigneault, laur\u00e9at 2013 du prix C\u00f4me-Carbonneau - UQACtualit\u00e9s","og_description":"R\u00e9al Daigneault, professeur au D\u00e9partement des sciences appliqu\u00e9es de l\u2019UQAC, a re\u00e7u le 4 octobre dernier le prix C\u00f4me-Carbonneau, la plus haute distinction remise par l\u2019Ordre des g\u00e9ologues du Qu\u00e9bec (OGQ). C\u2019est \u00e0 l\u2019occasion de l\u2019assembl\u00e9e g\u00e9n\u00e9rale annuelle de l\u2019OGQ qu\u2019on lui a remis cet honneur, accord\u00e9 en reconnaissance de ses r\u00e9alisations exceptionnelles dans le [&hellip;]","og_url":"https:\/\/www.uqac.ca\/uqactualites\/2013\/10\/17\/real-daigneault-laureat-2013-du-prix-come-carbonneau\/","og_site_name":"UQACtualit\u00e9s","article_published_time":"2013-10-17T14:33:07+00:00","og_image":[{"width":620,"height":300,"url":"https:\/\/www.uqac.ca\/uqactualites\/wp-content\/uploads\/2013\/10\/R\u00e9al-Daigneault-Web-\u00a9Denis-Blackburn.jpg","type":"image\/jpeg"}],"author":"Service des communications et des relations publiques","twitter_card":"summary_large_image","twitter_misc":{"\u00c9crit par":"Service des communications et des relations publiques","Estimation du temps de lecture":"1 minute"},"schema":{"@context":"https:\/\/schema.org","@graph":[{"@type":"WebPage","@id":"https:\/\/www.uqac.ca\/uqactualites\/2013\/10\/17\/real-daigneault-laureat-2013-du-prix-come-carbonneau\/","url":"https:\/\/www.uqac.ca\/uqactualites\/2013\/10\/17\/real-daigneault-laureat-2013-du-prix-come-carbonneau\/","name":"R\u00e9al Daigneault, laur\u00e9at 2013 du prix C\u00f4me-Carbonneau - UQACtualit\u00e9s","isPartOf":{"@id":"https:\/\/www.uqac.ca\/uqactualites\/#website"},"primaryImageOfPage":{"@id":"https:\/\/www.uqac.ca\/uqactualites\/2013\/10\/17\/real-daigneault-laureat-2013-du-prix-come-carbonneau\/#primaryimage"},"image":{"@id":"https:\/\/www.uqac.ca\/uqactualites\/2013\/10\/17\/real-daigneault-laureat-2013-du-prix-come-carbonneau\/#primaryimage"},"thumbnailUrl":"https:\/\/www.uqac.ca\/uqactualites\/wp-content\/uploads\/2013\/10\/R\u00e9al-Daigneault-Web-\u00a9Denis-Blackburn.jpg","datePublished":"2013-10-17T14:33:07+00:00","dateModified":"2013-10-17T14:33:07+00:00","author":{"@id":"https:\/\/www.uqac.ca\/uqactualites\/#\/schema\/person\/366c45a0c4f0e677b41b4af5886e2018"},"breadcrumb":{"@id":"https:\/\/www.uqac.ca\/uqactualites\/2013\/10\/17\/real-daigneault-laureat-2013-du-prix-come-carbonneau\/#breadcrumb"},"inLanguage":"fr-CA","potentialAction":[{"@type":"ReadAction","target":["https:\/\/www.uqac.ca\/uqactualites\/2013\/10\/17\/real-daigneault-laureat-2013-du-prix-come-carbonneau\/"]}]},{"@type":"ImageObject","inLanguage":"fr-CA","@id":"https:\/\/www.uqac.ca\/uqactualites\/2013\/10\/17\/real-daigneault-laureat-2013-du-prix-come-carbonneau\/#primaryimage","url":"https:\/\/www.uqac.ca\/uqactualites\/wp-content\/uploads\/2013\/10\/R\u00e9al-Daigneault-Web-\u00a9Denis-Blackburn.jpg","contentUrl":"https:\/\/www.uqac.ca\/uqactualites\/wp-content\/uploads\/2013\/10\/R\u00e9al-Daigneault-Web-\u00a9Denis-Blackburn.jpg","width":620,"height":300},{"@type":"BreadcrumbList","@id":"https:\/\/www.uqac.ca\/uqactualites\/2013\/10\/17\/real-daigneault-laureat-2013-du-prix-come-carbonneau\/#breadcrumb","itemListElement":[{"@type":"ListItem","position":1,"name":"Home","item":"https:\/\/www.uqac.ca\/uqactualites\/"},{"@type":"ListItem","position":2,"name":"R\u00e9al Daigneault, laur\u00e9at 2013 du prix C\u00f4me-Carbonneau"}]},{"@type":"WebSite","@id":"https:\/\/www.uqac.ca\/uqactualites\/#website","url":"https:\/\/www.uqac.ca\/uqactualites\/","name":"UQACtualit\u00e9s","description":"Le portail des nouvelles de l&#039;UQAC","potentialAction":[{"@type":"SearchAction","target":{"@type":"EntryPoint","urlTemplate":"https:\/\/www.uqac.ca\/uqactualites\/?s={search_term_string}"},"query-input":{"@type":"PropertyValueSpecification","valueRequired":true,"valueName":"search_term_string"}}],"inLanguage":"fr-CA"},{"@type":"Person","@id":"https:\/\/www.uqac.ca\/uqactualites\/#\/schema\/person\/366c45a0c4f0e677b41b4af5886e2018","name":"Service des communications et des relations publiques","image":{"@type":"ImageObject","inLanguage":"fr-CA","@id":"https:\/\/www.uqac.ca\/uqactualites\/#\/schema\/person\/image\/","url":"https:\/\/secure.gravatar.com\/avatar\/20fbbda8a292f59f2d3461a5b999c00b?s=96&d=mm&r=g","contentUrl":"https:\/\/secure.gravatar.com\/avatar\/20fbbda8a292f59f2d3461a5b999c00b?s=96&d=mm&r=g","caption":"Service des communications et des relations publiques"},"url":"https:\/\/www.uqac.ca\/uqactualites\/author\/bap\/"}]}},"_links":{"self":[{"href":"https:\/\/www.uqac.ca\/uqactualites\/wp-json\/wp\/v2\/posts\/26007"}],"collection":[{"href":"https:\/\/www.uqac.ca\/uqactualites\/wp-json\/wp\/v2\/posts"}],"about":[{"href":"https:\/\/www.uqac.ca\/uqactualites\/wp-json\/wp\/v2\/types\/post"}],"author":[{"embeddable":true,"href":"https:\/\/www.uqac.ca\/uqactualites\/wp-json\/wp\/v2\/users\/5"}],"replies":[{"embeddable":true,"href":"https:\/\/www.uqac.ca\/uqactualites\/wp-json\/wp\/v2\/comments?post=26007"}],"version-history":[{"count":0,"href":"https:\/\/www.uqac.ca\/uqactualites\/wp-json\/wp\/v2\/posts\/26007\/revisions"}],"wp:featuredmedia":[{"embeddable":true,"href":"https:\/\/www.uqac.ca\/uqactualites\/wp-json\/wp\/v2\/media\/26008"}],"wp:attachment":[{"href":"https:\/\/www.uqac.ca\/uqactualites\/wp-json\/wp\/v2\/media?parent=26007"}],"wp:term":[{"taxonomy":"category","embeddable":true,"href":"https:\/\/www.uqac.ca\/uqactualites\/wp-json\/wp\/v2\/categories?post=26007"},{"taxonomy":"post_tag","embeddable":true,"href":"https:\/\/www.uqac.ca\/uqactualites\/wp-json\/wp\/v2\/tags?post=26007"}],"curies":[{"name":"wp","href":"https:\/\/api.w.org\/{rel}","templated":true}]}}