{"id":26039,"date":"2013-10-17T13:40:24","date_gmt":"2013-10-17T17:40:24","guid":{"rendered":"http:\/\/uqactualite.odev.ca\/?p=26039"},"modified":"2013-10-17T13:40:24","modified_gmt":"2013-10-17T17:40:24","slug":"succes-pour-le-colloque-sur-la-formation-de-medecins-en-region","status":"publish","type":"post","link":"https:\/\/www.uqac.ca\/uqactualites\/2013\/10\/17\/succes-pour-le-colloque-sur-la-formation-de-medecins-en-region\/","title":{"rendered":"Succ\u00e8s pour le colloque sur la formation de m\u00e9decins en r\u00e9gion"},"content":{"rendered":"<p style=\"text-align: justify\">Les 9 et 10 octobre derniers, l\u2019UQAC \u00e9tait l\u2019h\u00f4te du colloque \u00ab\u00a0La formation de m\u00e9decins en r\u00e9gion, Saguenay et exp\u00e9riences comparables\u00a0\u00bb. Pr\u00e9sent\u00e9 par le Programme de formation m\u00e9dicale \u00e0 Saguenay, l\u2019\u00e9v\u00e9nement r\u00e9unissait de nombreux conf\u00e9renciers et pan\u00e9listes hautement r\u00e9put\u00e9s issus des milieux de la sant\u00e9 et de l\u2019enseignement m\u00e9dical, de la sph\u00e8re communautaire ainsi que du monde socio-\u00e9conomique.<\/p>\n<p style=\"text-align: justify\">Mis sur pied dans une volont\u00e9 de stimuler les r\u00e9flexions quant \u00e0 la performance des programmes de m\u00e9decine d\u00e9localis\u00e9s et de leur place respective dans les communaut\u00e9s, le colloque se voulait une occasion de rassembler les diff\u00e9rents acteurs int\u00e9ress\u00e9s \u00e0 cette r\u00e9alit\u00e9, plus marqu\u00e9e depuis le d\u00e9but des ann\u00e9es 2000. L\u2019\u00e9v\u00e9nement a ainsi permis de mettre en lumi\u00e8re les exp\u00e9riences de trois universit\u00e9s canadiennes qui ont cr\u00e9\u00e9 de tels sites\u00a0: l\u2019Universit\u00e9 de Colombie-Britannique (formation d\u00e9localis\u00e9e \u00e0 Victoria et \u00e0 Prince-Georges), l\u2019Universit\u00e9 de Montr\u00e9al (formation d\u00e9localis\u00e9e \u00e0 Trois-Rivi\u00e8res) et l\u2019Universit\u00e9 de Sherbrooke (formation d\u00e9localis\u00e9e \u00e0 Saguenay et \u00e0 Moncton).<\/p>\n<p style=\"text-align: justify\">\u00c0 tous \u00e9gards, ce colloque s\u2019est av\u00e9r\u00e9 un grand succ\u00e8s, d\u2019autant qu\u2019il s\u2019est termin\u00e9 sur des avenues prometteuses de d\u00e9veloppement, particuli\u00e8rement en ce qui a trait aux rapprochements que ces programmes de m\u00e9decine d\u00e9localis\u00e9s doivent nourrir avec les communaut\u00e9s r\u00e9gionales qu\u2019ils desservent.<\/p>\n<p style=\"text-align: justify\">Pour consulter les diff\u00e9rents actes du colloque, dont les r\u00e9sultats des \u00e9tudes sur les retomb\u00e9es sociales et \u00e9conomiques de la mise en place du Programme de formation m\u00e9dicale \u00e0 Saguenay que Gilles Bergeron, professeur au D\u00e9partement des sciences \u00e9conomiques et administratives de l\u2019UQAC, a r\u00e9alis\u00e9es, veuillez consulter le <span style=\"color: #5a7411\"><a href=\"http:\/\/colloques.uqac.ca\/medecineregion\/actes-du-colloque\/\" target=\"_blank\" rel=\"noopener\"><span style=\"color: #5a7411\"><b>site Web de l\u2019\u00e9v\u00e9nement<\/b><\/span><\/a><\/span>.<\/p>\n<p style=\"text-align: justify\"><span style=\"color: #808080\"><b><b><br \/>\n<\/b><\/b><\/span><span style=\"color: #808080\">________________________________________________________________________________________<\/span><\/p>\n<p style=\"text-align: justify\"><span style=\"color: #808080\"><b>Photographe\u00a0:<\/b> Guylain Doyle<\/span><br \/>\n<span style=\"color: #808080\"> ________________________________________________________________________________________<\/span><\/p>\n","protected":false},"excerpt":{"rendered":"<p>Les 9 et 10 octobre derniers, l\u2019UQAC \u00e9tait l\u2019h\u00f4te du colloque \u00ab\u00a0La formation de m\u00e9decins en r\u00e9gion, Saguenay et exp\u00e9riences comparables\u00a0\u00bb. Pr\u00e9sent\u00e9 par le Programme de formation m\u00e9dicale \u00e0 Saguenay, l\u2019\u00e9v\u00e9nement r\u00e9unissait de nombreux conf\u00e9renciers et pan\u00e9listes hautement r\u00e9put\u00e9s issus des milieux de la sant\u00e9 et de l\u2019enseignement m\u00e9dical, de la sph\u00e8re communautaire ainsi que [&hellip;]<\/p>\n","protected":false},"author":5,"featured_media":26040,"comment_status":"open","ping_status":"open","sticky":false,"template":"","format":"standard","meta":{"footnotes":""},"categories":[2,61],"tags":[101,2355,339,2281,2265,1089],"yoast_head":"<!-- This site is optimized with the Yoast SEO plugin v24.2 - https:\/\/yoast.com\/wordpress\/plugins\/seo\/ -->\r\n<title>Succ\u00e8s pour le colloque sur la formation de m\u00e9decins en r\u00e9gion - UQACtualit\u00e9s<\/title>\r\n<meta name=\"robots\" content=\"index, follow, max-snippet:-1, max-image-preview:large, max-video-preview:-1\" \/>\r\n<link rel=\"canonical\" href=\"https:\/\/www.uqac.ca\/uqactualites\/2013\/10\/17\/succes-pour-le-colloque-sur-la-formation-de-medecins-en-region\/\" \/>\r\n<meta property=\"og:locale\" content=\"fr_CA\" \/>\r\n<meta property=\"og:type\" content=\"article\" \/>\r\n<meta property=\"og:title\" content=\"Succ\u00e8s pour le colloque sur la formation de m\u00e9decins en r\u00e9gion - UQACtualit\u00e9s\" \/>\r\n<meta property=\"og:description\" content=\"Les 9 et 10 octobre derniers, l\u2019UQAC \u00e9tait l\u2019h\u00f4te du colloque \u00ab\u00a0La formation de m\u00e9decins en r\u00e9gion, Saguenay et exp\u00e9riences comparables\u00a0\u00bb. Pr\u00e9sent\u00e9 par le Programme de formation m\u00e9dicale \u00e0 Saguenay, l\u2019\u00e9v\u00e9nement r\u00e9unissait de nombreux conf\u00e9renciers et pan\u00e9listes hautement r\u00e9put\u00e9s issus des milieux de la sant\u00e9 et de l\u2019enseignement m\u00e9dical, de la sph\u00e8re communautaire ainsi que [&hellip;]\" \/>\r\n<meta property=\"og:url\" content=\"https:\/\/www.uqac.ca\/uqactualites\/2013\/10\/17\/succes-pour-le-colloque-sur-la-formation-de-medecins-en-region\/\" \/>\r\n<meta property=\"og:site_name\" content=\"UQACtualit\u00e9s\" \/>\r\n<meta property=\"article:published_time\" content=\"2013-10-17T17:40:24+00:00\" \/>\r\n<meta property=\"og:image\" content=\"https:\/\/www.uqac.ca\/uqactualites\/wp-content\/uploads\/2013\/10\/Colloque-m\u00e9decine-Web-\u00a9Guylain-Doyle.jpg\" \/>\r\n\t<meta property=\"og:image:width\" content=\"620\" \/>\r\n\t<meta property=\"og:image:height\" content=\"300\" \/>\r\n\t<meta property=\"og:image:type\" content=\"image\/jpeg\" \/>\r\n<meta name=\"author\" content=\"Service des communications et des relations publiques\" \/>\r\n<meta name=\"twitter:card\" content=\"summary_large_image\" \/>\r\n<meta name=\"twitter:label1\" content=\"\u00c9crit par\" \/>\n\t<meta name=\"twitter:data1\" content=\"Service des communications et des relations publiques\" \/>\n\t<meta name=\"twitter:label2\" content=\"Estimation du temps de lecture\" \/>\n\t<meta name=\"twitter:data2\" content=\"2 minutes\" \/>\r\n<script type=\"application\/ld+json\" class=\"yoast-schema-graph\">{\"@context\":\"https:\/\/schema.org\",\"@graph\":[{\"@type\":\"WebPage\",\"@id\":\"https:\/\/www.uqac.ca\/uqactualites\/2013\/10\/17\/succes-pour-le-colloque-sur-la-formation-de-medecins-en-region\/\",\"url\":\"https:\/\/www.uqac.ca\/uqactualites\/2013\/10\/17\/succes-pour-le-colloque-sur-la-formation-de-medecins-en-region\/\",\"name\":\"Succ\u00e8s pour le colloque sur la formation de m\u00e9decins en r\u00e9gion - UQACtualit\u00e9s\",\"isPartOf\":{\"@id\":\"https:\/\/www.uqac.ca\/uqactualites\/#website\"},\"primaryImageOfPage\":{\"@id\":\"https:\/\/www.uqac.ca\/uqactualites\/2013\/10\/17\/succes-pour-le-colloque-sur-la-formation-de-medecins-en-region\/#primaryimage\"},\"image\":{\"@id\":\"https:\/\/www.uqac.ca\/uqactualites\/2013\/10\/17\/succes-pour-le-colloque-sur-la-formation-de-medecins-en-region\/#primaryimage\"},\"thumbnailUrl\":\"https:\/\/www.uqac.ca\/uqactualites\/wp-content\/uploads\/2013\/10\/Colloque-m\u00e9decine-Web-\u00a9Guylain-Doyle.jpg\",\"datePublished\":\"2013-10-17T17:40:24+00:00\",\"dateModified\":\"2013-10-17T17:40:24+00:00\",\"author\":{\"@id\":\"https:\/\/www.uqac.ca\/uqactualites\/#\/schema\/person\/366c45a0c4f0e677b41b4af5886e2018\"},\"breadcrumb\":{\"@id\":\"https:\/\/www.uqac.ca\/uqactualites\/2013\/10\/17\/succes-pour-le-colloque-sur-la-formation-de-medecins-en-region\/#breadcrumb\"},\"inLanguage\":\"fr-CA\",\"potentialAction\":[{\"@type\":\"ReadAction\",\"target\":[\"https:\/\/www.uqac.ca\/uqactualites\/2013\/10\/17\/succes-pour-le-colloque-sur-la-formation-de-medecins-en-region\/\"]}]},{\"@type\":\"ImageObject\",\"inLanguage\":\"fr-CA\",\"@id\":\"https:\/\/www.uqac.ca\/uqactualites\/2013\/10\/17\/succes-pour-le-colloque-sur-la-formation-de-medecins-en-region\/#primaryimage\",\"url\":\"https:\/\/www.uqac.ca\/uqactualites\/wp-content\/uploads\/2013\/10\/Colloque-m\u00e9decine-Web-\u00a9Guylain-Doyle.jpg\",\"contentUrl\":\"https:\/\/www.uqac.ca\/uqactualites\/wp-content\/uploads\/2013\/10\/Colloque-m\u00e9decine-Web-\u00a9Guylain-Doyle.jpg\",\"width\":620,\"height\":300},{\"@type\":\"BreadcrumbList\",\"@id\":\"https:\/\/www.uqac.ca\/uqactualites\/2013\/10\/17\/succes-pour-le-colloque-sur-la-formation-de-medecins-en-region\/#breadcrumb\",\"itemListElement\":[{\"@type\":\"ListItem\",\"position\":1,\"name\":\"Home\",\"item\":\"https:\/\/www.uqac.ca\/uqactualites\/\"},{\"@type\":\"ListItem\",\"position\":2,\"name\":\"Succ\u00e8s pour le colloque sur la formation de m\u00e9decins en r\u00e9gion\"}]},{\"@type\":\"WebSite\",\"@id\":\"https:\/\/www.uqac.ca\/uqactualites\/#website\",\"url\":\"https:\/\/www.uqac.ca\/uqactualites\/\",\"name\":\"UQACtualit\u00e9s\",\"description\":\"Le portail des nouvelles de l&#039;UQAC\",\"potentialAction\":[{\"@type\":\"SearchAction\",\"target\":{\"@type\":\"EntryPoint\",\"urlTemplate\":\"https:\/\/www.uqac.ca\/uqactualites\/?s={search_term_string}\"},\"query-input\":{\"@type\":\"PropertyValueSpecification\",\"valueRequired\":true,\"valueName\":\"search_term_string\"}}],\"inLanguage\":\"fr-CA\"},{\"@type\":\"Person\",\"@id\":\"https:\/\/www.uqac.ca\/uqactualites\/#\/schema\/person\/366c45a0c4f0e677b41b4af5886e2018\",\"name\":\"Service des communications et des relations publiques\",\"image\":{\"@type\":\"ImageObject\",\"inLanguage\":\"fr-CA\",\"@id\":\"https:\/\/www.uqac.ca\/uqactualites\/#\/schema\/person\/image\/\",\"url\":\"https:\/\/secure.gravatar.com\/avatar\/20fbbda8a292f59f2d3461a5b999c00b?s=96&d=mm&r=g\",\"contentUrl\":\"https:\/\/secure.gravatar.com\/avatar\/20fbbda8a292f59f2d3461a5b999c00b?s=96&d=mm&r=g\",\"caption\":\"Service des communications et des relations publiques\"},\"url\":\"https:\/\/www.uqac.ca\/uqactualites\/author\/bap\/\"}]}<\/script>\r\n<!-- \/ Yoast SEO plugin. -->","yoast_head_json":{"title":"Succ\u00e8s pour le colloque sur la formation de m\u00e9decins en r\u00e9gion - UQACtualit\u00e9s","robots":{"index":"index","follow":"follow","max-snippet":"max-snippet:-1","max-image-preview":"max-image-preview:large","max-video-preview":"max-video-preview:-1"},"canonical":"https:\/\/www.uqac.ca\/uqactualites\/2013\/10\/17\/succes-pour-le-colloque-sur-la-formation-de-medecins-en-region\/","og_locale":"fr_CA","og_type":"article","og_title":"Succ\u00e8s pour le colloque sur la formation de m\u00e9decins en r\u00e9gion - UQACtualit\u00e9s","og_description":"Les 9 et 10 octobre derniers, l\u2019UQAC \u00e9tait l\u2019h\u00f4te du colloque \u00ab\u00a0La formation de m\u00e9decins en r\u00e9gion, Saguenay et exp\u00e9riences comparables\u00a0\u00bb. Pr\u00e9sent\u00e9 par le Programme de formation m\u00e9dicale \u00e0 Saguenay, l\u2019\u00e9v\u00e9nement r\u00e9unissait de nombreux conf\u00e9renciers et pan\u00e9listes hautement r\u00e9put\u00e9s issus des milieux de la sant\u00e9 et de l\u2019enseignement m\u00e9dical, de la sph\u00e8re communautaire ainsi que [&hellip;]","og_url":"https:\/\/www.uqac.ca\/uqactualites\/2013\/10\/17\/succes-pour-le-colloque-sur-la-formation-de-medecins-en-region\/","og_site_name":"UQACtualit\u00e9s","article_published_time":"2013-10-17T17:40:24+00:00","og_image":[{"width":620,"height":300,"url":"https:\/\/www.uqac.ca\/uqactualites\/wp-content\/uploads\/2013\/10\/Colloque-m\u00e9decine-Web-\u00a9Guylain-Doyle.jpg","type":"image\/jpeg"}],"author":"Service des communications et des relations publiques","twitter_card":"summary_large_image","twitter_misc":{"\u00c9crit par":"Service des communications et des relations publiques","Estimation du temps de lecture":"2 minutes"},"schema":{"@context":"https:\/\/schema.org","@graph":[{"@type":"WebPage","@id":"https:\/\/www.uqac.ca\/uqactualites\/2013\/10\/17\/succes-pour-le-colloque-sur-la-formation-de-medecins-en-region\/","url":"https:\/\/www.uqac.ca\/uqactualites\/2013\/10\/17\/succes-pour-le-colloque-sur-la-formation-de-medecins-en-region\/","name":"Succ\u00e8s pour le colloque sur la formation de m\u00e9decins en r\u00e9gion - UQACtualit\u00e9s","isPartOf":{"@id":"https:\/\/www.uqac.ca\/uqactualites\/#website"},"primaryImageOfPage":{"@id":"https:\/\/www.uqac.ca\/uqactualites\/2013\/10\/17\/succes-pour-le-colloque-sur-la-formation-de-medecins-en-region\/#primaryimage"},"image":{"@id":"https:\/\/www.uqac.ca\/uqactualites\/2013\/10\/17\/succes-pour-le-colloque-sur-la-formation-de-medecins-en-region\/#primaryimage"},"thumbnailUrl":"https:\/\/www.uqac.ca\/uqactualites\/wp-content\/uploads\/2013\/10\/Colloque-m\u00e9decine-Web-\u00a9Guylain-Doyle.jpg","datePublished":"2013-10-17T17:40:24+00:00","dateModified":"2013-10-17T17:40:24+00:00","author":{"@id":"https:\/\/www.uqac.ca\/uqactualites\/#\/schema\/person\/366c45a0c4f0e677b41b4af5886e2018"},"breadcrumb":{"@id":"https:\/\/www.uqac.ca\/uqactualites\/2013\/10\/17\/succes-pour-le-colloque-sur-la-formation-de-medecins-en-region\/#breadcrumb"},"inLanguage":"fr-CA","potentialAction":[{"@type":"ReadAction","target":["https:\/\/www.uqac.ca\/uqactualites\/2013\/10\/17\/succes-pour-le-colloque-sur-la-formation-de-medecins-en-region\/"]}]},{"@type":"ImageObject","inLanguage":"fr-CA","@id":"https:\/\/www.uqac.ca\/uqactualites\/2013\/10\/17\/succes-pour-le-colloque-sur-la-formation-de-medecins-en-region\/#primaryimage","url":"https:\/\/www.uqac.ca\/uqactualites\/wp-content\/uploads\/2013\/10\/Colloque-m\u00e9decine-Web-\u00a9Guylain-Doyle.jpg","contentUrl":"https:\/\/www.uqac.ca\/uqactualites\/wp-content\/uploads\/2013\/10\/Colloque-m\u00e9decine-Web-\u00a9Guylain-Doyle.jpg","width":620,"height":300},{"@type":"BreadcrumbList","@id":"https:\/\/www.uqac.ca\/uqactualites\/2013\/10\/17\/succes-pour-le-colloque-sur-la-formation-de-medecins-en-region\/#breadcrumb","itemListElement":[{"@type":"ListItem","position":1,"name":"Home","item":"https:\/\/www.uqac.ca\/uqactualites\/"},{"@type":"ListItem","position":2,"name":"Succ\u00e8s pour le colloque sur la formation de m\u00e9decins en r\u00e9gion"}]},{"@type":"WebSite","@id":"https:\/\/www.uqac.ca\/uqactualites\/#website","url":"https:\/\/www.uqac.ca\/uqactualites\/","name":"UQACtualit\u00e9s","description":"Le portail des nouvelles de l&#039;UQAC","potentialAction":[{"@type":"SearchAction","target":{"@type":"EntryPoint","urlTemplate":"https:\/\/www.uqac.ca\/uqactualites\/?s={search_term_string}"},"query-input":{"@type":"PropertyValueSpecification","valueRequired":true,"valueName":"search_term_string"}}],"inLanguage":"fr-CA"},{"@type":"Person","@id":"https:\/\/www.uqac.ca\/uqactualites\/#\/schema\/person\/366c45a0c4f0e677b41b4af5886e2018","name":"Service des communications et des relations publiques","image":{"@type":"ImageObject","inLanguage":"fr-CA","@id":"https:\/\/www.uqac.ca\/uqactualites\/#\/schema\/person\/image\/","url":"https:\/\/secure.gravatar.com\/avatar\/20fbbda8a292f59f2d3461a5b999c00b?s=96&d=mm&r=g","contentUrl":"https:\/\/secure.gravatar.com\/avatar\/20fbbda8a292f59f2d3461a5b999c00b?s=96&d=mm&r=g","caption":"Service des communications et des relations publiques"},"url":"https:\/\/www.uqac.ca\/uqactualites\/author\/bap\/"}]}},"_links":{"self":[{"href":"https:\/\/www.uqac.ca\/uqactualites\/wp-json\/wp\/v2\/posts\/26039"}],"collection":[{"href":"https:\/\/www.uqac.ca\/uqactualites\/wp-json\/wp\/v2\/posts"}],"about":[{"href":"https:\/\/www.uqac.ca\/uqactualites\/wp-json\/wp\/v2\/types\/post"}],"author":[{"embeddable":true,"href":"https:\/\/www.uqac.ca\/uqactualites\/wp-json\/wp\/v2\/users\/5"}],"replies":[{"embeddable":true,"href":"https:\/\/www.uqac.ca\/uqactualites\/wp-json\/wp\/v2\/comments?post=26039"}],"version-history":[{"count":0,"href":"https:\/\/www.uqac.ca\/uqactualites\/wp-json\/wp\/v2\/posts\/26039\/revisions"}],"wp:featuredmedia":[{"embeddable":true,"href":"https:\/\/www.uqac.ca\/uqactualites\/wp-json\/wp\/v2\/media\/26040"}],"wp:attachment":[{"href":"https:\/\/www.uqac.ca\/uqactualites\/wp-json\/wp\/v2\/media?parent=26039"}],"wp:term":[{"taxonomy":"category","embeddable":true,"href":"https:\/\/www.uqac.ca\/uqactualites\/wp-json\/wp\/v2\/categories?post=26039"},{"taxonomy":"post_tag","embeddable":true,"href":"https:\/\/www.uqac.ca\/uqactualites\/wp-json\/wp\/v2\/tags?post=26039"}],"curies":[{"name":"wp","href":"https:\/\/api.w.org\/{rel}","templated":true}]}}