{"id":26066,"date":"2013-10-23T09:23:31","date_gmt":"2013-10-23T13:23:31","guid":{"rendered":"http:\/\/uqactualite.odev.ca\/?p=26066"},"modified":"2013-10-23T09:23:31","modified_gmt":"2013-10-23T13:23:31","slug":"invitation-du-comite-le-retour","status":"publish","type":"post","link":"https:\/\/www.uqac.ca\/uqactualites\/2013\/10\/23\/invitation-du-comite-le-retour\/","title":{"rendered":"Invitation du comit\u00e9 Le Retour"},"content":{"rendered":"<p style=\"text-align: justify\">Bonne nouvelle pour tous ceux et celles qui font un retour aux \u00e9tudes, le comit\u00e9 \u00ab\u00a0Le Retour\u00a0\u00bb revient cet automne!<\/p>\n<p style=\"text-align: justify\">\u00a0\u00ab\u00a0Le Retour\u00a0\u00bb\u00a0 est un groupe d\u2019\u00e9tudiants qui \u00e9changent \u00a0et partagent de l\u2019information afin de se soutenir et de s\u2019entraider pour mieux r\u00e9ussir leurs \u00e9tudes. Venez discuter avec d\u2019autres personnes qui vivent la m\u00eame chose que vous!<\/p>\n<p style=\"text-align: justify\">\u00a0Premi\u00e8re rencontre le mardi <b><span style=\"text-decoration: underline\">29 octobre 2013 de 11\u00a0h\u00a030 \u00e0 13\u00a0h au P0-7000<\/span><\/b>.<\/p>\n<p style=\"text-align: justify\"><b>\u00a0<\/b>Personne invit\u00e9e\u00a0: Julie Alain, travailleuse sociale des Services aux \u00e9tudiants.<\/p>\n<p style=\"text-align: justify\">\u00a0Apportez votre lunch, caf\u00e9 et brioches vous seront offerts.<\/p>\n<p style=\"text-align: justify\">\u00a0Avec Dominique Giroux, \u00e9tudiante, pour le comit\u00e9 \u00ab\u00a0Le Retour\u00a0\u00bb.<\/p>\n<p style=\"text-align: center\">\u00a0Merci de <b>confirmer votre pr\u00e9sence par courriel le plus t\u00f4t possible<\/b> \u00e0 l\u2019adresse suivante\u00a0:\u00a0 <a href=\"mailto:vie_etudiante@uqac.ca\">vie_etudiante@uqac.ca<\/a><\/p>\n","protected":false},"excerpt":{"rendered":"<p>Bonne nouvelle pour tous ceux et celles qui font un retour aux \u00e9tudes, le comit\u00e9 \u00ab\u00a0Le Retour\u00a0\u00bb revient cet automne! \u00a0\u00ab\u00a0Le Retour\u00a0\u00bb\u00a0 est un groupe d\u2019\u00e9tudiants qui \u00e9changent \u00a0et partagent de l\u2019information afin de se soutenir et de s\u2019entraider pour mieux r\u00e9ussir leurs \u00e9tudes. Venez discuter avec d\u2019autres personnes qui vivent la m\u00eame chose que [&hellip;]<\/p>\n","protected":false},"author":5,"featured_media":20989,"comment_status":"open","ping_status":"open","sticky":false,"template":"","format":"standard","meta":{"footnotes":""},"categories":[2772],"tags":[],"yoast_head":"<!-- This site is optimized with the Yoast SEO plugin v24.2 - https:\/\/yoast.com\/wordpress\/plugins\/seo\/ -->\r\n<title>Invitation du comit\u00e9 Le Retour - UQACtualit\u00e9s<\/title>\r\n<meta name=\"robots\" content=\"index, follow, max-snippet:-1, max-image-preview:large, max-video-preview:-1\" \/>\r\n<link rel=\"canonical\" href=\"https:\/\/www.uqac.ca\/uqactualites\/2013\/10\/23\/invitation-du-comite-le-retour\/\" \/>\r\n<meta property=\"og:locale\" content=\"fr_CA\" \/>\r\n<meta property=\"og:type\" content=\"article\" \/>\r\n<meta property=\"og:title\" content=\"Invitation du comit\u00e9 Le Retour - UQACtualit\u00e9s\" \/>\r\n<meta property=\"og:description\" content=\"Bonne nouvelle pour tous ceux et celles qui font un retour aux \u00e9tudes, le comit\u00e9 \u00ab\u00a0Le Retour\u00a0\u00bb revient cet automne! \u00a0\u00ab\u00a0Le Retour\u00a0\u00bb\u00a0 est un groupe d\u2019\u00e9tudiants qui \u00e9changent \u00a0et partagent de l\u2019information afin de se soutenir et de s\u2019entraider pour mieux r\u00e9ussir leurs \u00e9tudes. Venez discuter avec d\u2019autres personnes qui vivent la m\u00eame chose que [&hellip;]\" \/>\r\n<meta property=\"og:url\" content=\"https:\/\/www.uqac.ca\/uqactualites\/2013\/10\/23\/invitation-du-comite-le-retour\/\" \/>\r\n<meta property=\"og:site_name\" content=\"UQACtualit\u00e9s\" \/>\r\n<meta property=\"article:published_time\" content=\"2013-10-23T13:23:31+00:00\" \/>\r\n<meta property=\"og:image\" content=\"https:\/\/www.uqac.ca\/uqactualites\/wp-content\/uploads\/2012\/05\/avis-laCommunaut-.jpg\" \/>\r\n\t<meta property=\"og:image:width\" content=\"620\" \/>\r\n\t<meta property=\"og:image:height\" content=\"300\" \/>\r\n\t<meta property=\"og:image:type\" content=\"image\/jpeg\" \/>\r\n<meta name=\"author\" content=\"Service des communications et des relations publiques\" \/>\r\n<meta name=\"twitter:card\" content=\"summary_large_image\" \/>\r\n<meta name=\"twitter:label1\" content=\"\u00c9crit par\" \/>\n\t<meta name=\"twitter:data1\" content=\"Service des communications et des relations publiques\" \/>\n\t<meta name=\"twitter:label2\" content=\"Estimation du temps de lecture\" \/>\n\t<meta name=\"twitter:data2\" content=\"1 minute\" \/>\r\n<script type=\"application\/ld+json\" class=\"yoast-schema-graph\">{\"@context\":\"https:\/\/schema.org\",\"@graph\":[{\"@type\":\"WebPage\",\"@id\":\"https:\/\/www.uqac.ca\/uqactualites\/2013\/10\/23\/invitation-du-comite-le-retour\/\",\"url\":\"https:\/\/www.uqac.ca\/uqactualites\/2013\/10\/23\/invitation-du-comite-le-retour\/\",\"name\":\"Invitation du comit\u00e9 Le Retour - UQACtualit\u00e9s\",\"isPartOf\":{\"@id\":\"https:\/\/www.uqac.ca\/uqactualites\/#website\"},\"primaryImageOfPage\":{\"@id\":\"https:\/\/www.uqac.ca\/uqactualites\/2013\/10\/23\/invitation-du-comite-le-retour\/#primaryimage\"},\"image\":{\"@id\":\"https:\/\/www.uqac.ca\/uqactualites\/2013\/10\/23\/invitation-du-comite-le-retour\/#primaryimage\"},\"thumbnailUrl\":\"https:\/\/www.uqac.ca\/uqactualites\/wp-content\/uploads\/2012\/05\/avis-laCommunaut-.jpg\",\"datePublished\":\"2013-10-23T13:23:31+00:00\",\"dateModified\":\"2013-10-23T13:23:31+00:00\",\"author\":{\"@id\":\"https:\/\/www.uqac.ca\/uqactualites\/#\/schema\/person\/366c45a0c4f0e677b41b4af5886e2018\"},\"breadcrumb\":{\"@id\":\"https:\/\/www.uqac.ca\/uqactualites\/2013\/10\/23\/invitation-du-comite-le-retour\/#breadcrumb\"},\"inLanguage\":\"fr-CA\",\"potentialAction\":[{\"@type\":\"ReadAction\",\"target\":[\"https:\/\/www.uqac.ca\/uqactualites\/2013\/10\/23\/invitation-du-comite-le-retour\/\"]}]},{\"@type\":\"ImageObject\",\"inLanguage\":\"fr-CA\",\"@id\":\"https:\/\/www.uqac.ca\/uqactualites\/2013\/10\/23\/invitation-du-comite-le-retour\/#primaryimage\",\"url\":\"https:\/\/www.uqac.ca\/uqactualites\/wp-content\/uploads\/2012\/05\/avis-laCommunaut-.jpg\",\"contentUrl\":\"https:\/\/www.uqac.ca\/uqactualites\/wp-content\/uploads\/2012\/05\/avis-laCommunaut-.jpg\",\"width\":620,\"height\":300},{\"@type\":\"BreadcrumbList\",\"@id\":\"https:\/\/www.uqac.ca\/uqactualites\/2013\/10\/23\/invitation-du-comite-le-retour\/#breadcrumb\",\"itemListElement\":[{\"@type\":\"ListItem\",\"position\":1,\"name\":\"Home\",\"item\":\"https:\/\/www.uqac.ca\/uqactualites\/\"},{\"@type\":\"ListItem\",\"position\":2,\"name\":\"Invitation du comit\u00e9 Le Retour\"}]},{\"@type\":\"WebSite\",\"@id\":\"https:\/\/www.uqac.ca\/uqactualites\/#website\",\"url\":\"https:\/\/www.uqac.ca\/uqactualites\/\",\"name\":\"UQACtualit\u00e9s\",\"description\":\"Le portail des nouvelles de l&#039;UQAC\",\"potentialAction\":[{\"@type\":\"SearchAction\",\"target\":{\"@type\":\"EntryPoint\",\"urlTemplate\":\"https:\/\/www.uqac.ca\/uqactualites\/?s={search_term_string}\"},\"query-input\":{\"@type\":\"PropertyValueSpecification\",\"valueRequired\":true,\"valueName\":\"search_term_string\"}}],\"inLanguage\":\"fr-CA\"},{\"@type\":\"Person\",\"@id\":\"https:\/\/www.uqac.ca\/uqactualites\/#\/schema\/person\/366c45a0c4f0e677b41b4af5886e2018\",\"name\":\"Service des communications et des relations publiques\",\"image\":{\"@type\":\"ImageObject\",\"inLanguage\":\"fr-CA\",\"@id\":\"https:\/\/www.uqac.ca\/uqactualites\/#\/schema\/person\/image\/\",\"url\":\"https:\/\/secure.gravatar.com\/avatar\/20fbbda8a292f59f2d3461a5b999c00b?s=96&d=mm&r=g\",\"contentUrl\":\"https:\/\/secure.gravatar.com\/avatar\/20fbbda8a292f59f2d3461a5b999c00b?s=96&d=mm&r=g\",\"caption\":\"Service des communications et des relations publiques\"},\"url\":\"https:\/\/www.uqac.ca\/uqactualites\/author\/bap\/\"}]}<\/script>\r\n<!-- \/ Yoast SEO plugin. -->","yoast_head_json":{"title":"Invitation du comit\u00e9 Le Retour - UQACtualit\u00e9s","robots":{"index":"index","follow":"follow","max-snippet":"max-snippet:-1","max-image-preview":"max-image-preview:large","max-video-preview":"max-video-preview:-1"},"canonical":"https:\/\/www.uqac.ca\/uqactualites\/2013\/10\/23\/invitation-du-comite-le-retour\/","og_locale":"fr_CA","og_type":"article","og_title":"Invitation du comit\u00e9 Le Retour - UQACtualit\u00e9s","og_description":"Bonne nouvelle pour tous ceux et celles qui font un retour aux \u00e9tudes, le comit\u00e9 \u00ab\u00a0Le Retour\u00a0\u00bb revient cet automne! \u00a0\u00ab\u00a0Le Retour\u00a0\u00bb\u00a0 est un groupe d\u2019\u00e9tudiants qui \u00e9changent \u00a0et partagent de l\u2019information afin de se soutenir et de s\u2019entraider pour mieux r\u00e9ussir leurs \u00e9tudes. Venez discuter avec d\u2019autres personnes qui vivent la m\u00eame chose que [&hellip;]","og_url":"https:\/\/www.uqac.ca\/uqactualites\/2013\/10\/23\/invitation-du-comite-le-retour\/","og_site_name":"UQACtualit\u00e9s","article_published_time":"2013-10-23T13:23:31+00:00","og_image":[{"width":620,"height":300,"url":"https:\/\/www.uqac.ca\/uqactualites\/wp-content\/uploads\/2012\/05\/avis-laCommunaut-.jpg","type":"image\/jpeg"}],"author":"Service des communications et des relations publiques","twitter_card":"summary_large_image","twitter_misc":{"\u00c9crit par":"Service des communications et des relations publiques","Estimation du temps de lecture":"1 minute"},"schema":{"@context":"https:\/\/schema.org","@graph":[{"@type":"WebPage","@id":"https:\/\/www.uqac.ca\/uqactualites\/2013\/10\/23\/invitation-du-comite-le-retour\/","url":"https:\/\/www.uqac.ca\/uqactualites\/2013\/10\/23\/invitation-du-comite-le-retour\/","name":"Invitation du comit\u00e9 Le Retour - UQACtualit\u00e9s","isPartOf":{"@id":"https:\/\/www.uqac.ca\/uqactualites\/#website"},"primaryImageOfPage":{"@id":"https:\/\/www.uqac.ca\/uqactualites\/2013\/10\/23\/invitation-du-comite-le-retour\/#primaryimage"},"image":{"@id":"https:\/\/www.uqac.ca\/uqactualites\/2013\/10\/23\/invitation-du-comite-le-retour\/#primaryimage"},"thumbnailUrl":"https:\/\/www.uqac.ca\/uqactualites\/wp-content\/uploads\/2012\/05\/avis-laCommunaut-.jpg","datePublished":"2013-10-23T13:23:31+00:00","dateModified":"2013-10-23T13:23:31+00:00","author":{"@id":"https:\/\/www.uqac.ca\/uqactualites\/#\/schema\/person\/366c45a0c4f0e677b41b4af5886e2018"},"breadcrumb":{"@id":"https:\/\/www.uqac.ca\/uqactualites\/2013\/10\/23\/invitation-du-comite-le-retour\/#breadcrumb"},"inLanguage":"fr-CA","potentialAction":[{"@type":"ReadAction","target":["https:\/\/www.uqac.ca\/uqactualites\/2013\/10\/23\/invitation-du-comite-le-retour\/"]}]},{"@type":"ImageObject","inLanguage":"fr-CA","@id":"https:\/\/www.uqac.ca\/uqactualites\/2013\/10\/23\/invitation-du-comite-le-retour\/#primaryimage","url":"https:\/\/www.uqac.ca\/uqactualites\/wp-content\/uploads\/2012\/05\/avis-laCommunaut-.jpg","contentUrl":"https:\/\/www.uqac.ca\/uqactualites\/wp-content\/uploads\/2012\/05\/avis-laCommunaut-.jpg","width":620,"height":300},{"@type":"BreadcrumbList","@id":"https:\/\/www.uqac.ca\/uqactualites\/2013\/10\/23\/invitation-du-comite-le-retour\/#breadcrumb","itemListElement":[{"@type":"ListItem","position":1,"name":"Home","item":"https:\/\/www.uqac.ca\/uqactualites\/"},{"@type":"ListItem","position":2,"name":"Invitation du comit\u00e9 Le Retour"}]},{"@type":"WebSite","@id":"https:\/\/www.uqac.ca\/uqactualites\/#website","url":"https:\/\/www.uqac.ca\/uqactualites\/","name":"UQACtualit\u00e9s","description":"Le portail des nouvelles de l&#039;UQAC","potentialAction":[{"@type":"SearchAction","target":{"@type":"EntryPoint","urlTemplate":"https:\/\/www.uqac.ca\/uqactualites\/?s={search_term_string}"},"query-input":{"@type":"PropertyValueSpecification","valueRequired":true,"valueName":"search_term_string"}}],"inLanguage":"fr-CA"},{"@type":"Person","@id":"https:\/\/www.uqac.ca\/uqactualites\/#\/schema\/person\/366c45a0c4f0e677b41b4af5886e2018","name":"Service des communications et des relations publiques","image":{"@type":"ImageObject","inLanguage":"fr-CA","@id":"https:\/\/www.uqac.ca\/uqactualites\/#\/schema\/person\/image\/","url":"https:\/\/secure.gravatar.com\/avatar\/20fbbda8a292f59f2d3461a5b999c00b?s=96&d=mm&r=g","contentUrl":"https:\/\/secure.gravatar.com\/avatar\/20fbbda8a292f59f2d3461a5b999c00b?s=96&d=mm&r=g","caption":"Service des communications et des relations publiques"},"url":"https:\/\/www.uqac.ca\/uqactualites\/author\/bap\/"}]}},"_links":{"self":[{"href":"https:\/\/www.uqac.ca\/uqactualites\/wp-json\/wp\/v2\/posts\/26066"}],"collection":[{"href":"https:\/\/www.uqac.ca\/uqactualites\/wp-json\/wp\/v2\/posts"}],"about":[{"href":"https:\/\/www.uqac.ca\/uqactualites\/wp-json\/wp\/v2\/types\/post"}],"author":[{"embeddable":true,"href":"https:\/\/www.uqac.ca\/uqactualites\/wp-json\/wp\/v2\/users\/5"}],"replies":[{"embeddable":true,"href":"https:\/\/www.uqac.ca\/uqactualites\/wp-json\/wp\/v2\/comments?post=26066"}],"version-history":[{"count":0,"href":"https:\/\/www.uqac.ca\/uqactualites\/wp-json\/wp\/v2\/posts\/26066\/revisions"}],"wp:featuredmedia":[{"embeddable":true,"href":"https:\/\/www.uqac.ca\/uqactualites\/wp-json\/wp\/v2\/media\/20989"}],"wp:attachment":[{"href":"https:\/\/www.uqac.ca\/uqactualites\/wp-json\/wp\/v2\/media?parent=26066"}],"wp:term":[{"taxonomy":"category","embeddable":true,"href":"https:\/\/www.uqac.ca\/uqactualites\/wp-json\/wp\/v2\/categories?post=26066"},{"taxonomy":"post_tag","embeddable":true,"href":"https:\/\/www.uqac.ca\/uqactualites\/wp-json\/wp\/v2\/tags?post=26066"}],"curies":[{"name":"wp","href":"https:\/\/api.w.org\/{rel}","templated":true}]}}