{"id":26216,"date":"2013-11-01T14:24:29","date_gmt":"2013-11-01T18:24:29","guid":{"rendered":"http:\/\/uqactualite.odev.ca\/?p=26216"},"modified":"2013-11-01T14:24:29","modified_gmt":"2013-11-01T18:24:29","slug":"plan-strategique-2013-2018","status":"publish","type":"post","link":"https:\/\/www.uqac.ca\/uqactualites\/2013\/11\/01\/plan-strategique-2013-2018\/","title":{"rendered":"Plan strat\u00e9gique 2013-2018"},"content":{"rendered":"<p style=\"text-align: justify\">Gr\u00e2ce \u00e0 la d\u00e9marche de consultation r\u00e9alis\u00e9e dans les derniers mois aupr\u00e8s des membres de la communaut\u00e9 universitaire, l\u2019UQAC s\u2019est dot\u00e9e d\u2019un plan strat\u00e9gique devant nous guider pour les cinq prochaines ann\u00e9es.<\/p>\n<p style=\"text-align: justify\">Le recteur, monsieur Martin Gauthier, informe la communaut\u00e9 que le <em>Plan strat\u00e9gique 2013-2018<\/em> est d\u00e9sormais disponible pour consultation sur le Web.<\/p>\n<p style=\"text-align: justify\"><b>\u00bb <\/b>Consultez en ligne le <em><span style=\"color: #5a7411\"><a href=\"http:\/\/uqactualite.odev.ca\/planstrategique\/plan_strategique_20132018\/FLASH\/index.html\" target=\"_blank\" rel=\"noopener\"><span style=\"color: #5a7411\"><b>Plan strat\u00e9gique 2013-2018<\/b><\/span><\/a><\/span><\/em>.<\/p>\n<p style=\"text-align: justify\">Celles et ceux qui le d\u00e9sirent peuvent \u00e9galement se procurer une copie papier du document au Bureau des affaires publiques (H7-1260).<\/p>\n<p style=\"text-align: justify\"><b><br \/>\nRenseignements\u00a0:<br \/>\n<\/b>Jean Wauthier, directeur<br \/>\nBureau des affaires publiques<br \/>\nUniversit\u00e9 du Qu\u00e9bec \u00e0 Chicoutimi<br \/>\n418 545-5011, poste\u00a05006\u00a0 \u25aa\u00a0 <span style=\"color: #5a7411\"><a href=\"mailto:affaires_publiques@uqac.ca\"><span style=\"color: #5a7411\">affaires_publiques@uqac.ca<\/span><\/a><\/span><\/p>\n","protected":false},"excerpt":{"rendered":"<p>Gr\u00e2ce \u00e0 la d\u00e9marche de consultation r\u00e9alis\u00e9e dans les derniers mois aupr\u00e8s des membres de la communaut\u00e9 universitaire, l\u2019UQAC s\u2019est dot\u00e9e d\u2019un plan strat\u00e9gique devant nous guider pour les cinq prochaines ann\u00e9es. Le recteur, monsieur Martin Gauthier, informe la communaut\u00e9 que le Plan strat\u00e9gique 2013-2018 est d\u00e9sormais disponible pour consultation sur le Web. \u00bb Consultez [&hellip;]<\/p>\n","protected":false},"author":5,"featured_media":20989,"comment_status":"closed","ping_status":"open","sticky":false,"template":"","format":"standard","meta":{"footnotes":""},"categories":[2772],"tags":[1778,2378,1059,1603,909,2027],"yoast_head":"<!-- This site is optimized with the Yoast SEO plugin v24.2 - https:\/\/yoast.com\/wordpress\/plugins\/seo\/ -->\r\n<title>Plan strat\u00e9gique 2013-2018 - UQACtualit\u00e9s<\/title>\r\n<meta name=\"robots\" content=\"index, follow, max-snippet:-1, max-image-preview:large, max-video-preview:-1\" \/>\r\n<link rel=\"canonical\" href=\"https:\/\/www.uqac.ca\/uqactualites\/2013\/11\/01\/plan-strategique-2013-2018\/\" \/>\r\n<meta property=\"og:locale\" content=\"fr_CA\" \/>\r\n<meta property=\"og:type\" content=\"article\" \/>\r\n<meta property=\"og:title\" content=\"Plan strat\u00e9gique 2013-2018 - UQACtualit\u00e9s\" \/>\r\n<meta property=\"og:description\" content=\"Gr\u00e2ce \u00e0 la d\u00e9marche de consultation r\u00e9alis\u00e9e dans les derniers mois aupr\u00e8s des membres de la communaut\u00e9 universitaire, l\u2019UQAC s\u2019est dot\u00e9e d\u2019un plan strat\u00e9gique devant nous guider pour les cinq prochaines ann\u00e9es. Le recteur, monsieur Martin Gauthier, informe la communaut\u00e9 que le Plan strat\u00e9gique 2013-2018 est d\u00e9sormais disponible pour consultation sur le Web. \u00bb Consultez [&hellip;]\" \/>\r\n<meta property=\"og:url\" content=\"https:\/\/www.uqac.ca\/uqactualites\/2013\/11\/01\/plan-strategique-2013-2018\/\" \/>\r\n<meta property=\"og:site_name\" content=\"UQACtualit\u00e9s\" \/>\r\n<meta property=\"article:published_time\" content=\"2013-11-01T18:24:29+00:00\" \/>\r\n<meta property=\"og:image\" content=\"https:\/\/www.uqac.ca\/uqactualites\/wp-content\/uploads\/2012\/05\/avis-laCommunaut-.jpg\" \/>\r\n\t<meta property=\"og:image:width\" content=\"620\" \/>\r\n\t<meta property=\"og:image:height\" content=\"300\" \/>\r\n\t<meta property=\"og:image:type\" content=\"image\/jpeg\" \/>\r\n<meta name=\"author\" content=\"Service des communications et des relations publiques\" \/>\r\n<meta name=\"twitter:card\" content=\"summary_large_image\" \/>\r\n<meta name=\"twitter:label1\" content=\"\u00c9crit par\" \/>\n\t<meta name=\"twitter:data1\" content=\"Service des communications et des relations publiques\" \/>\n\t<meta name=\"twitter:label2\" content=\"Estimation du temps de lecture\" \/>\n\t<meta name=\"twitter:data2\" content=\"1 minute\" \/>\r\n<script type=\"application\/ld+json\" class=\"yoast-schema-graph\">{\"@context\":\"https:\/\/schema.org\",\"@graph\":[{\"@type\":\"WebPage\",\"@id\":\"https:\/\/www.uqac.ca\/uqactualites\/2013\/11\/01\/plan-strategique-2013-2018\/\",\"url\":\"https:\/\/www.uqac.ca\/uqactualites\/2013\/11\/01\/plan-strategique-2013-2018\/\",\"name\":\"Plan strat\u00e9gique 2013-2018 - UQACtualit\u00e9s\",\"isPartOf\":{\"@id\":\"https:\/\/www.uqac.ca\/uqactualites\/#website\"},\"primaryImageOfPage\":{\"@id\":\"https:\/\/www.uqac.ca\/uqactualites\/2013\/11\/01\/plan-strategique-2013-2018\/#primaryimage\"},\"image\":{\"@id\":\"https:\/\/www.uqac.ca\/uqactualites\/2013\/11\/01\/plan-strategique-2013-2018\/#primaryimage\"},\"thumbnailUrl\":\"https:\/\/www.uqac.ca\/uqactualites\/wp-content\/uploads\/2012\/05\/avis-laCommunaut-.jpg\",\"datePublished\":\"2013-11-01T18:24:29+00:00\",\"dateModified\":\"2013-11-01T18:24:29+00:00\",\"author\":{\"@id\":\"https:\/\/www.uqac.ca\/uqactualites\/#\/schema\/person\/366c45a0c4f0e677b41b4af5886e2018\"},\"breadcrumb\":{\"@id\":\"https:\/\/www.uqac.ca\/uqactualites\/2013\/11\/01\/plan-strategique-2013-2018\/#breadcrumb\"},\"inLanguage\":\"fr-CA\",\"potentialAction\":[{\"@type\":\"ReadAction\",\"target\":[\"https:\/\/www.uqac.ca\/uqactualites\/2013\/11\/01\/plan-strategique-2013-2018\/\"]}]},{\"@type\":\"ImageObject\",\"inLanguage\":\"fr-CA\",\"@id\":\"https:\/\/www.uqac.ca\/uqactualites\/2013\/11\/01\/plan-strategique-2013-2018\/#primaryimage\",\"url\":\"https:\/\/www.uqac.ca\/uqactualites\/wp-content\/uploads\/2012\/05\/avis-laCommunaut-.jpg\",\"contentUrl\":\"https:\/\/www.uqac.ca\/uqactualites\/wp-content\/uploads\/2012\/05\/avis-laCommunaut-.jpg\",\"width\":620,\"height\":300},{\"@type\":\"BreadcrumbList\",\"@id\":\"https:\/\/www.uqac.ca\/uqactualites\/2013\/11\/01\/plan-strategique-2013-2018\/#breadcrumb\",\"itemListElement\":[{\"@type\":\"ListItem\",\"position\":1,\"name\":\"Home\",\"item\":\"https:\/\/www.uqac.ca\/uqactualites\/\"},{\"@type\":\"ListItem\",\"position\":2,\"name\":\"Plan strat\u00e9gique 2013-2018\"}]},{\"@type\":\"WebSite\",\"@id\":\"https:\/\/www.uqac.ca\/uqactualites\/#website\",\"url\":\"https:\/\/www.uqac.ca\/uqactualites\/\",\"name\":\"UQACtualit\u00e9s\",\"description\":\"Le portail des nouvelles de l&#039;UQAC\",\"potentialAction\":[{\"@type\":\"SearchAction\",\"target\":{\"@type\":\"EntryPoint\",\"urlTemplate\":\"https:\/\/www.uqac.ca\/uqactualites\/?s={search_term_string}\"},\"query-input\":{\"@type\":\"PropertyValueSpecification\",\"valueRequired\":true,\"valueName\":\"search_term_string\"}}],\"inLanguage\":\"fr-CA\"},{\"@type\":\"Person\",\"@id\":\"https:\/\/www.uqac.ca\/uqactualites\/#\/schema\/person\/366c45a0c4f0e677b41b4af5886e2018\",\"name\":\"Service des communications et des relations publiques\",\"image\":{\"@type\":\"ImageObject\",\"inLanguage\":\"fr-CA\",\"@id\":\"https:\/\/www.uqac.ca\/uqactualites\/#\/schema\/person\/image\/\",\"url\":\"https:\/\/secure.gravatar.com\/avatar\/20fbbda8a292f59f2d3461a5b999c00b?s=96&d=mm&r=g\",\"contentUrl\":\"https:\/\/secure.gravatar.com\/avatar\/20fbbda8a292f59f2d3461a5b999c00b?s=96&d=mm&r=g\",\"caption\":\"Service des communications et des relations publiques\"},\"url\":\"https:\/\/www.uqac.ca\/uqactualites\/author\/bap\/\"}]}<\/script>\r\n<!-- \/ Yoast SEO plugin. -->","yoast_head_json":{"title":"Plan strat\u00e9gique 2013-2018 - UQACtualit\u00e9s","robots":{"index":"index","follow":"follow","max-snippet":"max-snippet:-1","max-image-preview":"max-image-preview:large","max-video-preview":"max-video-preview:-1"},"canonical":"https:\/\/www.uqac.ca\/uqactualites\/2013\/11\/01\/plan-strategique-2013-2018\/","og_locale":"fr_CA","og_type":"article","og_title":"Plan strat\u00e9gique 2013-2018 - UQACtualit\u00e9s","og_description":"Gr\u00e2ce \u00e0 la d\u00e9marche de consultation r\u00e9alis\u00e9e dans les derniers mois aupr\u00e8s des membres de la communaut\u00e9 universitaire, l\u2019UQAC s\u2019est dot\u00e9e d\u2019un plan strat\u00e9gique devant nous guider pour les cinq prochaines ann\u00e9es. Le recteur, monsieur Martin Gauthier, informe la communaut\u00e9 que le Plan strat\u00e9gique 2013-2018 est d\u00e9sormais disponible pour consultation sur le Web. \u00bb Consultez [&hellip;]","og_url":"https:\/\/www.uqac.ca\/uqactualites\/2013\/11\/01\/plan-strategique-2013-2018\/","og_site_name":"UQACtualit\u00e9s","article_published_time":"2013-11-01T18:24:29+00:00","og_image":[{"width":620,"height":300,"url":"https:\/\/www.uqac.ca\/uqactualites\/wp-content\/uploads\/2012\/05\/avis-laCommunaut-.jpg","type":"image\/jpeg"}],"author":"Service des communications et des relations publiques","twitter_card":"summary_large_image","twitter_misc":{"\u00c9crit par":"Service des communications et des relations publiques","Estimation du temps de lecture":"1 minute"},"schema":{"@context":"https:\/\/schema.org","@graph":[{"@type":"WebPage","@id":"https:\/\/www.uqac.ca\/uqactualites\/2013\/11\/01\/plan-strategique-2013-2018\/","url":"https:\/\/www.uqac.ca\/uqactualites\/2013\/11\/01\/plan-strategique-2013-2018\/","name":"Plan strat\u00e9gique 2013-2018 - UQACtualit\u00e9s","isPartOf":{"@id":"https:\/\/www.uqac.ca\/uqactualites\/#website"},"primaryImageOfPage":{"@id":"https:\/\/www.uqac.ca\/uqactualites\/2013\/11\/01\/plan-strategique-2013-2018\/#primaryimage"},"image":{"@id":"https:\/\/www.uqac.ca\/uqactualites\/2013\/11\/01\/plan-strategique-2013-2018\/#primaryimage"},"thumbnailUrl":"https:\/\/www.uqac.ca\/uqactualites\/wp-content\/uploads\/2012\/05\/avis-laCommunaut-.jpg","datePublished":"2013-11-01T18:24:29+00:00","dateModified":"2013-11-01T18:24:29+00:00","author":{"@id":"https:\/\/www.uqac.ca\/uqactualites\/#\/schema\/person\/366c45a0c4f0e677b41b4af5886e2018"},"breadcrumb":{"@id":"https:\/\/www.uqac.ca\/uqactualites\/2013\/11\/01\/plan-strategique-2013-2018\/#breadcrumb"},"inLanguage":"fr-CA","potentialAction":[{"@type":"ReadAction","target":["https:\/\/www.uqac.ca\/uqactualites\/2013\/11\/01\/plan-strategique-2013-2018\/"]}]},{"@type":"ImageObject","inLanguage":"fr-CA","@id":"https:\/\/www.uqac.ca\/uqactualites\/2013\/11\/01\/plan-strategique-2013-2018\/#primaryimage","url":"https:\/\/www.uqac.ca\/uqactualites\/wp-content\/uploads\/2012\/05\/avis-laCommunaut-.jpg","contentUrl":"https:\/\/www.uqac.ca\/uqactualites\/wp-content\/uploads\/2012\/05\/avis-laCommunaut-.jpg","width":620,"height":300},{"@type":"BreadcrumbList","@id":"https:\/\/www.uqac.ca\/uqactualites\/2013\/11\/01\/plan-strategique-2013-2018\/#breadcrumb","itemListElement":[{"@type":"ListItem","position":1,"name":"Home","item":"https:\/\/www.uqac.ca\/uqactualites\/"},{"@type":"ListItem","position":2,"name":"Plan strat\u00e9gique 2013-2018"}]},{"@type":"WebSite","@id":"https:\/\/www.uqac.ca\/uqactualites\/#website","url":"https:\/\/www.uqac.ca\/uqactualites\/","name":"UQACtualit\u00e9s","description":"Le portail des nouvelles de l&#039;UQAC","potentialAction":[{"@type":"SearchAction","target":{"@type":"EntryPoint","urlTemplate":"https:\/\/www.uqac.ca\/uqactualites\/?s={search_term_string}"},"query-input":{"@type":"PropertyValueSpecification","valueRequired":true,"valueName":"search_term_string"}}],"inLanguage":"fr-CA"},{"@type":"Person","@id":"https:\/\/www.uqac.ca\/uqactualites\/#\/schema\/person\/366c45a0c4f0e677b41b4af5886e2018","name":"Service des communications et des relations publiques","image":{"@type":"ImageObject","inLanguage":"fr-CA","@id":"https:\/\/www.uqac.ca\/uqactualites\/#\/schema\/person\/image\/","url":"https:\/\/secure.gravatar.com\/avatar\/20fbbda8a292f59f2d3461a5b999c00b?s=96&d=mm&r=g","contentUrl":"https:\/\/secure.gravatar.com\/avatar\/20fbbda8a292f59f2d3461a5b999c00b?s=96&d=mm&r=g","caption":"Service des communications et des relations publiques"},"url":"https:\/\/www.uqac.ca\/uqactualites\/author\/bap\/"}]}},"_links":{"self":[{"href":"https:\/\/www.uqac.ca\/uqactualites\/wp-json\/wp\/v2\/posts\/26216"}],"collection":[{"href":"https:\/\/www.uqac.ca\/uqactualites\/wp-json\/wp\/v2\/posts"}],"about":[{"href":"https:\/\/www.uqac.ca\/uqactualites\/wp-json\/wp\/v2\/types\/post"}],"author":[{"embeddable":true,"href":"https:\/\/www.uqac.ca\/uqactualites\/wp-json\/wp\/v2\/users\/5"}],"replies":[{"embeddable":true,"href":"https:\/\/www.uqac.ca\/uqactualites\/wp-json\/wp\/v2\/comments?post=26216"}],"version-history":[{"count":0,"href":"https:\/\/www.uqac.ca\/uqactualites\/wp-json\/wp\/v2\/posts\/26216\/revisions"}],"wp:featuredmedia":[{"embeddable":true,"href":"https:\/\/www.uqac.ca\/uqactualites\/wp-json\/wp\/v2\/media\/20989"}],"wp:attachment":[{"href":"https:\/\/www.uqac.ca\/uqactualites\/wp-json\/wp\/v2\/media?parent=26216"}],"wp:term":[{"taxonomy":"category","embeddable":true,"href":"https:\/\/www.uqac.ca\/uqactualites\/wp-json\/wp\/v2\/categories?post=26216"},{"taxonomy":"post_tag","embeddable":true,"href":"https:\/\/www.uqac.ca\/uqactualites\/wp-json\/wp\/v2\/tags?post=26216"}],"curies":[{"name":"wp","href":"https:\/\/api.w.org\/{rel}","templated":true}]}}