{"id":26232,"date":"2013-11-05T09:33:08","date_gmt":"2013-11-05T14:33:08","guid":{"rendered":"http:\/\/uqactualite.odev.ca\/?p=26232"},"modified":"2013-11-05T09:33:08","modified_gmt":"2013-11-05T14:33:08","slug":"stages-nationaux-et-internationaux-des-etudiants-du-module-deducation-au-prescolaire-et-denseignement-au-primaire","status":"publish","type":"post","link":"https:\/\/www.uqac.ca\/uqactualites\/2013\/11\/05\/stages-nationaux-et-internationaux-des-etudiants-du-module-deducation-au-prescolaire-et-denseignement-au-primaire\/","title":{"rendered":"Stages nationaux et internationaux des \u00e9tudiants du Module d\u2019\u00e9ducation au pr\u00e9scolaire et d\u2019enseignement au primaire"},"content":{"rendered":"<p style=\"text-align: justify\">La communaut\u00e9 universitaire est invit\u00e9e \u00e0 assister aux pr\u00e9sentations des \u00e9tudiants du programme d\u2019\u00e9ducation au pr\u00e9scolaire et d\u2019enseignement au primaire qui ont effectu\u00e9 un stage au Canada anglais ou en Europe au printemps dernier\u00a0:<\/p>\n<p style=\"text-align: center\" align=\"center\"><span style=\"color: #5a7411\"><b>Mercredi 6 novembre 2013\u00a0 \u25aa\u00a0 11\u00a0h<\/b><\/span><br \/>\n<span style=\"color: #5a7411\">Local H2-1180<\/span><br \/>\nPr\u00e9sentation des \u00e9tudiants ayant effectu\u00e9 un stage en Europe<\/p>\n<p style=\"text-align: center\" align=\"center\"><span style=\"color: #5a7411\"><b>Jeudi 7 novembre 2013\u00a0 <\/b><b>\u25aa<\/b><b>\u00a0 11\u00a0h<br \/>\n<\/b>Local H2-1180<\/span><br \/>\nPr\u00e9sentation des \u00e9tudiants ayant effectu\u00e9 un stage au Yukon et en Alberta<\/p>\n<p style=\"text-align: justify\">C\u2019est un rendez-vous!<\/p>\n<p style=\"text-align: justify\"><b><br \/>\nRenseignements\u00a0: <\/b><br \/>\nRoberto Gauthier, directeur du Module d\u2019\u00e9ducation au pr\u00e9scolaire et d\u2019enseignement au primaire<br \/>\nD\u00e9partement des sciences de l\u2019\u00e9ducation<br \/>\nUniversit\u00e9 du Qu\u00e9bec \u00e0 Chicoutimi<br \/>\n418 545-5011, poste 5609\u00a0 \u25aa\u00a0 <span style=\"color: #5a7411\"><a href=\"mailto:roberto_gauthier@uqac.ca\"><span style=\"color: #5a7411\">roberto_gauthier@uqac.ca<\/span><\/a><\/span><\/p>\n","protected":false},"excerpt":{"rendered":"<p>La communaut\u00e9 universitaire est invit\u00e9e \u00e0 assister aux pr\u00e9sentations des \u00e9tudiants du programme d\u2019\u00e9ducation au pr\u00e9scolaire et d\u2019enseignement au primaire qui ont effectu\u00e9 un stage au Canada anglais ou en Europe au printemps dernier\u00a0: Mercredi 6 novembre 2013\u00a0 \u25aa\u00a0 11\u00a0h Local H2-1180 Pr\u00e9sentation des \u00e9tudiants ayant effectu\u00e9 un stage en Europe Jeudi 7 novembre 2013\u00a0 [&hellip;]<\/p>\n","protected":false},"author":5,"featured_media":20989,"comment_status":"closed","ping_status":"open","sticky":false,"template":"","format":"standard","meta":{"footnotes":""},"categories":[2772],"tags":[5,123,102,1933,1373,1319,1374,50],"yoast_head":"<!-- This site is optimized with the Yoast SEO plugin v24.2 - https:\/\/yoast.com\/wordpress\/plugins\/seo\/ -->\r\n<title>Stages nationaux et internationaux des \u00e9tudiants du Module d\u2019\u00e9ducation au pr\u00e9scolaire et d\u2019enseignement au primaire - UQACtualit\u00e9s<\/title>\r\n<meta name=\"robots\" content=\"index, follow, max-snippet:-1, max-image-preview:large, max-video-preview:-1\" \/>\r\n<link rel=\"canonical\" href=\"https:\/\/www.uqac.ca\/uqactualites\/2013\/11\/05\/stages-nationaux-et-internationaux-des-etudiants-du-module-deducation-au-prescolaire-et-denseignement-au-primaire\/\" \/>\r\n<meta property=\"og:locale\" content=\"fr_CA\" \/>\r\n<meta property=\"og:type\" content=\"article\" \/>\r\n<meta property=\"og:title\" content=\"Stages nationaux et internationaux des \u00e9tudiants du Module d\u2019\u00e9ducation au pr\u00e9scolaire et d\u2019enseignement au primaire - UQACtualit\u00e9s\" \/>\r\n<meta property=\"og:description\" content=\"La communaut\u00e9 universitaire est invit\u00e9e \u00e0 assister aux pr\u00e9sentations des \u00e9tudiants du programme d\u2019\u00e9ducation au pr\u00e9scolaire et d\u2019enseignement au primaire qui ont effectu\u00e9 un stage au Canada anglais ou en Europe au printemps dernier\u00a0: Mercredi 6 novembre 2013\u00a0 \u25aa\u00a0 11\u00a0h Local H2-1180 Pr\u00e9sentation des \u00e9tudiants ayant effectu\u00e9 un stage en Europe Jeudi 7 novembre 2013\u00a0 [&hellip;]\" \/>\r\n<meta property=\"og:url\" content=\"https:\/\/www.uqac.ca\/uqactualites\/2013\/11\/05\/stages-nationaux-et-internationaux-des-etudiants-du-module-deducation-au-prescolaire-et-denseignement-au-primaire\/\" \/>\r\n<meta property=\"og:site_name\" content=\"UQACtualit\u00e9s\" \/>\r\n<meta property=\"article:published_time\" content=\"2013-11-05T14:33:08+00:00\" \/>\r\n<meta property=\"og:image\" content=\"https:\/\/www.uqac.ca\/uqactualites\/wp-content\/uploads\/2012\/05\/avis-laCommunaut-.jpg\" \/>\r\n\t<meta property=\"og:image:width\" content=\"620\" \/>\r\n\t<meta property=\"og:image:height\" content=\"300\" \/>\r\n\t<meta property=\"og:image:type\" content=\"image\/jpeg\" \/>\r\n<meta name=\"author\" content=\"Service des communications et des relations publiques\" \/>\r\n<meta name=\"twitter:card\" content=\"summary_large_image\" \/>\r\n<meta name=\"twitter:label1\" content=\"\u00c9crit par\" \/>\n\t<meta name=\"twitter:data1\" content=\"Service des communications et des relations publiques\" \/>\n\t<meta name=\"twitter:label2\" content=\"Estimation du temps de lecture\" \/>\n\t<meta name=\"twitter:data2\" content=\"1 minute\" \/>\r\n<script type=\"application\/ld+json\" class=\"yoast-schema-graph\">{\"@context\":\"https:\/\/schema.org\",\"@graph\":[{\"@type\":\"WebPage\",\"@id\":\"https:\/\/www.uqac.ca\/uqactualites\/2013\/11\/05\/stages-nationaux-et-internationaux-des-etudiants-du-module-deducation-au-prescolaire-et-denseignement-au-primaire\/\",\"url\":\"https:\/\/www.uqac.ca\/uqactualites\/2013\/11\/05\/stages-nationaux-et-internationaux-des-etudiants-du-module-deducation-au-prescolaire-et-denseignement-au-primaire\/\",\"name\":\"Stages nationaux et internationaux des \u00e9tudiants du Module d\u2019\u00e9ducation au pr\u00e9scolaire et d\u2019enseignement au primaire - UQACtualit\u00e9s\",\"isPartOf\":{\"@id\":\"https:\/\/www.uqac.ca\/uqactualites\/#website\"},\"primaryImageOfPage\":{\"@id\":\"https:\/\/www.uqac.ca\/uqactualites\/2013\/11\/05\/stages-nationaux-et-internationaux-des-etudiants-du-module-deducation-au-prescolaire-et-denseignement-au-primaire\/#primaryimage\"},\"image\":{\"@id\":\"https:\/\/www.uqac.ca\/uqactualites\/2013\/11\/05\/stages-nationaux-et-internationaux-des-etudiants-du-module-deducation-au-prescolaire-et-denseignement-au-primaire\/#primaryimage\"},\"thumbnailUrl\":\"https:\/\/www.uqac.ca\/uqactualites\/wp-content\/uploads\/2012\/05\/avis-laCommunaut-.jpg\",\"datePublished\":\"2013-11-05T14:33:08+00:00\",\"dateModified\":\"2013-11-05T14:33:08+00:00\",\"author\":{\"@id\":\"https:\/\/www.uqac.ca\/uqactualites\/#\/schema\/person\/366c45a0c4f0e677b41b4af5886e2018\"},\"breadcrumb\":{\"@id\":\"https:\/\/www.uqac.ca\/uqactualites\/2013\/11\/05\/stages-nationaux-et-internationaux-des-etudiants-du-module-deducation-au-prescolaire-et-denseignement-au-primaire\/#breadcrumb\"},\"inLanguage\":\"fr-CA\",\"potentialAction\":[{\"@type\":\"ReadAction\",\"target\":[\"https:\/\/www.uqac.ca\/uqactualites\/2013\/11\/05\/stages-nationaux-et-internationaux-des-etudiants-du-module-deducation-au-prescolaire-et-denseignement-au-primaire\/\"]}]},{\"@type\":\"ImageObject\",\"inLanguage\":\"fr-CA\",\"@id\":\"https:\/\/www.uqac.ca\/uqactualites\/2013\/11\/05\/stages-nationaux-et-internationaux-des-etudiants-du-module-deducation-au-prescolaire-et-denseignement-au-primaire\/#primaryimage\",\"url\":\"https:\/\/www.uqac.ca\/uqactualites\/wp-content\/uploads\/2012\/05\/avis-laCommunaut-.jpg\",\"contentUrl\":\"https:\/\/www.uqac.ca\/uqactualites\/wp-content\/uploads\/2012\/05\/avis-laCommunaut-.jpg\",\"width\":620,\"height\":300},{\"@type\":\"BreadcrumbList\",\"@id\":\"https:\/\/www.uqac.ca\/uqactualites\/2013\/11\/05\/stages-nationaux-et-internationaux-des-etudiants-du-module-deducation-au-prescolaire-et-denseignement-au-primaire\/#breadcrumb\",\"itemListElement\":[{\"@type\":\"ListItem\",\"position\":1,\"name\":\"Home\",\"item\":\"https:\/\/www.uqac.ca\/uqactualites\/\"},{\"@type\":\"ListItem\",\"position\":2,\"name\":\"Stages nationaux et internationaux des \u00e9tudiants du Module d\u2019\u00e9ducation au pr\u00e9scolaire et d\u2019enseignement au primaire\"}]},{\"@type\":\"WebSite\",\"@id\":\"https:\/\/www.uqac.ca\/uqactualites\/#website\",\"url\":\"https:\/\/www.uqac.ca\/uqactualites\/\",\"name\":\"UQACtualit\u00e9s\",\"description\":\"Le portail des nouvelles de l&#039;UQAC\",\"potentialAction\":[{\"@type\":\"SearchAction\",\"target\":{\"@type\":\"EntryPoint\",\"urlTemplate\":\"https:\/\/www.uqac.ca\/uqactualites\/?s={search_term_string}\"},\"query-input\":{\"@type\":\"PropertyValueSpecification\",\"valueRequired\":true,\"valueName\":\"search_term_string\"}}],\"inLanguage\":\"fr-CA\"},{\"@type\":\"Person\",\"@id\":\"https:\/\/www.uqac.ca\/uqactualites\/#\/schema\/person\/366c45a0c4f0e677b41b4af5886e2018\",\"name\":\"Service des communications et des relations publiques\",\"image\":{\"@type\":\"ImageObject\",\"inLanguage\":\"fr-CA\",\"@id\":\"https:\/\/www.uqac.ca\/uqactualites\/#\/schema\/person\/image\/\",\"url\":\"https:\/\/secure.gravatar.com\/avatar\/20fbbda8a292f59f2d3461a5b999c00b?s=96&d=mm&r=g\",\"contentUrl\":\"https:\/\/secure.gravatar.com\/avatar\/20fbbda8a292f59f2d3461a5b999c00b?s=96&d=mm&r=g\",\"caption\":\"Service des communications et des relations publiques\"},\"url\":\"https:\/\/www.uqac.ca\/uqactualites\/author\/bap\/\"}]}<\/script>\r\n<!-- \/ Yoast SEO plugin. -->","yoast_head_json":{"title":"Stages nationaux et internationaux des \u00e9tudiants du Module d\u2019\u00e9ducation au pr\u00e9scolaire et d\u2019enseignement au primaire - UQACtualit\u00e9s","robots":{"index":"index","follow":"follow","max-snippet":"max-snippet:-1","max-image-preview":"max-image-preview:large","max-video-preview":"max-video-preview:-1"},"canonical":"https:\/\/www.uqac.ca\/uqactualites\/2013\/11\/05\/stages-nationaux-et-internationaux-des-etudiants-du-module-deducation-au-prescolaire-et-denseignement-au-primaire\/","og_locale":"fr_CA","og_type":"article","og_title":"Stages nationaux et internationaux des \u00e9tudiants du Module d\u2019\u00e9ducation au pr\u00e9scolaire et d\u2019enseignement au primaire - UQACtualit\u00e9s","og_description":"La communaut\u00e9 universitaire est invit\u00e9e \u00e0 assister aux pr\u00e9sentations des \u00e9tudiants du programme d\u2019\u00e9ducation au pr\u00e9scolaire et d\u2019enseignement au primaire qui ont effectu\u00e9 un stage au Canada anglais ou en Europe au printemps dernier\u00a0: Mercredi 6 novembre 2013\u00a0 \u25aa\u00a0 11\u00a0h Local H2-1180 Pr\u00e9sentation des \u00e9tudiants ayant effectu\u00e9 un stage en Europe Jeudi 7 novembre 2013\u00a0 [&hellip;]","og_url":"https:\/\/www.uqac.ca\/uqactualites\/2013\/11\/05\/stages-nationaux-et-internationaux-des-etudiants-du-module-deducation-au-prescolaire-et-denseignement-au-primaire\/","og_site_name":"UQACtualit\u00e9s","article_published_time":"2013-11-05T14:33:08+00:00","og_image":[{"width":620,"height":300,"url":"https:\/\/www.uqac.ca\/uqactualites\/wp-content\/uploads\/2012\/05\/avis-laCommunaut-.jpg","type":"image\/jpeg"}],"author":"Service des communications et des relations publiques","twitter_card":"summary_large_image","twitter_misc":{"\u00c9crit par":"Service des communications et des relations publiques","Estimation du temps de lecture":"1 minute"},"schema":{"@context":"https:\/\/schema.org","@graph":[{"@type":"WebPage","@id":"https:\/\/www.uqac.ca\/uqactualites\/2013\/11\/05\/stages-nationaux-et-internationaux-des-etudiants-du-module-deducation-au-prescolaire-et-denseignement-au-primaire\/","url":"https:\/\/www.uqac.ca\/uqactualites\/2013\/11\/05\/stages-nationaux-et-internationaux-des-etudiants-du-module-deducation-au-prescolaire-et-denseignement-au-primaire\/","name":"Stages nationaux et internationaux des \u00e9tudiants du Module d\u2019\u00e9ducation au pr\u00e9scolaire et d\u2019enseignement au primaire - UQACtualit\u00e9s","isPartOf":{"@id":"https:\/\/www.uqac.ca\/uqactualites\/#website"},"primaryImageOfPage":{"@id":"https:\/\/www.uqac.ca\/uqactualites\/2013\/11\/05\/stages-nationaux-et-internationaux-des-etudiants-du-module-deducation-au-prescolaire-et-denseignement-au-primaire\/#primaryimage"},"image":{"@id":"https:\/\/www.uqac.ca\/uqactualites\/2013\/11\/05\/stages-nationaux-et-internationaux-des-etudiants-du-module-deducation-au-prescolaire-et-denseignement-au-primaire\/#primaryimage"},"thumbnailUrl":"https:\/\/www.uqac.ca\/uqactualites\/wp-content\/uploads\/2012\/05\/avis-laCommunaut-.jpg","datePublished":"2013-11-05T14:33:08+00:00","dateModified":"2013-11-05T14:33:08+00:00","author":{"@id":"https:\/\/www.uqac.ca\/uqactualites\/#\/schema\/person\/366c45a0c4f0e677b41b4af5886e2018"},"breadcrumb":{"@id":"https:\/\/www.uqac.ca\/uqactualites\/2013\/11\/05\/stages-nationaux-et-internationaux-des-etudiants-du-module-deducation-au-prescolaire-et-denseignement-au-primaire\/#breadcrumb"},"inLanguage":"fr-CA","potentialAction":[{"@type":"ReadAction","target":["https:\/\/www.uqac.ca\/uqactualites\/2013\/11\/05\/stages-nationaux-et-internationaux-des-etudiants-du-module-deducation-au-prescolaire-et-denseignement-au-primaire\/"]}]},{"@type":"ImageObject","inLanguage":"fr-CA","@id":"https:\/\/www.uqac.ca\/uqactualites\/2013\/11\/05\/stages-nationaux-et-internationaux-des-etudiants-du-module-deducation-au-prescolaire-et-denseignement-au-primaire\/#primaryimage","url":"https:\/\/www.uqac.ca\/uqactualites\/wp-content\/uploads\/2012\/05\/avis-laCommunaut-.jpg","contentUrl":"https:\/\/www.uqac.ca\/uqactualites\/wp-content\/uploads\/2012\/05\/avis-laCommunaut-.jpg","width":620,"height":300},{"@type":"BreadcrumbList","@id":"https:\/\/www.uqac.ca\/uqactualites\/2013\/11\/05\/stages-nationaux-et-internationaux-des-etudiants-du-module-deducation-au-prescolaire-et-denseignement-au-primaire\/#breadcrumb","itemListElement":[{"@type":"ListItem","position":1,"name":"Home","item":"https:\/\/www.uqac.ca\/uqactualites\/"},{"@type":"ListItem","position":2,"name":"Stages nationaux et internationaux des \u00e9tudiants du Module d\u2019\u00e9ducation au pr\u00e9scolaire et d\u2019enseignement au primaire"}]},{"@type":"WebSite","@id":"https:\/\/www.uqac.ca\/uqactualites\/#website","url":"https:\/\/www.uqac.ca\/uqactualites\/","name":"UQACtualit\u00e9s","description":"Le portail des nouvelles de l&#039;UQAC","potentialAction":[{"@type":"SearchAction","target":{"@type":"EntryPoint","urlTemplate":"https:\/\/www.uqac.ca\/uqactualites\/?s={search_term_string}"},"query-input":{"@type":"PropertyValueSpecification","valueRequired":true,"valueName":"search_term_string"}}],"inLanguage":"fr-CA"},{"@type":"Person","@id":"https:\/\/www.uqac.ca\/uqactualites\/#\/schema\/person\/366c45a0c4f0e677b41b4af5886e2018","name":"Service des communications et des relations publiques","image":{"@type":"ImageObject","inLanguage":"fr-CA","@id":"https:\/\/www.uqac.ca\/uqactualites\/#\/schema\/person\/image\/","url":"https:\/\/secure.gravatar.com\/avatar\/20fbbda8a292f59f2d3461a5b999c00b?s=96&d=mm&r=g","contentUrl":"https:\/\/secure.gravatar.com\/avatar\/20fbbda8a292f59f2d3461a5b999c00b?s=96&d=mm&r=g","caption":"Service des communications et des relations publiques"},"url":"https:\/\/www.uqac.ca\/uqactualites\/author\/bap\/"}]}},"_links":{"self":[{"href":"https:\/\/www.uqac.ca\/uqactualites\/wp-json\/wp\/v2\/posts\/26232"}],"collection":[{"href":"https:\/\/www.uqac.ca\/uqactualites\/wp-json\/wp\/v2\/posts"}],"about":[{"href":"https:\/\/www.uqac.ca\/uqactualites\/wp-json\/wp\/v2\/types\/post"}],"author":[{"embeddable":true,"href":"https:\/\/www.uqac.ca\/uqactualites\/wp-json\/wp\/v2\/users\/5"}],"replies":[{"embeddable":true,"href":"https:\/\/www.uqac.ca\/uqactualites\/wp-json\/wp\/v2\/comments?post=26232"}],"version-history":[{"count":0,"href":"https:\/\/www.uqac.ca\/uqactualites\/wp-json\/wp\/v2\/posts\/26232\/revisions"}],"wp:featuredmedia":[{"embeddable":true,"href":"https:\/\/www.uqac.ca\/uqactualites\/wp-json\/wp\/v2\/media\/20989"}],"wp:attachment":[{"href":"https:\/\/www.uqac.ca\/uqactualites\/wp-json\/wp\/v2\/media?parent=26232"}],"wp:term":[{"taxonomy":"category","embeddable":true,"href":"https:\/\/www.uqac.ca\/uqactualites\/wp-json\/wp\/v2\/categories?post=26232"},{"taxonomy":"post_tag","embeddable":true,"href":"https:\/\/www.uqac.ca\/uqactualites\/wp-json\/wp\/v2\/tags?post=26232"}],"curies":[{"name":"wp","href":"https:\/\/api.w.org\/{rel}","templated":true}]}}