{"id":26342,"date":"2013-11-12T13:47:58","date_gmt":"2013-11-12T18:47:58","guid":{"rendered":"http:\/\/uqactualite.odev.ca\/?p=26342"},"modified":"2013-11-12T13:47:58","modified_gmt":"2013-11-12T18:47:58","slug":"suzie-tardif-etudiante-a-la-maitrise-en-education-de-luqac","status":"publish","type":"post","link":"https:\/\/www.uqac.ca\/uqactualites\/2013\/11\/12\/suzie-tardif-etudiante-a-la-maitrise-en-education-de-luqac\/","title":{"rendered":"Suzie Tardif, \u00e9tudiante \u00e0 la ma\u00eetrise en \u00e9ducation de l\u2019UQAC"},"content":{"rendered":"<p style=\"text-align: justify\"><b>Pourquoi avoir choisi de poursuivre \u00e0 la ma\u00eetrise?<\/b><\/p>\n<p style=\"text-align: justify\">Depuis longtemps, la recherche est une source d\u2019inspiration pour moi. Tr\u00e8s jeune, je voulais, par exemple, faire une recherche sur \u00ab\u00a0les nombrils de famille\u00a0\u00bb parce que je percevais des ressemblances entre les comportements des deuxi\u00e8mes enfants d\u2019une famille.<\/p>\n<p style=\"text-align: justify\">Toutefois, c\u2019est dans le cadre de mon baccalaur\u00e9at et de mon implication dans diff\u00e9rents projets de recherche et d\u2019\u00e9valuation avec le <span style=\"color: #5a7411\"><a href=\"http:\/\/cegepjonquiere.ca\/ecobes\/\" target=\"_blank\" rel=\"noopener\"><span style=\"color: #5a7411\">groupe \u00c9COBES \u2013 Recherche et transfert<\/span><\/a><\/span> que j\u2019ai davantage pris conscience de l\u2019importance de la recherche. \u00c0 partir de ce moment, je ne pouvais faire autrement qu\u2019entreprendre des \u00e9tudes sup\u00e9rieures. En effet, j\u2019ai choisi de poursuivre \u00e0 la <span style=\"color: #5a7411\"><a href=\"http:\/\/programmes.uqac.ca\/3664\" target=\"_blank\" rel=\"noopener\"><span style=\"color: #5a7411\">ma\u00eetrise en \u00e9ducation<\/span><\/a><\/span> pour parfaire mes connaissances et mes comp\u00e9tences en recherche et pour explorer un trouble du langage qui m\u2019int\u00e9resse grandement\u00a0: la dysphasie. J\u2019appr\u00e9cie cette citation de M. Yvon Bouchard, doyen aux \u00e9tudes avanc\u00e9es et \u00e0 la recherche de l\u2019Universit\u00e9 du Qu\u00e9bec \u00e0 Rimouski, qui r\u00e9sume en quelques mots seulement ce que symbolise pour moi le r\u00f4le du chercheur\u00a0: \u00ab\u00a0<i>Faire oeuvre de chercheur, c\u2019est innover.\u00a0\u00bb<\/i><\/p>\n<p style=\"text-align: justify\"><b><br \/>\nQuels sont vos projets en cours?<\/b><\/p>\n<p style=\"text-align: justify\">Pr\u00e9sentement, je lis beaucoup sur la dysphasie afin d\u2019\u00e9crire peu \u00e0 peu la probl\u00e9matique de mon m\u00e9moire. Je remplace \u00e9galement dans quelques \u00e9coles de la Commission scolaire de La Jonqui\u00e8re et travaille en tant qu\u2019assistante de recherche pour le <span style=\"color: #5a7411\"><a href=\"http:\/\/cegepjonquiere.ca\/ecobes\/\" target=\"_blank\" rel=\"noopener\"><span style=\"color: #5a7411\">groupe \u00c9COBES \u2013 Recherche et transfert<\/span><\/a><\/span>.<\/p>\n<p style=\"text-align: justify\"><b><br \/>\nQuels sont vos objectifs professionnels?<\/b><\/p>\n<p style=\"text-align: justify\">Dans un monde id\u00e9al, je voudrais enseigner quelques ann\u00e9es au primaire afin d\u2019acqu\u00e9rir de l\u2019exp\u00e9rience et des comp\u00e9tences en enseignement. Par la suite, j\u2019aimerais poursuivre des \u00e9tudes doctorales afin d\u2019enseigner \u00e0 l\u2019universit\u00e9, tout en r\u00e9alisant des recherches en \u00e9ducation.<\/p>\n<p style=\"text-align: justify\"><b><br \/>\nPrix et distinctions<\/b><\/p>\n<p style=\"text-align: justify\">2013\u00a0\u00a0\u00a0\u00a0 R\u00e9cipiendaire de la bourse Joseph-Armand-Bombardier (CRSH)<br \/>\n2012\u00a0\u00a0\u00a0\u00a0 R\u00e9cipiendaire de la bourse Desjardins Georges Fortin<br \/>\n2012\u00a0\u00a0\u00a0\u00a0 R\u00e9cipiendaire de la bourse Explore (Colombie-Britannique)<br \/>\n2011\u00a0\u00a0\u00a0\u00a0 R\u00e9cipiendaire d\u2019une bourse d\u2019excellence de la Campagne de d\u00e9veloppement de l\u2019UQAC<br \/>\n2011\u00a0\u00a0\u00a0\u00a0 R\u00e9cipiendaire d\u2019une bourse de mobilit\u00e9 (stage en enseignement en Belgique)<br \/>\n2009\u00a0\u00a0\u00a0\u00a0 R\u00e9cipiendaire d\u2019une bourse d\u2019excellence de la Fondation Gaston-L.-Tremblay<\/p>\n","protected":false},"excerpt":{"rendered":"<p>Pourquoi avoir choisi de poursuivre \u00e0 la ma\u00eetrise? Depuis longtemps, la recherche est une source d\u2019inspiration pour moi. Tr\u00e8s jeune, je voulais, par exemple, faire une recherche sur \u00ab\u00a0les nombrils de famille\u00a0\u00bb parce que je percevais des ressemblances entre les comportements des deuxi\u00e8mes enfants d\u2019une famille. Toutefois, c\u2019est dans le cadre de mon baccalaur\u00e9at et [&hellip;]<\/p>\n","protected":false},"author":5,"featured_media":26343,"comment_status":"open","ping_status":"open","sticky":false,"template":"","format":"standard","meta":{"footnotes":""},"categories":[248],"tags":[5,123,468],"yoast_head":"<!-- This site is optimized with the Yoast SEO plugin v24.2 - https:\/\/yoast.com\/wordpress\/plugins\/seo\/ -->\r\n<title>Suzie Tardif, \u00e9tudiante \u00e0 la ma\u00eetrise en \u00e9ducation de l\u2019UQAC - UQACtualit\u00e9s<\/title>\r\n<meta name=\"robots\" content=\"index, follow, max-snippet:-1, max-image-preview:large, max-video-preview:-1\" \/>\r\n<link rel=\"canonical\" href=\"https:\/\/www.uqac.ca\/uqactualites\/2013\/11\/12\/suzie-tardif-etudiante-a-la-maitrise-en-education-de-luqac\/\" \/>\r\n<meta property=\"og:locale\" content=\"fr_CA\" \/>\r\n<meta property=\"og:type\" content=\"article\" \/>\r\n<meta property=\"og:title\" content=\"Suzie Tardif, \u00e9tudiante \u00e0 la ma\u00eetrise en \u00e9ducation de l\u2019UQAC - UQACtualit\u00e9s\" \/>\r\n<meta property=\"og:description\" content=\"Pourquoi avoir choisi de poursuivre \u00e0 la ma\u00eetrise? Depuis longtemps, la recherche est une source d\u2019inspiration pour moi. Tr\u00e8s jeune, je voulais, par exemple, faire une recherche sur \u00ab\u00a0les nombrils de famille\u00a0\u00bb parce que je percevais des ressemblances entre les comportements des deuxi\u00e8mes enfants d\u2019une famille. Toutefois, c\u2019est dans le cadre de mon baccalaur\u00e9at et [&hellip;]\" \/>\r\n<meta property=\"og:url\" content=\"https:\/\/www.uqac.ca\/uqactualites\/2013\/11\/12\/suzie-tardif-etudiante-a-la-maitrise-en-education-de-luqac\/\" \/>\r\n<meta property=\"og:site_name\" content=\"UQACtualit\u00e9s\" \/>\r\n<meta property=\"article:published_time\" content=\"2013-11-12T18:47:58+00:00\" \/>\r\n<meta property=\"og:image\" content=\"https:\/\/www.uqac.ca\/uqactualites\/wp-content\/uploads\/2013\/11\/PortraitSuzieTardif.jpg\" \/>\r\n\t<meta property=\"og:image:width\" content=\"620\" \/>\r\n\t<meta property=\"og:image:height\" content=\"300\" \/>\r\n\t<meta property=\"og:image:type\" content=\"image\/jpeg\" \/>\r\n<meta name=\"author\" content=\"Service des communications et des relations publiques\" \/>\r\n<meta name=\"twitter:card\" content=\"summary_large_image\" \/>\r\n<meta name=\"twitter:label1\" content=\"\u00c9crit par\" \/>\n\t<meta name=\"twitter:data1\" content=\"Service des communications et des relations publiques\" \/>\n\t<meta name=\"twitter:label2\" content=\"Estimation du temps de lecture\" \/>\n\t<meta name=\"twitter:data2\" content=\"2 minutes\" \/>\r\n<script type=\"application\/ld+json\" class=\"yoast-schema-graph\">{\"@context\":\"https:\/\/schema.org\",\"@graph\":[{\"@type\":\"WebPage\",\"@id\":\"https:\/\/www.uqac.ca\/uqactualites\/2013\/11\/12\/suzie-tardif-etudiante-a-la-maitrise-en-education-de-luqac\/\",\"url\":\"https:\/\/www.uqac.ca\/uqactualites\/2013\/11\/12\/suzie-tardif-etudiante-a-la-maitrise-en-education-de-luqac\/\",\"name\":\"Suzie Tardif, \u00e9tudiante \u00e0 la ma\u00eetrise en \u00e9ducation de l\u2019UQAC - UQACtualit\u00e9s\",\"isPartOf\":{\"@id\":\"https:\/\/www.uqac.ca\/uqactualites\/#website\"},\"primaryImageOfPage\":{\"@id\":\"https:\/\/www.uqac.ca\/uqactualites\/2013\/11\/12\/suzie-tardif-etudiante-a-la-maitrise-en-education-de-luqac\/#primaryimage\"},\"image\":{\"@id\":\"https:\/\/www.uqac.ca\/uqactualites\/2013\/11\/12\/suzie-tardif-etudiante-a-la-maitrise-en-education-de-luqac\/#primaryimage\"},\"thumbnailUrl\":\"https:\/\/www.uqac.ca\/uqactualites\/wp-content\/uploads\/2013\/11\/PortraitSuzieTardif.jpg\",\"datePublished\":\"2013-11-12T18:47:58+00:00\",\"dateModified\":\"2013-11-12T18:47:58+00:00\",\"author\":{\"@id\":\"https:\/\/www.uqac.ca\/uqactualites\/#\/schema\/person\/366c45a0c4f0e677b41b4af5886e2018\"},\"breadcrumb\":{\"@id\":\"https:\/\/www.uqac.ca\/uqactualites\/2013\/11\/12\/suzie-tardif-etudiante-a-la-maitrise-en-education-de-luqac\/#breadcrumb\"},\"inLanguage\":\"fr-CA\",\"potentialAction\":[{\"@type\":\"ReadAction\",\"target\":[\"https:\/\/www.uqac.ca\/uqactualites\/2013\/11\/12\/suzie-tardif-etudiante-a-la-maitrise-en-education-de-luqac\/\"]}]},{\"@type\":\"ImageObject\",\"inLanguage\":\"fr-CA\",\"@id\":\"https:\/\/www.uqac.ca\/uqactualites\/2013\/11\/12\/suzie-tardif-etudiante-a-la-maitrise-en-education-de-luqac\/#primaryimage\",\"url\":\"https:\/\/www.uqac.ca\/uqactualites\/wp-content\/uploads\/2013\/11\/PortraitSuzieTardif.jpg\",\"contentUrl\":\"https:\/\/www.uqac.ca\/uqactualites\/wp-content\/uploads\/2013\/11\/PortraitSuzieTardif.jpg\",\"width\":620,\"height\":300},{\"@type\":\"BreadcrumbList\",\"@id\":\"https:\/\/www.uqac.ca\/uqactualites\/2013\/11\/12\/suzie-tardif-etudiante-a-la-maitrise-en-education-de-luqac\/#breadcrumb\",\"itemListElement\":[{\"@type\":\"ListItem\",\"position\":1,\"name\":\"Home\",\"item\":\"https:\/\/www.uqac.ca\/uqactualites\/\"},{\"@type\":\"ListItem\",\"position\":2,\"name\":\"Suzie Tardif, \u00e9tudiante \u00e0 la ma\u00eetrise en \u00e9ducation de l\u2019UQAC\"}]},{\"@type\":\"WebSite\",\"@id\":\"https:\/\/www.uqac.ca\/uqactualites\/#website\",\"url\":\"https:\/\/www.uqac.ca\/uqactualites\/\",\"name\":\"UQACtualit\u00e9s\",\"description\":\"Le portail des nouvelles de l&#039;UQAC\",\"potentialAction\":[{\"@type\":\"SearchAction\",\"target\":{\"@type\":\"EntryPoint\",\"urlTemplate\":\"https:\/\/www.uqac.ca\/uqactualites\/?s={search_term_string}\"},\"query-input\":{\"@type\":\"PropertyValueSpecification\",\"valueRequired\":true,\"valueName\":\"search_term_string\"}}],\"inLanguage\":\"fr-CA\"},{\"@type\":\"Person\",\"@id\":\"https:\/\/www.uqac.ca\/uqactualites\/#\/schema\/person\/366c45a0c4f0e677b41b4af5886e2018\",\"name\":\"Service des communications et des relations publiques\",\"image\":{\"@type\":\"ImageObject\",\"inLanguage\":\"fr-CA\",\"@id\":\"https:\/\/www.uqac.ca\/uqactualites\/#\/schema\/person\/image\/\",\"url\":\"https:\/\/secure.gravatar.com\/avatar\/20fbbda8a292f59f2d3461a5b999c00b?s=96&d=mm&r=g\",\"contentUrl\":\"https:\/\/secure.gravatar.com\/avatar\/20fbbda8a292f59f2d3461a5b999c00b?s=96&d=mm&r=g\",\"caption\":\"Service des communications et des relations publiques\"},\"url\":\"https:\/\/www.uqac.ca\/uqactualites\/author\/bap\/\"}]}<\/script>\r\n<!-- \/ Yoast SEO plugin. -->","yoast_head_json":{"title":"Suzie Tardif, \u00e9tudiante \u00e0 la ma\u00eetrise en \u00e9ducation de l\u2019UQAC - UQACtualit\u00e9s","robots":{"index":"index","follow":"follow","max-snippet":"max-snippet:-1","max-image-preview":"max-image-preview:large","max-video-preview":"max-video-preview:-1"},"canonical":"https:\/\/www.uqac.ca\/uqactualites\/2013\/11\/12\/suzie-tardif-etudiante-a-la-maitrise-en-education-de-luqac\/","og_locale":"fr_CA","og_type":"article","og_title":"Suzie Tardif, \u00e9tudiante \u00e0 la ma\u00eetrise en \u00e9ducation de l\u2019UQAC - UQACtualit\u00e9s","og_description":"Pourquoi avoir choisi de poursuivre \u00e0 la ma\u00eetrise? Depuis longtemps, la recherche est une source d\u2019inspiration pour moi. Tr\u00e8s jeune, je voulais, par exemple, faire une recherche sur \u00ab\u00a0les nombrils de famille\u00a0\u00bb parce que je percevais des ressemblances entre les comportements des deuxi\u00e8mes enfants d\u2019une famille. Toutefois, c\u2019est dans le cadre de mon baccalaur\u00e9at et [&hellip;]","og_url":"https:\/\/www.uqac.ca\/uqactualites\/2013\/11\/12\/suzie-tardif-etudiante-a-la-maitrise-en-education-de-luqac\/","og_site_name":"UQACtualit\u00e9s","article_published_time":"2013-11-12T18:47:58+00:00","og_image":[{"width":620,"height":300,"url":"https:\/\/www.uqac.ca\/uqactualites\/wp-content\/uploads\/2013\/11\/PortraitSuzieTardif.jpg","type":"image\/jpeg"}],"author":"Service des communications et des relations publiques","twitter_card":"summary_large_image","twitter_misc":{"\u00c9crit par":"Service des communications et des relations publiques","Estimation du temps de lecture":"2 minutes"},"schema":{"@context":"https:\/\/schema.org","@graph":[{"@type":"WebPage","@id":"https:\/\/www.uqac.ca\/uqactualites\/2013\/11\/12\/suzie-tardif-etudiante-a-la-maitrise-en-education-de-luqac\/","url":"https:\/\/www.uqac.ca\/uqactualites\/2013\/11\/12\/suzie-tardif-etudiante-a-la-maitrise-en-education-de-luqac\/","name":"Suzie Tardif, \u00e9tudiante \u00e0 la ma\u00eetrise en \u00e9ducation de l\u2019UQAC - UQACtualit\u00e9s","isPartOf":{"@id":"https:\/\/www.uqac.ca\/uqactualites\/#website"},"primaryImageOfPage":{"@id":"https:\/\/www.uqac.ca\/uqactualites\/2013\/11\/12\/suzie-tardif-etudiante-a-la-maitrise-en-education-de-luqac\/#primaryimage"},"image":{"@id":"https:\/\/www.uqac.ca\/uqactualites\/2013\/11\/12\/suzie-tardif-etudiante-a-la-maitrise-en-education-de-luqac\/#primaryimage"},"thumbnailUrl":"https:\/\/www.uqac.ca\/uqactualites\/wp-content\/uploads\/2013\/11\/PortraitSuzieTardif.jpg","datePublished":"2013-11-12T18:47:58+00:00","dateModified":"2013-11-12T18:47:58+00:00","author":{"@id":"https:\/\/www.uqac.ca\/uqactualites\/#\/schema\/person\/366c45a0c4f0e677b41b4af5886e2018"},"breadcrumb":{"@id":"https:\/\/www.uqac.ca\/uqactualites\/2013\/11\/12\/suzie-tardif-etudiante-a-la-maitrise-en-education-de-luqac\/#breadcrumb"},"inLanguage":"fr-CA","potentialAction":[{"@type":"ReadAction","target":["https:\/\/www.uqac.ca\/uqactualites\/2013\/11\/12\/suzie-tardif-etudiante-a-la-maitrise-en-education-de-luqac\/"]}]},{"@type":"ImageObject","inLanguage":"fr-CA","@id":"https:\/\/www.uqac.ca\/uqactualites\/2013\/11\/12\/suzie-tardif-etudiante-a-la-maitrise-en-education-de-luqac\/#primaryimage","url":"https:\/\/www.uqac.ca\/uqactualites\/wp-content\/uploads\/2013\/11\/PortraitSuzieTardif.jpg","contentUrl":"https:\/\/www.uqac.ca\/uqactualites\/wp-content\/uploads\/2013\/11\/PortraitSuzieTardif.jpg","width":620,"height":300},{"@type":"BreadcrumbList","@id":"https:\/\/www.uqac.ca\/uqactualites\/2013\/11\/12\/suzie-tardif-etudiante-a-la-maitrise-en-education-de-luqac\/#breadcrumb","itemListElement":[{"@type":"ListItem","position":1,"name":"Home","item":"https:\/\/www.uqac.ca\/uqactualites\/"},{"@type":"ListItem","position":2,"name":"Suzie Tardif, \u00e9tudiante \u00e0 la ma\u00eetrise en \u00e9ducation de l\u2019UQAC"}]},{"@type":"WebSite","@id":"https:\/\/www.uqac.ca\/uqactualites\/#website","url":"https:\/\/www.uqac.ca\/uqactualites\/","name":"UQACtualit\u00e9s","description":"Le portail des nouvelles de l&#039;UQAC","potentialAction":[{"@type":"SearchAction","target":{"@type":"EntryPoint","urlTemplate":"https:\/\/www.uqac.ca\/uqactualites\/?s={search_term_string}"},"query-input":{"@type":"PropertyValueSpecification","valueRequired":true,"valueName":"search_term_string"}}],"inLanguage":"fr-CA"},{"@type":"Person","@id":"https:\/\/www.uqac.ca\/uqactualites\/#\/schema\/person\/366c45a0c4f0e677b41b4af5886e2018","name":"Service des communications et des relations publiques","image":{"@type":"ImageObject","inLanguage":"fr-CA","@id":"https:\/\/www.uqac.ca\/uqactualites\/#\/schema\/person\/image\/","url":"https:\/\/secure.gravatar.com\/avatar\/20fbbda8a292f59f2d3461a5b999c00b?s=96&d=mm&r=g","contentUrl":"https:\/\/secure.gravatar.com\/avatar\/20fbbda8a292f59f2d3461a5b999c00b?s=96&d=mm&r=g","caption":"Service des communications et des relations publiques"},"url":"https:\/\/www.uqac.ca\/uqactualites\/author\/bap\/"}]}},"_links":{"self":[{"href":"https:\/\/www.uqac.ca\/uqactualites\/wp-json\/wp\/v2\/posts\/26342"}],"collection":[{"href":"https:\/\/www.uqac.ca\/uqactualites\/wp-json\/wp\/v2\/posts"}],"about":[{"href":"https:\/\/www.uqac.ca\/uqactualites\/wp-json\/wp\/v2\/types\/post"}],"author":[{"embeddable":true,"href":"https:\/\/www.uqac.ca\/uqactualites\/wp-json\/wp\/v2\/users\/5"}],"replies":[{"embeddable":true,"href":"https:\/\/www.uqac.ca\/uqactualites\/wp-json\/wp\/v2\/comments?post=26342"}],"version-history":[{"count":0,"href":"https:\/\/www.uqac.ca\/uqactualites\/wp-json\/wp\/v2\/posts\/26342\/revisions"}],"wp:featuredmedia":[{"embeddable":true,"href":"https:\/\/www.uqac.ca\/uqactualites\/wp-json\/wp\/v2\/media\/26343"}],"wp:attachment":[{"href":"https:\/\/www.uqac.ca\/uqactualites\/wp-json\/wp\/v2\/media?parent=26342"}],"wp:term":[{"taxonomy":"category","embeddable":true,"href":"https:\/\/www.uqac.ca\/uqactualites\/wp-json\/wp\/v2\/categories?post=26342"},{"taxonomy":"post_tag","embeddable":true,"href":"https:\/\/www.uqac.ca\/uqactualites\/wp-json\/wp\/v2\/tags?post=26342"}],"curies":[{"name":"wp","href":"https:\/\/api.w.org\/{rel}","templated":true}]}}