{"id":26354,"date":"2013-11-13T09:17:46","date_gmt":"2013-11-13T14:17:46","guid":{"rendered":"http:\/\/uqactualite.odev.ca\/?p=26354"},"modified":"2013-11-13T09:17:46","modified_gmt":"2013-11-13T14:17:46","slug":"pfms-sharon-hatcher-nommee-doyenne-associee","status":"publish","type":"post","link":"https:\/\/www.uqac.ca\/uqactualites\/2013\/11\/13\/pfms-sharon-hatcher-nommee-doyenne-associee\/","title":{"rendered":"PFMS : Sharon Hatcher nomm\u00e9e doyenne associ\u00e9e"},"content":{"rendered":"<p style=\"text-align: justify\">Coordonnatrice du Programme de formation m\u00e9dicale \u00e0 Saguenay depuis 2011, Sharon Hatcher assumera dor\u00e9navant le r\u00f4le de doyenne associ\u00e9e de la Facult\u00e9 de m\u00e9decine et des sciences de la sant\u00e9 de l\u2019Universit\u00e9 de Sherbrooke pour la r\u00e9gion du Saguenay\u2212Lac-Saint-Jean, en plus d\u2019assurer la direction de l\u2019enseignement universitaire du CSSS de Chicoutimi.<\/p>\n<p style=\"text-align: justify\">Professeure Hatcher \u0153uvre comme m\u00e9decin de famille au CSSS de Chicoutimi depuis 1986. Elle a \u00e9t\u00e9 directrice de l\u2019UMF-GMF de Chicoutimi de 2000 \u00e0 2004, puis directrice de l\u2019enseignement universitaire par int\u00e9rim du CSSS de Chicoutimi en 2004-2005. Active et impliqu\u00e9e, elle est \u00e9galement professeure agr\u00e9g\u00e9e au sein du D\u00e9partement de m\u00e9decine de famille de l\u2019Universit\u00e9 de Sherbrooke depuis 2002. Elle a \u00e9t\u00e9 membre de plusieurs comit\u00e9s de r\u00e9vision curriculaire du Coll\u00e8ge des m\u00e9decins de famille du Canada et a pr\u00e9sid\u00e9 le sous-comit\u00e9 de r\u00e9vision du curriculum du programme de m\u00e9decine de famille de l\u2019Universit\u00e9 de Sherbrooke de 2001 \u00e0 2004.<\/p>\n<p style=\"text-align: justify\">Le mandat de Sharon Hatcher \u00e0 titre de doyenne associ\u00e9e s\u2019amor\u00e7ait le lundi 4 novembre dernier. Nous lui souhaitons tout le succ\u00e8s d\u00e9sir\u00e9.<\/p>\n<p style=\"text-align: justify\"><b><br \/>\nSources\u00a0:<\/b><\/p>\n<p style=\"text-align: justify\">Programme de formation m\u00e9dicale \u00e0 Saguenay<br \/>\nUniversit\u00e9 du Qu\u00e9bec \u00e0 Chicoutimi<\/p>\n<p style=\"text-align: justify\">Bureau des affaires publiques<br \/>\nUniversit\u00e9 du Qu\u00e9bec \u00e0 Chicoutimi<br \/>\n418\u00a0545-5011, poste\u00a02350\u00a0 \u25aa\u00a0 <span style=\"color: #5a7411\"><a href=\"mailto:affaires_publiques@uqac.ca\"><span style=\"color: #5a7411\">affaires_publiques@uqac.ca<\/span><\/a><\/span><\/p>\n<p style=\"text-align: justify\"><span style=\"color: #808080\"><br \/>\n________________________________________________________________________________________<\/span><\/p>\n<p style=\"text-align: justify\"><span style=\"color: #808080\"><b>Photo\u00a0:<\/b> Sharon Hatcher<\/span><br \/>\n<span style=\"color: #808080\"><b>Photographe\u00a0: <\/b>Robert Dumont<\/span><br \/>\n<span style=\"color: #808080\">________________________________________________________________________________________<\/span><\/p>\n","protected":false},"excerpt":{"rendered":"<p>Coordonnatrice du Programme de formation m\u00e9dicale \u00e0 Saguenay depuis 2011, Sharon Hatcher assumera dor\u00e9navant le r\u00f4le de doyenne associ\u00e9e de la Facult\u00e9 de m\u00e9decine et des sciences de la sant\u00e9 de l\u2019Universit\u00e9 de Sherbrooke pour la r\u00e9gion du Saguenay\u2212Lac-Saint-Jean, en plus d\u2019assurer la direction de l\u2019enseignement universitaire du CSSS de Chicoutimi. Professeure Hatcher \u0153uvre comme [&hellip;]<\/p>\n","protected":false},"author":5,"featured_media":26355,"comment_status":"open","ping_status":"open","sticky":false,"template":"","format":"standard","meta":{"footnotes":""},"categories":[2,15],"tags":[2415,2416,512,2265,2417],"yoast_head":"<!-- This site is optimized with the Yoast SEO plugin v24.2 - https:\/\/yoast.com\/wordpress\/plugins\/seo\/ -->\r\n<title>PFMS : Sharon Hatcher nomm\u00e9e doyenne associ\u00e9e - UQACtualit\u00e9s<\/title>\r\n<meta name=\"robots\" content=\"index, follow, max-snippet:-1, max-image-preview:large, max-video-preview:-1\" \/>\r\n<link rel=\"canonical\" href=\"https:\/\/www.uqac.ca\/uqactualites\/2013\/11\/13\/pfms-sharon-hatcher-nommee-doyenne-associee\/\" \/>\r\n<meta property=\"og:locale\" content=\"fr_CA\" \/>\r\n<meta property=\"og:type\" content=\"article\" \/>\r\n<meta property=\"og:title\" content=\"PFMS : Sharon Hatcher nomm\u00e9e doyenne associ\u00e9e - UQACtualit\u00e9s\" \/>\r\n<meta property=\"og:description\" content=\"Coordonnatrice du Programme de formation m\u00e9dicale \u00e0 Saguenay depuis 2011, Sharon Hatcher assumera dor\u00e9navant le r\u00f4le de doyenne associ\u00e9e de la Facult\u00e9 de m\u00e9decine et des sciences de la sant\u00e9 de l\u2019Universit\u00e9 de Sherbrooke pour la r\u00e9gion du Saguenay\u2212Lac-Saint-Jean, en plus d\u2019assurer la direction de l\u2019enseignement universitaire du CSSS de Chicoutimi. Professeure Hatcher \u0153uvre comme [&hellip;]\" \/>\r\n<meta property=\"og:url\" content=\"https:\/\/www.uqac.ca\/uqactualites\/2013\/11\/13\/pfms-sharon-hatcher-nommee-doyenne-associee\/\" \/>\r\n<meta property=\"og:site_name\" content=\"UQACtualit\u00e9s\" \/>\r\n<meta property=\"article:published_time\" content=\"2013-11-13T14:17:46+00:00\" \/>\r\n<meta property=\"og:image\" content=\"https:\/\/www.uqac.ca\/uqactualites\/wp-content\/uploads\/2013\/11\/Sharon-Hatcher-Web-\u00a9Robert-Dumont.jpg\" \/>\r\n\t<meta property=\"og:image:width\" content=\"620\" \/>\r\n\t<meta property=\"og:image:height\" content=\"300\" \/>\r\n\t<meta property=\"og:image:type\" content=\"image\/jpeg\" \/>\r\n<meta name=\"author\" content=\"Service des communications et des relations publiques\" \/>\r\n<meta name=\"twitter:card\" content=\"summary_large_image\" \/>\r\n<meta name=\"twitter:label1\" content=\"\u00c9crit par\" \/>\n\t<meta name=\"twitter:data1\" content=\"Service des communications et des relations publiques\" \/>\n\t<meta name=\"twitter:label2\" content=\"Estimation du temps de lecture\" \/>\n\t<meta name=\"twitter:data2\" content=\"1 minute\" \/>\r\n<script type=\"application\/ld+json\" class=\"yoast-schema-graph\">{\"@context\":\"https:\/\/schema.org\",\"@graph\":[{\"@type\":\"WebPage\",\"@id\":\"https:\/\/www.uqac.ca\/uqactualites\/2013\/11\/13\/pfms-sharon-hatcher-nommee-doyenne-associee\/\",\"url\":\"https:\/\/www.uqac.ca\/uqactualites\/2013\/11\/13\/pfms-sharon-hatcher-nommee-doyenne-associee\/\",\"name\":\"PFMS : Sharon Hatcher nomm\u00e9e doyenne associ\u00e9e - UQACtualit\u00e9s\",\"isPartOf\":{\"@id\":\"https:\/\/www.uqac.ca\/uqactualites\/#website\"},\"primaryImageOfPage\":{\"@id\":\"https:\/\/www.uqac.ca\/uqactualites\/2013\/11\/13\/pfms-sharon-hatcher-nommee-doyenne-associee\/#primaryimage\"},\"image\":{\"@id\":\"https:\/\/www.uqac.ca\/uqactualites\/2013\/11\/13\/pfms-sharon-hatcher-nommee-doyenne-associee\/#primaryimage\"},\"thumbnailUrl\":\"https:\/\/www.uqac.ca\/uqactualites\/wp-content\/uploads\/2013\/11\/Sharon-Hatcher-Web-\u00a9Robert-Dumont.jpg\",\"datePublished\":\"2013-11-13T14:17:46+00:00\",\"dateModified\":\"2013-11-13T14:17:46+00:00\",\"author\":{\"@id\":\"https:\/\/www.uqac.ca\/uqactualites\/#\/schema\/person\/366c45a0c4f0e677b41b4af5886e2018\"},\"breadcrumb\":{\"@id\":\"https:\/\/www.uqac.ca\/uqactualites\/2013\/11\/13\/pfms-sharon-hatcher-nommee-doyenne-associee\/#breadcrumb\"},\"inLanguage\":\"fr-CA\",\"potentialAction\":[{\"@type\":\"ReadAction\",\"target\":[\"https:\/\/www.uqac.ca\/uqactualites\/2013\/11\/13\/pfms-sharon-hatcher-nommee-doyenne-associee\/\"]}]},{\"@type\":\"ImageObject\",\"inLanguage\":\"fr-CA\",\"@id\":\"https:\/\/www.uqac.ca\/uqactualites\/2013\/11\/13\/pfms-sharon-hatcher-nommee-doyenne-associee\/#primaryimage\",\"url\":\"https:\/\/www.uqac.ca\/uqactualites\/wp-content\/uploads\/2013\/11\/Sharon-Hatcher-Web-\u00a9Robert-Dumont.jpg\",\"contentUrl\":\"https:\/\/www.uqac.ca\/uqactualites\/wp-content\/uploads\/2013\/11\/Sharon-Hatcher-Web-\u00a9Robert-Dumont.jpg\",\"width\":620,\"height\":300},{\"@type\":\"BreadcrumbList\",\"@id\":\"https:\/\/www.uqac.ca\/uqactualites\/2013\/11\/13\/pfms-sharon-hatcher-nommee-doyenne-associee\/#breadcrumb\",\"itemListElement\":[{\"@type\":\"ListItem\",\"position\":1,\"name\":\"Home\",\"item\":\"https:\/\/www.uqac.ca\/uqactualites\/\"},{\"@type\":\"ListItem\",\"position\":2,\"name\":\"PFMS : Sharon Hatcher nomm\u00e9e doyenne associ\u00e9e\"}]},{\"@type\":\"WebSite\",\"@id\":\"https:\/\/www.uqac.ca\/uqactualites\/#website\",\"url\":\"https:\/\/www.uqac.ca\/uqactualites\/\",\"name\":\"UQACtualit\u00e9s\",\"description\":\"Le portail des nouvelles de l&#039;UQAC\",\"potentialAction\":[{\"@type\":\"SearchAction\",\"target\":{\"@type\":\"EntryPoint\",\"urlTemplate\":\"https:\/\/www.uqac.ca\/uqactualites\/?s={search_term_string}\"},\"query-input\":{\"@type\":\"PropertyValueSpecification\",\"valueRequired\":true,\"valueName\":\"search_term_string\"}}],\"inLanguage\":\"fr-CA\"},{\"@type\":\"Person\",\"@id\":\"https:\/\/www.uqac.ca\/uqactualites\/#\/schema\/person\/366c45a0c4f0e677b41b4af5886e2018\",\"name\":\"Service des communications et des relations publiques\",\"image\":{\"@type\":\"ImageObject\",\"inLanguage\":\"fr-CA\",\"@id\":\"https:\/\/www.uqac.ca\/uqactualites\/#\/schema\/person\/image\/\",\"url\":\"https:\/\/secure.gravatar.com\/avatar\/20fbbda8a292f59f2d3461a5b999c00b?s=96&d=mm&r=g\",\"contentUrl\":\"https:\/\/secure.gravatar.com\/avatar\/20fbbda8a292f59f2d3461a5b999c00b?s=96&d=mm&r=g\",\"caption\":\"Service des communications et des relations publiques\"},\"url\":\"https:\/\/www.uqac.ca\/uqactualites\/author\/bap\/\"}]}<\/script>\r\n<!-- \/ Yoast SEO plugin. -->","yoast_head_json":{"title":"PFMS : Sharon Hatcher nomm\u00e9e doyenne associ\u00e9e - UQACtualit\u00e9s","robots":{"index":"index","follow":"follow","max-snippet":"max-snippet:-1","max-image-preview":"max-image-preview:large","max-video-preview":"max-video-preview:-1"},"canonical":"https:\/\/www.uqac.ca\/uqactualites\/2013\/11\/13\/pfms-sharon-hatcher-nommee-doyenne-associee\/","og_locale":"fr_CA","og_type":"article","og_title":"PFMS : Sharon Hatcher nomm\u00e9e doyenne associ\u00e9e - UQACtualit\u00e9s","og_description":"Coordonnatrice du Programme de formation m\u00e9dicale \u00e0 Saguenay depuis 2011, Sharon Hatcher assumera dor\u00e9navant le r\u00f4le de doyenne associ\u00e9e de la Facult\u00e9 de m\u00e9decine et des sciences de la sant\u00e9 de l\u2019Universit\u00e9 de Sherbrooke pour la r\u00e9gion du Saguenay\u2212Lac-Saint-Jean, en plus d\u2019assurer la direction de l\u2019enseignement universitaire du CSSS de Chicoutimi. Professeure Hatcher \u0153uvre comme [&hellip;]","og_url":"https:\/\/www.uqac.ca\/uqactualites\/2013\/11\/13\/pfms-sharon-hatcher-nommee-doyenne-associee\/","og_site_name":"UQACtualit\u00e9s","article_published_time":"2013-11-13T14:17:46+00:00","og_image":[{"width":620,"height":300,"url":"https:\/\/www.uqac.ca\/uqactualites\/wp-content\/uploads\/2013\/11\/Sharon-Hatcher-Web-\u00a9Robert-Dumont.jpg","type":"image\/jpeg"}],"author":"Service des communications et des relations publiques","twitter_card":"summary_large_image","twitter_misc":{"\u00c9crit par":"Service des communications et des relations publiques","Estimation du temps de lecture":"1 minute"},"schema":{"@context":"https:\/\/schema.org","@graph":[{"@type":"WebPage","@id":"https:\/\/www.uqac.ca\/uqactualites\/2013\/11\/13\/pfms-sharon-hatcher-nommee-doyenne-associee\/","url":"https:\/\/www.uqac.ca\/uqactualites\/2013\/11\/13\/pfms-sharon-hatcher-nommee-doyenne-associee\/","name":"PFMS : Sharon Hatcher nomm\u00e9e doyenne associ\u00e9e - UQACtualit\u00e9s","isPartOf":{"@id":"https:\/\/www.uqac.ca\/uqactualites\/#website"},"primaryImageOfPage":{"@id":"https:\/\/www.uqac.ca\/uqactualites\/2013\/11\/13\/pfms-sharon-hatcher-nommee-doyenne-associee\/#primaryimage"},"image":{"@id":"https:\/\/www.uqac.ca\/uqactualites\/2013\/11\/13\/pfms-sharon-hatcher-nommee-doyenne-associee\/#primaryimage"},"thumbnailUrl":"https:\/\/www.uqac.ca\/uqactualites\/wp-content\/uploads\/2013\/11\/Sharon-Hatcher-Web-\u00a9Robert-Dumont.jpg","datePublished":"2013-11-13T14:17:46+00:00","dateModified":"2013-11-13T14:17:46+00:00","author":{"@id":"https:\/\/www.uqac.ca\/uqactualites\/#\/schema\/person\/366c45a0c4f0e677b41b4af5886e2018"},"breadcrumb":{"@id":"https:\/\/www.uqac.ca\/uqactualites\/2013\/11\/13\/pfms-sharon-hatcher-nommee-doyenne-associee\/#breadcrumb"},"inLanguage":"fr-CA","potentialAction":[{"@type":"ReadAction","target":["https:\/\/www.uqac.ca\/uqactualites\/2013\/11\/13\/pfms-sharon-hatcher-nommee-doyenne-associee\/"]}]},{"@type":"ImageObject","inLanguage":"fr-CA","@id":"https:\/\/www.uqac.ca\/uqactualites\/2013\/11\/13\/pfms-sharon-hatcher-nommee-doyenne-associee\/#primaryimage","url":"https:\/\/www.uqac.ca\/uqactualites\/wp-content\/uploads\/2013\/11\/Sharon-Hatcher-Web-\u00a9Robert-Dumont.jpg","contentUrl":"https:\/\/www.uqac.ca\/uqactualites\/wp-content\/uploads\/2013\/11\/Sharon-Hatcher-Web-\u00a9Robert-Dumont.jpg","width":620,"height":300},{"@type":"BreadcrumbList","@id":"https:\/\/www.uqac.ca\/uqactualites\/2013\/11\/13\/pfms-sharon-hatcher-nommee-doyenne-associee\/#breadcrumb","itemListElement":[{"@type":"ListItem","position":1,"name":"Home","item":"https:\/\/www.uqac.ca\/uqactualites\/"},{"@type":"ListItem","position":2,"name":"PFMS : Sharon Hatcher nomm\u00e9e doyenne associ\u00e9e"}]},{"@type":"WebSite","@id":"https:\/\/www.uqac.ca\/uqactualites\/#website","url":"https:\/\/www.uqac.ca\/uqactualites\/","name":"UQACtualit\u00e9s","description":"Le portail des nouvelles de l&#039;UQAC","potentialAction":[{"@type":"SearchAction","target":{"@type":"EntryPoint","urlTemplate":"https:\/\/www.uqac.ca\/uqactualites\/?s={search_term_string}"},"query-input":{"@type":"PropertyValueSpecification","valueRequired":true,"valueName":"search_term_string"}}],"inLanguage":"fr-CA"},{"@type":"Person","@id":"https:\/\/www.uqac.ca\/uqactualites\/#\/schema\/person\/366c45a0c4f0e677b41b4af5886e2018","name":"Service des communications et des relations publiques","image":{"@type":"ImageObject","inLanguage":"fr-CA","@id":"https:\/\/www.uqac.ca\/uqactualites\/#\/schema\/person\/image\/","url":"https:\/\/secure.gravatar.com\/avatar\/20fbbda8a292f59f2d3461a5b999c00b?s=96&d=mm&r=g","contentUrl":"https:\/\/secure.gravatar.com\/avatar\/20fbbda8a292f59f2d3461a5b999c00b?s=96&d=mm&r=g","caption":"Service des communications et des relations publiques"},"url":"https:\/\/www.uqac.ca\/uqactualites\/author\/bap\/"}]}},"_links":{"self":[{"href":"https:\/\/www.uqac.ca\/uqactualites\/wp-json\/wp\/v2\/posts\/26354"}],"collection":[{"href":"https:\/\/www.uqac.ca\/uqactualites\/wp-json\/wp\/v2\/posts"}],"about":[{"href":"https:\/\/www.uqac.ca\/uqactualites\/wp-json\/wp\/v2\/types\/post"}],"author":[{"embeddable":true,"href":"https:\/\/www.uqac.ca\/uqactualites\/wp-json\/wp\/v2\/users\/5"}],"replies":[{"embeddable":true,"href":"https:\/\/www.uqac.ca\/uqactualites\/wp-json\/wp\/v2\/comments?post=26354"}],"version-history":[{"count":0,"href":"https:\/\/www.uqac.ca\/uqactualites\/wp-json\/wp\/v2\/posts\/26354\/revisions"}],"wp:featuredmedia":[{"embeddable":true,"href":"https:\/\/www.uqac.ca\/uqactualites\/wp-json\/wp\/v2\/media\/26355"}],"wp:attachment":[{"href":"https:\/\/www.uqac.ca\/uqactualites\/wp-json\/wp\/v2\/media?parent=26354"}],"wp:term":[{"taxonomy":"category","embeddable":true,"href":"https:\/\/www.uqac.ca\/uqactualites\/wp-json\/wp\/v2\/categories?post=26354"},{"taxonomy":"post_tag","embeddable":true,"href":"https:\/\/www.uqac.ca\/uqactualites\/wp-json\/wp\/v2\/tags?post=26354"}],"curies":[{"name":"wp","href":"https:\/\/api.w.org\/{rel}","templated":true}]}}