{"id":26369,"date":"2013-11-13T16:20:05","date_gmt":"2013-11-13T21:20:05","guid":{"rendered":"http:\/\/uqactualite.odev.ca\/?p=26369"},"modified":"2013-11-13T16:20:05","modified_gmt":"2013-11-13T21:20:05","slug":"38e-edition-du-bol-dor-de-football","status":"publish","type":"post","link":"https:\/\/www.uqac.ca\/uqactualites\/2013\/11\/13\/38e-edition-du-bol-dor-de-football\/","title":{"rendered":"38e \u00e9dition du Bol d\u2019or de football"},"content":{"rendered":"<p style=\"text-align: justify\">La communaut\u00e9 universitaire est invit\u00e9e \u00e0 assister \u00e0 la 38<sup>e<\/sup> \u00e9dition du Bol d\u2019or de football coll\u00e9gial et juv\u00e9nile\u00a0:<\/p>\n<p style=\"text-align: center\" align=\"center\"><span style=\"color: #5a7411\"><b>15 au 17 novembre 2013<\/b><\/span><br \/>\n<span style=\"color: #5a7411\">Terrain synth\u00e9tique de l\u2019UQAC<\/span><\/p>\n<p style=\"text-align: justify\">Plusieurs matchs auront lieu tout au long de la fin de semaine\u00a0:<\/p>\n<p style=\"text-align: justify\"><b><span style=\"text-decoration: underline\">Vendredi 15 novembre 2013<\/span><\/b><\/p>\n<ul style=\"text-align: justify\">\n<li>\u00a019\u00a0h<br \/>\nColl\u00e9gial Division 3\u00a0 \u2212\u00a0 <b>Cougars<\/b> (c\u00e9gep de Chicoutimi) contre <b>Noir et Or<\/b> (c\u00e9gep de Valleyfield)<\/li>\n<\/ul>\n<p style=\"text-align: justify\"><b><span style=\"text-decoration: underline\"><br \/>\nSamedi 16 novembre 2013<\/span><\/b><\/p>\n<ul style=\"text-align: justify\">\n<li>\u00a010\u00a0h<br \/>\nJuv\u00e9nile Division 1-B\u00a0 \u2212\u00a0 <b>Corsaires<\/b> (\u00e9cole secondaire Pointe-L\u00e9vy) contre <b>Harfangs<\/b> (\u00e9cole secondaire du Triolet)<\/li>\n<\/ul>\n<ul style=\"text-align: justify\">\n<li>15\u00a0h<br \/>\nColl\u00e9gial Division 1\u00a0 \u2212 \u00a0<b>Cougars<\/b> (coll\u00e8ge Champlain de Lennoxville) contre <b>Spartiates<\/b> (c\u00e9gep du Vieux Montr\u00e9al)<\/li>\n<\/ul>\n<ul style=\"text-align: justify\">\n<li>20\u00a0h<br \/>\nColl\u00e9gial Division 2\u00a0 \u2212 \u00a0<b>Dragons<\/b> (c\u00e9gep de Saint-Jean-sur-Richelieu) contre <b>Titans<\/b> (c\u00e9gep Limoilou)<\/li>\n<\/ul>\n<p style=\"text-align: justify\"><b><span style=\"text-decoration: underline\"><br \/>\nDimanche 17 novembre 2013<\/span><\/b><\/p>\n<ul style=\"text-align: justify\">\n<li>13\u00a0h<br \/>\nJuv\u00e9nile Division\u00a01\u00a0 \u2212 \u00a0<b>Cactus<\/b> (coll\u00e8ge Notre-Dame) contre <b>Blizzard<\/b> (s\u00e9minaire Saint-Fran\u00e7ois)<\/li>\n<\/ul>\n<p style=\"text-align: justify\"><b><br \/>\nVente de billets (bracelets)<\/b><\/p>\n<ul style=\"text-align: justify\">\n<li>En ligne sur le <span style=\"color: #5a7411\"><a href=\"http:\/\/rseq.ca\/sports\/football\/minisites-championnats\/2013-2014\/bol-dor-2013\/bienvenue\/\" target=\"_blank\" rel=\"noopener\"><span style=\"color: #5a7411\"><b>site Web du R\u00e9seau du sport \u00e9tudiant du Qu\u00e9bec (RSEQ)<\/b><\/span><\/a><\/span><\/li>\n<li>\u00c0 la porte lors de l\u2019\u00e9v\u00e9nement<\/li>\n<\/ul>\n<p style=\"text-align: justify\"><span style=\"color: #5a7411\">\u2212 12 ans et moins\u00a0: 5\u00a0$<\/span><br \/>\n<span style=\"color: #5a7411\">\u2212 13 \u00e0 17 ans\u00a0: 10\u00a0$<\/span><br \/>\n<span style=\"color: #5a7411\">\u2212 18 ans et plus\u00a0: 15\u00a0$<\/span><\/p>\n<p style=\"text-align: justify\">Chaque bracelet donne acc\u00e8s \u00e0 l&rsquo;ensemble des matchs pr\u00e9sent\u00e9s. Les bracelets \u00e0 l&rsquo;unit\u00e9 seront en vente sur place lors de l&rsquo;\u00e9v\u00e9nement.<\/p>\n<p style=\"text-align: justify\">Pour plus de d\u00e9tails sur l\u2019\u00e9v\u00e9nement, consultez le <span style=\"color: #5a7411\"><a href=\"http:\/\/rseq.ca\/sports\/football\/minisites-championnats\/2013-2014\/bol-dor-2013\/bienvenue\/\" target=\"_blank\" rel=\"noopener\"><span style=\"color: #5a7411\"><b>site Web du RSEQ<\/b><\/span><\/a><\/span>.<\/p>\n<p style=\"text-align: justify\"><b><br \/>\nRenseignements\u00a0:<br \/>\n<span style=\"color: #5a7411\"><a href=\"http:\/\/rseq.ca\/sports\/football\/minisites-championnats\/2013-2014\/bol-dor-2013\/bienvenue\/\" target=\"_blank\" rel=\"noopener\"><span style=\"color: #5a7411\">R\u00e9seau du sport \u00e9tudiant du Qu\u00e9bec (RSEQ)<\/span><\/a><\/span><\/b><\/p>\n","protected":false},"excerpt":{"rendered":"<p>La communaut\u00e9 universitaire est invit\u00e9e \u00e0 assister \u00e0 la 38e \u00e9dition du Bol d\u2019or de football coll\u00e9gial et juv\u00e9nile\u00a0: 15 au 17 novembre 2013 Terrain synth\u00e9tique de l\u2019UQAC Plusieurs matchs auront lieu tout au long de la fin de semaine\u00a0: Vendredi 15 novembre 2013 \u00a019\u00a0h Coll\u00e9gial Division 3\u00a0 \u2212\u00a0 Cougars (c\u00e9gep de Chicoutimi) contre Noir [&hellip;]<\/p>\n","protected":false},"author":5,"featured_media":20989,"comment_status":"open","ping_status":"open","sticky":false,"template":"","format":"standard","meta":{"footnotes":""},"categories":[2772],"tags":[2421,2422,2222,1959],"yoast_head":"<!-- This site is optimized with the Yoast SEO plugin v24.2 - https:\/\/yoast.com\/wordpress\/plugins\/seo\/ -->\r\n<title>38e \u00e9dition du Bol d\u2019or de football - UQACtualit\u00e9s<\/title>\r\n<meta name=\"robots\" content=\"index, follow, max-snippet:-1, max-image-preview:large, max-video-preview:-1\" \/>\r\n<link rel=\"canonical\" href=\"https:\/\/www.uqac.ca\/uqactualites\/2013\/11\/13\/38e-edition-du-bol-dor-de-football\/\" \/>\r\n<meta property=\"og:locale\" content=\"fr_CA\" \/>\r\n<meta property=\"og:type\" content=\"article\" \/>\r\n<meta property=\"og:title\" content=\"38e \u00e9dition du Bol d\u2019or de football - UQACtualit\u00e9s\" \/>\r\n<meta property=\"og:description\" content=\"La communaut\u00e9 universitaire est invit\u00e9e \u00e0 assister \u00e0 la 38e \u00e9dition du Bol d\u2019or de football coll\u00e9gial et juv\u00e9nile\u00a0: 15 au 17 novembre 2013 Terrain synth\u00e9tique de l\u2019UQAC Plusieurs matchs auront lieu tout au long de la fin de semaine\u00a0: Vendredi 15 novembre 2013 \u00a019\u00a0h Coll\u00e9gial Division 3\u00a0 \u2212\u00a0 Cougars (c\u00e9gep de Chicoutimi) contre Noir [&hellip;]\" \/>\r\n<meta property=\"og:url\" content=\"https:\/\/www.uqac.ca\/uqactualites\/2013\/11\/13\/38e-edition-du-bol-dor-de-football\/\" \/>\r\n<meta property=\"og:site_name\" content=\"UQACtualit\u00e9s\" \/>\r\n<meta property=\"article:published_time\" content=\"2013-11-13T21:20:05+00:00\" \/>\r\n<meta property=\"og:image\" content=\"https:\/\/www.uqac.ca\/uqactualites\/wp-content\/uploads\/2012\/05\/avis-laCommunaut-.jpg\" \/>\r\n\t<meta property=\"og:image:width\" content=\"620\" \/>\r\n\t<meta property=\"og:image:height\" content=\"300\" \/>\r\n\t<meta property=\"og:image:type\" content=\"image\/jpeg\" \/>\r\n<meta name=\"author\" content=\"Service des communications et des relations publiques\" \/>\r\n<meta name=\"twitter:card\" content=\"summary_large_image\" \/>\r\n<meta name=\"twitter:label1\" content=\"\u00c9crit par\" \/>\n\t<meta name=\"twitter:data1\" content=\"Service des communications et des relations publiques\" \/>\n\t<meta name=\"twitter:label2\" content=\"Estimation du temps de lecture\" \/>\n\t<meta name=\"twitter:data2\" content=\"1 minute\" \/>\r\n<script type=\"application\/ld+json\" class=\"yoast-schema-graph\">{\"@context\":\"https:\/\/schema.org\",\"@graph\":[{\"@type\":\"WebPage\",\"@id\":\"https:\/\/www.uqac.ca\/uqactualites\/2013\/11\/13\/38e-edition-du-bol-dor-de-football\/\",\"url\":\"https:\/\/www.uqac.ca\/uqactualites\/2013\/11\/13\/38e-edition-du-bol-dor-de-football\/\",\"name\":\"38e \u00e9dition du Bol d\u2019or de football - UQACtualit\u00e9s\",\"isPartOf\":{\"@id\":\"https:\/\/www.uqac.ca\/uqactualites\/#website\"},\"primaryImageOfPage\":{\"@id\":\"https:\/\/www.uqac.ca\/uqactualites\/2013\/11\/13\/38e-edition-du-bol-dor-de-football\/#primaryimage\"},\"image\":{\"@id\":\"https:\/\/www.uqac.ca\/uqactualites\/2013\/11\/13\/38e-edition-du-bol-dor-de-football\/#primaryimage\"},\"thumbnailUrl\":\"https:\/\/www.uqac.ca\/uqactualites\/wp-content\/uploads\/2012\/05\/avis-laCommunaut-.jpg\",\"datePublished\":\"2013-11-13T21:20:05+00:00\",\"dateModified\":\"2013-11-13T21:20:05+00:00\",\"author\":{\"@id\":\"https:\/\/www.uqac.ca\/uqactualites\/#\/schema\/person\/366c45a0c4f0e677b41b4af5886e2018\"},\"breadcrumb\":{\"@id\":\"https:\/\/www.uqac.ca\/uqactualites\/2013\/11\/13\/38e-edition-du-bol-dor-de-football\/#breadcrumb\"},\"inLanguage\":\"fr-CA\",\"potentialAction\":[{\"@type\":\"ReadAction\",\"target\":[\"https:\/\/www.uqac.ca\/uqactualites\/2013\/11\/13\/38e-edition-du-bol-dor-de-football\/\"]}]},{\"@type\":\"ImageObject\",\"inLanguage\":\"fr-CA\",\"@id\":\"https:\/\/www.uqac.ca\/uqactualites\/2013\/11\/13\/38e-edition-du-bol-dor-de-football\/#primaryimage\",\"url\":\"https:\/\/www.uqac.ca\/uqactualites\/wp-content\/uploads\/2012\/05\/avis-laCommunaut-.jpg\",\"contentUrl\":\"https:\/\/www.uqac.ca\/uqactualites\/wp-content\/uploads\/2012\/05\/avis-laCommunaut-.jpg\",\"width\":620,\"height\":300},{\"@type\":\"BreadcrumbList\",\"@id\":\"https:\/\/www.uqac.ca\/uqactualites\/2013\/11\/13\/38e-edition-du-bol-dor-de-football\/#breadcrumb\",\"itemListElement\":[{\"@type\":\"ListItem\",\"position\":1,\"name\":\"Home\",\"item\":\"https:\/\/www.uqac.ca\/uqactualites\/\"},{\"@type\":\"ListItem\",\"position\":2,\"name\":\"38e \u00e9dition du Bol d\u2019or de football\"}]},{\"@type\":\"WebSite\",\"@id\":\"https:\/\/www.uqac.ca\/uqactualites\/#website\",\"url\":\"https:\/\/www.uqac.ca\/uqactualites\/\",\"name\":\"UQACtualit\u00e9s\",\"description\":\"Le portail des nouvelles de l&#039;UQAC\",\"potentialAction\":[{\"@type\":\"SearchAction\",\"target\":{\"@type\":\"EntryPoint\",\"urlTemplate\":\"https:\/\/www.uqac.ca\/uqactualites\/?s={search_term_string}\"},\"query-input\":{\"@type\":\"PropertyValueSpecification\",\"valueRequired\":true,\"valueName\":\"search_term_string\"}}],\"inLanguage\":\"fr-CA\"},{\"@type\":\"Person\",\"@id\":\"https:\/\/www.uqac.ca\/uqactualites\/#\/schema\/person\/366c45a0c4f0e677b41b4af5886e2018\",\"name\":\"Service des communications et des relations publiques\",\"image\":{\"@type\":\"ImageObject\",\"inLanguage\":\"fr-CA\",\"@id\":\"https:\/\/www.uqac.ca\/uqactualites\/#\/schema\/person\/image\/\",\"url\":\"https:\/\/secure.gravatar.com\/avatar\/20fbbda8a292f59f2d3461a5b999c00b?s=96&d=mm&r=g\",\"contentUrl\":\"https:\/\/secure.gravatar.com\/avatar\/20fbbda8a292f59f2d3461a5b999c00b?s=96&d=mm&r=g\",\"caption\":\"Service des communications et des relations publiques\"},\"url\":\"https:\/\/www.uqac.ca\/uqactualites\/author\/bap\/\"}]}<\/script>\r\n<!-- \/ Yoast SEO plugin. -->","yoast_head_json":{"title":"38e \u00e9dition du Bol d\u2019or de football - UQACtualit\u00e9s","robots":{"index":"index","follow":"follow","max-snippet":"max-snippet:-1","max-image-preview":"max-image-preview:large","max-video-preview":"max-video-preview:-1"},"canonical":"https:\/\/www.uqac.ca\/uqactualites\/2013\/11\/13\/38e-edition-du-bol-dor-de-football\/","og_locale":"fr_CA","og_type":"article","og_title":"38e \u00e9dition du Bol d\u2019or de football - UQACtualit\u00e9s","og_description":"La communaut\u00e9 universitaire est invit\u00e9e \u00e0 assister \u00e0 la 38e \u00e9dition du Bol d\u2019or de football coll\u00e9gial et juv\u00e9nile\u00a0: 15 au 17 novembre 2013 Terrain synth\u00e9tique de l\u2019UQAC Plusieurs matchs auront lieu tout au long de la fin de semaine\u00a0: Vendredi 15 novembre 2013 \u00a019\u00a0h Coll\u00e9gial Division 3\u00a0 \u2212\u00a0 Cougars (c\u00e9gep de Chicoutimi) contre Noir [&hellip;]","og_url":"https:\/\/www.uqac.ca\/uqactualites\/2013\/11\/13\/38e-edition-du-bol-dor-de-football\/","og_site_name":"UQACtualit\u00e9s","article_published_time":"2013-11-13T21:20:05+00:00","og_image":[{"width":620,"height":300,"url":"https:\/\/www.uqac.ca\/uqactualites\/wp-content\/uploads\/2012\/05\/avis-laCommunaut-.jpg","type":"image\/jpeg"}],"author":"Service des communications et des relations publiques","twitter_card":"summary_large_image","twitter_misc":{"\u00c9crit par":"Service des communications et des relations publiques","Estimation du temps de lecture":"1 minute"},"schema":{"@context":"https:\/\/schema.org","@graph":[{"@type":"WebPage","@id":"https:\/\/www.uqac.ca\/uqactualites\/2013\/11\/13\/38e-edition-du-bol-dor-de-football\/","url":"https:\/\/www.uqac.ca\/uqactualites\/2013\/11\/13\/38e-edition-du-bol-dor-de-football\/","name":"38e \u00e9dition du Bol d\u2019or de football - UQACtualit\u00e9s","isPartOf":{"@id":"https:\/\/www.uqac.ca\/uqactualites\/#website"},"primaryImageOfPage":{"@id":"https:\/\/www.uqac.ca\/uqactualites\/2013\/11\/13\/38e-edition-du-bol-dor-de-football\/#primaryimage"},"image":{"@id":"https:\/\/www.uqac.ca\/uqactualites\/2013\/11\/13\/38e-edition-du-bol-dor-de-football\/#primaryimage"},"thumbnailUrl":"https:\/\/www.uqac.ca\/uqactualites\/wp-content\/uploads\/2012\/05\/avis-laCommunaut-.jpg","datePublished":"2013-11-13T21:20:05+00:00","dateModified":"2013-11-13T21:20:05+00:00","author":{"@id":"https:\/\/www.uqac.ca\/uqactualites\/#\/schema\/person\/366c45a0c4f0e677b41b4af5886e2018"},"breadcrumb":{"@id":"https:\/\/www.uqac.ca\/uqactualites\/2013\/11\/13\/38e-edition-du-bol-dor-de-football\/#breadcrumb"},"inLanguage":"fr-CA","potentialAction":[{"@type":"ReadAction","target":["https:\/\/www.uqac.ca\/uqactualites\/2013\/11\/13\/38e-edition-du-bol-dor-de-football\/"]}]},{"@type":"ImageObject","inLanguage":"fr-CA","@id":"https:\/\/www.uqac.ca\/uqactualites\/2013\/11\/13\/38e-edition-du-bol-dor-de-football\/#primaryimage","url":"https:\/\/www.uqac.ca\/uqactualites\/wp-content\/uploads\/2012\/05\/avis-laCommunaut-.jpg","contentUrl":"https:\/\/www.uqac.ca\/uqactualites\/wp-content\/uploads\/2012\/05\/avis-laCommunaut-.jpg","width":620,"height":300},{"@type":"BreadcrumbList","@id":"https:\/\/www.uqac.ca\/uqactualites\/2013\/11\/13\/38e-edition-du-bol-dor-de-football\/#breadcrumb","itemListElement":[{"@type":"ListItem","position":1,"name":"Home","item":"https:\/\/www.uqac.ca\/uqactualites\/"},{"@type":"ListItem","position":2,"name":"38e \u00e9dition du Bol d\u2019or de football"}]},{"@type":"WebSite","@id":"https:\/\/www.uqac.ca\/uqactualites\/#website","url":"https:\/\/www.uqac.ca\/uqactualites\/","name":"UQACtualit\u00e9s","description":"Le portail des nouvelles de l&#039;UQAC","potentialAction":[{"@type":"SearchAction","target":{"@type":"EntryPoint","urlTemplate":"https:\/\/www.uqac.ca\/uqactualites\/?s={search_term_string}"},"query-input":{"@type":"PropertyValueSpecification","valueRequired":true,"valueName":"search_term_string"}}],"inLanguage":"fr-CA"},{"@type":"Person","@id":"https:\/\/www.uqac.ca\/uqactualites\/#\/schema\/person\/366c45a0c4f0e677b41b4af5886e2018","name":"Service des communications et des relations publiques","image":{"@type":"ImageObject","inLanguage":"fr-CA","@id":"https:\/\/www.uqac.ca\/uqactualites\/#\/schema\/person\/image\/","url":"https:\/\/secure.gravatar.com\/avatar\/20fbbda8a292f59f2d3461a5b999c00b?s=96&d=mm&r=g","contentUrl":"https:\/\/secure.gravatar.com\/avatar\/20fbbda8a292f59f2d3461a5b999c00b?s=96&d=mm&r=g","caption":"Service des communications et des relations publiques"},"url":"https:\/\/www.uqac.ca\/uqactualites\/author\/bap\/"}]}},"_links":{"self":[{"href":"https:\/\/www.uqac.ca\/uqactualites\/wp-json\/wp\/v2\/posts\/26369"}],"collection":[{"href":"https:\/\/www.uqac.ca\/uqactualites\/wp-json\/wp\/v2\/posts"}],"about":[{"href":"https:\/\/www.uqac.ca\/uqactualites\/wp-json\/wp\/v2\/types\/post"}],"author":[{"embeddable":true,"href":"https:\/\/www.uqac.ca\/uqactualites\/wp-json\/wp\/v2\/users\/5"}],"replies":[{"embeddable":true,"href":"https:\/\/www.uqac.ca\/uqactualites\/wp-json\/wp\/v2\/comments?post=26369"}],"version-history":[{"count":0,"href":"https:\/\/www.uqac.ca\/uqactualites\/wp-json\/wp\/v2\/posts\/26369\/revisions"}],"wp:featuredmedia":[{"embeddable":true,"href":"https:\/\/www.uqac.ca\/uqactualites\/wp-json\/wp\/v2\/media\/20989"}],"wp:attachment":[{"href":"https:\/\/www.uqac.ca\/uqactualites\/wp-json\/wp\/v2\/media?parent=26369"}],"wp:term":[{"taxonomy":"category","embeddable":true,"href":"https:\/\/www.uqac.ca\/uqactualites\/wp-json\/wp\/v2\/categories?post=26369"},{"taxonomy":"post_tag","embeddable":true,"href":"https:\/\/www.uqac.ca\/uqactualites\/wp-json\/wp\/v2\/tags?post=26369"}],"curies":[{"name":"wp","href":"https:\/\/api.w.org\/{rel}","templated":true}]}}