{"id":26397,"date":"2013-11-27T15:43:21","date_gmt":"2013-11-27T20:43:21","guid":{"rendered":"http:\/\/uqactualite.odev.ca\/?p=26397"},"modified":"2013-11-27T15:43:21","modified_gmt":"2013-11-27T20:43:21","slug":"rappelles-rendez-vous-critiques-risques-au-travail-et-mesures-durgence","status":"publish","type":"post","link":"https:\/\/www.uqac.ca\/uqactualites\/2013\/11\/27\/rappelles-rendez-vous-critiques-risques-au-travail-et-mesures-durgence\/","title":{"rendered":"RAPPEL &#8211; Les Rendez-vous critiques : \u00ab Risques au travail et mesures d\u2019urgence \u00bb"},"content":{"rendered":"<p style=\"text-align: justify\">Le Laboratoire de recherche et d&rsquo;intervention sur les incidents critiques en milieux de travail (ICMT) invite la communaut\u00e9 universitaire et les intervenants du milieu \u00e0 participer \u00e0 sa journ\u00e9e d\u2019\u00e9tude, pr\u00e9sent\u00e9e sous le th\u00e8me \u00ab\u00a0Risques au travail et mesures d\u2019urgence\u00a0\u00bb\u00a0:<\/p>\n<p style=\"text-align: center\" align=\"center\"><span style=\"color: #5a7411\"><span style=\"text-decoration: underline\"><a href=\"http:\/\/www.uqac.ca\/wp-content\/uploads\/2013\/11\/Rendez-vous-critiques.jpg\" target=\"_blank\" rel=\"noopener\"><span style=\"color: #5a7411;text-decoration: underline\"><b>Les Rendez-vous critiques\u00a0: <\/b><\/span><\/a><\/span><b><span style=\"text-decoration: underline\"><a href=\"http:\/\/www.uqac.ca\/wp-content\/uploads\/2013\/11\/Rendez-vous-critiques.jpg\" target=\"_blank\" rel=\"noopener\"><span style=\"color: #5a7411;text-decoration: underline\">\u00ab\u00a0Risques au travail et mesures d\u2019urgence\u00a0\u00bb<\/span><\/a><\/span><\/b><\/span><span style=\"color: #5a7411\"><b><br \/>\n<\/b>Vendredi 6 d\u00e9cembre 2013\u00a0 \u25aa\u00a0 8\u00a0h\u00a030 \u00e0 12\u00a0h<\/span><br \/>\n<span style=\"color: #5a7411\">Local H1-1055<\/span><\/p>\n<p style=\"text-align: justify\"><b>Conf\u00e9rences<\/b><\/p>\n<ul style=\"text-align: justify\">\n<li><b>\u00ab\u00a0Des risques, des mines et des hommes\u00a0\u00bb<br \/>\n<\/b><span style=\"color: #5a7411\">\u2212 Sylvain Beaupr\u00e9, professeur (UQAT)<\/span><br \/>\nPerception des risques inh\u00e9rents au m\u00e9tier de mineur de fond de la r\u00e9gion de l\u2019Abitibi-T\u00e9miscamingue.<\/li>\n<\/ul>\n<ul style=\"text-align: justify\">\n<li>\u00a0<b>\u00ab\u00a0Outre les obligations l\u00e9gales, comment se pr\u00e9parer et mesurer notre capacit\u00e9 \u00e0 r\u00e9agir en situation d&rsquo;urgence\u00a0\u00bb<br \/>\n<\/b><span style=\"color: #5a7411\">\u2212 V\u00e9ronic-Allard Vermette, chef de service \u2013 S\u00fbret\u00e9 et mesures d&rsquo;urgence (ArcelorMittal)<\/span><br \/>\n<span style=\"color: #5a7411\">\u2212 Jean-Guy Hinse, technicien en pr\u00e9vention incendie, officier-s\u00fbret\u00e9 et incendie (ArcelorMittal)<\/span><br \/>\nGestion des \u00e9v\u00e8nements critiques chez ArcelorMittal et pr\u00e9sentation du d\u00e9roulement\u00a0des simulations d\u2019urgence \u00e0 l\u2019aide de cas v\u00e9cus et des bonnes pratiques en mati\u00e8re de mesures d\u2019urgence.<\/li>\n<\/ul>\n<ul style=\"text-align: justify\">\n<li><b>\u00ab\u00a0Suicide et milieu de travail\u00a0: de la consternation \u00e0 l\u2019action!\u00a0\u00bb<br \/>\n<\/b><span style=\"color: #5a7411\">\u2212 Laurent Garneau, responsable communautaire (Centre de pr\u00e9vention du suicide \u2013 R\u00e9gion Saguenay\u2212Lac-Saint-Jean)<\/span><br \/>\nR\u00e9percussions d\u2019un suicide dans une organisation et mesures \u00e0 pr\u00e9coniser pour venir en aide aux coll\u00e8gues confront\u00e9s \u00e0 cette trag\u00e9die.<\/li>\n<\/ul>\n<ul style=\"text-align: justify\">\n<li>\u00a0<b>\u00ab\u00a0Responsabilit\u00e9 \u00e9thique\u00a0dans le travail de cadre\u00a0: quand les d\u00e9cisions laissent des traces\u00a0\u00bb<br \/>\n<\/b><span style=\"color: #5a7411\">\u2212 Mari\u00e8ve Pelletier, doctorante en orientation professionnelle (Universit\u00e9 Laval)<\/span><br \/>\nCompr\u00e9hension de l\u2019exp\u00e9rience subjective de 36 cadres quant aux enjeux \u00e9thiques dans la gestion du personnel.<\/li>\n<\/ul>\n<ul style=\"text-align: justify\">\n<li><b>\u00ab\u00a0La force de l\u2019urgence\u00a0: \u00e9tude de l\u2019impact sur les policiers de l\u2019usage de leur arme de service\u00a0\u00bb<br \/>\n<\/b><span style=\"color: #5a7411\">\u2212 Karine St-Denis, anthropologue et \u00e9thicienne, post-doctorante (UQTR)<\/span><br \/>\nCompr\u00e9hension de l&#8217;emploi de la force lors d&rsquo;interventions d&rsquo;urgence par les policiers \u00e0 partir d&rsquo;observations terrain et d&rsquo;entrevues r\u00e9alis\u00e9es aupr\u00e8s de policiers qui ont utilis\u00e9 leur arme de service.<\/li>\n<\/ul>\n<p style=\"text-align: justify\">Pour participer \u00e0 l\u2019\u00e9v\u00e9nement, veuillez confirmer votre pr\u00e9sence aupr\u00e8s de Jacinthe Douesnard (<span style=\"color: #5a7411\"><a href=\"mailto:jacinthe_douesnard@uqac.ca\"><span style=\"color: #5a7411\">jacinthe_douesnard@uqac.ca<\/span><\/a><\/span>).<\/p>\n<p style=\"text-align: justify\">Pour plus de d\u00e9tails sur l\u2019\u00e9v\u00e9nement, visitez le <span style=\"color: #5a7411\"><a href=\"http:\/\/www.uqac.ca\/icmt\" target=\"_blank\" rel=\"noopener\"><span style=\"color: #5a7411\"><b>site Web du Laboratoire ICMT<\/b><\/span><\/a><\/span>.<\/p>\n<p style=\"text-align: justify\"><b><br \/>\nRenseignements et confirmation de pr\u00e9sence\u00a0:<\/b><br \/>\nJacinthe Douesnard, professeure<br \/>\nD\u00e9partement des sciences \u00e9conomiques et administratives<br \/>\nUniversit\u00e9 du Qu\u00e9bec \u00e0 Chicoutimi<br \/>\n418 545-5011, poste 2564\u00a0 \u25aa\u00a0 <span style=\"color: #5a7411\"><a href=\"mailto:jacinthe_douesnard@uqac.ca\"><span style=\"color: #5a7411\">jacinthe_douesnard@uqac.ca<\/span><\/a><\/span><\/p>\n","protected":false},"excerpt":{"rendered":"<p>Le Laboratoire de recherche et d&rsquo;intervention sur les incidents critiques en milieux de travail (ICMT) invite la communaut\u00e9 universitaire et les intervenants du milieu \u00e0 participer \u00e0 sa journ\u00e9e d\u2019\u00e9tude, pr\u00e9sent\u00e9e sous le th\u00e8me \u00ab\u00a0Risques au travail et mesures d\u2019urgence\u00a0\u00bb\u00a0: Les Rendez-vous critiques\u00a0: \u00ab\u00a0Risques au travail et mesures d\u2019urgence\u00a0\u00bb Vendredi 6 d\u00e9cembre 2013\u00a0 \u25aa\u00a0 8\u00a0h\u00a030 [&hellip;]<\/p>\n","protected":false},"author":5,"featured_media":20989,"comment_status":"closed","ping_status":"open","sticky":false,"template":"","format":"standard","meta":{"footnotes":""},"categories":[2772],"tags":[1396,2424,8,491,2425,1941,1579,1375,274,1398],"yoast_head":"<!-- This site is optimized with the Yoast SEO plugin v24.2 - https:\/\/yoast.com\/wordpress\/plugins\/seo\/ -->\r\n<title>RAPPEL - Les Rendez-vous critiques : \u00ab Risques au travail et mesures d\u2019urgence \u00bb - UQACtualit\u00e9s<\/title>\r\n<meta name=\"robots\" content=\"index, follow, max-snippet:-1, max-image-preview:large, max-video-preview:-1\" \/>\r\n<link rel=\"canonical\" href=\"https:\/\/www.uqac.ca\/uqactualites\/2013\/11\/27\/rappelles-rendez-vous-critiques-risques-au-travail-et-mesures-durgence\/\" \/>\r\n<meta property=\"og:locale\" content=\"fr_CA\" \/>\r\n<meta property=\"og:type\" content=\"article\" \/>\r\n<meta property=\"og:title\" content=\"RAPPEL - Les Rendez-vous critiques : \u00ab Risques au travail et mesures d\u2019urgence \u00bb - UQACtualit\u00e9s\" \/>\r\n<meta property=\"og:description\" content=\"Le Laboratoire de recherche et d&rsquo;intervention sur les incidents critiques en milieux de travail (ICMT) invite la communaut\u00e9 universitaire et les intervenants du milieu \u00e0 participer \u00e0 sa journ\u00e9e d\u2019\u00e9tude, pr\u00e9sent\u00e9e sous le th\u00e8me \u00ab\u00a0Risques au travail et mesures d\u2019urgence\u00a0\u00bb\u00a0: Les Rendez-vous critiques\u00a0: \u00ab\u00a0Risques au travail et mesures d\u2019urgence\u00a0\u00bb Vendredi 6 d\u00e9cembre 2013\u00a0 \u25aa\u00a0 8\u00a0h\u00a030 [&hellip;]\" \/>\r\n<meta property=\"og:url\" content=\"https:\/\/www.uqac.ca\/uqactualites\/2013\/11\/27\/rappelles-rendez-vous-critiques-risques-au-travail-et-mesures-durgence\/\" \/>\r\n<meta property=\"og:site_name\" content=\"UQACtualit\u00e9s\" \/>\r\n<meta property=\"article:published_time\" content=\"2013-11-27T20:43:21+00:00\" \/>\r\n<meta property=\"og:image\" content=\"https:\/\/www.uqac.ca\/uqactualites\/wp-content\/uploads\/2012\/05\/avis-laCommunaut-.jpg\" \/>\r\n\t<meta property=\"og:image:width\" content=\"620\" \/>\r\n\t<meta property=\"og:image:height\" content=\"300\" \/>\r\n\t<meta property=\"og:image:type\" content=\"image\/jpeg\" \/>\r\n<meta name=\"author\" content=\"Service des communications et des relations publiques\" \/>\r\n<meta name=\"twitter:card\" content=\"summary_large_image\" \/>\r\n<meta name=\"twitter:label1\" content=\"\u00c9crit par\" \/>\n\t<meta name=\"twitter:data1\" content=\"Service des communications et des relations publiques\" \/>\n\t<meta name=\"twitter:label2\" content=\"Estimation du temps de lecture\" \/>\n\t<meta name=\"twitter:data2\" content=\"2 minutes\" \/>\r\n<script type=\"application\/ld+json\" class=\"yoast-schema-graph\">{\"@context\":\"https:\/\/schema.org\",\"@graph\":[{\"@type\":\"WebPage\",\"@id\":\"https:\/\/www.uqac.ca\/uqactualites\/2013\/11\/27\/rappelles-rendez-vous-critiques-risques-au-travail-et-mesures-durgence\/\",\"url\":\"https:\/\/www.uqac.ca\/uqactualites\/2013\/11\/27\/rappelles-rendez-vous-critiques-risques-au-travail-et-mesures-durgence\/\",\"name\":\"RAPPEL - Les Rendez-vous critiques : \u00ab Risques au travail et mesures d\u2019urgence \u00bb - UQACtualit\u00e9s\",\"isPartOf\":{\"@id\":\"https:\/\/www.uqac.ca\/uqactualites\/#website\"},\"primaryImageOfPage\":{\"@id\":\"https:\/\/www.uqac.ca\/uqactualites\/2013\/11\/27\/rappelles-rendez-vous-critiques-risques-au-travail-et-mesures-durgence\/#primaryimage\"},\"image\":{\"@id\":\"https:\/\/www.uqac.ca\/uqactualites\/2013\/11\/27\/rappelles-rendez-vous-critiques-risques-au-travail-et-mesures-durgence\/#primaryimage\"},\"thumbnailUrl\":\"https:\/\/www.uqac.ca\/uqactualites\/wp-content\/uploads\/2012\/05\/avis-laCommunaut-.jpg\",\"datePublished\":\"2013-11-27T20:43:21+00:00\",\"dateModified\":\"2013-11-27T20:43:21+00:00\",\"author\":{\"@id\":\"https:\/\/www.uqac.ca\/uqactualites\/#\/schema\/person\/366c45a0c4f0e677b41b4af5886e2018\"},\"breadcrumb\":{\"@id\":\"https:\/\/www.uqac.ca\/uqactualites\/2013\/11\/27\/rappelles-rendez-vous-critiques-risques-au-travail-et-mesures-durgence\/#breadcrumb\"},\"inLanguage\":\"fr-CA\",\"potentialAction\":[{\"@type\":\"ReadAction\",\"target\":[\"https:\/\/www.uqac.ca\/uqactualites\/2013\/11\/27\/rappelles-rendez-vous-critiques-risques-au-travail-et-mesures-durgence\/\"]}]},{\"@type\":\"ImageObject\",\"inLanguage\":\"fr-CA\",\"@id\":\"https:\/\/www.uqac.ca\/uqactualites\/2013\/11\/27\/rappelles-rendez-vous-critiques-risques-au-travail-et-mesures-durgence\/#primaryimage\",\"url\":\"https:\/\/www.uqac.ca\/uqactualites\/wp-content\/uploads\/2012\/05\/avis-laCommunaut-.jpg\",\"contentUrl\":\"https:\/\/www.uqac.ca\/uqactualites\/wp-content\/uploads\/2012\/05\/avis-laCommunaut-.jpg\",\"width\":620,\"height\":300},{\"@type\":\"BreadcrumbList\",\"@id\":\"https:\/\/www.uqac.ca\/uqactualites\/2013\/11\/27\/rappelles-rendez-vous-critiques-risques-au-travail-et-mesures-durgence\/#breadcrumb\",\"itemListElement\":[{\"@type\":\"ListItem\",\"position\":1,\"name\":\"Home\",\"item\":\"https:\/\/www.uqac.ca\/uqactualites\/\"},{\"@type\":\"ListItem\",\"position\":2,\"name\":\"RAPPEL &#8211; Les Rendez-vous critiques : \u00ab Risques au travail et mesures d\u2019urgence \u00bb\"}]},{\"@type\":\"WebSite\",\"@id\":\"https:\/\/www.uqac.ca\/uqactualites\/#website\",\"url\":\"https:\/\/www.uqac.ca\/uqactualites\/\",\"name\":\"UQACtualit\u00e9s\",\"description\":\"Le portail des nouvelles de l&#039;UQAC\",\"potentialAction\":[{\"@type\":\"SearchAction\",\"target\":{\"@type\":\"EntryPoint\",\"urlTemplate\":\"https:\/\/www.uqac.ca\/uqactualites\/?s={search_term_string}\"},\"query-input\":{\"@type\":\"PropertyValueSpecification\",\"valueRequired\":true,\"valueName\":\"search_term_string\"}}],\"inLanguage\":\"fr-CA\"},{\"@type\":\"Person\",\"@id\":\"https:\/\/www.uqac.ca\/uqactualites\/#\/schema\/person\/366c45a0c4f0e677b41b4af5886e2018\",\"name\":\"Service des communications et des relations publiques\",\"image\":{\"@type\":\"ImageObject\",\"inLanguage\":\"fr-CA\",\"@id\":\"https:\/\/www.uqac.ca\/uqactualites\/#\/schema\/person\/image\/\",\"url\":\"https:\/\/secure.gravatar.com\/avatar\/20fbbda8a292f59f2d3461a5b999c00b?s=96&d=mm&r=g\",\"contentUrl\":\"https:\/\/secure.gravatar.com\/avatar\/20fbbda8a292f59f2d3461a5b999c00b?s=96&d=mm&r=g\",\"caption\":\"Service des communications et des relations publiques\"},\"url\":\"https:\/\/www.uqac.ca\/uqactualites\/author\/bap\/\"}]}<\/script>\r\n<!-- \/ Yoast SEO plugin. -->","yoast_head_json":{"title":"RAPPEL - Les Rendez-vous critiques : \u00ab Risques au travail et mesures d\u2019urgence \u00bb - UQACtualit\u00e9s","robots":{"index":"index","follow":"follow","max-snippet":"max-snippet:-1","max-image-preview":"max-image-preview:large","max-video-preview":"max-video-preview:-1"},"canonical":"https:\/\/www.uqac.ca\/uqactualites\/2013\/11\/27\/rappelles-rendez-vous-critiques-risques-au-travail-et-mesures-durgence\/","og_locale":"fr_CA","og_type":"article","og_title":"RAPPEL - Les Rendez-vous critiques : \u00ab Risques au travail et mesures d\u2019urgence \u00bb - UQACtualit\u00e9s","og_description":"Le Laboratoire de recherche et d&rsquo;intervention sur les incidents critiques en milieux de travail (ICMT) invite la communaut\u00e9 universitaire et les intervenants du milieu \u00e0 participer \u00e0 sa journ\u00e9e d\u2019\u00e9tude, pr\u00e9sent\u00e9e sous le th\u00e8me \u00ab\u00a0Risques au travail et mesures d\u2019urgence\u00a0\u00bb\u00a0: Les Rendez-vous critiques\u00a0: \u00ab\u00a0Risques au travail et mesures d\u2019urgence\u00a0\u00bb Vendredi 6 d\u00e9cembre 2013\u00a0 \u25aa\u00a0 8\u00a0h\u00a030 [&hellip;]","og_url":"https:\/\/www.uqac.ca\/uqactualites\/2013\/11\/27\/rappelles-rendez-vous-critiques-risques-au-travail-et-mesures-durgence\/","og_site_name":"UQACtualit\u00e9s","article_published_time":"2013-11-27T20:43:21+00:00","og_image":[{"width":620,"height":300,"url":"https:\/\/www.uqac.ca\/uqactualites\/wp-content\/uploads\/2012\/05\/avis-laCommunaut-.jpg","type":"image\/jpeg"}],"author":"Service des communications et des relations publiques","twitter_card":"summary_large_image","twitter_misc":{"\u00c9crit par":"Service des communications et des relations publiques","Estimation du temps de lecture":"2 minutes"},"schema":{"@context":"https:\/\/schema.org","@graph":[{"@type":"WebPage","@id":"https:\/\/www.uqac.ca\/uqactualites\/2013\/11\/27\/rappelles-rendez-vous-critiques-risques-au-travail-et-mesures-durgence\/","url":"https:\/\/www.uqac.ca\/uqactualites\/2013\/11\/27\/rappelles-rendez-vous-critiques-risques-au-travail-et-mesures-durgence\/","name":"RAPPEL - Les Rendez-vous critiques : \u00ab Risques au travail et mesures d\u2019urgence \u00bb - UQACtualit\u00e9s","isPartOf":{"@id":"https:\/\/www.uqac.ca\/uqactualites\/#website"},"primaryImageOfPage":{"@id":"https:\/\/www.uqac.ca\/uqactualites\/2013\/11\/27\/rappelles-rendez-vous-critiques-risques-au-travail-et-mesures-durgence\/#primaryimage"},"image":{"@id":"https:\/\/www.uqac.ca\/uqactualites\/2013\/11\/27\/rappelles-rendez-vous-critiques-risques-au-travail-et-mesures-durgence\/#primaryimage"},"thumbnailUrl":"https:\/\/www.uqac.ca\/uqactualites\/wp-content\/uploads\/2012\/05\/avis-laCommunaut-.jpg","datePublished":"2013-11-27T20:43:21+00:00","dateModified":"2013-11-27T20:43:21+00:00","author":{"@id":"https:\/\/www.uqac.ca\/uqactualites\/#\/schema\/person\/366c45a0c4f0e677b41b4af5886e2018"},"breadcrumb":{"@id":"https:\/\/www.uqac.ca\/uqactualites\/2013\/11\/27\/rappelles-rendez-vous-critiques-risques-au-travail-et-mesures-durgence\/#breadcrumb"},"inLanguage":"fr-CA","potentialAction":[{"@type":"ReadAction","target":["https:\/\/www.uqac.ca\/uqactualites\/2013\/11\/27\/rappelles-rendez-vous-critiques-risques-au-travail-et-mesures-durgence\/"]}]},{"@type":"ImageObject","inLanguage":"fr-CA","@id":"https:\/\/www.uqac.ca\/uqactualites\/2013\/11\/27\/rappelles-rendez-vous-critiques-risques-au-travail-et-mesures-durgence\/#primaryimage","url":"https:\/\/www.uqac.ca\/uqactualites\/wp-content\/uploads\/2012\/05\/avis-laCommunaut-.jpg","contentUrl":"https:\/\/www.uqac.ca\/uqactualites\/wp-content\/uploads\/2012\/05\/avis-laCommunaut-.jpg","width":620,"height":300},{"@type":"BreadcrumbList","@id":"https:\/\/www.uqac.ca\/uqactualites\/2013\/11\/27\/rappelles-rendez-vous-critiques-risques-au-travail-et-mesures-durgence\/#breadcrumb","itemListElement":[{"@type":"ListItem","position":1,"name":"Home","item":"https:\/\/www.uqac.ca\/uqactualites\/"},{"@type":"ListItem","position":2,"name":"RAPPEL &#8211; Les Rendez-vous critiques : \u00ab Risques au travail et mesures d\u2019urgence \u00bb"}]},{"@type":"WebSite","@id":"https:\/\/www.uqac.ca\/uqactualites\/#website","url":"https:\/\/www.uqac.ca\/uqactualites\/","name":"UQACtualit\u00e9s","description":"Le portail des nouvelles de l&#039;UQAC","potentialAction":[{"@type":"SearchAction","target":{"@type":"EntryPoint","urlTemplate":"https:\/\/www.uqac.ca\/uqactualites\/?s={search_term_string}"},"query-input":{"@type":"PropertyValueSpecification","valueRequired":true,"valueName":"search_term_string"}}],"inLanguage":"fr-CA"},{"@type":"Person","@id":"https:\/\/www.uqac.ca\/uqactualites\/#\/schema\/person\/366c45a0c4f0e677b41b4af5886e2018","name":"Service des communications et des relations publiques","image":{"@type":"ImageObject","inLanguage":"fr-CA","@id":"https:\/\/www.uqac.ca\/uqactualites\/#\/schema\/person\/image\/","url":"https:\/\/secure.gravatar.com\/avatar\/20fbbda8a292f59f2d3461a5b999c00b?s=96&d=mm&r=g","contentUrl":"https:\/\/secure.gravatar.com\/avatar\/20fbbda8a292f59f2d3461a5b999c00b?s=96&d=mm&r=g","caption":"Service des communications et des relations publiques"},"url":"https:\/\/www.uqac.ca\/uqactualites\/author\/bap\/"}]}},"_links":{"self":[{"href":"https:\/\/www.uqac.ca\/uqactualites\/wp-json\/wp\/v2\/posts\/26397"}],"collection":[{"href":"https:\/\/www.uqac.ca\/uqactualites\/wp-json\/wp\/v2\/posts"}],"about":[{"href":"https:\/\/www.uqac.ca\/uqactualites\/wp-json\/wp\/v2\/types\/post"}],"author":[{"embeddable":true,"href":"https:\/\/www.uqac.ca\/uqactualites\/wp-json\/wp\/v2\/users\/5"}],"replies":[{"embeddable":true,"href":"https:\/\/www.uqac.ca\/uqactualites\/wp-json\/wp\/v2\/comments?post=26397"}],"version-history":[{"count":0,"href":"https:\/\/www.uqac.ca\/uqactualites\/wp-json\/wp\/v2\/posts\/26397\/revisions"}],"wp:featuredmedia":[{"embeddable":true,"href":"https:\/\/www.uqac.ca\/uqactualites\/wp-json\/wp\/v2\/media\/20989"}],"wp:attachment":[{"href":"https:\/\/www.uqac.ca\/uqactualites\/wp-json\/wp\/v2\/media?parent=26397"}],"wp:term":[{"taxonomy":"category","embeddable":true,"href":"https:\/\/www.uqac.ca\/uqactualites\/wp-json\/wp\/v2\/categories?post=26397"},{"taxonomy":"post_tag","embeddable":true,"href":"https:\/\/www.uqac.ca\/uqactualites\/wp-json\/wp\/v2\/tags?post=26397"}],"curies":[{"name":"wp","href":"https:\/\/api.w.org\/{rel}","templated":true}]}}