{"id":26411,"date":"2013-12-04T10:32:08","date_gmt":"2013-12-04T15:32:08","guid":{"rendered":"http:\/\/uqactualite.odev.ca\/?p=26411"},"modified":"2013-12-04T10:32:08","modified_gmt":"2013-12-04T15:32:08","slug":"rappelnoel-de-partage-concert-benefice-de-la-chorale-du-crda-au-profit-du-fonds-humanitaire-des-etudiants-de-luqac","status":"publish","type":"post","link":"https:\/\/www.uqac.ca\/uqactualites\/2013\/12\/04\/rappelnoel-de-partage-concert-benefice-de-la-chorale-du-crda-au-profit-du-fonds-humanitaire-des-etudiants-de-luqac\/","title":{"rendered":"RAPPEL &#8211; No\u00ebl de partage : Concert-b\u00e9n\u00e9fice de la chorale du CRDA au profit du Fonds humanitaire des \u00e9tudiants de l\u2019UQAC"},"content":{"rendered":"<p style=\"text-align: justify\">La communaut\u00e9 universitaire est invit\u00e9e \u00e0 assister \u00e0 la seconde \u00e9dition de l\u2019\u00e9v\u00e9nement <em><span style=\"text-decoration: underline\"><strong><span style=\"color: #5a7411;text-decoration: underline\"><a href=\"http:\/\/uqactualite.odev.ca\/wp-content\/uploads\/2013\/11\/No%C3%ABl_de_partage.pdf\" target=\"_blank\" rel=\"noopener\"><span style=\"color: #5a7411;text-decoration: underline\">No\u00ebl de partage<\/span><\/a><\/span><\/strong><\/span><\/em>, un concert-b\u00e9n\u00e9fice de la chorale du CRDA de Rio Tinto Alcan au profit du Fonds humanitaire des \u00e9tudiants de l\u2019UQAC\u00a0:<\/p>\n<p style=\"text-align: center\"><span style=\"color: #5a7411\"><b>Samedi 7 d\u00e9cembre 2013\u00a0 \u25aa\u00a0 19\u00a0h<\/b><\/span><br \/>\n<span style=\"color: #5a7411\">Auditorium de l&rsquo;UQAC (local P0-5000)<\/span><\/p>\n<p style=\"text-align: justify\">L\u2019activit\u00e9, une initiative d\u2019\u00e9tudiants en travail social de l\u2019UQAC r\u00e9alis\u00e9e en collaboration avec les Services aux \u00e9tudiants, se d\u00e9roulera cette ann\u00e9e sous la pr\u00e9sidence d&rsquo;honneur de Jean-Fran\u00e7ois Girard, pr\u00e9sident de l\u2019Association des dipl\u00f4m\u00e9s de l\u2019UQAC (ADUQAC).<\/p>\n<p style=\"text-align: justify\">Les billets sont en vente au bureau de la Vie \u00e9tudiante (local P1-1040 ou 418\u00a0545-5011, poste\u00a05617) au co\u00fbt de 20\u00a0$ (tarif \u00e9tudiant\u00a0: 10\u00a0$).<\/p>\n<p style=\"text-align: justify\">Nous vous invitons \u00e0 venir partager la magie des F\u00eates au profit du Fonds humanitaire des \u00e9tudiants de l&rsquo;UQAC.<br \/>\nC\u2019est un rendez-vous!<\/p>\n<p style=\"text-align: justify\"><b>Le Fonds humanitaire des \u00e9tudiants de l\u2019UQAC<\/b><br \/>\nLe Fonds humanitaire des \u00e9tudiants de l\u2019UQAC permet de soutenir financi\u00e8rement plusieurs \u00e9tudiants dans des moments difficiles, leur permettant ainsi de mieux se concentrer sur leurs \u00e9tudes. L\u2019aide accord\u00e9e par ce fonds consiste en diff\u00e9rentes formes de dons (distribution de bons alimentaires, paiement de frais de subsistance, paiement de frais reli\u00e9s \u00e0 la sant\u00e9). Pr\u00e8s de 85 dons sont effectu\u00e9s aux \u00e9tudiants de l\u2019UQAC chaque ann\u00e9e gr\u00e2ce \u00e0 ce fonds d\u2019aide.\u00a0Ces dons constituent des gestes concrets qui favorisent la pers\u00e9v\u00e9rance scolaire des \u00e9tudiants universitaires.<\/p>\n<p style=\"text-align: justify\"><b>La chorale du CRDA de Rio Tinto Alcan<br \/>\n<\/b>Fond\u00e9e en 1998 par des employ\u00e9s du Centre de recherche et de d\u00e9veloppement Arvida, la chorale du CRDA de Rio Tinto Alcan est une organisation corporative compos\u00e9e de plus de quarante personnes, principalement des employ\u00e9s et retrait\u00e9s du CRDA et d\u2019autres installations de Rio Tinto Alcan, qui s\u2019impliquent b\u00e9n\u00e9volement.\u00a0\u0152uvrant \u00e0 quatre voix mixtes, la chorale se produit sous la direction musicale d\u2019Alain Alexandre.\u00a0Son r\u00e9pertoire tr\u00e8s vari\u00e9 comporte des chants dans plusieurs langues, en accord avec l\u2019envergure mondiale de la compagnie. Depuis ses d\u00e9buts, la chorale du CRDA a donn\u00e9 plus de 25 concerts devant diff\u00e9rents publics r\u00e9unissant parents, amis et amateurs de chant.\u00a0De concert en concert, la qualit\u00e9 vocale, l\u2019harmonie et le potentiel de la chorale se sont confirm\u00e9s.\u00a0Chaque exp\u00e9rience v\u00e9cue a renforc\u00e9 le d\u00e9sir de tous les membres de continuer \u00e0 vivre leur passion du chant tout en soutenant une juste cause.<\/p>\n<p style=\"text-align: justify\"><b><br \/>\nRenseignements\u00a0:<\/b><br \/>\nMyriam Tremblay, secr\u00e9taire \u00e0 la Vie \u00e9tudiante<br \/>\nServices aux \u00e9tudiants<br \/>\nUniversit\u00e9 du Qu\u00e9bec \u00e0 Chicoutimi<br \/>\n418 545-5011, poste\u00a05617\u00a0 \u25aa\u00a0 <span style=\"color: #5a7411\"><a href=\"mailto:vie_etudiante@uqac.ca\"><span style=\"color: #5a7411\">vie_etudiante@uqac.ca<\/span><\/a><\/span><\/p>\n","protected":false},"excerpt":{"rendered":"<p>La communaut\u00e9 universitaire est invit\u00e9e \u00e0 assister \u00e0 la seconde \u00e9dition de l\u2019\u00e9v\u00e9nement No\u00ebl de partage, un concert-b\u00e9n\u00e9fice de la chorale du CRDA de Rio Tinto Alcan au profit du Fonds humanitaire des \u00e9tudiants de l\u2019UQAC\u00a0: Samedi 7 d\u00e9cembre 2013\u00a0 \u25aa\u00a0 19\u00a0h Auditorium de l&rsquo;UQAC (local P0-5000) L\u2019activit\u00e9, une initiative d\u2019\u00e9tudiants en travail social de [&hellip;]<\/p>\n","protected":false},"author":5,"featured_media":20989,"comment_status":"closed","ping_status":"open","sticky":false,"template":"","format":"standard","meta":{"footnotes":""},"categories":[2772],"tags":[1745,1843,1741,1742,996,997,571,998,1315,121,274],"yoast_head":"<!-- This site is optimized with the Yoast SEO plugin v24.2 - https:\/\/yoast.com\/wordpress\/plugins\/seo\/ -->\r\n<title>RAPPEL - No\u00ebl de partage : Concert-b\u00e9n\u00e9fice de la chorale du CRDA au profit du Fonds humanitaire des \u00e9tudiants de l\u2019UQAC - UQACtualit\u00e9s<\/title>\r\n<meta name=\"robots\" content=\"index, follow, max-snippet:-1, max-image-preview:large, max-video-preview:-1\" \/>\r\n<link rel=\"canonical\" href=\"https:\/\/www.uqac.ca\/uqactualites\/2013\/12\/04\/rappelnoel-de-partage-concert-benefice-de-la-chorale-du-crda-au-profit-du-fonds-humanitaire-des-etudiants-de-luqac\/\" \/>\r\n<meta property=\"og:locale\" content=\"fr_CA\" \/>\r\n<meta property=\"og:type\" content=\"article\" \/>\r\n<meta property=\"og:title\" content=\"RAPPEL - No\u00ebl de partage : Concert-b\u00e9n\u00e9fice de la chorale du CRDA au profit du Fonds humanitaire des \u00e9tudiants de l\u2019UQAC - UQACtualit\u00e9s\" \/>\r\n<meta property=\"og:description\" content=\"La communaut\u00e9 universitaire est invit\u00e9e \u00e0 assister \u00e0 la seconde \u00e9dition de l\u2019\u00e9v\u00e9nement No\u00ebl de partage, un concert-b\u00e9n\u00e9fice de la chorale du CRDA de Rio Tinto Alcan au profit du Fonds humanitaire des \u00e9tudiants de l\u2019UQAC\u00a0: Samedi 7 d\u00e9cembre 2013\u00a0 \u25aa\u00a0 19\u00a0h Auditorium de l&rsquo;UQAC (local P0-5000) L\u2019activit\u00e9, une initiative d\u2019\u00e9tudiants en travail social de [&hellip;]\" \/>\r\n<meta property=\"og:url\" content=\"https:\/\/www.uqac.ca\/uqactualites\/2013\/12\/04\/rappelnoel-de-partage-concert-benefice-de-la-chorale-du-crda-au-profit-du-fonds-humanitaire-des-etudiants-de-luqac\/\" \/>\r\n<meta property=\"og:site_name\" content=\"UQACtualit\u00e9s\" \/>\r\n<meta property=\"article:published_time\" content=\"2013-12-04T15:32:08+00:00\" \/>\r\n<meta property=\"og:image\" content=\"https:\/\/www.uqac.ca\/uqactualites\/wp-content\/uploads\/2012\/05\/avis-laCommunaut-.jpg\" \/>\r\n\t<meta property=\"og:image:width\" content=\"620\" \/>\r\n\t<meta property=\"og:image:height\" content=\"300\" \/>\r\n\t<meta property=\"og:image:type\" content=\"image\/jpeg\" \/>\r\n<meta name=\"author\" content=\"Service des communications et des relations publiques\" \/>\r\n<meta name=\"twitter:card\" content=\"summary_large_image\" \/>\r\n<meta name=\"twitter:label1\" content=\"\u00c9crit par\" \/>\n\t<meta name=\"twitter:data1\" content=\"Service des communications et des relations publiques\" \/>\n\t<meta name=\"twitter:label2\" content=\"Estimation du temps de lecture\" \/>\n\t<meta name=\"twitter:data2\" content=\"2 minutes\" \/>\r\n<script type=\"application\/ld+json\" class=\"yoast-schema-graph\">{\"@context\":\"https:\/\/schema.org\",\"@graph\":[{\"@type\":\"WebPage\",\"@id\":\"https:\/\/www.uqac.ca\/uqactualites\/2013\/12\/04\/rappelnoel-de-partage-concert-benefice-de-la-chorale-du-crda-au-profit-du-fonds-humanitaire-des-etudiants-de-luqac\/\",\"url\":\"https:\/\/www.uqac.ca\/uqactualites\/2013\/12\/04\/rappelnoel-de-partage-concert-benefice-de-la-chorale-du-crda-au-profit-du-fonds-humanitaire-des-etudiants-de-luqac\/\",\"name\":\"RAPPEL - No\u00ebl de partage : Concert-b\u00e9n\u00e9fice de la chorale du CRDA au profit du Fonds humanitaire des \u00e9tudiants de l\u2019UQAC - UQACtualit\u00e9s\",\"isPartOf\":{\"@id\":\"https:\/\/www.uqac.ca\/uqactualites\/#website\"},\"primaryImageOfPage\":{\"@id\":\"https:\/\/www.uqac.ca\/uqactualites\/2013\/12\/04\/rappelnoel-de-partage-concert-benefice-de-la-chorale-du-crda-au-profit-du-fonds-humanitaire-des-etudiants-de-luqac\/#primaryimage\"},\"image\":{\"@id\":\"https:\/\/www.uqac.ca\/uqactualites\/2013\/12\/04\/rappelnoel-de-partage-concert-benefice-de-la-chorale-du-crda-au-profit-du-fonds-humanitaire-des-etudiants-de-luqac\/#primaryimage\"},\"thumbnailUrl\":\"https:\/\/www.uqac.ca\/uqactualites\/wp-content\/uploads\/2012\/05\/avis-laCommunaut-.jpg\",\"datePublished\":\"2013-12-04T15:32:08+00:00\",\"dateModified\":\"2013-12-04T15:32:08+00:00\",\"author\":{\"@id\":\"https:\/\/www.uqac.ca\/uqactualites\/#\/schema\/person\/366c45a0c4f0e677b41b4af5886e2018\"},\"breadcrumb\":{\"@id\":\"https:\/\/www.uqac.ca\/uqactualites\/2013\/12\/04\/rappelnoel-de-partage-concert-benefice-de-la-chorale-du-crda-au-profit-du-fonds-humanitaire-des-etudiants-de-luqac\/#breadcrumb\"},\"inLanguage\":\"fr-CA\",\"potentialAction\":[{\"@type\":\"ReadAction\",\"target\":[\"https:\/\/www.uqac.ca\/uqactualites\/2013\/12\/04\/rappelnoel-de-partage-concert-benefice-de-la-chorale-du-crda-au-profit-du-fonds-humanitaire-des-etudiants-de-luqac\/\"]}]},{\"@type\":\"ImageObject\",\"inLanguage\":\"fr-CA\",\"@id\":\"https:\/\/www.uqac.ca\/uqactualites\/2013\/12\/04\/rappelnoel-de-partage-concert-benefice-de-la-chorale-du-crda-au-profit-du-fonds-humanitaire-des-etudiants-de-luqac\/#primaryimage\",\"url\":\"https:\/\/www.uqac.ca\/uqactualites\/wp-content\/uploads\/2012\/05\/avis-laCommunaut-.jpg\",\"contentUrl\":\"https:\/\/www.uqac.ca\/uqactualites\/wp-content\/uploads\/2012\/05\/avis-laCommunaut-.jpg\",\"width\":620,\"height\":300},{\"@type\":\"BreadcrumbList\",\"@id\":\"https:\/\/www.uqac.ca\/uqactualites\/2013\/12\/04\/rappelnoel-de-partage-concert-benefice-de-la-chorale-du-crda-au-profit-du-fonds-humanitaire-des-etudiants-de-luqac\/#breadcrumb\",\"itemListElement\":[{\"@type\":\"ListItem\",\"position\":1,\"name\":\"Home\",\"item\":\"https:\/\/www.uqac.ca\/uqactualites\/\"},{\"@type\":\"ListItem\",\"position\":2,\"name\":\"RAPPEL &#8211; No\u00ebl de partage : Concert-b\u00e9n\u00e9fice de la chorale du CRDA au profit du Fonds humanitaire des \u00e9tudiants de l\u2019UQAC\"}]},{\"@type\":\"WebSite\",\"@id\":\"https:\/\/www.uqac.ca\/uqactualites\/#website\",\"url\":\"https:\/\/www.uqac.ca\/uqactualites\/\",\"name\":\"UQACtualit\u00e9s\",\"description\":\"Le portail des nouvelles de l&#039;UQAC\",\"potentialAction\":[{\"@type\":\"SearchAction\",\"target\":{\"@type\":\"EntryPoint\",\"urlTemplate\":\"https:\/\/www.uqac.ca\/uqactualites\/?s={search_term_string}\"},\"query-input\":{\"@type\":\"PropertyValueSpecification\",\"valueRequired\":true,\"valueName\":\"search_term_string\"}}],\"inLanguage\":\"fr-CA\"},{\"@type\":\"Person\",\"@id\":\"https:\/\/www.uqac.ca\/uqactualites\/#\/schema\/person\/366c45a0c4f0e677b41b4af5886e2018\",\"name\":\"Service des communications et des relations publiques\",\"image\":{\"@type\":\"ImageObject\",\"inLanguage\":\"fr-CA\",\"@id\":\"https:\/\/www.uqac.ca\/uqactualites\/#\/schema\/person\/image\/\",\"url\":\"https:\/\/secure.gravatar.com\/avatar\/20fbbda8a292f59f2d3461a5b999c00b?s=96&d=mm&r=g\",\"contentUrl\":\"https:\/\/secure.gravatar.com\/avatar\/20fbbda8a292f59f2d3461a5b999c00b?s=96&d=mm&r=g\",\"caption\":\"Service des communications et des relations publiques\"},\"url\":\"https:\/\/www.uqac.ca\/uqactualites\/author\/bap\/\"}]}<\/script>\r\n<!-- \/ Yoast SEO plugin. -->","yoast_head_json":{"title":"RAPPEL - No\u00ebl de partage : Concert-b\u00e9n\u00e9fice de la chorale du CRDA au profit du Fonds humanitaire des \u00e9tudiants de l\u2019UQAC - UQACtualit\u00e9s","robots":{"index":"index","follow":"follow","max-snippet":"max-snippet:-1","max-image-preview":"max-image-preview:large","max-video-preview":"max-video-preview:-1"},"canonical":"https:\/\/www.uqac.ca\/uqactualites\/2013\/12\/04\/rappelnoel-de-partage-concert-benefice-de-la-chorale-du-crda-au-profit-du-fonds-humanitaire-des-etudiants-de-luqac\/","og_locale":"fr_CA","og_type":"article","og_title":"RAPPEL - No\u00ebl de partage : Concert-b\u00e9n\u00e9fice de la chorale du CRDA au profit du Fonds humanitaire des \u00e9tudiants de l\u2019UQAC - UQACtualit\u00e9s","og_description":"La communaut\u00e9 universitaire est invit\u00e9e \u00e0 assister \u00e0 la seconde \u00e9dition de l\u2019\u00e9v\u00e9nement No\u00ebl de partage, un concert-b\u00e9n\u00e9fice de la chorale du CRDA de Rio Tinto Alcan au profit du Fonds humanitaire des \u00e9tudiants de l\u2019UQAC\u00a0: Samedi 7 d\u00e9cembre 2013\u00a0 \u25aa\u00a0 19\u00a0h Auditorium de l&rsquo;UQAC (local P0-5000) L\u2019activit\u00e9, une initiative d\u2019\u00e9tudiants en travail social de [&hellip;]","og_url":"https:\/\/www.uqac.ca\/uqactualites\/2013\/12\/04\/rappelnoel-de-partage-concert-benefice-de-la-chorale-du-crda-au-profit-du-fonds-humanitaire-des-etudiants-de-luqac\/","og_site_name":"UQACtualit\u00e9s","article_published_time":"2013-12-04T15:32:08+00:00","og_image":[{"width":620,"height":300,"url":"https:\/\/www.uqac.ca\/uqactualites\/wp-content\/uploads\/2012\/05\/avis-laCommunaut-.jpg","type":"image\/jpeg"}],"author":"Service des communications et des relations publiques","twitter_card":"summary_large_image","twitter_misc":{"\u00c9crit par":"Service des communications et des relations publiques","Estimation du temps de lecture":"2 minutes"},"schema":{"@context":"https:\/\/schema.org","@graph":[{"@type":"WebPage","@id":"https:\/\/www.uqac.ca\/uqactualites\/2013\/12\/04\/rappelnoel-de-partage-concert-benefice-de-la-chorale-du-crda-au-profit-du-fonds-humanitaire-des-etudiants-de-luqac\/","url":"https:\/\/www.uqac.ca\/uqactualites\/2013\/12\/04\/rappelnoel-de-partage-concert-benefice-de-la-chorale-du-crda-au-profit-du-fonds-humanitaire-des-etudiants-de-luqac\/","name":"RAPPEL - No\u00ebl de partage : Concert-b\u00e9n\u00e9fice de la chorale du CRDA au profit du Fonds humanitaire des \u00e9tudiants de l\u2019UQAC - UQACtualit\u00e9s","isPartOf":{"@id":"https:\/\/www.uqac.ca\/uqactualites\/#website"},"primaryImageOfPage":{"@id":"https:\/\/www.uqac.ca\/uqactualites\/2013\/12\/04\/rappelnoel-de-partage-concert-benefice-de-la-chorale-du-crda-au-profit-du-fonds-humanitaire-des-etudiants-de-luqac\/#primaryimage"},"image":{"@id":"https:\/\/www.uqac.ca\/uqactualites\/2013\/12\/04\/rappelnoel-de-partage-concert-benefice-de-la-chorale-du-crda-au-profit-du-fonds-humanitaire-des-etudiants-de-luqac\/#primaryimage"},"thumbnailUrl":"https:\/\/www.uqac.ca\/uqactualites\/wp-content\/uploads\/2012\/05\/avis-laCommunaut-.jpg","datePublished":"2013-12-04T15:32:08+00:00","dateModified":"2013-12-04T15:32:08+00:00","author":{"@id":"https:\/\/www.uqac.ca\/uqactualites\/#\/schema\/person\/366c45a0c4f0e677b41b4af5886e2018"},"breadcrumb":{"@id":"https:\/\/www.uqac.ca\/uqactualites\/2013\/12\/04\/rappelnoel-de-partage-concert-benefice-de-la-chorale-du-crda-au-profit-du-fonds-humanitaire-des-etudiants-de-luqac\/#breadcrumb"},"inLanguage":"fr-CA","potentialAction":[{"@type":"ReadAction","target":["https:\/\/www.uqac.ca\/uqactualites\/2013\/12\/04\/rappelnoel-de-partage-concert-benefice-de-la-chorale-du-crda-au-profit-du-fonds-humanitaire-des-etudiants-de-luqac\/"]}]},{"@type":"ImageObject","inLanguage":"fr-CA","@id":"https:\/\/www.uqac.ca\/uqactualites\/2013\/12\/04\/rappelnoel-de-partage-concert-benefice-de-la-chorale-du-crda-au-profit-du-fonds-humanitaire-des-etudiants-de-luqac\/#primaryimage","url":"https:\/\/www.uqac.ca\/uqactualites\/wp-content\/uploads\/2012\/05\/avis-laCommunaut-.jpg","contentUrl":"https:\/\/www.uqac.ca\/uqactualites\/wp-content\/uploads\/2012\/05\/avis-laCommunaut-.jpg","width":620,"height":300},{"@type":"BreadcrumbList","@id":"https:\/\/www.uqac.ca\/uqactualites\/2013\/12\/04\/rappelnoel-de-partage-concert-benefice-de-la-chorale-du-crda-au-profit-du-fonds-humanitaire-des-etudiants-de-luqac\/#breadcrumb","itemListElement":[{"@type":"ListItem","position":1,"name":"Home","item":"https:\/\/www.uqac.ca\/uqactualites\/"},{"@type":"ListItem","position":2,"name":"RAPPEL &#8211; No\u00ebl de partage : Concert-b\u00e9n\u00e9fice de la chorale du CRDA au profit du Fonds humanitaire des \u00e9tudiants de l\u2019UQAC"}]},{"@type":"WebSite","@id":"https:\/\/www.uqac.ca\/uqactualites\/#website","url":"https:\/\/www.uqac.ca\/uqactualites\/","name":"UQACtualit\u00e9s","description":"Le portail des nouvelles de l&#039;UQAC","potentialAction":[{"@type":"SearchAction","target":{"@type":"EntryPoint","urlTemplate":"https:\/\/www.uqac.ca\/uqactualites\/?s={search_term_string}"},"query-input":{"@type":"PropertyValueSpecification","valueRequired":true,"valueName":"search_term_string"}}],"inLanguage":"fr-CA"},{"@type":"Person","@id":"https:\/\/www.uqac.ca\/uqactualites\/#\/schema\/person\/366c45a0c4f0e677b41b4af5886e2018","name":"Service des communications et des relations publiques","image":{"@type":"ImageObject","inLanguage":"fr-CA","@id":"https:\/\/www.uqac.ca\/uqactualites\/#\/schema\/person\/image\/","url":"https:\/\/secure.gravatar.com\/avatar\/20fbbda8a292f59f2d3461a5b999c00b?s=96&d=mm&r=g","contentUrl":"https:\/\/secure.gravatar.com\/avatar\/20fbbda8a292f59f2d3461a5b999c00b?s=96&d=mm&r=g","caption":"Service des communications et des relations publiques"},"url":"https:\/\/www.uqac.ca\/uqactualites\/author\/bap\/"}]}},"_links":{"self":[{"href":"https:\/\/www.uqac.ca\/uqactualites\/wp-json\/wp\/v2\/posts\/26411"}],"collection":[{"href":"https:\/\/www.uqac.ca\/uqactualites\/wp-json\/wp\/v2\/posts"}],"about":[{"href":"https:\/\/www.uqac.ca\/uqactualites\/wp-json\/wp\/v2\/types\/post"}],"author":[{"embeddable":true,"href":"https:\/\/www.uqac.ca\/uqactualites\/wp-json\/wp\/v2\/users\/5"}],"replies":[{"embeddable":true,"href":"https:\/\/www.uqac.ca\/uqactualites\/wp-json\/wp\/v2\/comments?post=26411"}],"version-history":[{"count":0,"href":"https:\/\/www.uqac.ca\/uqactualites\/wp-json\/wp\/v2\/posts\/26411\/revisions"}],"wp:featuredmedia":[{"embeddable":true,"href":"https:\/\/www.uqac.ca\/uqactualites\/wp-json\/wp\/v2\/media\/20989"}],"wp:attachment":[{"href":"https:\/\/www.uqac.ca\/uqactualites\/wp-json\/wp\/v2\/media?parent=26411"}],"wp:term":[{"taxonomy":"category","embeddable":true,"href":"https:\/\/www.uqac.ca\/uqactualites\/wp-json\/wp\/v2\/categories?post=26411"},{"taxonomy":"post_tag","embeddable":true,"href":"https:\/\/www.uqac.ca\/uqactualites\/wp-json\/wp\/v2\/tags?post=26411"}],"curies":[{"name":"wp","href":"https:\/\/api.w.org\/{rel}","templated":true}]}}