{"id":26417,"date":"2013-11-20T16:11:10","date_gmt":"2013-11-20T21:11:10","guid":{"rendered":"http:\/\/uqactualite.odev.ca\/?p=26417"},"modified":"2013-11-20T16:11:10","modified_gmt":"2013-11-20T21:11:10","slug":"ouverture-de-lexposition-cest-notre-histoire-premieres-nations-et-inuit-du-21e-siecle","status":"publish","type":"post","link":"https:\/\/www.uqac.ca\/uqactualites\/2013\/11\/20\/ouverture-de-lexposition-cest-notre-histoire-premieres-nations-et-inuit-du-21e-siecle\/","title":{"rendered":"Ouverture de l\u2019exposition C\u2019est notre histoire \u2013 Premi\u00e8res Nations et Inuit du 21e si\u00e8cle"},"content":{"rendered":"<p style=\"text-align: justify\">\u00c9lisabeth Kaine et Denis Bellemare, professeurs au D\u00e9partement des arts et lettres de l\u2019UQAC, invitent la communaut\u00e9 universitaire \u00e0 l\u2019ouverture de l\u2019exposition <i>C\u2019est notre histoire \u2013 Premi\u00e8res Nations et Inuit du 21<sup>e<\/sup> si\u00e8cle<\/i>\u00a0:<\/p>\n<p style=\"text-align: center\" align=\"center\"><span style=\"color: #5a7411\"><b>Mardi 26 novembre 2013\u00a0 <\/b><b>\u25aa<\/b><b>\u00a0 18 h 30<\/b><\/span><br \/>\n<span style=\"color: #5a7411\">Mus\u00e9e de la civilisation de Qu\u00e9bec<\/span><\/p>\n<p style=\"text-align: justify\">Cette nouvelle exposition permanente de synth\u00e8se et de r\u00e9f\u00e9rence sur l&rsquo;histoire et l&rsquo;actualit\u00e9 des nations autochtones du Qu\u00e9bec a \u00e9t\u00e9 r\u00e9alis\u00e9e en \u00e9troit partenariat avec la Bo\u00eete Rouge vif (productions audiovisuelles et interactives) et le projet de recherche \u00ab Design et culture mat\u00e9rielle \u00bb, tous deux affili\u00e9s \u00e0 l&rsquo;UQAC et dirig\u00e9s par les professeurs Kaine et Bellemare.<\/p>\n<p style=\"text-align: justify\">Consultez en ligne l\u2019<span style=\"color: #5a7411\"><a href=\"http:\/\/www.mcq.org\/fr\/envois\/invitation_notrehistoire.html\" target=\"_blank\" rel=\"noopener\"><span style=\"color: #5a7411\"><b>invitation officielle<\/b><\/span><\/a><\/span> du mus\u00e9e.<\/p>\n<p style=\"text-align: justify\"><b><br \/>\nRenseignements\u00a0:<\/b><br \/>\nJean-Fran\u00e7ois Vachon, professionnel de recherche<br \/>\nD\u00e9partement des arts et lettres<br \/>\nUniversit\u00e9 du Qu\u00e9bec \u00e0 Chicoutimi<br \/>\n418 545-5011, poste\u00a05523<\/p>\n","protected":false},"excerpt":{"rendered":"<p>\u00c9lisabeth Kaine et Denis Bellemare, professeurs au D\u00e9partement des arts et lettres de l\u2019UQAC, invitent la communaut\u00e9 universitaire \u00e0 l\u2019ouverture de l\u2019exposition C\u2019est notre histoire \u2013 Premi\u00e8res Nations et Inuit du 21e si\u00e8cle\u00a0: Mardi 26 novembre 2013\u00a0 \u25aa\u00a0 18 h 30 Mus\u00e9e de la civilisation de Qu\u00e9bec Cette nouvelle exposition permanente de synth\u00e8se et de [&hellip;]<\/p>\n","protected":false},"author":5,"featured_media":20989,"comment_status":"closed","ping_status":"open","sticky":false,"template":"","format":"standard","meta":{"footnotes":""},"categories":[2772],"tags":[1683,2427,152,38,2428,2429,360,362,1685,1686],"yoast_head":"<!-- This site is optimized with the Yoast SEO plugin v24.2 - https:\/\/yoast.com\/wordpress\/plugins\/seo\/ -->\r\n<title>Ouverture de l\u2019exposition C\u2019est notre histoire \u2013 Premi\u00e8res Nations et Inuit du 21e si\u00e8cle - UQACtualit\u00e9s<\/title>\r\n<meta name=\"robots\" content=\"index, follow, max-snippet:-1, max-image-preview:large, max-video-preview:-1\" \/>\r\n<link rel=\"canonical\" href=\"https:\/\/www.uqac.ca\/uqactualites\/2013\/11\/20\/ouverture-de-lexposition-cest-notre-histoire-premieres-nations-et-inuit-du-21e-siecle\/\" \/>\r\n<meta property=\"og:locale\" content=\"fr_CA\" \/>\r\n<meta property=\"og:type\" content=\"article\" \/>\r\n<meta property=\"og:title\" content=\"Ouverture de l\u2019exposition C\u2019est notre histoire \u2013 Premi\u00e8res Nations et Inuit du 21e si\u00e8cle - UQACtualit\u00e9s\" \/>\r\n<meta property=\"og:description\" content=\"\u00c9lisabeth Kaine et Denis Bellemare, professeurs au D\u00e9partement des arts et lettres de l\u2019UQAC, invitent la communaut\u00e9 universitaire \u00e0 l\u2019ouverture de l\u2019exposition C\u2019est notre histoire \u2013 Premi\u00e8res Nations et Inuit du 21e si\u00e8cle\u00a0: Mardi 26 novembre 2013\u00a0 \u25aa\u00a0 18 h 30 Mus\u00e9e de la civilisation de Qu\u00e9bec Cette nouvelle exposition permanente de synth\u00e8se et de [&hellip;]\" \/>\r\n<meta property=\"og:url\" content=\"https:\/\/www.uqac.ca\/uqactualites\/2013\/11\/20\/ouverture-de-lexposition-cest-notre-histoire-premieres-nations-et-inuit-du-21e-siecle\/\" \/>\r\n<meta property=\"og:site_name\" content=\"UQACtualit\u00e9s\" \/>\r\n<meta property=\"article:published_time\" content=\"2013-11-20T21:11:10+00:00\" \/>\r\n<meta property=\"og:image\" content=\"https:\/\/www.uqac.ca\/uqactualites\/wp-content\/uploads\/2012\/05\/avis-laCommunaut-.jpg\" \/>\r\n\t<meta property=\"og:image:width\" content=\"620\" \/>\r\n\t<meta property=\"og:image:height\" content=\"300\" \/>\r\n\t<meta property=\"og:image:type\" content=\"image\/jpeg\" \/>\r\n<meta name=\"author\" content=\"Service des communications et des relations publiques\" \/>\r\n<meta name=\"twitter:card\" content=\"summary_large_image\" \/>\r\n<meta name=\"twitter:label1\" content=\"\u00c9crit par\" \/>\n\t<meta name=\"twitter:data1\" content=\"Service des communications et des relations publiques\" \/>\n\t<meta name=\"twitter:label2\" content=\"Estimation du temps de lecture\" \/>\n\t<meta name=\"twitter:data2\" content=\"1 minute\" \/>\r\n<script type=\"application\/ld+json\" class=\"yoast-schema-graph\">{\"@context\":\"https:\/\/schema.org\",\"@graph\":[{\"@type\":\"WebPage\",\"@id\":\"https:\/\/www.uqac.ca\/uqactualites\/2013\/11\/20\/ouverture-de-lexposition-cest-notre-histoire-premieres-nations-et-inuit-du-21e-siecle\/\",\"url\":\"https:\/\/www.uqac.ca\/uqactualites\/2013\/11\/20\/ouverture-de-lexposition-cest-notre-histoire-premieres-nations-et-inuit-du-21e-siecle\/\",\"name\":\"Ouverture de l\u2019exposition C\u2019est notre histoire \u2013 Premi\u00e8res Nations et Inuit du 21e si\u00e8cle - UQACtualit\u00e9s\",\"isPartOf\":{\"@id\":\"https:\/\/www.uqac.ca\/uqactualites\/#website\"},\"primaryImageOfPage\":{\"@id\":\"https:\/\/www.uqac.ca\/uqactualites\/2013\/11\/20\/ouverture-de-lexposition-cest-notre-histoire-premieres-nations-et-inuit-du-21e-siecle\/#primaryimage\"},\"image\":{\"@id\":\"https:\/\/www.uqac.ca\/uqactualites\/2013\/11\/20\/ouverture-de-lexposition-cest-notre-histoire-premieres-nations-et-inuit-du-21e-siecle\/#primaryimage\"},\"thumbnailUrl\":\"https:\/\/www.uqac.ca\/uqactualites\/wp-content\/uploads\/2012\/05\/avis-laCommunaut-.jpg\",\"datePublished\":\"2013-11-20T21:11:10+00:00\",\"dateModified\":\"2013-11-20T21:11:10+00:00\",\"author\":{\"@id\":\"https:\/\/www.uqac.ca\/uqactualites\/#\/schema\/person\/366c45a0c4f0e677b41b4af5886e2018\"},\"breadcrumb\":{\"@id\":\"https:\/\/www.uqac.ca\/uqactualites\/2013\/11\/20\/ouverture-de-lexposition-cest-notre-histoire-premieres-nations-et-inuit-du-21e-siecle\/#breadcrumb\"},\"inLanguage\":\"fr-CA\",\"potentialAction\":[{\"@type\":\"ReadAction\",\"target\":[\"https:\/\/www.uqac.ca\/uqactualites\/2013\/11\/20\/ouverture-de-lexposition-cest-notre-histoire-premieres-nations-et-inuit-du-21e-siecle\/\"]}]},{\"@type\":\"ImageObject\",\"inLanguage\":\"fr-CA\",\"@id\":\"https:\/\/www.uqac.ca\/uqactualites\/2013\/11\/20\/ouverture-de-lexposition-cest-notre-histoire-premieres-nations-et-inuit-du-21e-siecle\/#primaryimage\",\"url\":\"https:\/\/www.uqac.ca\/uqactualites\/wp-content\/uploads\/2012\/05\/avis-laCommunaut-.jpg\",\"contentUrl\":\"https:\/\/www.uqac.ca\/uqactualites\/wp-content\/uploads\/2012\/05\/avis-laCommunaut-.jpg\",\"width\":620,\"height\":300},{\"@type\":\"BreadcrumbList\",\"@id\":\"https:\/\/www.uqac.ca\/uqactualites\/2013\/11\/20\/ouverture-de-lexposition-cest-notre-histoire-premieres-nations-et-inuit-du-21e-siecle\/#breadcrumb\",\"itemListElement\":[{\"@type\":\"ListItem\",\"position\":1,\"name\":\"Home\",\"item\":\"https:\/\/www.uqac.ca\/uqactualites\/\"},{\"@type\":\"ListItem\",\"position\":2,\"name\":\"Ouverture de l\u2019exposition C\u2019est notre histoire \u2013 Premi\u00e8res Nations et Inuit du 21e si\u00e8cle\"}]},{\"@type\":\"WebSite\",\"@id\":\"https:\/\/www.uqac.ca\/uqactualites\/#website\",\"url\":\"https:\/\/www.uqac.ca\/uqactualites\/\",\"name\":\"UQACtualit\u00e9s\",\"description\":\"Le portail des nouvelles de l&#039;UQAC\",\"potentialAction\":[{\"@type\":\"SearchAction\",\"target\":{\"@type\":\"EntryPoint\",\"urlTemplate\":\"https:\/\/www.uqac.ca\/uqactualites\/?s={search_term_string}\"},\"query-input\":{\"@type\":\"PropertyValueSpecification\",\"valueRequired\":true,\"valueName\":\"search_term_string\"}}],\"inLanguage\":\"fr-CA\"},{\"@type\":\"Person\",\"@id\":\"https:\/\/www.uqac.ca\/uqactualites\/#\/schema\/person\/366c45a0c4f0e677b41b4af5886e2018\",\"name\":\"Service des communications et des relations publiques\",\"image\":{\"@type\":\"ImageObject\",\"inLanguage\":\"fr-CA\",\"@id\":\"https:\/\/www.uqac.ca\/uqactualites\/#\/schema\/person\/image\/\",\"url\":\"https:\/\/secure.gravatar.com\/avatar\/20fbbda8a292f59f2d3461a5b999c00b?s=96&d=mm&r=g\",\"contentUrl\":\"https:\/\/secure.gravatar.com\/avatar\/20fbbda8a292f59f2d3461a5b999c00b?s=96&d=mm&r=g\",\"caption\":\"Service des communications et des relations publiques\"},\"url\":\"https:\/\/www.uqac.ca\/uqactualites\/author\/bap\/\"}]}<\/script>\r\n<!-- \/ Yoast SEO plugin. -->","yoast_head_json":{"title":"Ouverture de l\u2019exposition C\u2019est notre histoire \u2013 Premi\u00e8res Nations et Inuit du 21e si\u00e8cle - UQACtualit\u00e9s","robots":{"index":"index","follow":"follow","max-snippet":"max-snippet:-1","max-image-preview":"max-image-preview:large","max-video-preview":"max-video-preview:-1"},"canonical":"https:\/\/www.uqac.ca\/uqactualites\/2013\/11\/20\/ouverture-de-lexposition-cest-notre-histoire-premieres-nations-et-inuit-du-21e-siecle\/","og_locale":"fr_CA","og_type":"article","og_title":"Ouverture de l\u2019exposition C\u2019est notre histoire \u2013 Premi\u00e8res Nations et Inuit du 21e si\u00e8cle - UQACtualit\u00e9s","og_description":"\u00c9lisabeth Kaine et Denis Bellemare, professeurs au D\u00e9partement des arts et lettres de l\u2019UQAC, invitent la communaut\u00e9 universitaire \u00e0 l\u2019ouverture de l\u2019exposition C\u2019est notre histoire \u2013 Premi\u00e8res Nations et Inuit du 21e si\u00e8cle\u00a0: Mardi 26 novembre 2013\u00a0 \u25aa\u00a0 18 h 30 Mus\u00e9e de la civilisation de Qu\u00e9bec Cette nouvelle exposition permanente de synth\u00e8se et de [&hellip;]","og_url":"https:\/\/www.uqac.ca\/uqactualites\/2013\/11\/20\/ouverture-de-lexposition-cest-notre-histoire-premieres-nations-et-inuit-du-21e-siecle\/","og_site_name":"UQACtualit\u00e9s","article_published_time":"2013-11-20T21:11:10+00:00","og_image":[{"width":620,"height":300,"url":"https:\/\/www.uqac.ca\/uqactualites\/wp-content\/uploads\/2012\/05\/avis-laCommunaut-.jpg","type":"image\/jpeg"}],"author":"Service des communications et des relations publiques","twitter_card":"summary_large_image","twitter_misc":{"\u00c9crit par":"Service des communications et des relations publiques","Estimation du temps de lecture":"1 minute"},"schema":{"@context":"https:\/\/schema.org","@graph":[{"@type":"WebPage","@id":"https:\/\/www.uqac.ca\/uqactualites\/2013\/11\/20\/ouverture-de-lexposition-cest-notre-histoire-premieres-nations-et-inuit-du-21e-siecle\/","url":"https:\/\/www.uqac.ca\/uqactualites\/2013\/11\/20\/ouverture-de-lexposition-cest-notre-histoire-premieres-nations-et-inuit-du-21e-siecle\/","name":"Ouverture de l\u2019exposition C\u2019est notre histoire \u2013 Premi\u00e8res Nations et Inuit du 21e si\u00e8cle - UQACtualit\u00e9s","isPartOf":{"@id":"https:\/\/www.uqac.ca\/uqactualites\/#website"},"primaryImageOfPage":{"@id":"https:\/\/www.uqac.ca\/uqactualites\/2013\/11\/20\/ouverture-de-lexposition-cest-notre-histoire-premieres-nations-et-inuit-du-21e-siecle\/#primaryimage"},"image":{"@id":"https:\/\/www.uqac.ca\/uqactualites\/2013\/11\/20\/ouverture-de-lexposition-cest-notre-histoire-premieres-nations-et-inuit-du-21e-siecle\/#primaryimage"},"thumbnailUrl":"https:\/\/www.uqac.ca\/uqactualites\/wp-content\/uploads\/2012\/05\/avis-laCommunaut-.jpg","datePublished":"2013-11-20T21:11:10+00:00","dateModified":"2013-11-20T21:11:10+00:00","author":{"@id":"https:\/\/www.uqac.ca\/uqactualites\/#\/schema\/person\/366c45a0c4f0e677b41b4af5886e2018"},"breadcrumb":{"@id":"https:\/\/www.uqac.ca\/uqactualites\/2013\/11\/20\/ouverture-de-lexposition-cest-notre-histoire-premieres-nations-et-inuit-du-21e-siecle\/#breadcrumb"},"inLanguage":"fr-CA","potentialAction":[{"@type":"ReadAction","target":["https:\/\/www.uqac.ca\/uqactualites\/2013\/11\/20\/ouverture-de-lexposition-cest-notre-histoire-premieres-nations-et-inuit-du-21e-siecle\/"]}]},{"@type":"ImageObject","inLanguage":"fr-CA","@id":"https:\/\/www.uqac.ca\/uqactualites\/2013\/11\/20\/ouverture-de-lexposition-cest-notre-histoire-premieres-nations-et-inuit-du-21e-siecle\/#primaryimage","url":"https:\/\/www.uqac.ca\/uqactualites\/wp-content\/uploads\/2012\/05\/avis-laCommunaut-.jpg","contentUrl":"https:\/\/www.uqac.ca\/uqactualites\/wp-content\/uploads\/2012\/05\/avis-laCommunaut-.jpg","width":620,"height":300},{"@type":"BreadcrumbList","@id":"https:\/\/www.uqac.ca\/uqactualites\/2013\/11\/20\/ouverture-de-lexposition-cest-notre-histoire-premieres-nations-et-inuit-du-21e-siecle\/#breadcrumb","itemListElement":[{"@type":"ListItem","position":1,"name":"Home","item":"https:\/\/www.uqac.ca\/uqactualites\/"},{"@type":"ListItem","position":2,"name":"Ouverture de l\u2019exposition C\u2019est notre histoire \u2013 Premi\u00e8res Nations et Inuit du 21e si\u00e8cle"}]},{"@type":"WebSite","@id":"https:\/\/www.uqac.ca\/uqactualites\/#website","url":"https:\/\/www.uqac.ca\/uqactualites\/","name":"UQACtualit\u00e9s","description":"Le portail des nouvelles de l&#039;UQAC","potentialAction":[{"@type":"SearchAction","target":{"@type":"EntryPoint","urlTemplate":"https:\/\/www.uqac.ca\/uqactualites\/?s={search_term_string}"},"query-input":{"@type":"PropertyValueSpecification","valueRequired":true,"valueName":"search_term_string"}}],"inLanguage":"fr-CA"},{"@type":"Person","@id":"https:\/\/www.uqac.ca\/uqactualites\/#\/schema\/person\/366c45a0c4f0e677b41b4af5886e2018","name":"Service des communications et des relations publiques","image":{"@type":"ImageObject","inLanguage":"fr-CA","@id":"https:\/\/www.uqac.ca\/uqactualites\/#\/schema\/person\/image\/","url":"https:\/\/secure.gravatar.com\/avatar\/20fbbda8a292f59f2d3461a5b999c00b?s=96&d=mm&r=g","contentUrl":"https:\/\/secure.gravatar.com\/avatar\/20fbbda8a292f59f2d3461a5b999c00b?s=96&d=mm&r=g","caption":"Service des communications et des relations publiques"},"url":"https:\/\/www.uqac.ca\/uqactualites\/author\/bap\/"}]}},"_links":{"self":[{"href":"https:\/\/www.uqac.ca\/uqactualites\/wp-json\/wp\/v2\/posts\/26417"}],"collection":[{"href":"https:\/\/www.uqac.ca\/uqactualites\/wp-json\/wp\/v2\/posts"}],"about":[{"href":"https:\/\/www.uqac.ca\/uqactualites\/wp-json\/wp\/v2\/types\/post"}],"author":[{"embeddable":true,"href":"https:\/\/www.uqac.ca\/uqactualites\/wp-json\/wp\/v2\/users\/5"}],"replies":[{"embeddable":true,"href":"https:\/\/www.uqac.ca\/uqactualites\/wp-json\/wp\/v2\/comments?post=26417"}],"version-history":[{"count":0,"href":"https:\/\/www.uqac.ca\/uqactualites\/wp-json\/wp\/v2\/posts\/26417\/revisions"}],"wp:featuredmedia":[{"embeddable":true,"href":"https:\/\/www.uqac.ca\/uqactualites\/wp-json\/wp\/v2\/media\/20989"}],"wp:attachment":[{"href":"https:\/\/www.uqac.ca\/uqactualites\/wp-json\/wp\/v2\/media?parent=26417"}],"wp:term":[{"taxonomy":"category","embeddable":true,"href":"https:\/\/www.uqac.ca\/uqactualites\/wp-json\/wp\/v2\/categories?post=26417"},{"taxonomy":"post_tag","embeddable":true,"href":"https:\/\/www.uqac.ca\/uqactualites\/wp-json\/wp\/v2\/tags?post=26417"}],"curies":[{"name":"wp","href":"https:\/\/api.w.org\/{rel}","templated":true}]}}