{"id":26433,"date":"2013-11-21T11:42:06","date_gmt":"2013-11-21T16:42:06","guid":{"rendered":"http:\/\/uqactualite.odev.ca\/?p=26433"},"modified":"2013-11-21T11:42:06","modified_gmt":"2013-11-21T16:42:06","slug":"bourses-dexcellence-de-la-fondation-de-luqac-15-etudiants-de-luqac-recompenses","status":"publish","type":"post","link":"https:\/\/www.uqac.ca\/uqactualites\/2013\/11\/21\/bourses-dexcellence-de-la-fondation-de-luqac-15-etudiants-de-luqac-recompenses\/","title":{"rendered":"Bourses d\u2019excellence de la Fondation de l\u2019UQAC : 15 \u00e9tudiants de l\u2019UQAC r\u00e9compens\u00e9s"},"content":{"rendered":"<p style=\"text-align: justify\">C\u2019est le 12 novembre dernier qu\u2019a eu lieu la c\u00e9r\u00e9monie annuelle de remise des bourses d\u2019excellence de la Fondation de l\u2019Universit\u00e9 du Qu\u00e9bec \u00e0 Chicoutimi (FUQAC). Pr\u00e9sent\u00e9 sous la pr\u00e9sidence d\u2019honneur de M<sup>e<\/sup>\u00a0Guy\u00a0Wells, pr\u00e9sident de la FUQAC, l\u2019\u00e9v\u00e9nement f\u00eatait cette ann\u00e9e son 10<sup>e<\/sup> anniversaire. \u00c0 cette occasion, une somme de 55 000\u00a0$ a \u00e9t\u00e9 remise \u00e0 des \u00e9tudiants de l\u2019UQAC en reconnaissance de l\u2019excellence de leur dossier universitaire.<\/p>\n<p style=\"text-align: justify\">F\u00e9licitations aux laur\u00e9ats de cette 10<sup>e<\/sup> c\u00e9r\u00e9monie!<\/p>\n<p style=\"text-align: justify\"><b><br \/>\nLAUR\u00c9ATS\u00a02013-2014<\/b><\/p>\n<p style=\"text-align: justify\"><b><span style=\"text-decoration: underline\">Bourses d\u2019excellence de la FUQAC<\/span><\/b> (valeur de 10\u00a0000\u00a0$ chacune)<\/p>\n<ul style=\"text-align: justify\">\n<li>Claudia B\u00e9langer, \u00e9tudiante \u00e0 la <span style=\"color: #5a7411\"><a href=\"http:\/\/programmes.uqac.ca\/3754\" target=\"_blank\" rel=\"noopener\"><span style=\"color: #5a7411\">ma\u00eetrise en gestion des organisations<\/span><\/a><\/span><\/li>\n<li style=\"text-align: left\">Shahram Farhadi, \u00e9tudiant au <span style=\"color: #5a7411\"><a href=\"http:\/\/programmes.uqac.ca\/3737\" target=\"_blank\" rel=\"noopener\"><span style=\"color: #5a7411\">doctorat en ing\u00e9nierie <\/span><\/a><\/span><a href=\"http:\/\/www.uqac.ca\/wp-content\/uploads\/2013\/11\/9800-Bourses-FUQAC-Web-\u00a9Denis-Blackburn.jpg\"><img loading=\"lazy\" decoding=\"async\" class=\"alignnone size-full wp-image-26434\" src=\"http:\/\/www.uqac.ca\/wp-content\/uploads\/2013\/11\/9800-Bourses-FUQAC-Web-\u00a9Denis-Blackburn.jpg\" alt=\"9800 Bourses FUQAC (Web) - \u00a9Denis Blackburn\" width=\"620\" height=\"300\" srcset=\"https:\/\/www.uqac.ca\/uqactualites\/wp-content\/uploads\/2013\/11\/9800-Bourses-FUQAC-Web-\u00a9Denis-Blackburn.jpg 620w, https:\/\/www.uqac.ca\/uqactualites\/wp-content\/uploads\/2013\/11\/9800-Bourses-FUQAC-Web-\u00a9Denis-Blackburn-300x145.jpg 300w\" sizes=\"(max-width: 620px) 100vw, 620px\" \/><\/a><span style=\"color: #808080\"><b><br \/>\nSur la photo\u00a0: <\/b>Martin Gauthier, recteur, Claudia B\u00e9langer et Shahram Farhadi, laur\u00e9ats, et M<sup>e<\/sup> Guy Wells, pr\u00e9sident de la FUQAC<br \/>\n<\/span><span style=\"color: #808080\"><b>Photographe\u00a0: <\/b>Denis Blackburn, UQAC<\/span><\/li>\n<\/ul>\n<p style=\"text-align: justify\"><b><span style=\"text-decoration: underline\"><br \/>\nBourses d\u2019excellence <\/span><\/b><b><span style=\"text-decoration: underline\">\u2014 ELKEM<\/span><\/b> (valeur de 5 000\u00a0$ chacune)<\/p>\n<ul>\n<li>Fabian Tito Arandia Martinez, \u00e9tudiant \u00e0 la <span style=\"color: #5a7411\"><a href=\"http:\/\/programmes.uqac.ca\/3708\" target=\"_blank\" rel=\"noopener\"><span style=\"color: #5a7411\">ma\u00eetrise en ing\u00e9nierie<\/span><\/a><\/span><\/li>\n<li>Carl Ouellette, \u00e9tudiant au <span style=\"color: #5a7411\"><a href=\"http:\/\/programmes.uqac.ca\/7943\" target=\"_blank\" rel=\"noopener\"><span style=\"color: #5a7411\">baccalaur\u00e9at en g\u00e9nie informatique<\/span><\/a><\/span><b> <a href=\"http:\/\/www.uqac.ca\/wp-content\/uploads\/2013\/11\/9810-Bourses-Elkem-Web-\u00a9Denis-Blackburn.jpg\"><img loading=\"lazy\" decoding=\"async\" class=\"alignnone size-full wp-image-26435\" src=\"http:\/\/www.uqac.ca\/wp-content\/uploads\/2013\/11\/9810-Bourses-Elkem-Web-\u00a9Denis-Blackburn.jpg\" alt=\"9810 Bourses Elkem (Web) - \u00a9Denis Blackburn\" width=\"620\" height=\"300\" srcset=\"https:\/\/www.uqac.ca\/uqactualites\/wp-content\/uploads\/2013\/11\/9810-Bourses-Elkem-Web-\u00a9Denis-Blackburn.jpg 620w, https:\/\/www.uqac.ca\/uqactualites\/wp-content\/uploads\/2013\/11\/9810-Bourses-Elkem-Web-\u00a9Denis-Blackburn-300x145.jpg 300w\" sizes=\"(max-width: 620px) 100vw, 620px\" \/><\/a><\/b><span style=\"color: #808080\"><b><br \/>\nSur la photo\u00a0: <\/b>Martin Gauthier, recteur, Pierre Gauthier, pr\u00e9sident d\u2019Elkem M\u00e9tal Canada, Carl Ouellette et Fabian Tito Arandia Martinez, laur\u00e9ats, Mohand Ouhrouche, directeur des programmes de ma\u00eetrise et doctorat en ing\u00e9nierie, et M<sup>e<\/sup> Guy Wells, pr\u00e9sident de la FUQAC<br \/>\n<\/span><span style=\"color: #808080\"><b>Photographe\u00a0: <\/b>Denis Blackburn, UQAC<\/span><\/li>\n<\/ul>\n<p style=\"text-align: justify\"><b><span style=\"text-decoration: underline\"><br \/>\nBourses d\u2019excellence \u2014 MASOUD FARZANEH<\/span> <\/b>(valeur de 3 500\u00a0$ et de 2 500\u00a0$)<\/p>\n<ul>\n<li>Bourse de 3 500\u00a0$\u00a0: Soroush Haji Akbari Fini, \u00e9tudiant au <span style=\"color: #5a7411\"><a href=\"http:\/\/programmes.uqac.ca\/3737\" target=\"_blank\" rel=\"noopener\"><span style=\"color: #5a7411\">doctorat en ing\u00e9nierie<\/span><\/a><\/span><\/li>\n<li>Bourse de 2 500\u00a0$\u00a0: Faranak Arianpour, \u00e9tudiante au <span style=\"color: #5a7411\"><a href=\"http:\/\/programmes.uqac.ca\/3737\" target=\"_blank\" rel=\"noopener\"><span style=\"color: #5a7411\">doctorat en ing\u00e9nierie <\/span><\/a><\/span><a href=\"http:\/\/www.uqac.ca\/wp-content\/uploads\/2013\/11\/9818-Bourses-Masoud-Farzaneh-Web-\u00a9Denis-Blackburn.jpg\"><img loading=\"lazy\" decoding=\"async\" class=\"alignnone size-full wp-image-26436\" src=\"http:\/\/www.uqac.ca\/wp-content\/uploads\/2013\/11\/9818-Bourses-Masoud-Farzaneh-Web-\u00a9Denis-Blackburn.jpg\" alt=\"9818 Bourses Masoud-Farzaneh (Web) - \u00a9Denis Blackburn\" width=\"620\" height=\"300\" srcset=\"https:\/\/www.uqac.ca\/uqactualites\/wp-content\/uploads\/2013\/11\/9818-Bourses-Masoud-Farzaneh-Web-\u00a9Denis-Blackburn.jpg 620w, https:\/\/www.uqac.ca\/uqactualites\/wp-content\/uploads\/2013\/11\/9818-Bourses-Masoud-Farzaneh-Web-\u00a9Denis-Blackburn-300x145.jpg 300w\" sizes=\"(max-width: 620px) 100vw, 620px\" \/><\/a><span style=\"color: #808080\"><b><br \/>\nSur la photo\u00a0: <\/b>Martin Gauthier, recteur, Soroush Haji Akbari Fini, laur\u00e9at, Masoud Farzaneh, professeur-chercheur, Faranak Arianpour, laur\u00e9ate, et M<sup>e<\/sup> Guy Wells, pr\u00e9sident de la FUQAC<br \/>\n<\/span><span style=\"color: #808080\"><b>Photographe\u00a0: <\/b>Denis Blackburn, UQAC<\/span><\/li>\n<\/ul>\n<p style=\"text-align: justify\"><b><span style=\"text-decoration: underline\"><br \/>\nBourse d\u2019excellence \u2014 \u00c9B\u00c9NISTERIE SYLVAIN FRENETTE<\/span><\/b> (valeur de 1 000\u00a0$)<\/p>\n<ul>\n<li>Isabelle Duchesne, \u00e9tudiante au <span style=\"color: #5a7411\"><a href=\"http:\/\/programmes.uqac.ca\/7209\" target=\"_blank\" rel=\"noopener\"><span style=\"color: #5a7411\">baccalaur\u00e9at en enseignement des arts<\/span><\/a><\/span><a href=\"http:\/\/www.uqac.ca\/wp-content\/uploads\/2013\/11\/9824-Bourse-\u00c9b\u00e9nisterie-Sylvain-Frenette-Web-\u00a9Denis-Blackburn.jpg\"><img loading=\"lazy\" decoding=\"async\" class=\"alignnone size-full wp-image-26437\" src=\"http:\/\/www.uqac.ca\/wp-content\/uploads\/2013\/11\/9824-Bourse-\u00c9b\u00e9nisterie-Sylvain-Frenette-Web-\u00a9Denis-Blackburn.jpg\" alt=\"9824 Bourse \u00c9b\u00e9nisterie Sylvain Frenette (Web) - \u00a9Denis Blackburn\" width=\"620\" height=\"300\" srcset=\"https:\/\/www.uqac.ca\/uqactualites\/wp-content\/uploads\/2013\/11\/9824-Bourse-\u00c9b\u00e9nisterie-Sylvain-Frenette-Web-\u00a9Denis-Blackburn.jpg 620w, https:\/\/www.uqac.ca\/uqactualites\/wp-content\/uploads\/2013\/11\/9824-Bourse-\u00c9b\u00e9nisterie-Sylvain-Frenette-Web-\u00a9Denis-Blackburn-300x145.jpg 300w\" sizes=\"(max-width: 620px) 100vw, 620px\" \/><\/a><span style=\"color: #808080\"><b><br \/>\nSur la photo\u00a0: <\/b>Martin Gauthier, recteur, Isabelle Duchesne, laur\u00e9ate, Sylvain Frenette, donateur, et M<sup>e<\/sup> Guy Wells, pr\u00e9sident de la FUQAC<br \/>\n<\/span><span style=\"color: #808080\"><b>Photographe\u00a0: <\/b>Denis Blackburn, UQAC<\/span><\/li>\n<\/ul>\n<p style=\"text-align: justify\"><b><span style=\"text-decoration: underline\"><br \/>\nBourse d\u2019excellence \u2014 G\u00c9RARD-ARGUIN<\/span><\/b> (valeur de 1 000\u00a0$)<\/p>\n<ul>\n<li>No\u00e9mie Plourde, \u00e9tudiante \u00e0 la <span style=\"color: #5a7411\"><a href=\"http:\/\/programmes.uqac.ca\/3593\" target=\"_blank\" rel=\"noopener\"><span style=\"color: #5a7411\">ma\u00eetrise en \u00e9tudes et interventions r\u00e9gionales<\/span><\/a><\/span><a href=\"http:\/\/www.uqac.ca\/wp-content\/uploads\/2013\/11\/9821-Bourse-G\u00e9rard-Arguin-Web-\u00a9Denis-Blackburn.jpg\"><img loading=\"lazy\" decoding=\"async\" class=\"alignnone size-full wp-image-26438\" src=\"http:\/\/www.uqac.ca\/wp-content\/uploads\/2013\/11\/9821-Bourse-G\u00e9rard-Arguin-Web-\u00a9Denis-Blackburn.jpg\" alt=\"9821 Bourse G\u00e9rard-Arguin (Web) - \u00a9Denis Blackburn\" width=\"620\" height=\"300\" srcset=\"https:\/\/www.uqac.ca\/uqactualites\/wp-content\/uploads\/2013\/11\/9821-Bourse-G\u00e9rard-Arguin-Web-\u00a9Denis-Blackburn.jpg 620w, https:\/\/www.uqac.ca\/uqactualites\/wp-content\/uploads\/2013\/11\/9821-Bourse-G\u00e9rard-Arguin-Web-\u00a9Denis-Blackburn-300x145.jpg 300w\" sizes=\"(max-width: 620px) 100vw, 620px\" \/><\/a><span style=\"color: #808080\"><b><br \/>\nSur la photo\u00a0: <\/b>Martin Gauthier, recteur, No\u00e9mie Plourde, laur\u00e9ate, Louise Gagnon-Arguin, donatrice, et M<sup>e<\/sup>\u00a0Guy Wells, pr\u00e9sident de la FUQAC<br \/>\n<\/span><span style=\"color: #808080\"><b>Photographe\u00a0: <\/b>Denis Blackburn, UQAC<\/span><\/li>\n<\/ul>\n<p style=\"text-align: justify\"><b><span style=\"text-decoration: underline\"><br \/>\nBourse d\u2019excellence \u2014 MAJORIC-N\u00c9RON<\/span><\/b> (valeur de 1 000\u00a0$)<\/p>\n<ul>\n<li>Lynda Gingras, \u00e9tudiante au <span style=\"color: #5a7411\"><a href=\"http:\/\/programmes.uqac.ca\/7207\" target=\"_blank\" rel=\"noopener\"><span style=\"color: #5a7411\">baccalaur\u00e9at en enseignement des langues secondes<\/span><\/a><\/span><a href=\"http:\/\/www.uqac.ca\/wp-content\/uploads\/2013\/11\/9820-Bourse-Majoric-N\u00e9ron-Web-\u00a9Denis-Blackburn.jpg\"><img loading=\"lazy\" decoding=\"async\" class=\"alignnone size-full wp-image-26439\" src=\"http:\/\/www.uqac.ca\/wp-content\/uploads\/2013\/11\/9820-Bourse-Majoric-N\u00e9ron-Web-\u00a9Denis-Blackburn.jpg\" alt=\"9820 Bourse Majoric-N\u00e9ron (Web) - \u00a9Denis Blackburn\" width=\"620\" height=\"300\" srcset=\"https:\/\/www.uqac.ca\/uqactualites\/wp-content\/uploads\/2013\/11\/9820-Bourse-Majoric-N\u00e9ron-Web-\u00a9Denis-Blackburn.jpg 620w, https:\/\/www.uqac.ca\/uqactualites\/wp-content\/uploads\/2013\/11\/9820-Bourse-Majoric-N\u00e9ron-Web-\u00a9Denis-Blackburn-300x145.jpg 300w\" sizes=\"(max-width: 620px) 100vw, 620px\" \/><\/a><span style=\"color: #808080\"><b><br \/>\nSur la photo\u00a0: <\/b>Martin Gauthier, recteur, Lynda Gingras, laur\u00e9ate, Jos\u00e9e N\u00e9ron, donatrice, et M<sup>e<\/sup>\u00a0Guy Wells, pr\u00e9sident de la FUQAC<br \/>\n<\/span><span style=\"color: #808080\"><b>Photographe\u00a0: <\/b>Denis Blackburn, UQAC<\/span><\/li>\n<\/ul>\n<p style=\"text-align: justify\"><b><span style=\"text-decoration: underline\"><br \/>\nBourse d\u2019excellence \u2014 REN\u00c9-TREMBLAY<\/span><\/b><b> (valeur de 1 000\u00a0$)<\/b><\/p>\n<ul>\n<li>Annick Robertson, \u00e9tudiante au <span style=\"color: #5a7411\"><a href=\"http:\/\/programmes.uqac.ca\/3666\" target=\"_blank\" rel=\"noopener\"><span style=\"color: #5a7411\">doctorat en \u00e9ducation<\/span><\/a><\/span><a href=\"http:\/\/www.uqac.ca\/wp-content\/uploads\/2013\/11\/9827-Bourse-Ren\u00e9-Tremblay-Web-\u00a9Denis-Blackburn.jpg\"><img loading=\"lazy\" decoding=\"async\" class=\"alignnone size-full wp-image-26440\" src=\"http:\/\/www.uqac.ca\/wp-content\/uploads\/2013\/11\/9827-Bourse-Ren\u00e9-Tremblay-Web-\u00a9Denis-Blackburn.jpg\" alt=\"9827 Bourse Ren\u00e9-Tremblay (Web) - \u00a9Denis Blackburn\" width=\"620\" height=\"300\" srcset=\"https:\/\/www.uqac.ca\/uqactualites\/wp-content\/uploads\/2013\/11\/9827-Bourse-Ren\u00e9-Tremblay-Web-\u00a9Denis-Blackburn.jpg 620w, https:\/\/www.uqac.ca\/uqactualites\/wp-content\/uploads\/2013\/11\/9827-Bourse-Ren\u00e9-Tremblay-Web-\u00a9Denis-Blackburn-300x145.jpg 300w\" sizes=\"(max-width: 620px) 100vw, 620px\" \/><\/a><span style=\"color: #808080\"><b><br \/>\nSur la photo\u00a0: <\/b>Martin Gauthier, recteur, Annick Robertson, laur\u00e9ate, Pauline Tremblay, donatrice,\u00a0et M<sup>e<\/sup>\u00a0Guy Wells, pr\u00e9sident de la FUQAC<br \/>\n<\/span><span style=\"color: #808080\"><b>Photographe\u00a0: <\/b>Denis Blackburn, UQAC<\/span><\/li>\n<\/ul>\n<p style=\"text-align: justify\"><b><span style=\"text-decoration: underline\"><br \/>\nBourses d\u2019excellence \u2014 LUCIEN BOUCHARD<\/span><\/b> (valeur de 3 000\u00a0$ chacune)<\/p>\n<ul>\n<li>Pia Plese, \u00e9tudiante au<span style=\"color: #5a7411\"><a href=\"http:\/\/programmes.uqac.ca\/3141\" target=\"_blank\" rel=\"noopener\"><span style=\"color: #5a7411\"> doctorat en sciences de la Terre et de l\u2019atmosph\u00e8re<\/span><\/a><\/span><\/li>\n<li>Lina Lin, \u00e9tudiante au <span style=\"color: #5a7411\"><a href=\"http:\/\/programmes.uqac.ca\/3141\" target=\"_blank\" rel=\"noopener\"><span style=\"color: #5a7411\">doctorat en sciences de la Terre et de l\u2019atmosph\u00e8re<\/span><\/a><\/span><\/li>\n<li>Maryline Huet, \u00e9tudiante \u00e0 la <span style=\"color: #5a7411\"><a href=\"http:\/\/programmes.uqac.ca\/3687\" target=\"_blank\" rel=\"noopener\"><span style=\"color: #5a7411\">ma\u00eetrise en sciences de la Terre<\/span><\/a><\/span><\/li>\n<li>Jo\u00eblle Thiboutot-Goyette, \u00e9tudiante \u00e0 la <span style=\"color: #5a7411\"><a href=\"http:\/\/programmes.uqac.ca\/3687\" target=\"_blank\" rel=\"noopener\"><span style=\"color: #5a7411\">ma\u00eetrise en sciences de la Terre<\/span><\/a><\/span><\/li>\n<li>Omb\u00e9line Ghesqui\u00e8re, \u00e9tudiante \u00e0 la <span style=\"color: #5a7411\"><a href=\"http:\/\/programmes.uqac.ca\/3687\" target=\"_blank\" rel=\"noopener\"><span style=\"color: #5a7411\">ma\u00eetrise en sciences de la Terre<\/span><\/a><\/span><a href=\"http:\/\/www.uqac.ca\/wp-content\/uploads\/2013\/11\/9839-Bourses-Lucien-Bouchard-Web-\u00a9Denis-Blackburn.jpg\"><img loading=\"lazy\" decoding=\"async\" class=\"alignnone size-full wp-image-26441\" src=\"http:\/\/www.uqac.ca\/wp-content\/uploads\/2013\/11\/9839-Bourses-Lucien-Bouchard-Web-\u00a9Denis-Blackburn.jpg\" alt=\"9839 Bourses Lucien-Bouchard (Web) - \u00a9Denis Blackburn\" width=\"620\" height=\"300\" srcset=\"https:\/\/www.uqac.ca\/uqactualites\/wp-content\/uploads\/2013\/11\/9839-Bourses-Lucien-Bouchard-Web-\u00a9Denis-Blackburn.jpg 620w, https:\/\/www.uqac.ca\/uqactualites\/wp-content\/uploads\/2013\/11\/9839-Bourses-Lucien-Bouchard-Web-\u00a9Denis-Blackburn-300x145.jpg 300w\" sizes=\"(max-width: 620px) 100vw, 620px\" \/><\/a><span style=\"color: #808080\"><b><br \/>\nSur la photo\u00a0: <\/b>Martin Gauthier, recteur, Maryline Huet, Omb\u00e9line Ghesqui\u00e8re, Jo\u00eblle Thiboutot-Goyette, Pia Plese et Lina Lin, laur\u00e9ates, Paul B\u00e9dard, responsable des programmes de 1<sup>er<\/sup> cycle en sciences de la Terre, et M<sup>e<\/sup> Guy Wells, pr\u00e9sident de la FUQAC<br \/>\n<\/span><span style=\"color: #808080\"><b>Photographe\u00a0: <\/b>Denis Blackburn, UQAC<\/span><\/li>\n<\/ul>\n<p style=\"text-align: justify\" align=\"left\"><b><br \/>\nSources\u00a0:<\/b><\/p>\n<p style=\"text-align: justify\" align=\"left\">Fondation de l\u2019UQAC<br \/>\n418 545-5011, poste\u00a04141\u00a0 \u25aa\u00a0 \u00a0<span style=\"color: #5a7411\"><a href=\"mailto:fuqac@uqac.ca\"><span style=\"color: #5a7411\">fuqac@uqac.ca<\/span><\/a><\/span><\/p>\n<p style=\"text-align: justify\" align=\"left\">Bureau des affaires publiques<br \/>\nUniversit\u00e9 du Qu\u00e9bec \u00e0 Chicoutimi<br \/>\n418\u00a0545-5011, poste\u00a02350\u00a0 \u25aa\u00a0 <span style=\"color: #5a7411\"><a href=\"mailto:affaires_publiques@uqac.ca\"><span style=\"color: #5a7411\">affaires_publiques@uqac.ca<\/span><\/a><\/span><\/p>\n<p style=\"text-align: justify\" align=\"left\"><span style=\"color: #808080\">________________________________________________________________________________________<\/span><\/p>\n<p><span style=\"color: #808080\"><b>Sur la photo (\u00e0 la une)\u00a0: <\/b>Martin Gauthier, recteur, Claudia B\u00e9langer et Shahram Farhadi, laur\u00e9ats, et M<sup>e<\/sup>\u00a0Guy Wells, pr\u00e9sident de la FUQAC<\/span><br \/>\n<span style=\"color: #808080\"><b>Photographe\u00a0: <\/b>Denis Blackburn, UQAC<\/span><br \/>\n<span style=\"color: #808080\">________________________________________________________________________________________<\/span><\/p>\n","protected":false},"excerpt":{"rendered":"<p>C\u2019est le 12 novembre dernier qu\u2019a eu lieu la c\u00e9r\u00e9monie annuelle de remise des bourses d\u2019excellence de la Fondation de l\u2019Universit\u00e9 du Qu\u00e9bec \u00e0 Chicoutimi (FUQAC). Pr\u00e9sent\u00e9 sous la pr\u00e9sidence d\u2019honneur de Me\u00a0Guy\u00a0Wells, pr\u00e9sident de la FUQAC, l\u2019\u00e9v\u00e9nement f\u00eatait cette ann\u00e9e son 10e anniversaire. \u00c0 cette occasion, une somme de 55 000\u00a0$ a \u00e9t\u00e9 remise [&hellip;]<\/p>\n","protected":false},"author":5,"featured_media":26434,"comment_status":"open","ping_status":"open","sticky":false,"template":"","format":"standard","meta":{"footnotes":""},"categories":[2,9],"tags":[54,283,284,49,163],"yoast_head":"<!-- This site is optimized with the Yoast SEO plugin v24.2 - https:\/\/yoast.com\/wordpress\/plugins\/seo\/ -->\r\n<title>Bourses d\u2019excellence de la Fondation de l\u2019UQAC : 15 \u00e9tudiants de l\u2019UQAC r\u00e9compens\u00e9s - UQACtualit\u00e9s<\/title>\r\n<meta name=\"robots\" content=\"index, follow, max-snippet:-1, max-image-preview:large, max-video-preview:-1\" \/>\r\n<link rel=\"canonical\" href=\"https:\/\/www.uqac.ca\/uqactualites\/2013\/11\/21\/bourses-dexcellence-de-la-fondation-de-luqac-15-etudiants-de-luqac-recompenses\/\" \/>\r\n<meta property=\"og:locale\" content=\"fr_CA\" \/>\r\n<meta property=\"og:type\" content=\"article\" \/>\r\n<meta property=\"og:title\" content=\"Bourses d\u2019excellence de la Fondation de l\u2019UQAC : 15 \u00e9tudiants de l\u2019UQAC r\u00e9compens\u00e9s - UQACtualit\u00e9s\" \/>\r\n<meta property=\"og:description\" content=\"C\u2019est le 12 novembre dernier qu\u2019a eu lieu la c\u00e9r\u00e9monie annuelle de remise des bourses d\u2019excellence de la Fondation de l\u2019Universit\u00e9 du Qu\u00e9bec \u00e0 Chicoutimi (FUQAC). Pr\u00e9sent\u00e9 sous la pr\u00e9sidence d\u2019honneur de Me\u00a0Guy\u00a0Wells, pr\u00e9sident de la FUQAC, l\u2019\u00e9v\u00e9nement f\u00eatait cette ann\u00e9e son 10e anniversaire. \u00c0 cette occasion, une somme de 55 000\u00a0$ a \u00e9t\u00e9 remise [&hellip;]\" \/>\r\n<meta property=\"og:url\" content=\"https:\/\/www.uqac.ca\/uqactualites\/2013\/11\/21\/bourses-dexcellence-de-la-fondation-de-luqac-15-etudiants-de-luqac-recompenses\/\" \/>\r\n<meta property=\"og:site_name\" content=\"UQACtualit\u00e9s\" \/>\r\n<meta property=\"article:published_time\" content=\"2013-11-21T16:42:06+00:00\" \/>\r\n<meta property=\"og:image\" content=\"https:\/\/www.uqac.ca\/uqactualites\/wp-content\/uploads\/2013\/11\/9800-Bourses-FUQAC-Web-\u00a9Denis-Blackburn.jpg\" \/>\r\n\t<meta property=\"og:image:width\" content=\"620\" \/>\r\n\t<meta property=\"og:image:height\" content=\"300\" \/>\r\n\t<meta property=\"og:image:type\" content=\"image\/jpeg\" \/>\r\n<meta name=\"author\" content=\"Service des communications et des relations publiques\" \/>\r\n<meta name=\"twitter:card\" content=\"summary_large_image\" \/>\r\n<meta name=\"twitter:label1\" content=\"\u00c9crit par\" \/>\n\t<meta name=\"twitter:data1\" content=\"Service des communications et des relations publiques\" \/>\n\t<meta name=\"twitter:label2\" content=\"Estimation du temps de lecture\" \/>\n\t<meta name=\"twitter:data2\" content=\"3 minutes\" \/>\r\n<script type=\"application\/ld+json\" class=\"yoast-schema-graph\">{\"@context\":\"https:\/\/schema.org\",\"@graph\":[{\"@type\":\"WebPage\",\"@id\":\"https:\/\/www.uqac.ca\/uqactualites\/2013\/11\/21\/bourses-dexcellence-de-la-fondation-de-luqac-15-etudiants-de-luqac-recompenses\/\",\"url\":\"https:\/\/www.uqac.ca\/uqactualites\/2013\/11\/21\/bourses-dexcellence-de-la-fondation-de-luqac-15-etudiants-de-luqac-recompenses\/\",\"name\":\"Bourses d\u2019excellence de la Fondation de l\u2019UQAC : 15 \u00e9tudiants de l\u2019UQAC r\u00e9compens\u00e9s - UQACtualit\u00e9s\",\"isPartOf\":{\"@id\":\"https:\/\/www.uqac.ca\/uqactualites\/#website\"},\"primaryImageOfPage\":{\"@id\":\"https:\/\/www.uqac.ca\/uqactualites\/2013\/11\/21\/bourses-dexcellence-de-la-fondation-de-luqac-15-etudiants-de-luqac-recompenses\/#primaryimage\"},\"image\":{\"@id\":\"https:\/\/www.uqac.ca\/uqactualites\/2013\/11\/21\/bourses-dexcellence-de-la-fondation-de-luqac-15-etudiants-de-luqac-recompenses\/#primaryimage\"},\"thumbnailUrl\":\"https:\/\/www.uqac.ca\/uqactualites\/wp-content\/uploads\/2013\/11\/9800-Bourses-FUQAC-Web-\u00a9Denis-Blackburn.jpg\",\"datePublished\":\"2013-11-21T16:42:06+00:00\",\"dateModified\":\"2013-11-21T16:42:06+00:00\",\"author\":{\"@id\":\"https:\/\/www.uqac.ca\/uqactualites\/#\/schema\/person\/366c45a0c4f0e677b41b4af5886e2018\"},\"breadcrumb\":{\"@id\":\"https:\/\/www.uqac.ca\/uqactualites\/2013\/11\/21\/bourses-dexcellence-de-la-fondation-de-luqac-15-etudiants-de-luqac-recompenses\/#breadcrumb\"},\"inLanguage\":\"fr-CA\",\"potentialAction\":[{\"@type\":\"ReadAction\",\"target\":[\"https:\/\/www.uqac.ca\/uqactualites\/2013\/11\/21\/bourses-dexcellence-de-la-fondation-de-luqac-15-etudiants-de-luqac-recompenses\/\"]}]},{\"@type\":\"ImageObject\",\"inLanguage\":\"fr-CA\",\"@id\":\"https:\/\/www.uqac.ca\/uqactualites\/2013\/11\/21\/bourses-dexcellence-de-la-fondation-de-luqac-15-etudiants-de-luqac-recompenses\/#primaryimage\",\"url\":\"https:\/\/www.uqac.ca\/uqactualites\/wp-content\/uploads\/2013\/11\/9800-Bourses-FUQAC-Web-\u00a9Denis-Blackburn.jpg\",\"contentUrl\":\"https:\/\/www.uqac.ca\/uqactualites\/wp-content\/uploads\/2013\/11\/9800-Bourses-FUQAC-Web-\u00a9Denis-Blackburn.jpg\",\"width\":620,\"height\":300},{\"@type\":\"BreadcrumbList\",\"@id\":\"https:\/\/www.uqac.ca\/uqactualites\/2013\/11\/21\/bourses-dexcellence-de-la-fondation-de-luqac-15-etudiants-de-luqac-recompenses\/#breadcrumb\",\"itemListElement\":[{\"@type\":\"ListItem\",\"position\":1,\"name\":\"Home\",\"item\":\"https:\/\/www.uqac.ca\/uqactualites\/\"},{\"@type\":\"ListItem\",\"position\":2,\"name\":\"Bourses d\u2019excellence de la Fondation de l\u2019UQAC : 15 \u00e9tudiants de l\u2019UQAC r\u00e9compens\u00e9s\"}]},{\"@type\":\"WebSite\",\"@id\":\"https:\/\/www.uqac.ca\/uqactualites\/#website\",\"url\":\"https:\/\/www.uqac.ca\/uqactualites\/\",\"name\":\"UQACtualit\u00e9s\",\"description\":\"Le portail des nouvelles de l&#039;UQAC\",\"potentialAction\":[{\"@type\":\"SearchAction\",\"target\":{\"@type\":\"EntryPoint\",\"urlTemplate\":\"https:\/\/www.uqac.ca\/uqactualites\/?s={search_term_string}\"},\"query-input\":{\"@type\":\"PropertyValueSpecification\",\"valueRequired\":true,\"valueName\":\"search_term_string\"}}],\"inLanguage\":\"fr-CA\"},{\"@type\":\"Person\",\"@id\":\"https:\/\/www.uqac.ca\/uqactualites\/#\/schema\/person\/366c45a0c4f0e677b41b4af5886e2018\",\"name\":\"Service des communications et des relations publiques\",\"image\":{\"@type\":\"ImageObject\",\"inLanguage\":\"fr-CA\",\"@id\":\"https:\/\/www.uqac.ca\/uqactualites\/#\/schema\/person\/image\/\",\"url\":\"https:\/\/secure.gravatar.com\/avatar\/20fbbda8a292f59f2d3461a5b999c00b?s=96&d=mm&r=g\",\"contentUrl\":\"https:\/\/secure.gravatar.com\/avatar\/20fbbda8a292f59f2d3461a5b999c00b?s=96&d=mm&r=g\",\"caption\":\"Service des communications et des relations publiques\"},\"url\":\"https:\/\/www.uqac.ca\/uqactualites\/author\/bap\/\"}]}<\/script>\r\n<!-- \/ Yoast SEO plugin. -->","yoast_head_json":{"title":"Bourses d\u2019excellence de la Fondation de l\u2019UQAC : 15 \u00e9tudiants de l\u2019UQAC r\u00e9compens\u00e9s - UQACtualit\u00e9s","robots":{"index":"index","follow":"follow","max-snippet":"max-snippet:-1","max-image-preview":"max-image-preview:large","max-video-preview":"max-video-preview:-1"},"canonical":"https:\/\/www.uqac.ca\/uqactualites\/2013\/11\/21\/bourses-dexcellence-de-la-fondation-de-luqac-15-etudiants-de-luqac-recompenses\/","og_locale":"fr_CA","og_type":"article","og_title":"Bourses d\u2019excellence de la Fondation de l\u2019UQAC : 15 \u00e9tudiants de l\u2019UQAC r\u00e9compens\u00e9s - UQACtualit\u00e9s","og_description":"C\u2019est le 12 novembre dernier qu\u2019a eu lieu la c\u00e9r\u00e9monie annuelle de remise des bourses d\u2019excellence de la Fondation de l\u2019Universit\u00e9 du Qu\u00e9bec \u00e0 Chicoutimi (FUQAC). Pr\u00e9sent\u00e9 sous la pr\u00e9sidence d\u2019honneur de Me\u00a0Guy\u00a0Wells, pr\u00e9sident de la FUQAC, l\u2019\u00e9v\u00e9nement f\u00eatait cette ann\u00e9e son 10e anniversaire. \u00c0 cette occasion, une somme de 55 000\u00a0$ a \u00e9t\u00e9 remise [&hellip;]","og_url":"https:\/\/www.uqac.ca\/uqactualites\/2013\/11\/21\/bourses-dexcellence-de-la-fondation-de-luqac-15-etudiants-de-luqac-recompenses\/","og_site_name":"UQACtualit\u00e9s","article_published_time":"2013-11-21T16:42:06+00:00","og_image":[{"width":620,"height":300,"url":"https:\/\/www.uqac.ca\/uqactualites\/wp-content\/uploads\/2013\/11\/9800-Bourses-FUQAC-Web-\u00a9Denis-Blackburn.jpg","type":"image\/jpeg"}],"author":"Service des communications et des relations publiques","twitter_card":"summary_large_image","twitter_misc":{"\u00c9crit par":"Service des communications et des relations publiques","Estimation du temps de lecture":"3 minutes"},"schema":{"@context":"https:\/\/schema.org","@graph":[{"@type":"WebPage","@id":"https:\/\/www.uqac.ca\/uqactualites\/2013\/11\/21\/bourses-dexcellence-de-la-fondation-de-luqac-15-etudiants-de-luqac-recompenses\/","url":"https:\/\/www.uqac.ca\/uqactualites\/2013\/11\/21\/bourses-dexcellence-de-la-fondation-de-luqac-15-etudiants-de-luqac-recompenses\/","name":"Bourses d\u2019excellence de la Fondation de l\u2019UQAC : 15 \u00e9tudiants de l\u2019UQAC r\u00e9compens\u00e9s - UQACtualit\u00e9s","isPartOf":{"@id":"https:\/\/www.uqac.ca\/uqactualites\/#website"},"primaryImageOfPage":{"@id":"https:\/\/www.uqac.ca\/uqactualites\/2013\/11\/21\/bourses-dexcellence-de-la-fondation-de-luqac-15-etudiants-de-luqac-recompenses\/#primaryimage"},"image":{"@id":"https:\/\/www.uqac.ca\/uqactualites\/2013\/11\/21\/bourses-dexcellence-de-la-fondation-de-luqac-15-etudiants-de-luqac-recompenses\/#primaryimage"},"thumbnailUrl":"https:\/\/www.uqac.ca\/uqactualites\/wp-content\/uploads\/2013\/11\/9800-Bourses-FUQAC-Web-\u00a9Denis-Blackburn.jpg","datePublished":"2013-11-21T16:42:06+00:00","dateModified":"2013-11-21T16:42:06+00:00","author":{"@id":"https:\/\/www.uqac.ca\/uqactualites\/#\/schema\/person\/366c45a0c4f0e677b41b4af5886e2018"},"breadcrumb":{"@id":"https:\/\/www.uqac.ca\/uqactualites\/2013\/11\/21\/bourses-dexcellence-de-la-fondation-de-luqac-15-etudiants-de-luqac-recompenses\/#breadcrumb"},"inLanguage":"fr-CA","potentialAction":[{"@type":"ReadAction","target":["https:\/\/www.uqac.ca\/uqactualites\/2013\/11\/21\/bourses-dexcellence-de-la-fondation-de-luqac-15-etudiants-de-luqac-recompenses\/"]}]},{"@type":"ImageObject","inLanguage":"fr-CA","@id":"https:\/\/www.uqac.ca\/uqactualites\/2013\/11\/21\/bourses-dexcellence-de-la-fondation-de-luqac-15-etudiants-de-luqac-recompenses\/#primaryimage","url":"https:\/\/www.uqac.ca\/uqactualites\/wp-content\/uploads\/2013\/11\/9800-Bourses-FUQAC-Web-\u00a9Denis-Blackburn.jpg","contentUrl":"https:\/\/www.uqac.ca\/uqactualites\/wp-content\/uploads\/2013\/11\/9800-Bourses-FUQAC-Web-\u00a9Denis-Blackburn.jpg","width":620,"height":300},{"@type":"BreadcrumbList","@id":"https:\/\/www.uqac.ca\/uqactualites\/2013\/11\/21\/bourses-dexcellence-de-la-fondation-de-luqac-15-etudiants-de-luqac-recompenses\/#breadcrumb","itemListElement":[{"@type":"ListItem","position":1,"name":"Home","item":"https:\/\/www.uqac.ca\/uqactualites\/"},{"@type":"ListItem","position":2,"name":"Bourses d\u2019excellence de la Fondation de l\u2019UQAC : 15 \u00e9tudiants de l\u2019UQAC r\u00e9compens\u00e9s"}]},{"@type":"WebSite","@id":"https:\/\/www.uqac.ca\/uqactualites\/#website","url":"https:\/\/www.uqac.ca\/uqactualites\/","name":"UQACtualit\u00e9s","description":"Le portail des nouvelles de l&#039;UQAC","potentialAction":[{"@type":"SearchAction","target":{"@type":"EntryPoint","urlTemplate":"https:\/\/www.uqac.ca\/uqactualites\/?s={search_term_string}"},"query-input":{"@type":"PropertyValueSpecification","valueRequired":true,"valueName":"search_term_string"}}],"inLanguage":"fr-CA"},{"@type":"Person","@id":"https:\/\/www.uqac.ca\/uqactualites\/#\/schema\/person\/366c45a0c4f0e677b41b4af5886e2018","name":"Service des communications et des relations publiques","image":{"@type":"ImageObject","inLanguage":"fr-CA","@id":"https:\/\/www.uqac.ca\/uqactualites\/#\/schema\/person\/image\/","url":"https:\/\/secure.gravatar.com\/avatar\/20fbbda8a292f59f2d3461a5b999c00b?s=96&d=mm&r=g","contentUrl":"https:\/\/secure.gravatar.com\/avatar\/20fbbda8a292f59f2d3461a5b999c00b?s=96&d=mm&r=g","caption":"Service des communications et des relations publiques"},"url":"https:\/\/www.uqac.ca\/uqactualites\/author\/bap\/"}]}},"_links":{"self":[{"href":"https:\/\/www.uqac.ca\/uqactualites\/wp-json\/wp\/v2\/posts\/26433"}],"collection":[{"href":"https:\/\/www.uqac.ca\/uqactualites\/wp-json\/wp\/v2\/posts"}],"about":[{"href":"https:\/\/www.uqac.ca\/uqactualites\/wp-json\/wp\/v2\/types\/post"}],"author":[{"embeddable":true,"href":"https:\/\/www.uqac.ca\/uqactualites\/wp-json\/wp\/v2\/users\/5"}],"replies":[{"embeddable":true,"href":"https:\/\/www.uqac.ca\/uqactualites\/wp-json\/wp\/v2\/comments?post=26433"}],"version-history":[{"count":0,"href":"https:\/\/www.uqac.ca\/uqactualites\/wp-json\/wp\/v2\/posts\/26433\/revisions"}],"wp:featuredmedia":[{"embeddable":true,"href":"https:\/\/www.uqac.ca\/uqactualites\/wp-json\/wp\/v2\/media\/26434"}],"wp:attachment":[{"href":"https:\/\/www.uqac.ca\/uqactualites\/wp-json\/wp\/v2\/media?parent=26433"}],"wp:term":[{"taxonomy":"category","embeddable":true,"href":"https:\/\/www.uqac.ca\/uqactualites\/wp-json\/wp\/v2\/categories?post=26433"},{"taxonomy":"post_tag","embeddable":true,"href":"https:\/\/www.uqac.ca\/uqactualites\/wp-json\/wp\/v2\/tags?post=26433"}],"curies":[{"name":"wp","href":"https:\/\/api.w.org\/{rel}","templated":true}]}}