{"id":26502,"date":"2013-11-27T10:08:14","date_gmt":"2013-11-27T15:08:14","guid":{"rendered":"http:\/\/uqactualite.odev.ca\/?p=26502"},"modified":"2013-11-27T10:08:14","modified_gmt":"2013-11-27T15:08:14","slug":"diner-multiculturel","status":"publish","type":"post","link":"https:\/\/www.uqac.ca\/uqactualites\/2013\/11\/27\/diner-multiculturel\/","title":{"rendered":"D\u00eener multiculturel"},"content":{"rendered":"<p style=\"text-align: justify\">L\u2019Association des \u00e9tudiants internationaux de l\u2019UQAC (AEI-UQAC) convie la communaut\u00e9 universitaire \u00e0 son d\u00eener multiculturel 2013, pr\u00e9sent\u00e9 sous le th\u00e8me \u00ab\u00a0Saveurs d\u2019ailleurs\u00a0\u00bb\u00a0:<\/p>\n<p style=\"text-align: center\" align=\"center\"><span style=\"color: #5a7411\"><b>Mercredi 4 d\u00e9cembre 2013\u00a0 <\/b><b>\u25aa<\/b><b>\u00a0 11\u00a0h\u00a030 \u00e0 14\u00a0h\u00a030<\/b><\/span><br \/>\n<span style=\"color: #5a7411\">Caf\u00e9t\u00e9ria de l\u2019UQAC<\/span><\/p>\n<p style=\"text-align: justify\">\u00c0 l\u2019occasion de ce d\u00eener, trois diff\u00e9rentes r\u00e9gions seront mises \u00e0 l\u2019honneur\u00a0: l\u2019Europe avec sa tarte proven\u00e7ale, l\u2019Afrique avec son cocktail de fritures et le Maghreb avec ses baghrirs. Les repas seront offerts au choix \u00e0 la carte de la caf\u00e9t\u00e9ria (au prix courant d\u2019un repas).<\/p>\n<p style=\"text-align: justify\">Des kiosques vous proposant du th\u00e9 iranien, du th\u00e9 chinois, du th\u00e9 maghr\u00e9bin et le fameux jus de bissap seront aussi mis \u00e0 votre disposition. \u00c0 cela s\u2019ajouteront diff\u00e9rents kiosques, pr\u00e9sent\u00e9s par des \u00e9tudiants internationaux qui vous feront d\u00e9couvrir leur pays.<\/p>\n<p style=\"text-align: justify\">D\u2019autres surprises vous attendent\u00a0: saisissez cette occasion de d\u00e9couvrir diverses cultures qui rendent ce monde si surprenant et enrichissant! C\u2019est un rendez-vous!<\/p>\n<p style=\"text-align: justify\"><b>\u00c0 noter<\/b><br \/>\nLe jour de l\u2019\u00e9v\u00e8nement, des photos et des vid\u00e9os seront capt\u00e9es pour assurer l\u2019archivage des activit\u00e9s. Elles pourraient \u00eatre publi\u00e9es sur la page Facebook de l\u2019Association des \u00e9tudiants internationaux de l\u2019UQAC et sur le site Web de l\u2019UQAC.<\/p>\n<p style=\"text-align: justify\"><b><br \/>\nRenseignements\u00a0: <\/b><br \/>\nAssociation des \u00e9tudiants internationaux (AEI-UQAC)<br \/>\nUniversit\u00e9 du Qu\u00e9bec \u00e0 Chicoutimi<br \/>\n418\u00a0545-5011, poste 2040\u00a0 \u25aa\u00a0 <span style=\"color: #5a7411\"><a href=\"mailto:internationaux_associationdesetudiants@uqac.ca\"><span style=\"color: #5a7411\">internationaux_associationdesetudiants@uqac.ca<\/span><\/a><\/span>\u00a0 \u25aa\u00a0 Local P0 5030<\/p>\n","protected":false},"excerpt":{"rendered":"<p>L\u2019Association des \u00e9tudiants internationaux de l\u2019UQAC (AEI-UQAC) convie la communaut\u00e9 universitaire \u00e0 son d\u00eener multiculturel 2013, pr\u00e9sent\u00e9 sous le th\u00e8me \u00ab\u00a0Saveurs d\u2019ailleurs\u00a0\u00bb\u00a0: Mercredi 4 d\u00e9cembre 2013\u00a0 \u25aa\u00a0 11\u00a0h\u00a030 \u00e0 14\u00a0h\u00a030 Caf\u00e9t\u00e9ria de l\u2019UQAC \u00c0 l\u2019occasion de ce d\u00eener, trois diff\u00e9rentes r\u00e9gions seront mises \u00e0 l\u2019honneur\u00a0: l\u2019Europe avec sa tarte proven\u00e7ale, l\u2019Afrique avec son cocktail de [&hellip;]<\/p>\n","protected":false},"author":5,"featured_media":20989,"comment_status":"closed","ping_status":"open","sticky":false,"template":"","format":"standard","meta":{"footnotes":""},"categories":[2772],"tags":[1254,1127,82,1256,2445],"yoast_head":"<!-- This site is optimized with the Yoast SEO plugin v24.2 - https:\/\/yoast.com\/wordpress\/plugins\/seo\/ -->\r\n<title>D\u00eener multiculturel - UQACtualit\u00e9s<\/title>\r\n<meta name=\"robots\" content=\"index, follow, max-snippet:-1, max-image-preview:large, max-video-preview:-1\" \/>\r\n<link rel=\"canonical\" href=\"https:\/\/www.uqac.ca\/uqactualites\/2013\/11\/27\/diner-multiculturel\/\" \/>\r\n<meta property=\"og:locale\" content=\"fr_CA\" \/>\r\n<meta property=\"og:type\" content=\"article\" \/>\r\n<meta property=\"og:title\" content=\"D\u00eener multiculturel - UQACtualit\u00e9s\" \/>\r\n<meta property=\"og:description\" content=\"L\u2019Association des \u00e9tudiants internationaux de l\u2019UQAC (AEI-UQAC) convie la communaut\u00e9 universitaire \u00e0 son d\u00eener multiculturel 2013, pr\u00e9sent\u00e9 sous le th\u00e8me \u00ab\u00a0Saveurs d\u2019ailleurs\u00a0\u00bb\u00a0: Mercredi 4 d\u00e9cembre 2013\u00a0 \u25aa\u00a0 11\u00a0h\u00a030 \u00e0 14\u00a0h\u00a030 Caf\u00e9t\u00e9ria de l\u2019UQAC \u00c0 l\u2019occasion de ce d\u00eener, trois diff\u00e9rentes r\u00e9gions seront mises \u00e0 l\u2019honneur\u00a0: l\u2019Europe avec sa tarte proven\u00e7ale, l\u2019Afrique avec son cocktail de [&hellip;]\" \/>\r\n<meta property=\"og:url\" content=\"https:\/\/www.uqac.ca\/uqactualites\/2013\/11\/27\/diner-multiculturel\/\" \/>\r\n<meta property=\"og:site_name\" content=\"UQACtualit\u00e9s\" \/>\r\n<meta property=\"article:published_time\" content=\"2013-11-27T15:08:14+00:00\" \/>\r\n<meta property=\"og:image\" content=\"https:\/\/www.uqac.ca\/uqactualites\/wp-content\/uploads\/2012\/05\/avis-laCommunaut-.jpg\" \/>\r\n\t<meta property=\"og:image:width\" content=\"620\" \/>\r\n\t<meta property=\"og:image:height\" content=\"300\" \/>\r\n\t<meta property=\"og:image:type\" content=\"image\/jpeg\" \/>\r\n<meta name=\"author\" content=\"Service des communications et des relations publiques\" \/>\r\n<meta name=\"twitter:card\" content=\"summary_large_image\" \/>\r\n<meta name=\"twitter:label1\" content=\"\u00c9crit par\" \/>\n\t<meta name=\"twitter:data1\" content=\"Service des communications et des relations publiques\" \/>\n\t<meta name=\"twitter:label2\" content=\"Estimation du temps de lecture\" \/>\n\t<meta name=\"twitter:data2\" content=\"1 minute\" \/>\r\n<script type=\"application\/ld+json\" class=\"yoast-schema-graph\">{\"@context\":\"https:\/\/schema.org\",\"@graph\":[{\"@type\":\"WebPage\",\"@id\":\"https:\/\/www.uqac.ca\/uqactualites\/2013\/11\/27\/diner-multiculturel\/\",\"url\":\"https:\/\/www.uqac.ca\/uqactualites\/2013\/11\/27\/diner-multiculturel\/\",\"name\":\"D\u00eener multiculturel - UQACtualit\u00e9s\",\"isPartOf\":{\"@id\":\"https:\/\/www.uqac.ca\/uqactualites\/#website\"},\"primaryImageOfPage\":{\"@id\":\"https:\/\/www.uqac.ca\/uqactualites\/2013\/11\/27\/diner-multiculturel\/#primaryimage\"},\"image\":{\"@id\":\"https:\/\/www.uqac.ca\/uqactualites\/2013\/11\/27\/diner-multiculturel\/#primaryimage\"},\"thumbnailUrl\":\"https:\/\/www.uqac.ca\/uqactualites\/wp-content\/uploads\/2012\/05\/avis-laCommunaut-.jpg\",\"datePublished\":\"2013-11-27T15:08:14+00:00\",\"dateModified\":\"2013-11-27T15:08:14+00:00\",\"author\":{\"@id\":\"https:\/\/www.uqac.ca\/uqactualites\/#\/schema\/person\/366c45a0c4f0e677b41b4af5886e2018\"},\"breadcrumb\":{\"@id\":\"https:\/\/www.uqac.ca\/uqactualites\/2013\/11\/27\/diner-multiculturel\/#breadcrumb\"},\"inLanguage\":\"fr-CA\",\"potentialAction\":[{\"@type\":\"ReadAction\",\"target\":[\"https:\/\/www.uqac.ca\/uqactualites\/2013\/11\/27\/diner-multiculturel\/\"]}]},{\"@type\":\"ImageObject\",\"inLanguage\":\"fr-CA\",\"@id\":\"https:\/\/www.uqac.ca\/uqactualites\/2013\/11\/27\/diner-multiculturel\/#primaryimage\",\"url\":\"https:\/\/www.uqac.ca\/uqactualites\/wp-content\/uploads\/2012\/05\/avis-laCommunaut-.jpg\",\"contentUrl\":\"https:\/\/www.uqac.ca\/uqactualites\/wp-content\/uploads\/2012\/05\/avis-laCommunaut-.jpg\",\"width\":620,\"height\":300},{\"@type\":\"BreadcrumbList\",\"@id\":\"https:\/\/www.uqac.ca\/uqactualites\/2013\/11\/27\/diner-multiculturel\/#breadcrumb\",\"itemListElement\":[{\"@type\":\"ListItem\",\"position\":1,\"name\":\"Home\",\"item\":\"https:\/\/www.uqac.ca\/uqactualites\/\"},{\"@type\":\"ListItem\",\"position\":2,\"name\":\"D\u00eener multiculturel\"}]},{\"@type\":\"WebSite\",\"@id\":\"https:\/\/www.uqac.ca\/uqactualites\/#website\",\"url\":\"https:\/\/www.uqac.ca\/uqactualites\/\",\"name\":\"UQACtualit\u00e9s\",\"description\":\"Le portail des nouvelles de l&#039;UQAC\",\"potentialAction\":[{\"@type\":\"SearchAction\",\"target\":{\"@type\":\"EntryPoint\",\"urlTemplate\":\"https:\/\/www.uqac.ca\/uqactualites\/?s={search_term_string}\"},\"query-input\":{\"@type\":\"PropertyValueSpecification\",\"valueRequired\":true,\"valueName\":\"search_term_string\"}}],\"inLanguage\":\"fr-CA\"},{\"@type\":\"Person\",\"@id\":\"https:\/\/www.uqac.ca\/uqactualites\/#\/schema\/person\/366c45a0c4f0e677b41b4af5886e2018\",\"name\":\"Service des communications et des relations publiques\",\"image\":{\"@type\":\"ImageObject\",\"inLanguage\":\"fr-CA\",\"@id\":\"https:\/\/www.uqac.ca\/uqactualites\/#\/schema\/person\/image\/\",\"url\":\"https:\/\/secure.gravatar.com\/avatar\/20fbbda8a292f59f2d3461a5b999c00b?s=96&d=mm&r=g\",\"contentUrl\":\"https:\/\/secure.gravatar.com\/avatar\/20fbbda8a292f59f2d3461a5b999c00b?s=96&d=mm&r=g\",\"caption\":\"Service des communications et des relations publiques\"},\"url\":\"https:\/\/www.uqac.ca\/uqactualites\/author\/bap\/\"}]}<\/script>\r\n<!-- \/ Yoast SEO plugin. -->","yoast_head_json":{"title":"D\u00eener multiculturel - UQACtualit\u00e9s","robots":{"index":"index","follow":"follow","max-snippet":"max-snippet:-1","max-image-preview":"max-image-preview:large","max-video-preview":"max-video-preview:-1"},"canonical":"https:\/\/www.uqac.ca\/uqactualites\/2013\/11\/27\/diner-multiculturel\/","og_locale":"fr_CA","og_type":"article","og_title":"D\u00eener multiculturel - UQACtualit\u00e9s","og_description":"L\u2019Association des \u00e9tudiants internationaux de l\u2019UQAC (AEI-UQAC) convie la communaut\u00e9 universitaire \u00e0 son d\u00eener multiculturel 2013, pr\u00e9sent\u00e9 sous le th\u00e8me \u00ab\u00a0Saveurs d\u2019ailleurs\u00a0\u00bb\u00a0: Mercredi 4 d\u00e9cembre 2013\u00a0 \u25aa\u00a0 11\u00a0h\u00a030 \u00e0 14\u00a0h\u00a030 Caf\u00e9t\u00e9ria de l\u2019UQAC \u00c0 l\u2019occasion de ce d\u00eener, trois diff\u00e9rentes r\u00e9gions seront mises \u00e0 l\u2019honneur\u00a0: l\u2019Europe avec sa tarte proven\u00e7ale, l\u2019Afrique avec son cocktail de [&hellip;]","og_url":"https:\/\/www.uqac.ca\/uqactualites\/2013\/11\/27\/diner-multiculturel\/","og_site_name":"UQACtualit\u00e9s","article_published_time":"2013-11-27T15:08:14+00:00","og_image":[{"width":620,"height":300,"url":"https:\/\/www.uqac.ca\/uqactualites\/wp-content\/uploads\/2012\/05\/avis-laCommunaut-.jpg","type":"image\/jpeg"}],"author":"Service des communications et des relations publiques","twitter_card":"summary_large_image","twitter_misc":{"\u00c9crit par":"Service des communications et des relations publiques","Estimation du temps de lecture":"1 minute"},"schema":{"@context":"https:\/\/schema.org","@graph":[{"@type":"WebPage","@id":"https:\/\/www.uqac.ca\/uqactualites\/2013\/11\/27\/diner-multiculturel\/","url":"https:\/\/www.uqac.ca\/uqactualites\/2013\/11\/27\/diner-multiculturel\/","name":"D\u00eener multiculturel - UQACtualit\u00e9s","isPartOf":{"@id":"https:\/\/www.uqac.ca\/uqactualites\/#website"},"primaryImageOfPage":{"@id":"https:\/\/www.uqac.ca\/uqactualites\/2013\/11\/27\/diner-multiculturel\/#primaryimage"},"image":{"@id":"https:\/\/www.uqac.ca\/uqactualites\/2013\/11\/27\/diner-multiculturel\/#primaryimage"},"thumbnailUrl":"https:\/\/www.uqac.ca\/uqactualites\/wp-content\/uploads\/2012\/05\/avis-laCommunaut-.jpg","datePublished":"2013-11-27T15:08:14+00:00","dateModified":"2013-11-27T15:08:14+00:00","author":{"@id":"https:\/\/www.uqac.ca\/uqactualites\/#\/schema\/person\/366c45a0c4f0e677b41b4af5886e2018"},"breadcrumb":{"@id":"https:\/\/www.uqac.ca\/uqactualites\/2013\/11\/27\/diner-multiculturel\/#breadcrumb"},"inLanguage":"fr-CA","potentialAction":[{"@type":"ReadAction","target":["https:\/\/www.uqac.ca\/uqactualites\/2013\/11\/27\/diner-multiculturel\/"]}]},{"@type":"ImageObject","inLanguage":"fr-CA","@id":"https:\/\/www.uqac.ca\/uqactualites\/2013\/11\/27\/diner-multiculturel\/#primaryimage","url":"https:\/\/www.uqac.ca\/uqactualites\/wp-content\/uploads\/2012\/05\/avis-laCommunaut-.jpg","contentUrl":"https:\/\/www.uqac.ca\/uqactualites\/wp-content\/uploads\/2012\/05\/avis-laCommunaut-.jpg","width":620,"height":300},{"@type":"BreadcrumbList","@id":"https:\/\/www.uqac.ca\/uqactualites\/2013\/11\/27\/diner-multiculturel\/#breadcrumb","itemListElement":[{"@type":"ListItem","position":1,"name":"Home","item":"https:\/\/www.uqac.ca\/uqactualites\/"},{"@type":"ListItem","position":2,"name":"D\u00eener multiculturel"}]},{"@type":"WebSite","@id":"https:\/\/www.uqac.ca\/uqactualites\/#website","url":"https:\/\/www.uqac.ca\/uqactualites\/","name":"UQACtualit\u00e9s","description":"Le portail des nouvelles de l&#039;UQAC","potentialAction":[{"@type":"SearchAction","target":{"@type":"EntryPoint","urlTemplate":"https:\/\/www.uqac.ca\/uqactualites\/?s={search_term_string}"},"query-input":{"@type":"PropertyValueSpecification","valueRequired":true,"valueName":"search_term_string"}}],"inLanguage":"fr-CA"},{"@type":"Person","@id":"https:\/\/www.uqac.ca\/uqactualites\/#\/schema\/person\/366c45a0c4f0e677b41b4af5886e2018","name":"Service des communications et des relations publiques","image":{"@type":"ImageObject","inLanguage":"fr-CA","@id":"https:\/\/www.uqac.ca\/uqactualites\/#\/schema\/person\/image\/","url":"https:\/\/secure.gravatar.com\/avatar\/20fbbda8a292f59f2d3461a5b999c00b?s=96&d=mm&r=g","contentUrl":"https:\/\/secure.gravatar.com\/avatar\/20fbbda8a292f59f2d3461a5b999c00b?s=96&d=mm&r=g","caption":"Service des communications et des relations publiques"},"url":"https:\/\/www.uqac.ca\/uqactualites\/author\/bap\/"}]}},"_links":{"self":[{"href":"https:\/\/www.uqac.ca\/uqactualites\/wp-json\/wp\/v2\/posts\/26502"}],"collection":[{"href":"https:\/\/www.uqac.ca\/uqactualites\/wp-json\/wp\/v2\/posts"}],"about":[{"href":"https:\/\/www.uqac.ca\/uqactualites\/wp-json\/wp\/v2\/types\/post"}],"author":[{"embeddable":true,"href":"https:\/\/www.uqac.ca\/uqactualites\/wp-json\/wp\/v2\/users\/5"}],"replies":[{"embeddable":true,"href":"https:\/\/www.uqac.ca\/uqactualites\/wp-json\/wp\/v2\/comments?post=26502"}],"version-history":[{"count":0,"href":"https:\/\/www.uqac.ca\/uqactualites\/wp-json\/wp\/v2\/posts\/26502\/revisions"}],"wp:featuredmedia":[{"embeddable":true,"href":"https:\/\/www.uqac.ca\/uqactualites\/wp-json\/wp\/v2\/media\/20989"}],"wp:attachment":[{"href":"https:\/\/www.uqac.ca\/uqactualites\/wp-json\/wp\/v2\/media?parent=26502"}],"wp:term":[{"taxonomy":"category","embeddable":true,"href":"https:\/\/www.uqac.ca\/uqactualites\/wp-json\/wp\/v2\/categories?post=26502"},{"taxonomy":"post_tag","embeddable":true,"href":"https:\/\/www.uqac.ca\/uqactualites\/wp-json\/wp\/v2\/tags?post=26502"}],"curies":[{"name":"wp","href":"https:\/\/api.w.org\/{rel}","templated":true}]}}