{"id":26509,"date":"2013-11-27T15:42:24","date_gmt":"2013-11-27T20:42:24","guid":{"rendered":"http:\/\/uqactualite.odev.ca\/?p=26509"},"modified":"2013-11-27T15:42:24","modified_gmt":"2013-11-27T20:42:24","slug":"collecte-de-denrees-non-perissables","status":"publish","type":"post","link":"https:\/\/www.uqac.ca\/uqactualites\/2013\/11\/27\/collecte-de-denrees-non-perissables\/","title":{"rendered":"Collecte de denr\u00e9es non p\u00e9rissables"},"content":{"rendered":"<p style=\"text-align: justify\">Les \u00e9tudiants au Programme de formation m\u00e9dicale \u00e0 Saguenay (PFMS), au nom du Comit\u00e9 de droits humains et paix et du Comit\u00e9 de la sant\u00e9 mondiale, invitent la communaut\u00e9 universitaire \u00e0 participer \u00e0 leur collecte des denr\u00e9es non p\u00e9rissables\u00a0:<\/p>\n<p style=\"text-align: center\" align=\"center\"><span style=\"color: #5a7411\"><b>Du jeudi 28 novembre au mardi 17 d\u00e9cembre 2013<\/b><\/span><br \/>\n<span style=\"color: #5a7411\">Entr\u00e9e est du Pavillon principal<\/span><\/p>\n<p style=\"text-align: justify\">Les denr\u00e9es recueillies seront remises \u00e0 la soci\u00e9t\u00e9 Saint-Vincent-de-Paul pour la confection de paniers de No\u00ebl, qui seront\u00a0offerts aux personnes dans le besoin.<\/p>\n<p style=\"text-align: justify\">Soyez g\u00e9n\u00e9reux!<\/p>\n<p style=\"text-align: justify\"><b><br \/>\nRenseignements\u00a0: <\/b><br \/>\nJo\u00eblle Blanchette, \u00e9tudiante au PFMS<br \/>\n<span style=\"color: #5a7411\"><a href=\"mailto:joelle.blanchette@usherbrooke.ca\"><span style=\"color: #5a7411\">joelle.blanchette@usherbrooke.ca<\/span><\/a><\/span><\/p>\n","protected":false},"excerpt":{"rendered":"<p>Les \u00e9tudiants au Programme de formation m\u00e9dicale \u00e0 Saguenay (PFMS), au nom du Comit\u00e9 de droits humains et paix et du Comit\u00e9 de la sant\u00e9 mondiale, invitent la communaut\u00e9 universitaire \u00e0 participer \u00e0 leur collecte des denr\u00e9es non p\u00e9rissables\u00a0: Du jeudi 28 novembre au mardi 17 d\u00e9cembre 2013 Entr\u00e9e est du Pavillon principal Les denr\u00e9es [&hellip;]<\/p>\n","protected":false},"author":5,"featured_media":20989,"comment_status":"closed","ping_status":"open","sticky":false,"template":"","format":"standard","meta":{"footnotes":""},"categories":[2772],"tags":[531,2446,571,2265],"yoast_head":"<!-- This site is optimized with the Yoast SEO plugin v24.2 - https:\/\/yoast.com\/wordpress\/plugins\/seo\/ -->\r\n<title>Collecte de denr\u00e9es non p\u00e9rissables - UQACtualit\u00e9s<\/title>\r\n<meta name=\"robots\" content=\"index, follow, max-snippet:-1, max-image-preview:large, max-video-preview:-1\" \/>\r\n<link rel=\"canonical\" href=\"https:\/\/www.uqac.ca\/uqactualites\/2013\/11\/27\/collecte-de-denrees-non-perissables\/\" \/>\r\n<meta property=\"og:locale\" content=\"fr_CA\" \/>\r\n<meta property=\"og:type\" content=\"article\" \/>\r\n<meta property=\"og:title\" content=\"Collecte de denr\u00e9es non p\u00e9rissables - UQACtualit\u00e9s\" \/>\r\n<meta property=\"og:description\" content=\"Les \u00e9tudiants au Programme de formation m\u00e9dicale \u00e0 Saguenay (PFMS), au nom du Comit\u00e9 de droits humains et paix et du Comit\u00e9 de la sant\u00e9 mondiale, invitent la communaut\u00e9 universitaire \u00e0 participer \u00e0 leur collecte des denr\u00e9es non p\u00e9rissables\u00a0: Du jeudi 28 novembre au mardi 17 d\u00e9cembre 2013 Entr\u00e9e est du Pavillon principal Les denr\u00e9es [&hellip;]\" \/>\r\n<meta property=\"og:url\" content=\"https:\/\/www.uqac.ca\/uqactualites\/2013\/11\/27\/collecte-de-denrees-non-perissables\/\" \/>\r\n<meta property=\"og:site_name\" content=\"UQACtualit\u00e9s\" \/>\r\n<meta property=\"article:published_time\" content=\"2013-11-27T20:42:24+00:00\" \/>\r\n<meta property=\"og:image\" content=\"https:\/\/www.uqac.ca\/uqactualites\/wp-content\/uploads\/2012\/05\/avis-laCommunaut-.jpg\" \/>\r\n\t<meta property=\"og:image:width\" content=\"620\" \/>\r\n\t<meta property=\"og:image:height\" content=\"300\" \/>\r\n\t<meta property=\"og:image:type\" content=\"image\/jpeg\" \/>\r\n<meta name=\"author\" content=\"Service des communications et des relations publiques\" \/>\r\n<meta name=\"twitter:card\" content=\"summary_large_image\" \/>\r\n<meta name=\"twitter:label1\" content=\"\u00c9crit par\" \/>\n\t<meta name=\"twitter:data1\" content=\"Service des communications et des relations publiques\" \/>\r\n<script type=\"application\/ld+json\" class=\"yoast-schema-graph\">{\"@context\":\"https:\/\/schema.org\",\"@graph\":[{\"@type\":\"WebPage\",\"@id\":\"https:\/\/www.uqac.ca\/uqactualites\/2013\/11\/27\/collecte-de-denrees-non-perissables\/\",\"url\":\"https:\/\/www.uqac.ca\/uqactualites\/2013\/11\/27\/collecte-de-denrees-non-perissables\/\",\"name\":\"Collecte de denr\u00e9es non p\u00e9rissables - UQACtualit\u00e9s\",\"isPartOf\":{\"@id\":\"https:\/\/www.uqac.ca\/uqactualites\/#website\"},\"primaryImageOfPage\":{\"@id\":\"https:\/\/www.uqac.ca\/uqactualites\/2013\/11\/27\/collecte-de-denrees-non-perissables\/#primaryimage\"},\"image\":{\"@id\":\"https:\/\/www.uqac.ca\/uqactualites\/2013\/11\/27\/collecte-de-denrees-non-perissables\/#primaryimage\"},\"thumbnailUrl\":\"https:\/\/www.uqac.ca\/uqactualites\/wp-content\/uploads\/2012\/05\/avis-laCommunaut-.jpg\",\"datePublished\":\"2013-11-27T20:42:24+00:00\",\"dateModified\":\"2013-11-27T20:42:24+00:00\",\"author\":{\"@id\":\"https:\/\/www.uqac.ca\/uqactualites\/#\/schema\/person\/366c45a0c4f0e677b41b4af5886e2018\"},\"breadcrumb\":{\"@id\":\"https:\/\/www.uqac.ca\/uqactualites\/2013\/11\/27\/collecte-de-denrees-non-perissables\/#breadcrumb\"},\"inLanguage\":\"fr-CA\",\"potentialAction\":[{\"@type\":\"ReadAction\",\"target\":[\"https:\/\/www.uqac.ca\/uqactualites\/2013\/11\/27\/collecte-de-denrees-non-perissables\/\"]}]},{\"@type\":\"ImageObject\",\"inLanguage\":\"fr-CA\",\"@id\":\"https:\/\/www.uqac.ca\/uqactualites\/2013\/11\/27\/collecte-de-denrees-non-perissables\/#primaryimage\",\"url\":\"https:\/\/www.uqac.ca\/uqactualites\/wp-content\/uploads\/2012\/05\/avis-laCommunaut-.jpg\",\"contentUrl\":\"https:\/\/www.uqac.ca\/uqactualites\/wp-content\/uploads\/2012\/05\/avis-laCommunaut-.jpg\",\"width\":620,\"height\":300},{\"@type\":\"BreadcrumbList\",\"@id\":\"https:\/\/www.uqac.ca\/uqactualites\/2013\/11\/27\/collecte-de-denrees-non-perissables\/#breadcrumb\",\"itemListElement\":[{\"@type\":\"ListItem\",\"position\":1,\"name\":\"Home\",\"item\":\"https:\/\/www.uqac.ca\/uqactualites\/\"},{\"@type\":\"ListItem\",\"position\":2,\"name\":\"Collecte de denr\u00e9es non p\u00e9rissables\"}]},{\"@type\":\"WebSite\",\"@id\":\"https:\/\/www.uqac.ca\/uqactualites\/#website\",\"url\":\"https:\/\/www.uqac.ca\/uqactualites\/\",\"name\":\"UQACtualit\u00e9s\",\"description\":\"Le portail des nouvelles de l&#039;UQAC\",\"potentialAction\":[{\"@type\":\"SearchAction\",\"target\":{\"@type\":\"EntryPoint\",\"urlTemplate\":\"https:\/\/www.uqac.ca\/uqactualites\/?s={search_term_string}\"},\"query-input\":{\"@type\":\"PropertyValueSpecification\",\"valueRequired\":true,\"valueName\":\"search_term_string\"}}],\"inLanguage\":\"fr-CA\"},{\"@type\":\"Person\",\"@id\":\"https:\/\/www.uqac.ca\/uqactualites\/#\/schema\/person\/366c45a0c4f0e677b41b4af5886e2018\",\"name\":\"Service des communications et des relations publiques\",\"image\":{\"@type\":\"ImageObject\",\"inLanguage\":\"fr-CA\",\"@id\":\"https:\/\/www.uqac.ca\/uqactualites\/#\/schema\/person\/image\/\",\"url\":\"https:\/\/secure.gravatar.com\/avatar\/20fbbda8a292f59f2d3461a5b999c00b?s=96&d=mm&r=g\",\"contentUrl\":\"https:\/\/secure.gravatar.com\/avatar\/20fbbda8a292f59f2d3461a5b999c00b?s=96&d=mm&r=g\",\"caption\":\"Service des communications et des relations publiques\"},\"url\":\"https:\/\/www.uqac.ca\/uqactualites\/author\/bap\/\"}]}<\/script>\r\n<!-- \/ Yoast SEO plugin. -->","yoast_head_json":{"title":"Collecte de denr\u00e9es non p\u00e9rissables - UQACtualit\u00e9s","robots":{"index":"index","follow":"follow","max-snippet":"max-snippet:-1","max-image-preview":"max-image-preview:large","max-video-preview":"max-video-preview:-1"},"canonical":"https:\/\/www.uqac.ca\/uqactualites\/2013\/11\/27\/collecte-de-denrees-non-perissables\/","og_locale":"fr_CA","og_type":"article","og_title":"Collecte de denr\u00e9es non p\u00e9rissables - UQACtualit\u00e9s","og_description":"Les \u00e9tudiants au Programme de formation m\u00e9dicale \u00e0 Saguenay (PFMS), au nom du Comit\u00e9 de droits humains et paix et du Comit\u00e9 de la sant\u00e9 mondiale, invitent la communaut\u00e9 universitaire \u00e0 participer \u00e0 leur collecte des denr\u00e9es non p\u00e9rissables\u00a0: Du jeudi 28 novembre au mardi 17 d\u00e9cembre 2013 Entr\u00e9e est du Pavillon principal Les denr\u00e9es [&hellip;]","og_url":"https:\/\/www.uqac.ca\/uqactualites\/2013\/11\/27\/collecte-de-denrees-non-perissables\/","og_site_name":"UQACtualit\u00e9s","article_published_time":"2013-11-27T20:42:24+00:00","og_image":[{"width":620,"height":300,"url":"https:\/\/www.uqac.ca\/uqactualites\/wp-content\/uploads\/2012\/05\/avis-laCommunaut-.jpg","type":"image\/jpeg"}],"author":"Service des communications et des relations publiques","twitter_card":"summary_large_image","twitter_misc":{"\u00c9crit par":"Service des communications et des relations publiques"},"schema":{"@context":"https:\/\/schema.org","@graph":[{"@type":"WebPage","@id":"https:\/\/www.uqac.ca\/uqactualites\/2013\/11\/27\/collecte-de-denrees-non-perissables\/","url":"https:\/\/www.uqac.ca\/uqactualites\/2013\/11\/27\/collecte-de-denrees-non-perissables\/","name":"Collecte de denr\u00e9es non p\u00e9rissables - UQACtualit\u00e9s","isPartOf":{"@id":"https:\/\/www.uqac.ca\/uqactualites\/#website"},"primaryImageOfPage":{"@id":"https:\/\/www.uqac.ca\/uqactualites\/2013\/11\/27\/collecte-de-denrees-non-perissables\/#primaryimage"},"image":{"@id":"https:\/\/www.uqac.ca\/uqactualites\/2013\/11\/27\/collecte-de-denrees-non-perissables\/#primaryimage"},"thumbnailUrl":"https:\/\/www.uqac.ca\/uqactualites\/wp-content\/uploads\/2012\/05\/avis-laCommunaut-.jpg","datePublished":"2013-11-27T20:42:24+00:00","dateModified":"2013-11-27T20:42:24+00:00","author":{"@id":"https:\/\/www.uqac.ca\/uqactualites\/#\/schema\/person\/366c45a0c4f0e677b41b4af5886e2018"},"breadcrumb":{"@id":"https:\/\/www.uqac.ca\/uqactualites\/2013\/11\/27\/collecte-de-denrees-non-perissables\/#breadcrumb"},"inLanguage":"fr-CA","potentialAction":[{"@type":"ReadAction","target":["https:\/\/www.uqac.ca\/uqactualites\/2013\/11\/27\/collecte-de-denrees-non-perissables\/"]}]},{"@type":"ImageObject","inLanguage":"fr-CA","@id":"https:\/\/www.uqac.ca\/uqactualites\/2013\/11\/27\/collecte-de-denrees-non-perissables\/#primaryimage","url":"https:\/\/www.uqac.ca\/uqactualites\/wp-content\/uploads\/2012\/05\/avis-laCommunaut-.jpg","contentUrl":"https:\/\/www.uqac.ca\/uqactualites\/wp-content\/uploads\/2012\/05\/avis-laCommunaut-.jpg","width":620,"height":300},{"@type":"BreadcrumbList","@id":"https:\/\/www.uqac.ca\/uqactualites\/2013\/11\/27\/collecte-de-denrees-non-perissables\/#breadcrumb","itemListElement":[{"@type":"ListItem","position":1,"name":"Home","item":"https:\/\/www.uqac.ca\/uqactualites\/"},{"@type":"ListItem","position":2,"name":"Collecte de denr\u00e9es non p\u00e9rissables"}]},{"@type":"WebSite","@id":"https:\/\/www.uqac.ca\/uqactualites\/#website","url":"https:\/\/www.uqac.ca\/uqactualites\/","name":"UQACtualit\u00e9s","description":"Le portail des nouvelles de l&#039;UQAC","potentialAction":[{"@type":"SearchAction","target":{"@type":"EntryPoint","urlTemplate":"https:\/\/www.uqac.ca\/uqactualites\/?s={search_term_string}"},"query-input":{"@type":"PropertyValueSpecification","valueRequired":true,"valueName":"search_term_string"}}],"inLanguage":"fr-CA"},{"@type":"Person","@id":"https:\/\/www.uqac.ca\/uqactualites\/#\/schema\/person\/366c45a0c4f0e677b41b4af5886e2018","name":"Service des communications et des relations publiques","image":{"@type":"ImageObject","inLanguage":"fr-CA","@id":"https:\/\/www.uqac.ca\/uqactualites\/#\/schema\/person\/image\/","url":"https:\/\/secure.gravatar.com\/avatar\/20fbbda8a292f59f2d3461a5b999c00b?s=96&d=mm&r=g","contentUrl":"https:\/\/secure.gravatar.com\/avatar\/20fbbda8a292f59f2d3461a5b999c00b?s=96&d=mm&r=g","caption":"Service des communications et des relations publiques"},"url":"https:\/\/www.uqac.ca\/uqactualites\/author\/bap\/"}]}},"_links":{"self":[{"href":"https:\/\/www.uqac.ca\/uqactualites\/wp-json\/wp\/v2\/posts\/26509"}],"collection":[{"href":"https:\/\/www.uqac.ca\/uqactualites\/wp-json\/wp\/v2\/posts"}],"about":[{"href":"https:\/\/www.uqac.ca\/uqactualites\/wp-json\/wp\/v2\/types\/post"}],"author":[{"embeddable":true,"href":"https:\/\/www.uqac.ca\/uqactualites\/wp-json\/wp\/v2\/users\/5"}],"replies":[{"embeddable":true,"href":"https:\/\/www.uqac.ca\/uqactualites\/wp-json\/wp\/v2\/comments?post=26509"}],"version-history":[{"count":0,"href":"https:\/\/www.uqac.ca\/uqactualites\/wp-json\/wp\/v2\/posts\/26509\/revisions"}],"wp:featuredmedia":[{"embeddable":true,"href":"https:\/\/www.uqac.ca\/uqactualites\/wp-json\/wp\/v2\/media\/20989"}],"wp:attachment":[{"href":"https:\/\/www.uqac.ca\/uqactualites\/wp-json\/wp\/v2\/media?parent=26509"}],"wp:term":[{"taxonomy":"category","embeddable":true,"href":"https:\/\/www.uqac.ca\/uqactualites\/wp-json\/wp\/v2\/categories?post=26509"},{"taxonomy":"post_tag","embeddable":true,"href":"https:\/\/www.uqac.ca\/uqactualites\/wp-json\/wp\/v2\/tags?post=26509"}],"curies":[{"name":"wp","href":"https:\/\/api.w.org\/{rel}","templated":true}]}}