{"id":26557,"date":"2013-12-02T10:54:58","date_gmt":"2013-12-02T15:54:58","guid":{"rendered":"http:\/\/uqactualite.odev.ca\/?p=26557"},"modified":"2013-12-02T10:54:58","modified_gmt":"2013-12-02T15:54:58","slug":"importante-contribution-du-module-des-arts-de-luqac-a-une-exposition-du-musee-de-la-civilisation-de-quebec","status":"publish","type":"post","link":"https:\/\/www.uqac.ca\/uqactualites\/2013\/12\/02\/importante-contribution-du-module-des-arts-de-luqac-a-une-exposition-du-musee-de-la-civilisation-de-quebec\/","title":{"rendered":"Importante contribution du Module des arts de l\u2019UQAC \u00e0 une exposition du Mus\u00e9e de la civilisation de Qu\u00e9bec"},"content":{"rendered":"<p style=\"text-align: justify\">Le Mus\u00e9e de la civilisation de Qu\u00e9bec lan\u00e7ait le 26 novembre dernier l\u2019exposition <i>C\u2019est notre histoire \u2013 Premi\u00e8res Nations et Inuit du 21<sup>e<\/sup> si\u00e8cle<\/i>. Cette nouvelle exposition permanente de synth\u00e8se et de r\u00e9f\u00e9rence sur l\u2019histoire et l\u2019actualit\u00e9 des nations autochtones qu\u00e9b\u00e9coises a \u00e9t\u00e9 r\u00e9alis\u00e9e en \u00e9troite collaboration avec les 11 nations autochtones du Qu\u00e9bec gr\u00e2ce \u00e0 un partenariat avec la Bo\u00eete Rouge vif (productions audiovisuelles et interactives) et le projet de recherche \u00ab\u00a0Design et culture mat\u00e9rielle\u00a0\u00bb (m\u00e9thodologies de concertation et de cr\u00e9ation), tous deux affili\u00e9s \u00e0 l\u2019UQAC et dirig\u00e9s par les professeurs \u00c9lisabeth Kaine et Denis Bellemare.<\/p>\n<p style=\"text-align: justify\">Afin de donner vie \u00e0 cette exposition en offrant des voix, des visages et des paysages \u00e0 la hauteur des sensibilit\u00e9s autochtones de ce d\u00e9but de si\u00e8cle, les \u00e9quipes de l\u2019UQAC ont produit un total de 90 minutes de vid\u00e9os \u00e0 partir du mat\u00e9riel film\u00e9 lors de la tourn\u00e9e de concertation effectu\u00e9e aupr\u00e8s des communaut\u00e9s des Premi\u00e8res Nations qu\u00e9b\u00e9coises\u00a0: portraits des nations et capsules th\u00e9matiques, entre autres, t\u00e9moignent de ce travail imposant. Des panneaux interactifs qui tiennent lieu de \u00ab\u00a0vignettes augment\u00e9es\u00a0\u00bb par la parole des Premi\u00e8res Nations et des Inuits ont aussi \u00e9t\u00e9 r\u00e9alis\u00e9s, de m\u00eame qu\u2019un <span style=\"color: #5a7411\"><a href=\"http:\/\/mondesautochtones.ca\" target=\"_blank\" rel=\"noopener\"><span style=\"color: #5a7411\"><b>site Web pr\u00e9sentant les 11 langues autochtones du Qu\u00e9bec<\/b><\/span><\/a><\/span>.<\/p>\n<p style=\"text-align: justify\">Trois publications qui rendront compte de cette fantastique aventure sont \u00e9galement en cours de r\u00e9alisation\u00a0: un guide m\u00e9thodologique \u00e0 l&rsquo;attention des communaut\u00e9s pour la valorisation et la transmission culturelle, un catalogue d&rsquo;art pr\u00e9sentant la participation des artistes et artisans autochtones \u00e0 la r\u00e9alisation de cette exposition et un r\u00e9pertoire des grandes th\u00e9matiques ayant \u00e9merg\u00e9 des 5 000 pages d&rsquo;entrevues r\u00e9colt\u00e9es lors de la concertation.<\/p>\n<p style=\"text-align: justify\">\u00c9lisabeth Kaine et Denis Bellemare tiennent \u00e0 remercier l&rsquo;\u00e9quipe de chercheurs professionnels sans qui ce travail engag\u00e9 n&rsquo;aurait pu \u00eatre r\u00e9alis\u00e9\u00a0: Olivier Bergeron-Martel, Fran\u00e7ois-Mathieu Hotte, Carl Morasse, Claudia N\u00e9ron, Jean-Fran\u00e7ois Vachon et leur \u00e9quipe d&rsquo;assistants. Soulignons que la vingtaine de personnes ayant particip\u00e9 \u00e0 ce projet d\u2019envergure ont \u00e9t\u00e9 ou sont actuellement \u00e9tudiants \u00e0 l&rsquo;UQAC au programme de <span style=\"color: #5a7411\"><a href=\"http:\/\/programmes.uqac.ca\/3848\" target=\"_blank\" rel=\"noopener\"><span style=\"color: #5a7411\">ma\u00eetrise en art<\/span><\/a><\/span>.<\/p>\n<p style=\"text-align: justify\">Pour en savoir davantage sur l\u2019exposition, consultez le <span style=\"color: #5a7411\"><a href=\"http:\/\/www.mcq.org\/fr\/mcq\/expositions.php?idEx=w3989\" target=\"_blank\" rel=\"noopener\"><span style=\"color: #5a7411\"><b>site Web du Mus\u00e9e de la civilisation de Qu\u00e9bec<\/b><\/span><\/a><\/span>.<\/p>\n<p style=\"text-align: justify\"><b><br \/>\nSources\u00a0:<\/b><\/p>\n<p style=\"text-align: justify\">\u00c9lisabeth Kaine<br \/>\nD\u00e9partement des arts et lettres<br \/>\nUniversit\u00e9 du Qu\u00e9bec \u00e0 Chicoutimi<br \/>\n418 545-5011, poste\u00a05523<\/p>\n<p style=\"text-align: justify\">Bureau des affaires publiques<br \/>\nUniversit\u00e9 du Qu\u00e9bec \u00e0 Chicoutimi<br \/>\n418\u00a0545-5011, poste\u00a02350\u00a0 \u25aa\u00a0 <span style=\"color: #5a7411\"><a href=\"mailto:affaires_publiques@uqac.ca\"><span style=\"color: #5a7411\">affaires_publiques@uqac.ca<\/span><\/a><\/span><\/p>\n<p style=\"text-align: justify\">\n<span style=\"color: #808080\"><b>________________________________________________________________________________________<\/b><\/span><\/p>\n<p style=\"text-align: justify\"><span style=\"color: #808080\"><b>Photo\u00a0:<\/b> Lancement officiel au Mus\u00e9e de la civilisation de Qu\u00e9bec<\/span><br \/>\n<span style=\"color: #808080\"><b>Photographe\u00a0: <\/b>Jean-Fran\u00e7ois Vachon<\/span><br \/>\n<span style=\"color: #808080\">________________________________________________________________________________________<\/span><\/p>\n","protected":false},"excerpt":{"rendered":"<p>Le Mus\u00e9e de la civilisation de Qu\u00e9bec lan\u00e7ait le 26 novembre dernier l\u2019exposition C\u2019est notre histoire \u2013 Premi\u00e8res Nations et Inuit du 21e si\u00e8cle. Cette nouvelle exposition permanente de synth\u00e8se et de r\u00e9f\u00e9rence sur l\u2019histoire et l\u2019actualit\u00e9 des nations autochtones qu\u00e9b\u00e9coises a \u00e9t\u00e9 r\u00e9alis\u00e9e en \u00e9troite collaboration avec les 11 nations autochtones du Qu\u00e9bec gr\u00e2ce [&hellip;]<\/p>\n","protected":false},"author":5,"featured_media":26558,"comment_status":"open","ping_status":"open","sticky":false,"template":"","format":"standard","meta":{"footnotes":""},"categories":[2,61],"tags":[357,1683,2427,1226,152,508,2428,468,2452,2429,360,362,1685,1686],"yoast_head":"<!-- This site is optimized with the Yoast SEO plugin v24.2 - https:\/\/yoast.com\/wordpress\/plugins\/seo\/ -->\r\n<title>Importante contribution du Module des arts de l\u2019UQAC \u00e0 une exposition du Mus\u00e9e de la civilisation de Qu\u00e9bec - UQACtualit\u00e9s<\/title>\r\n<meta name=\"robots\" content=\"index, follow, max-snippet:-1, max-image-preview:large, max-video-preview:-1\" \/>\r\n<link rel=\"canonical\" href=\"https:\/\/www.uqac.ca\/uqactualites\/2013\/12\/02\/importante-contribution-du-module-des-arts-de-luqac-a-une-exposition-du-musee-de-la-civilisation-de-quebec\/\" \/>\r\n<meta property=\"og:locale\" content=\"fr_CA\" \/>\r\n<meta property=\"og:type\" content=\"article\" \/>\r\n<meta property=\"og:title\" content=\"Importante contribution du Module des arts de l\u2019UQAC \u00e0 une exposition du Mus\u00e9e de la civilisation de Qu\u00e9bec - UQACtualit\u00e9s\" \/>\r\n<meta property=\"og:description\" content=\"Le Mus\u00e9e de la civilisation de Qu\u00e9bec lan\u00e7ait le 26 novembre dernier l\u2019exposition C\u2019est notre histoire \u2013 Premi\u00e8res Nations et Inuit du 21e si\u00e8cle. Cette nouvelle exposition permanente de synth\u00e8se et de r\u00e9f\u00e9rence sur l\u2019histoire et l\u2019actualit\u00e9 des nations autochtones qu\u00e9b\u00e9coises a \u00e9t\u00e9 r\u00e9alis\u00e9e en \u00e9troite collaboration avec les 11 nations autochtones du Qu\u00e9bec gr\u00e2ce [&hellip;]\" \/>\r\n<meta property=\"og:url\" content=\"https:\/\/www.uqac.ca\/uqactualites\/2013\/12\/02\/importante-contribution-du-module-des-arts-de-luqac-a-une-exposition-du-musee-de-la-civilisation-de-quebec\/\" \/>\r\n<meta property=\"og:site_name\" content=\"UQACtualit\u00e9s\" \/>\r\n<meta property=\"article:published_time\" content=\"2013-12-02T15:54:58+00:00\" \/>\r\n<meta property=\"og:image\" content=\"https:\/\/www.uqac.ca\/uqactualites\/wp-content\/uploads\/2013\/12\/Lancement-officiel-Web-\u00a9Jean-Fran\u00e7ois-Vachon.jpg\" \/>\r\n\t<meta property=\"og:image:width\" content=\"620\" \/>\r\n\t<meta property=\"og:image:height\" content=\"300\" \/>\r\n\t<meta property=\"og:image:type\" content=\"image\/jpeg\" \/>\r\n<meta name=\"author\" content=\"Service des communications et des relations publiques\" \/>\r\n<meta name=\"twitter:card\" content=\"summary_large_image\" \/>\r\n<meta name=\"twitter:label1\" content=\"\u00c9crit par\" \/>\n\t<meta name=\"twitter:data1\" content=\"Service des communications et des relations publiques\" \/>\n\t<meta name=\"twitter:label2\" content=\"Estimation du temps de lecture\" \/>\n\t<meta name=\"twitter:data2\" content=\"2 minutes\" \/>\r\n<script type=\"application\/ld+json\" class=\"yoast-schema-graph\">{\"@context\":\"https:\/\/schema.org\",\"@graph\":[{\"@type\":\"WebPage\",\"@id\":\"https:\/\/www.uqac.ca\/uqactualites\/2013\/12\/02\/importante-contribution-du-module-des-arts-de-luqac-a-une-exposition-du-musee-de-la-civilisation-de-quebec\/\",\"url\":\"https:\/\/www.uqac.ca\/uqactualites\/2013\/12\/02\/importante-contribution-du-module-des-arts-de-luqac-a-une-exposition-du-musee-de-la-civilisation-de-quebec\/\",\"name\":\"Importante contribution du Module des arts de l\u2019UQAC \u00e0 une exposition du Mus\u00e9e de la civilisation de Qu\u00e9bec - UQACtualit\u00e9s\",\"isPartOf\":{\"@id\":\"https:\/\/www.uqac.ca\/uqactualites\/#website\"},\"primaryImageOfPage\":{\"@id\":\"https:\/\/www.uqac.ca\/uqactualites\/2013\/12\/02\/importante-contribution-du-module-des-arts-de-luqac-a-une-exposition-du-musee-de-la-civilisation-de-quebec\/#primaryimage\"},\"image\":{\"@id\":\"https:\/\/www.uqac.ca\/uqactualites\/2013\/12\/02\/importante-contribution-du-module-des-arts-de-luqac-a-une-exposition-du-musee-de-la-civilisation-de-quebec\/#primaryimage\"},\"thumbnailUrl\":\"https:\/\/www.uqac.ca\/uqactualites\/wp-content\/uploads\/2013\/12\/Lancement-officiel-Web-\u00a9Jean-Fran\u00e7ois-Vachon.jpg\",\"datePublished\":\"2013-12-02T15:54:58+00:00\",\"dateModified\":\"2013-12-02T15:54:58+00:00\",\"author\":{\"@id\":\"https:\/\/www.uqac.ca\/uqactualites\/#\/schema\/person\/366c45a0c4f0e677b41b4af5886e2018\"},\"breadcrumb\":{\"@id\":\"https:\/\/www.uqac.ca\/uqactualites\/2013\/12\/02\/importante-contribution-du-module-des-arts-de-luqac-a-une-exposition-du-musee-de-la-civilisation-de-quebec\/#breadcrumb\"},\"inLanguage\":\"fr-CA\",\"potentialAction\":[{\"@type\":\"ReadAction\",\"target\":[\"https:\/\/www.uqac.ca\/uqactualites\/2013\/12\/02\/importante-contribution-du-module-des-arts-de-luqac-a-une-exposition-du-musee-de-la-civilisation-de-quebec\/\"]}]},{\"@type\":\"ImageObject\",\"inLanguage\":\"fr-CA\",\"@id\":\"https:\/\/www.uqac.ca\/uqactualites\/2013\/12\/02\/importante-contribution-du-module-des-arts-de-luqac-a-une-exposition-du-musee-de-la-civilisation-de-quebec\/#primaryimage\",\"url\":\"https:\/\/www.uqac.ca\/uqactualites\/wp-content\/uploads\/2013\/12\/Lancement-officiel-Web-\u00a9Jean-Fran\u00e7ois-Vachon.jpg\",\"contentUrl\":\"https:\/\/www.uqac.ca\/uqactualites\/wp-content\/uploads\/2013\/12\/Lancement-officiel-Web-\u00a9Jean-Fran\u00e7ois-Vachon.jpg\",\"width\":620,\"height\":300},{\"@type\":\"BreadcrumbList\",\"@id\":\"https:\/\/www.uqac.ca\/uqactualites\/2013\/12\/02\/importante-contribution-du-module-des-arts-de-luqac-a-une-exposition-du-musee-de-la-civilisation-de-quebec\/#breadcrumb\",\"itemListElement\":[{\"@type\":\"ListItem\",\"position\":1,\"name\":\"Home\",\"item\":\"https:\/\/www.uqac.ca\/uqactualites\/\"},{\"@type\":\"ListItem\",\"position\":2,\"name\":\"Importante contribution du Module des arts de l\u2019UQAC \u00e0 une exposition du Mus\u00e9e de la civilisation de Qu\u00e9bec\"}]},{\"@type\":\"WebSite\",\"@id\":\"https:\/\/www.uqac.ca\/uqactualites\/#website\",\"url\":\"https:\/\/www.uqac.ca\/uqactualites\/\",\"name\":\"UQACtualit\u00e9s\",\"description\":\"Le portail des nouvelles de l&#039;UQAC\",\"potentialAction\":[{\"@type\":\"SearchAction\",\"target\":{\"@type\":\"EntryPoint\",\"urlTemplate\":\"https:\/\/www.uqac.ca\/uqactualites\/?s={search_term_string}\"},\"query-input\":{\"@type\":\"PropertyValueSpecification\",\"valueRequired\":true,\"valueName\":\"search_term_string\"}}],\"inLanguage\":\"fr-CA\"},{\"@type\":\"Person\",\"@id\":\"https:\/\/www.uqac.ca\/uqactualites\/#\/schema\/person\/366c45a0c4f0e677b41b4af5886e2018\",\"name\":\"Service des communications et des relations publiques\",\"image\":{\"@type\":\"ImageObject\",\"inLanguage\":\"fr-CA\",\"@id\":\"https:\/\/www.uqac.ca\/uqactualites\/#\/schema\/person\/image\/\",\"url\":\"https:\/\/secure.gravatar.com\/avatar\/20fbbda8a292f59f2d3461a5b999c00b?s=96&d=mm&r=g\",\"contentUrl\":\"https:\/\/secure.gravatar.com\/avatar\/20fbbda8a292f59f2d3461a5b999c00b?s=96&d=mm&r=g\",\"caption\":\"Service des communications et des relations publiques\"},\"url\":\"https:\/\/www.uqac.ca\/uqactualites\/author\/bap\/\"}]}<\/script>\r\n<!-- \/ Yoast SEO plugin. -->","yoast_head_json":{"title":"Importante contribution du Module des arts de l\u2019UQAC \u00e0 une exposition du Mus\u00e9e de la civilisation de Qu\u00e9bec - UQACtualit\u00e9s","robots":{"index":"index","follow":"follow","max-snippet":"max-snippet:-1","max-image-preview":"max-image-preview:large","max-video-preview":"max-video-preview:-1"},"canonical":"https:\/\/www.uqac.ca\/uqactualites\/2013\/12\/02\/importante-contribution-du-module-des-arts-de-luqac-a-une-exposition-du-musee-de-la-civilisation-de-quebec\/","og_locale":"fr_CA","og_type":"article","og_title":"Importante contribution du Module des arts de l\u2019UQAC \u00e0 une exposition du Mus\u00e9e de la civilisation de Qu\u00e9bec - UQACtualit\u00e9s","og_description":"Le Mus\u00e9e de la civilisation de Qu\u00e9bec lan\u00e7ait le 26 novembre dernier l\u2019exposition C\u2019est notre histoire \u2013 Premi\u00e8res Nations et Inuit du 21e si\u00e8cle. Cette nouvelle exposition permanente de synth\u00e8se et de r\u00e9f\u00e9rence sur l\u2019histoire et l\u2019actualit\u00e9 des nations autochtones qu\u00e9b\u00e9coises a \u00e9t\u00e9 r\u00e9alis\u00e9e en \u00e9troite collaboration avec les 11 nations autochtones du Qu\u00e9bec gr\u00e2ce [&hellip;]","og_url":"https:\/\/www.uqac.ca\/uqactualites\/2013\/12\/02\/importante-contribution-du-module-des-arts-de-luqac-a-une-exposition-du-musee-de-la-civilisation-de-quebec\/","og_site_name":"UQACtualit\u00e9s","article_published_time":"2013-12-02T15:54:58+00:00","og_image":[{"width":620,"height":300,"url":"https:\/\/www.uqac.ca\/uqactualites\/wp-content\/uploads\/2013\/12\/Lancement-officiel-Web-\u00a9Jean-Fran\u00e7ois-Vachon.jpg","type":"image\/jpeg"}],"author":"Service des communications et des relations publiques","twitter_card":"summary_large_image","twitter_misc":{"\u00c9crit par":"Service des communications et des relations publiques","Estimation du temps de lecture":"2 minutes"},"schema":{"@context":"https:\/\/schema.org","@graph":[{"@type":"WebPage","@id":"https:\/\/www.uqac.ca\/uqactualites\/2013\/12\/02\/importante-contribution-du-module-des-arts-de-luqac-a-une-exposition-du-musee-de-la-civilisation-de-quebec\/","url":"https:\/\/www.uqac.ca\/uqactualites\/2013\/12\/02\/importante-contribution-du-module-des-arts-de-luqac-a-une-exposition-du-musee-de-la-civilisation-de-quebec\/","name":"Importante contribution du Module des arts de l\u2019UQAC \u00e0 une exposition du Mus\u00e9e de la civilisation de Qu\u00e9bec - UQACtualit\u00e9s","isPartOf":{"@id":"https:\/\/www.uqac.ca\/uqactualites\/#website"},"primaryImageOfPage":{"@id":"https:\/\/www.uqac.ca\/uqactualites\/2013\/12\/02\/importante-contribution-du-module-des-arts-de-luqac-a-une-exposition-du-musee-de-la-civilisation-de-quebec\/#primaryimage"},"image":{"@id":"https:\/\/www.uqac.ca\/uqactualites\/2013\/12\/02\/importante-contribution-du-module-des-arts-de-luqac-a-une-exposition-du-musee-de-la-civilisation-de-quebec\/#primaryimage"},"thumbnailUrl":"https:\/\/www.uqac.ca\/uqactualites\/wp-content\/uploads\/2013\/12\/Lancement-officiel-Web-\u00a9Jean-Fran\u00e7ois-Vachon.jpg","datePublished":"2013-12-02T15:54:58+00:00","dateModified":"2013-12-02T15:54:58+00:00","author":{"@id":"https:\/\/www.uqac.ca\/uqactualites\/#\/schema\/person\/366c45a0c4f0e677b41b4af5886e2018"},"breadcrumb":{"@id":"https:\/\/www.uqac.ca\/uqactualites\/2013\/12\/02\/importante-contribution-du-module-des-arts-de-luqac-a-une-exposition-du-musee-de-la-civilisation-de-quebec\/#breadcrumb"},"inLanguage":"fr-CA","potentialAction":[{"@type":"ReadAction","target":["https:\/\/www.uqac.ca\/uqactualites\/2013\/12\/02\/importante-contribution-du-module-des-arts-de-luqac-a-une-exposition-du-musee-de-la-civilisation-de-quebec\/"]}]},{"@type":"ImageObject","inLanguage":"fr-CA","@id":"https:\/\/www.uqac.ca\/uqactualites\/2013\/12\/02\/importante-contribution-du-module-des-arts-de-luqac-a-une-exposition-du-musee-de-la-civilisation-de-quebec\/#primaryimage","url":"https:\/\/www.uqac.ca\/uqactualites\/wp-content\/uploads\/2013\/12\/Lancement-officiel-Web-\u00a9Jean-Fran\u00e7ois-Vachon.jpg","contentUrl":"https:\/\/www.uqac.ca\/uqactualites\/wp-content\/uploads\/2013\/12\/Lancement-officiel-Web-\u00a9Jean-Fran\u00e7ois-Vachon.jpg","width":620,"height":300},{"@type":"BreadcrumbList","@id":"https:\/\/www.uqac.ca\/uqactualites\/2013\/12\/02\/importante-contribution-du-module-des-arts-de-luqac-a-une-exposition-du-musee-de-la-civilisation-de-quebec\/#breadcrumb","itemListElement":[{"@type":"ListItem","position":1,"name":"Home","item":"https:\/\/www.uqac.ca\/uqactualites\/"},{"@type":"ListItem","position":2,"name":"Importante contribution du Module des arts de l\u2019UQAC \u00e0 une exposition du Mus\u00e9e de la civilisation de Qu\u00e9bec"}]},{"@type":"WebSite","@id":"https:\/\/www.uqac.ca\/uqactualites\/#website","url":"https:\/\/www.uqac.ca\/uqactualites\/","name":"UQACtualit\u00e9s","description":"Le portail des nouvelles de l&#039;UQAC","potentialAction":[{"@type":"SearchAction","target":{"@type":"EntryPoint","urlTemplate":"https:\/\/www.uqac.ca\/uqactualites\/?s={search_term_string}"},"query-input":{"@type":"PropertyValueSpecification","valueRequired":true,"valueName":"search_term_string"}}],"inLanguage":"fr-CA"},{"@type":"Person","@id":"https:\/\/www.uqac.ca\/uqactualites\/#\/schema\/person\/366c45a0c4f0e677b41b4af5886e2018","name":"Service des communications et des relations publiques","image":{"@type":"ImageObject","inLanguage":"fr-CA","@id":"https:\/\/www.uqac.ca\/uqactualites\/#\/schema\/person\/image\/","url":"https:\/\/secure.gravatar.com\/avatar\/20fbbda8a292f59f2d3461a5b999c00b?s=96&d=mm&r=g","contentUrl":"https:\/\/secure.gravatar.com\/avatar\/20fbbda8a292f59f2d3461a5b999c00b?s=96&d=mm&r=g","caption":"Service des communications et des relations publiques"},"url":"https:\/\/www.uqac.ca\/uqactualites\/author\/bap\/"}]}},"_links":{"self":[{"href":"https:\/\/www.uqac.ca\/uqactualites\/wp-json\/wp\/v2\/posts\/26557"}],"collection":[{"href":"https:\/\/www.uqac.ca\/uqactualites\/wp-json\/wp\/v2\/posts"}],"about":[{"href":"https:\/\/www.uqac.ca\/uqactualites\/wp-json\/wp\/v2\/types\/post"}],"author":[{"embeddable":true,"href":"https:\/\/www.uqac.ca\/uqactualites\/wp-json\/wp\/v2\/users\/5"}],"replies":[{"embeddable":true,"href":"https:\/\/www.uqac.ca\/uqactualites\/wp-json\/wp\/v2\/comments?post=26557"}],"version-history":[{"count":0,"href":"https:\/\/www.uqac.ca\/uqactualites\/wp-json\/wp\/v2\/posts\/26557\/revisions"}],"wp:featuredmedia":[{"embeddable":true,"href":"https:\/\/www.uqac.ca\/uqactualites\/wp-json\/wp\/v2\/media\/26558"}],"wp:attachment":[{"href":"https:\/\/www.uqac.ca\/uqactualites\/wp-json\/wp\/v2\/media?parent=26557"}],"wp:term":[{"taxonomy":"category","embeddable":true,"href":"https:\/\/www.uqac.ca\/uqactualites\/wp-json\/wp\/v2\/categories?post=26557"},{"taxonomy":"post_tag","embeddable":true,"href":"https:\/\/www.uqac.ca\/uqactualites\/wp-json\/wp\/v2\/tags?post=26557"}],"curies":[{"name":"wp","href":"https:\/\/api.w.org\/{rel}","templated":true}]}}