{"id":26576,"date":"2013-12-05T15:14:56","date_gmt":"2013-12-05T20:14:56","guid":{"rendered":"http:\/\/uqactualite.odev.ca\/?p=26576"},"modified":"2013-12-05T15:14:56","modified_gmt":"2013-12-05T20:14:56","slug":"le-documentaire-asha-du-projet-ads-ravit-le-public","status":"publish","type":"post","link":"https:\/\/www.uqac.ca\/uqactualites\/2013\/12\/05\/le-documentaire-asha-du-projet-ads-ravit-le-public\/","title":{"rendered":"Le documentaire Asha du projet ADS ravit le public"},"content":{"rendered":"<p style=\"text-align: justify\">Partenaires, collaborateurs et amis \u00e9taient convi\u00e9s, le mercredi 4 d\u00e9cembre dernier, \u00e0 assister \u00e0 la pr\u00e9sentation du documentaire <i>Asha<\/i>, associ\u00e9 au projet \u00ab La dysphasie, au-del\u00e0 du sommet \u00bb (ADS). Pr\u00e9c\u00e9d\u00e9e d\u2019un cocktail o\u00f9 s\u2019\u00e9taient r\u00e9unis les convives venus c\u00e9l\u00e9brer le succ\u00e8s du projet, la diffusion s\u2019est amorc\u00e9e \u00e0 19 h par un mot du coordonnateur et chef d\u2019exp\u00e9dition, S\u00e9bastien Rojo. \u00c9galement charg\u00e9 de cours au D\u00e9partement des sciences humaines de l\u2019UQAC, M. Rojo mettait ainsi un terme \u00e0 cette aventure marquante teint\u00e9e de courage, de d\u00e9passement, de r\u00e9ussite et de passion.<\/p>\n<p style=\"text-align: justify\"><b>Quelques mots sur le projet ADS<br \/>\n<\/b>Unique en son genre, le projet \u00ab\u00a0La dysphasie, au-del\u00e0 du sommet\u00a0\u00bb avait comme objectifs de sensibiliser la population qu\u00e9b\u00e9coise \u00e0 la dysphasie, de faire avancer les connaissances scientifiques sur la probl\u00e9matique et de mettre en place de nouveaux moyens d\u2019intervention. \u00c0 l\u2019occasion de ce projet, neuf adolescents dysphasiques ont particip\u00e9 \u00e0 une d\u00e9marche th\u00e9rapeutique, qui a culmin\u00e9 \u00e0 l\u2019automne\u00a02012 avec une exp\u00e9dition de deux semaines au N\u00e9pal.<br \/>\n<span style=\"color: #5a7411\"><b>\u00bb<\/b><\/span> Pour plus de d\u00e9tails, consultez le <span style=\"color: #5a7411\"><a href=\"http:\/\/www.dysphasie-audeladusommet.blogspot.ca\" target=\"_blank\" rel=\"noopener\"><span style=\"color: #5a7411\"><b>site Web du projet ADS<\/b><\/span><\/a><\/span>.<\/p>\n<p style=\"text-align: justify\"><b><br \/>\nSources\u00a0:<\/b><\/p>\n<p style=\"text-align: justify\">S\u00e9bastien Rojo, charg\u00e9 de cours<br \/>\nD\u00e9partement des sciences humaines<br \/>\nUniversit\u00e9 du Qu\u00e9bec \u00e0 Chicoutimi<br \/>\n<span style=\"color: #5a7411\"><a href=\"mailto:sebastien.rojo1@uqac.ca\"><span style=\"color: #5a7411\">sebastien.rojo1@uqac.ca<\/span><\/a><\/span><\/p>\n<p style=\"text-align: justify\">Bureau des affaires publiques<br \/>\nUniversit\u00e9 du Qu\u00e9bec \u00e0 Chicoutimi<br \/>\n418\u00a0545-5011, poste\u00a02350\u00a0 \u25aa\u00a0 <span style=\"color: #5a7411\"><a href=\"mailto:affaires_publiques@uqac.ca\"><span style=\"color: #5a7411\">affaires_publiques@uqac.ca<\/span><\/a><\/span><\/p>\n<p style=\"text-align: justify\"><b><br \/>\n<span style=\"color: #808080\">________________________________________________________________________________________<\/span><\/b><\/p>\n<p style=\"text-align: justify\"><span style=\"color: #808080\"><b>Photo\u00a0:<\/b> L\u2019\u00e9quipe du projet ADS<\/span><span style=\"color: #808080\"> : Catherine Dumoulin, Samuel Pinel-Roy, Paul-Henri Callens, Mario Bilodeau, Vivianne Boudreault, Michel Tremblay, Emmanuelle Fournier-Chouinard et S\u00e9bastien Rojo<\/span><br \/>\n<span style=\"color: #808080\"><b>Photographe\u00a0: <\/b>Denis Blackburn, UQAC<\/span><br \/>\n<span style=\"color: #808080\">________________________________________________________________________________________<\/span><\/p>\n","protected":false},"excerpt":{"rendered":"<p>Partenaires, collaborateurs et amis \u00e9taient convi\u00e9s, le mercredi 4 d\u00e9cembre dernier, \u00e0 assister \u00e0 la pr\u00e9sentation du documentaire Asha, associ\u00e9 au projet \u00ab La dysphasie, au-del\u00e0 du sommet \u00bb (ADS). Pr\u00e9c\u00e9d\u00e9e d\u2019un cocktail o\u00f9 s\u2019\u00e9taient r\u00e9unis les convives venus c\u00e9l\u00e9brer le succ\u00e8s du projet, la diffusion s\u2019est amorc\u00e9e \u00e0 19 h par un mot du [&hellip;]<\/p>\n","protected":false},"author":5,"featured_media":26577,"comment_status":"open","ping_status":"open","sticky":false,"template":"","format":"standard","meta":{"footnotes":""},"categories":[2,61],"tags":[2332,2440,2441,338,2333,1171,469],"yoast_head":"<!-- This site is optimized with the Yoast SEO plugin v24.2 - https:\/\/yoast.com\/wordpress\/plugins\/seo\/ -->\r\n<title>Le documentaire Asha du projet ADS ravit le public - UQACtualit\u00e9s<\/title>\r\n<meta name=\"robots\" content=\"index, follow, max-snippet:-1, max-image-preview:large, max-video-preview:-1\" \/>\r\n<link rel=\"canonical\" href=\"https:\/\/www.uqac.ca\/uqactualites\/2013\/12\/05\/le-documentaire-asha-du-projet-ads-ravit-le-public\/\" \/>\r\n<meta property=\"og:locale\" content=\"fr_CA\" \/>\r\n<meta property=\"og:type\" content=\"article\" \/>\r\n<meta property=\"og:title\" content=\"Le documentaire Asha du projet ADS ravit le public - UQACtualit\u00e9s\" \/>\r\n<meta property=\"og:description\" content=\"Partenaires, collaborateurs et amis \u00e9taient convi\u00e9s, le mercredi 4 d\u00e9cembre dernier, \u00e0 assister \u00e0 la pr\u00e9sentation du documentaire Asha, associ\u00e9 au projet \u00ab La dysphasie, au-del\u00e0 du sommet \u00bb (ADS). Pr\u00e9c\u00e9d\u00e9e d\u2019un cocktail o\u00f9 s\u2019\u00e9taient r\u00e9unis les convives venus c\u00e9l\u00e9brer le succ\u00e8s du projet, la diffusion s\u2019est amorc\u00e9e \u00e0 19 h par un mot du [&hellip;]\" \/>\r\n<meta property=\"og:url\" content=\"https:\/\/www.uqac.ca\/uqactualites\/2013\/12\/05\/le-documentaire-asha-du-projet-ads-ravit-le-public\/\" \/>\r\n<meta property=\"og:site_name\" content=\"UQACtualit\u00e9s\" \/>\r\n<meta property=\"article:published_time\" content=\"2013-12-05T20:14:56+00:00\" \/>\r\n<meta property=\"og:image\" content=\"https:\/\/www.uqac.ca\/uqactualites\/wp-content\/uploads\/2013\/12\/quipe-ADS-Asha-Web-\u00a9Denis-Blackburn.jpg\" \/>\r\n\t<meta property=\"og:image:width\" content=\"620\" \/>\r\n\t<meta property=\"og:image:height\" content=\"300\" \/>\r\n\t<meta property=\"og:image:type\" content=\"image\/jpeg\" \/>\r\n<meta name=\"author\" content=\"Service des communications et des relations publiques\" \/>\r\n<meta name=\"twitter:card\" content=\"summary_large_image\" \/>\r\n<meta name=\"twitter:label1\" content=\"\u00c9crit par\" \/>\n\t<meta name=\"twitter:data1\" content=\"Service des communications et des relations publiques\" \/>\n\t<meta name=\"twitter:label2\" content=\"Estimation du temps de lecture\" \/>\n\t<meta name=\"twitter:data2\" content=\"1 minute\" \/>\r\n<script type=\"application\/ld+json\" class=\"yoast-schema-graph\">{\"@context\":\"https:\/\/schema.org\",\"@graph\":[{\"@type\":\"WebPage\",\"@id\":\"https:\/\/www.uqac.ca\/uqactualites\/2013\/12\/05\/le-documentaire-asha-du-projet-ads-ravit-le-public\/\",\"url\":\"https:\/\/www.uqac.ca\/uqactualites\/2013\/12\/05\/le-documentaire-asha-du-projet-ads-ravit-le-public\/\",\"name\":\"Le documentaire Asha du projet ADS ravit le public - UQACtualit\u00e9s\",\"isPartOf\":{\"@id\":\"https:\/\/www.uqac.ca\/uqactualites\/#website\"},\"primaryImageOfPage\":{\"@id\":\"https:\/\/www.uqac.ca\/uqactualites\/2013\/12\/05\/le-documentaire-asha-du-projet-ads-ravit-le-public\/#primaryimage\"},\"image\":{\"@id\":\"https:\/\/www.uqac.ca\/uqactualites\/2013\/12\/05\/le-documentaire-asha-du-projet-ads-ravit-le-public\/#primaryimage\"},\"thumbnailUrl\":\"https:\/\/www.uqac.ca\/uqactualites\/wp-content\/uploads\/2013\/12\/quipe-ADS-Asha-Web-\u00a9Denis-Blackburn.jpg\",\"datePublished\":\"2013-12-05T20:14:56+00:00\",\"dateModified\":\"2013-12-05T20:14:56+00:00\",\"author\":{\"@id\":\"https:\/\/www.uqac.ca\/uqactualites\/#\/schema\/person\/366c45a0c4f0e677b41b4af5886e2018\"},\"breadcrumb\":{\"@id\":\"https:\/\/www.uqac.ca\/uqactualites\/2013\/12\/05\/le-documentaire-asha-du-projet-ads-ravit-le-public\/#breadcrumb\"},\"inLanguage\":\"fr-CA\",\"potentialAction\":[{\"@type\":\"ReadAction\",\"target\":[\"https:\/\/www.uqac.ca\/uqactualites\/2013\/12\/05\/le-documentaire-asha-du-projet-ads-ravit-le-public\/\"]}]},{\"@type\":\"ImageObject\",\"inLanguage\":\"fr-CA\",\"@id\":\"https:\/\/www.uqac.ca\/uqactualites\/2013\/12\/05\/le-documentaire-asha-du-projet-ads-ravit-le-public\/#primaryimage\",\"url\":\"https:\/\/www.uqac.ca\/uqactualites\/wp-content\/uploads\/2013\/12\/quipe-ADS-Asha-Web-\u00a9Denis-Blackburn.jpg\",\"contentUrl\":\"https:\/\/www.uqac.ca\/uqactualites\/wp-content\/uploads\/2013\/12\/quipe-ADS-Asha-Web-\u00a9Denis-Blackburn.jpg\",\"width\":620,\"height\":300},{\"@type\":\"BreadcrumbList\",\"@id\":\"https:\/\/www.uqac.ca\/uqactualites\/2013\/12\/05\/le-documentaire-asha-du-projet-ads-ravit-le-public\/#breadcrumb\",\"itemListElement\":[{\"@type\":\"ListItem\",\"position\":1,\"name\":\"Home\",\"item\":\"https:\/\/www.uqac.ca\/uqactualites\/\"},{\"@type\":\"ListItem\",\"position\":2,\"name\":\"Le documentaire Asha du projet ADS ravit le public\"}]},{\"@type\":\"WebSite\",\"@id\":\"https:\/\/www.uqac.ca\/uqactualites\/#website\",\"url\":\"https:\/\/www.uqac.ca\/uqactualites\/\",\"name\":\"UQACtualit\u00e9s\",\"description\":\"Le portail des nouvelles de l&#039;UQAC\",\"potentialAction\":[{\"@type\":\"SearchAction\",\"target\":{\"@type\":\"EntryPoint\",\"urlTemplate\":\"https:\/\/www.uqac.ca\/uqactualites\/?s={search_term_string}\"},\"query-input\":{\"@type\":\"PropertyValueSpecification\",\"valueRequired\":true,\"valueName\":\"search_term_string\"}}],\"inLanguage\":\"fr-CA\"},{\"@type\":\"Person\",\"@id\":\"https:\/\/www.uqac.ca\/uqactualites\/#\/schema\/person\/366c45a0c4f0e677b41b4af5886e2018\",\"name\":\"Service des communications et des relations publiques\",\"image\":{\"@type\":\"ImageObject\",\"inLanguage\":\"fr-CA\",\"@id\":\"https:\/\/www.uqac.ca\/uqactualites\/#\/schema\/person\/image\/\",\"url\":\"https:\/\/secure.gravatar.com\/avatar\/20fbbda8a292f59f2d3461a5b999c00b?s=96&d=mm&r=g\",\"contentUrl\":\"https:\/\/secure.gravatar.com\/avatar\/20fbbda8a292f59f2d3461a5b999c00b?s=96&d=mm&r=g\",\"caption\":\"Service des communications et des relations publiques\"},\"url\":\"https:\/\/www.uqac.ca\/uqactualites\/author\/bap\/\"}]}<\/script>\r\n<!-- \/ Yoast SEO plugin. -->","yoast_head_json":{"title":"Le documentaire Asha du projet ADS ravit le public - UQACtualit\u00e9s","robots":{"index":"index","follow":"follow","max-snippet":"max-snippet:-1","max-image-preview":"max-image-preview:large","max-video-preview":"max-video-preview:-1"},"canonical":"https:\/\/www.uqac.ca\/uqactualites\/2013\/12\/05\/le-documentaire-asha-du-projet-ads-ravit-le-public\/","og_locale":"fr_CA","og_type":"article","og_title":"Le documentaire Asha du projet ADS ravit le public - UQACtualit\u00e9s","og_description":"Partenaires, collaborateurs et amis \u00e9taient convi\u00e9s, le mercredi 4 d\u00e9cembre dernier, \u00e0 assister \u00e0 la pr\u00e9sentation du documentaire Asha, associ\u00e9 au projet \u00ab La dysphasie, au-del\u00e0 du sommet \u00bb (ADS). Pr\u00e9c\u00e9d\u00e9e d\u2019un cocktail o\u00f9 s\u2019\u00e9taient r\u00e9unis les convives venus c\u00e9l\u00e9brer le succ\u00e8s du projet, la diffusion s\u2019est amorc\u00e9e \u00e0 19 h par un mot du [&hellip;]","og_url":"https:\/\/www.uqac.ca\/uqactualites\/2013\/12\/05\/le-documentaire-asha-du-projet-ads-ravit-le-public\/","og_site_name":"UQACtualit\u00e9s","article_published_time":"2013-12-05T20:14:56+00:00","og_image":[{"width":620,"height":300,"url":"https:\/\/www.uqac.ca\/uqactualites\/wp-content\/uploads\/2013\/12\/quipe-ADS-Asha-Web-\u00a9Denis-Blackburn.jpg","type":"image\/jpeg"}],"author":"Service des communications et des relations publiques","twitter_card":"summary_large_image","twitter_misc":{"\u00c9crit par":"Service des communications et des relations publiques","Estimation du temps de lecture":"1 minute"},"schema":{"@context":"https:\/\/schema.org","@graph":[{"@type":"WebPage","@id":"https:\/\/www.uqac.ca\/uqactualites\/2013\/12\/05\/le-documentaire-asha-du-projet-ads-ravit-le-public\/","url":"https:\/\/www.uqac.ca\/uqactualites\/2013\/12\/05\/le-documentaire-asha-du-projet-ads-ravit-le-public\/","name":"Le documentaire Asha du projet ADS ravit le public - UQACtualit\u00e9s","isPartOf":{"@id":"https:\/\/www.uqac.ca\/uqactualites\/#website"},"primaryImageOfPage":{"@id":"https:\/\/www.uqac.ca\/uqactualites\/2013\/12\/05\/le-documentaire-asha-du-projet-ads-ravit-le-public\/#primaryimage"},"image":{"@id":"https:\/\/www.uqac.ca\/uqactualites\/2013\/12\/05\/le-documentaire-asha-du-projet-ads-ravit-le-public\/#primaryimage"},"thumbnailUrl":"https:\/\/www.uqac.ca\/uqactualites\/wp-content\/uploads\/2013\/12\/quipe-ADS-Asha-Web-\u00a9Denis-Blackburn.jpg","datePublished":"2013-12-05T20:14:56+00:00","dateModified":"2013-12-05T20:14:56+00:00","author":{"@id":"https:\/\/www.uqac.ca\/uqactualites\/#\/schema\/person\/366c45a0c4f0e677b41b4af5886e2018"},"breadcrumb":{"@id":"https:\/\/www.uqac.ca\/uqactualites\/2013\/12\/05\/le-documentaire-asha-du-projet-ads-ravit-le-public\/#breadcrumb"},"inLanguage":"fr-CA","potentialAction":[{"@type":"ReadAction","target":["https:\/\/www.uqac.ca\/uqactualites\/2013\/12\/05\/le-documentaire-asha-du-projet-ads-ravit-le-public\/"]}]},{"@type":"ImageObject","inLanguage":"fr-CA","@id":"https:\/\/www.uqac.ca\/uqactualites\/2013\/12\/05\/le-documentaire-asha-du-projet-ads-ravit-le-public\/#primaryimage","url":"https:\/\/www.uqac.ca\/uqactualites\/wp-content\/uploads\/2013\/12\/quipe-ADS-Asha-Web-\u00a9Denis-Blackburn.jpg","contentUrl":"https:\/\/www.uqac.ca\/uqactualites\/wp-content\/uploads\/2013\/12\/quipe-ADS-Asha-Web-\u00a9Denis-Blackburn.jpg","width":620,"height":300},{"@type":"BreadcrumbList","@id":"https:\/\/www.uqac.ca\/uqactualites\/2013\/12\/05\/le-documentaire-asha-du-projet-ads-ravit-le-public\/#breadcrumb","itemListElement":[{"@type":"ListItem","position":1,"name":"Home","item":"https:\/\/www.uqac.ca\/uqactualites\/"},{"@type":"ListItem","position":2,"name":"Le documentaire Asha du projet ADS ravit le public"}]},{"@type":"WebSite","@id":"https:\/\/www.uqac.ca\/uqactualites\/#website","url":"https:\/\/www.uqac.ca\/uqactualites\/","name":"UQACtualit\u00e9s","description":"Le portail des nouvelles de l&#039;UQAC","potentialAction":[{"@type":"SearchAction","target":{"@type":"EntryPoint","urlTemplate":"https:\/\/www.uqac.ca\/uqactualites\/?s={search_term_string}"},"query-input":{"@type":"PropertyValueSpecification","valueRequired":true,"valueName":"search_term_string"}}],"inLanguage":"fr-CA"},{"@type":"Person","@id":"https:\/\/www.uqac.ca\/uqactualites\/#\/schema\/person\/366c45a0c4f0e677b41b4af5886e2018","name":"Service des communications et des relations publiques","image":{"@type":"ImageObject","inLanguage":"fr-CA","@id":"https:\/\/www.uqac.ca\/uqactualites\/#\/schema\/person\/image\/","url":"https:\/\/secure.gravatar.com\/avatar\/20fbbda8a292f59f2d3461a5b999c00b?s=96&d=mm&r=g","contentUrl":"https:\/\/secure.gravatar.com\/avatar\/20fbbda8a292f59f2d3461a5b999c00b?s=96&d=mm&r=g","caption":"Service des communications et des relations publiques"},"url":"https:\/\/www.uqac.ca\/uqactualites\/author\/bap\/"}]}},"_links":{"self":[{"href":"https:\/\/www.uqac.ca\/uqactualites\/wp-json\/wp\/v2\/posts\/26576"}],"collection":[{"href":"https:\/\/www.uqac.ca\/uqactualites\/wp-json\/wp\/v2\/posts"}],"about":[{"href":"https:\/\/www.uqac.ca\/uqactualites\/wp-json\/wp\/v2\/types\/post"}],"author":[{"embeddable":true,"href":"https:\/\/www.uqac.ca\/uqactualites\/wp-json\/wp\/v2\/users\/5"}],"replies":[{"embeddable":true,"href":"https:\/\/www.uqac.ca\/uqactualites\/wp-json\/wp\/v2\/comments?post=26576"}],"version-history":[{"count":0,"href":"https:\/\/www.uqac.ca\/uqactualites\/wp-json\/wp\/v2\/posts\/26576\/revisions"}],"wp:featuredmedia":[{"embeddable":true,"href":"https:\/\/www.uqac.ca\/uqactualites\/wp-json\/wp\/v2\/media\/26577"}],"wp:attachment":[{"href":"https:\/\/www.uqac.ca\/uqactualites\/wp-json\/wp\/v2\/media?parent=26576"}],"wp:term":[{"taxonomy":"category","embeddable":true,"href":"https:\/\/www.uqac.ca\/uqactualites\/wp-json\/wp\/v2\/categories?post=26576"},{"taxonomy":"post_tag","embeddable":true,"href":"https:\/\/www.uqac.ca\/uqactualites\/wp-json\/wp\/v2\/tags?post=26576"}],"curies":[{"name":"wp","href":"https:\/\/api.w.org\/{rel}","templated":true}]}}