{"id":26621,"date":"2013-12-10T09:17:33","date_gmt":"2013-12-10T14:17:33","guid":{"rendered":"http:\/\/uqactualite.odev.ca\/?p=26621"},"modified":"2013-12-10T09:17:33","modified_gmt":"2013-12-10T14:17:33","slug":"fermeture-du-pont-dubuc","status":"publish","type":"post","link":"https:\/\/www.uqac.ca\/uqactualites\/2013\/12\/10\/fermeture-du-pont-dubuc\/","title":{"rendered":"Fermeture du Pont Dubuc"},"content":{"rendered":"<p style=\"text-align: justify\">Les autorit\u00e9s municipales nous ont inform\u00e9s t\u00f4t cette nuit que le pont Dubuc serait ferm\u00e9 jusqu\u2019\u00e0 nouvel ordre.<\/p>\n<p style=\"text-align: justify\">Nous sommes conscients que cela occasionnera des probl\u00e8mes de circulation et que certains membres de la communaut\u00e9 (\u00e9tudiants et\/ou personnel) ne pourront se rendre tel que pr\u00e9vu au travail ou \u00e0 leurs cours.<\/p>\n<p style=\"text-align: justify\">Bien que <strong>les activit\u00e9s professionnelles et \u00e9tudiantes se d\u00e9rouleront comme \u00e0 l\u2019habitude<\/strong>, <strong>nous demandons la compr\u00e9hension des enseignants et des directions de secteur pour tous ceux et celles qui ne pourront se rendre \u00e0 l\u2019Universit\u00e9 en raison de la fermeture du pont.<\/strong><\/p>\n<p style=\"text-align: justify\">Cela dit, pour ce qui est du <strong>Pavillon sportif, il sera ferm\u00e9 jusqu\u2019\u00e0 nouvel ordre<\/strong>.<\/p>\n<p style=\"text-align: justify\">Merci de votre compr\u00e9hension.<\/p>\n<p style=\"text-align: justify\"><strong><br \/>\nRenseignements :<\/strong><br \/>\nJean Wauthier, directeur<br \/>\nBureau des affaires publiques<br \/>\nUniversit\u00e9 du Qu\u00e9bec \u00e0 Chicoutimi<br \/>\n418 540-0450<\/p>\n","protected":false},"excerpt":{"rendered":"<p>Les autorit\u00e9s municipales nous ont inform\u00e9s t\u00f4t cette nuit que le pont Dubuc serait ferm\u00e9 jusqu\u2019\u00e0 nouvel ordre. Nous sommes conscients que cela occasionnera des probl\u00e8mes de circulation et que certains membres de la communaut\u00e9 (\u00e9tudiants et\/ou personnel) ne pourront se rendre tel que pr\u00e9vu au travail ou \u00e0 leurs cours. Bien que les activit\u00e9s [&hellip;]<\/p>\n","protected":false},"author":5,"featured_media":20987,"comment_status":"closed","ping_status":"open","sticky":false,"template":"","format":"standard","meta":{"footnotes":""},"categories":[2772],"tags":[2457,2443,2394],"yoast_head":"<!-- This site is optimized with the Yoast SEO plugin v24.2 - https:\/\/yoast.com\/wordpress\/plugins\/seo\/ -->\r\n<title>Fermeture du Pont Dubuc - UQACtualit\u00e9s<\/title>\r\n<meta name=\"robots\" content=\"index, follow, max-snippet:-1, max-image-preview:large, max-video-preview:-1\" \/>\r\n<link rel=\"canonical\" href=\"https:\/\/www.uqac.ca\/uqactualites\/2013\/12\/10\/fermeture-du-pont-dubuc\/\" \/>\r\n<meta property=\"og:locale\" content=\"fr_CA\" \/>\r\n<meta property=\"og:type\" content=\"article\" \/>\r\n<meta property=\"og:title\" content=\"Fermeture du Pont Dubuc - UQACtualit\u00e9s\" \/>\r\n<meta property=\"og:description\" content=\"Les autorit\u00e9s municipales nous ont inform\u00e9s t\u00f4t cette nuit que le pont Dubuc serait ferm\u00e9 jusqu\u2019\u00e0 nouvel ordre. Nous sommes conscients que cela occasionnera des probl\u00e8mes de circulation et que certains membres de la communaut\u00e9 (\u00e9tudiants et\/ou personnel) ne pourront se rendre tel que pr\u00e9vu au travail ou \u00e0 leurs cours. Bien que les activit\u00e9s [&hellip;]\" \/>\r\n<meta property=\"og:url\" content=\"https:\/\/www.uqac.ca\/uqactualites\/2013\/12\/10\/fermeture-du-pont-dubuc\/\" \/>\r\n<meta property=\"og:site_name\" content=\"UQACtualit\u00e9s\" \/>\r\n<meta property=\"article:published_time\" content=\"2013-12-10T14:17:33+00:00\" \/>\r\n<meta property=\"og:image\" content=\"https:\/\/www.uqac.ca\/uqactualites\/wp-content\/uploads\/2012\/05\/avis-important.jpg\" \/>\r\n\t<meta property=\"og:image:width\" content=\"620\" \/>\r\n\t<meta property=\"og:image:height\" content=\"300\" \/>\r\n\t<meta property=\"og:image:type\" content=\"image\/jpeg\" \/>\r\n<meta name=\"author\" content=\"Service des communications et des relations publiques\" \/>\r\n<meta name=\"twitter:card\" content=\"summary_large_image\" \/>\r\n<meta name=\"twitter:label1\" content=\"\u00c9crit par\" \/>\n\t<meta name=\"twitter:data1\" content=\"Service des communications et des relations publiques\" \/>\n\t<meta name=\"twitter:label2\" content=\"Estimation du temps de lecture\" \/>\n\t<meta name=\"twitter:data2\" content=\"1 minute\" \/>\r\n<script type=\"application\/ld+json\" class=\"yoast-schema-graph\">{\"@context\":\"https:\/\/schema.org\",\"@graph\":[{\"@type\":\"WebPage\",\"@id\":\"https:\/\/www.uqac.ca\/uqactualites\/2013\/12\/10\/fermeture-du-pont-dubuc\/\",\"url\":\"https:\/\/www.uqac.ca\/uqactualites\/2013\/12\/10\/fermeture-du-pont-dubuc\/\",\"name\":\"Fermeture du Pont Dubuc - UQACtualit\u00e9s\",\"isPartOf\":{\"@id\":\"https:\/\/www.uqac.ca\/uqactualites\/#website\"},\"primaryImageOfPage\":{\"@id\":\"https:\/\/www.uqac.ca\/uqactualites\/2013\/12\/10\/fermeture-du-pont-dubuc\/#primaryimage\"},\"image\":{\"@id\":\"https:\/\/www.uqac.ca\/uqactualites\/2013\/12\/10\/fermeture-du-pont-dubuc\/#primaryimage\"},\"thumbnailUrl\":\"https:\/\/www.uqac.ca\/uqactualites\/wp-content\/uploads\/2012\/05\/avis-important.jpg\",\"datePublished\":\"2013-12-10T14:17:33+00:00\",\"dateModified\":\"2013-12-10T14:17:33+00:00\",\"author\":{\"@id\":\"https:\/\/www.uqac.ca\/uqactualites\/#\/schema\/person\/366c45a0c4f0e677b41b4af5886e2018\"},\"breadcrumb\":{\"@id\":\"https:\/\/www.uqac.ca\/uqactualites\/2013\/12\/10\/fermeture-du-pont-dubuc\/#breadcrumb\"},\"inLanguage\":\"fr-CA\",\"potentialAction\":[{\"@type\":\"ReadAction\",\"target\":[\"https:\/\/www.uqac.ca\/uqactualites\/2013\/12\/10\/fermeture-du-pont-dubuc\/\"]}]},{\"@type\":\"ImageObject\",\"inLanguage\":\"fr-CA\",\"@id\":\"https:\/\/www.uqac.ca\/uqactualites\/2013\/12\/10\/fermeture-du-pont-dubuc\/#primaryimage\",\"url\":\"https:\/\/www.uqac.ca\/uqactualites\/wp-content\/uploads\/2012\/05\/avis-important.jpg\",\"contentUrl\":\"https:\/\/www.uqac.ca\/uqactualites\/wp-content\/uploads\/2012\/05\/avis-important.jpg\",\"width\":620,\"height\":300},{\"@type\":\"BreadcrumbList\",\"@id\":\"https:\/\/www.uqac.ca\/uqactualites\/2013\/12\/10\/fermeture-du-pont-dubuc\/#breadcrumb\",\"itemListElement\":[{\"@type\":\"ListItem\",\"position\":1,\"name\":\"Home\",\"item\":\"https:\/\/www.uqac.ca\/uqactualites\/\"},{\"@type\":\"ListItem\",\"position\":2,\"name\":\"Fermeture du Pont Dubuc\"}]},{\"@type\":\"WebSite\",\"@id\":\"https:\/\/www.uqac.ca\/uqactualites\/#website\",\"url\":\"https:\/\/www.uqac.ca\/uqactualites\/\",\"name\":\"UQACtualit\u00e9s\",\"description\":\"Le portail des nouvelles de l&#039;UQAC\",\"potentialAction\":[{\"@type\":\"SearchAction\",\"target\":{\"@type\":\"EntryPoint\",\"urlTemplate\":\"https:\/\/www.uqac.ca\/uqactualites\/?s={search_term_string}\"},\"query-input\":{\"@type\":\"PropertyValueSpecification\",\"valueRequired\":true,\"valueName\":\"search_term_string\"}}],\"inLanguage\":\"fr-CA\"},{\"@type\":\"Person\",\"@id\":\"https:\/\/www.uqac.ca\/uqactualites\/#\/schema\/person\/366c45a0c4f0e677b41b4af5886e2018\",\"name\":\"Service des communications et des relations publiques\",\"image\":{\"@type\":\"ImageObject\",\"inLanguage\":\"fr-CA\",\"@id\":\"https:\/\/www.uqac.ca\/uqactualites\/#\/schema\/person\/image\/\",\"url\":\"https:\/\/secure.gravatar.com\/avatar\/20fbbda8a292f59f2d3461a5b999c00b?s=96&d=mm&r=g\",\"contentUrl\":\"https:\/\/secure.gravatar.com\/avatar\/20fbbda8a292f59f2d3461a5b999c00b?s=96&d=mm&r=g\",\"caption\":\"Service des communications et des relations publiques\"},\"url\":\"https:\/\/www.uqac.ca\/uqactualites\/author\/bap\/\"}]}<\/script>\r\n<!-- \/ Yoast SEO plugin. -->","yoast_head_json":{"title":"Fermeture du Pont Dubuc - UQACtualit\u00e9s","robots":{"index":"index","follow":"follow","max-snippet":"max-snippet:-1","max-image-preview":"max-image-preview:large","max-video-preview":"max-video-preview:-1"},"canonical":"https:\/\/www.uqac.ca\/uqactualites\/2013\/12\/10\/fermeture-du-pont-dubuc\/","og_locale":"fr_CA","og_type":"article","og_title":"Fermeture du Pont Dubuc - UQACtualit\u00e9s","og_description":"Les autorit\u00e9s municipales nous ont inform\u00e9s t\u00f4t cette nuit que le pont Dubuc serait ferm\u00e9 jusqu\u2019\u00e0 nouvel ordre. Nous sommes conscients que cela occasionnera des probl\u00e8mes de circulation et que certains membres de la communaut\u00e9 (\u00e9tudiants et\/ou personnel) ne pourront se rendre tel que pr\u00e9vu au travail ou \u00e0 leurs cours. Bien que les activit\u00e9s [&hellip;]","og_url":"https:\/\/www.uqac.ca\/uqactualites\/2013\/12\/10\/fermeture-du-pont-dubuc\/","og_site_name":"UQACtualit\u00e9s","article_published_time":"2013-12-10T14:17:33+00:00","og_image":[{"width":620,"height":300,"url":"https:\/\/www.uqac.ca\/uqactualites\/wp-content\/uploads\/2012\/05\/avis-important.jpg","type":"image\/jpeg"}],"author":"Service des communications et des relations publiques","twitter_card":"summary_large_image","twitter_misc":{"\u00c9crit par":"Service des communications et des relations publiques","Estimation du temps de lecture":"1 minute"},"schema":{"@context":"https:\/\/schema.org","@graph":[{"@type":"WebPage","@id":"https:\/\/www.uqac.ca\/uqactualites\/2013\/12\/10\/fermeture-du-pont-dubuc\/","url":"https:\/\/www.uqac.ca\/uqactualites\/2013\/12\/10\/fermeture-du-pont-dubuc\/","name":"Fermeture du Pont Dubuc - UQACtualit\u00e9s","isPartOf":{"@id":"https:\/\/www.uqac.ca\/uqactualites\/#website"},"primaryImageOfPage":{"@id":"https:\/\/www.uqac.ca\/uqactualites\/2013\/12\/10\/fermeture-du-pont-dubuc\/#primaryimage"},"image":{"@id":"https:\/\/www.uqac.ca\/uqactualites\/2013\/12\/10\/fermeture-du-pont-dubuc\/#primaryimage"},"thumbnailUrl":"https:\/\/www.uqac.ca\/uqactualites\/wp-content\/uploads\/2012\/05\/avis-important.jpg","datePublished":"2013-12-10T14:17:33+00:00","dateModified":"2013-12-10T14:17:33+00:00","author":{"@id":"https:\/\/www.uqac.ca\/uqactualites\/#\/schema\/person\/366c45a0c4f0e677b41b4af5886e2018"},"breadcrumb":{"@id":"https:\/\/www.uqac.ca\/uqactualites\/2013\/12\/10\/fermeture-du-pont-dubuc\/#breadcrumb"},"inLanguage":"fr-CA","potentialAction":[{"@type":"ReadAction","target":["https:\/\/www.uqac.ca\/uqactualites\/2013\/12\/10\/fermeture-du-pont-dubuc\/"]}]},{"@type":"ImageObject","inLanguage":"fr-CA","@id":"https:\/\/www.uqac.ca\/uqactualites\/2013\/12\/10\/fermeture-du-pont-dubuc\/#primaryimage","url":"https:\/\/www.uqac.ca\/uqactualites\/wp-content\/uploads\/2012\/05\/avis-important.jpg","contentUrl":"https:\/\/www.uqac.ca\/uqactualites\/wp-content\/uploads\/2012\/05\/avis-important.jpg","width":620,"height":300},{"@type":"BreadcrumbList","@id":"https:\/\/www.uqac.ca\/uqactualites\/2013\/12\/10\/fermeture-du-pont-dubuc\/#breadcrumb","itemListElement":[{"@type":"ListItem","position":1,"name":"Home","item":"https:\/\/www.uqac.ca\/uqactualites\/"},{"@type":"ListItem","position":2,"name":"Fermeture du Pont Dubuc"}]},{"@type":"WebSite","@id":"https:\/\/www.uqac.ca\/uqactualites\/#website","url":"https:\/\/www.uqac.ca\/uqactualites\/","name":"UQACtualit\u00e9s","description":"Le portail des nouvelles de l&#039;UQAC","potentialAction":[{"@type":"SearchAction","target":{"@type":"EntryPoint","urlTemplate":"https:\/\/www.uqac.ca\/uqactualites\/?s={search_term_string}"},"query-input":{"@type":"PropertyValueSpecification","valueRequired":true,"valueName":"search_term_string"}}],"inLanguage":"fr-CA"},{"@type":"Person","@id":"https:\/\/www.uqac.ca\/uqactualites\/#\/schema\/person\/366c45a0c4f0e677b41b4af5886e2018","name":"Service des communications et des relations publiques","image":{"@type":"ImageObject","inLanguage":"fr-CA","@id":"https:\/\/www.uqac.ca\/uqactualites\/#\/schema\/person\/image\/","url":"https:\/\/secure.gravatar.com\/avatar\/20fbbda8a292f59f2d3461a5b999c00b?s=96&d=mm&r=g","contentUrl":"https:\/\/secure.gravatar.com\/avatar\/20fbbda8a292f59f2d3461a5b999c00b?s=96&d=mm&r=g","caption":"Service des communications et des relations publiques"},"url":"https:\/\/www.uqac.ca\/uqactualites\/author\/bap\/"}]}},"_links":{"self":[{"href":"https:\/\/www.uqac.ca\/uqactualites\/wp-json\/wp\/v2\/posts\/26621"}],"collection":[{"href":"https:\/\/www.uqac.ca\/uqactualites\/wp-json\/wp\/v2\/posts"}],"about":[{"href":"https:\/\/www.uqac.ca\/uqactualites\/wp-json\/wp\/v2\/types\/post"}],"author":[{"embeddable":true,"href":"https:\/\/www.uqac.ca\/uqactualites\/wp-json\/wp\/v2\/users\/5"}],"replies":[{"embeddable":true,"href":"https:\/\/www.uqac.ca\/uqactualites\/wp-json\/wp\/v2\/comments?post=26621"}],"version-history":[{"count":0,"href":"https:\/\/www.uqac.ca\/uqactualites\/wp-json\/wp\/v2\/posts\/26621\/revisions"}],"wp:featuredmedia":[{"embeddable":true,"href":"https:\/\/www.uqac.ca\/uqactualites\/wp-json\/wp\/v2\/media\/20987"}],"wp:attachment":[{"href":"https:\/\/www.uqac.ca\/uqactualites\/wp-json\/wp\/v2\/media?parent=26621"}],"wp:term":[{"taxonomy":"category","embeddable":true,"href":"https:\/\/www.uqac.ca\/uqactualites\/wp-json\/wp\/v2\/categories?post=26621"},{"taxonomy":"post_tag","embeddable":true,"href":"https:\/\/www.uqac.ca\/uqactualites\/wp-json\/wp\/v2\/tags?post=26621"}],"curies":[{"name":"wp","href":"https:\/\/api.w.org\/{rel}","templated":true}]}}