{"id":26636,"date":"2013-12-10T15:40:18","date_gmt":"2013-12-10T20:40:18","guid":{"rendered":"http:\/\/uqactualite.odev.ca\/?p=26636"},"modified":"2013-12-10T15:40:18","modified_gmt":"2013-12-10T20:40:18","slug":"fermeture-du-pont-dubuc-les-activites-se-poursuivent-normalement-a-luqac","status":"publish","type":"post","link":"https:\/\/www.uqac.ca\/uqactualites\/2013\/12\/10\/fermeture-du-pont-dubuc-les-activites-se-poursuivent-normalement-a-luqac\/","title":{"rendered":"Fermeture du pont Dubuc : les activit\u00e9s se poursuivent normalement \u00e0 l\u2019UQAC"},"content":{"rendered":"<p style=\"text-align: justify\"><b>Saguenay, le 10 d\u00e9cembre 2013<\/b> \u2013 \u00c0 la suite de l\u2019annonce faite cet apr\u00e8s-midi par le ministre des Transports du Qu\u00e9bec, monsieur Sylvain Gaudreault, selon laquelle le pont Dubuc restera ferm\u00e9 \u00e0 la circulation jusqu\u2019\u00e0 ce jeudi matin, la direction de l\u2019Universit\u00e9 du Qu\u00e9bec \u00e0 Chicoutimi confirme que les activit\u00e9s professionnelles et \u00e9tudiantes se poursuivront normalement \u00e0 l\u2019UQAC.<\/p>\n<p style=\"text-align: justify\">Nous invitons les membres de la communaut\u00e9 universitaire (\u00e9tudiants et personnel) \u00e0 emprunter les services de navette et de transport en commun ainsi que les voies de contournement afin d\u2019att\u00e9nuer les inconv\u00e9nients caus\u00e9s par la fermeture du pont. Pour plus de d\u00e9tails sur les services offerts, il est possible de consulter le site Web de la ville de Saguenay (<span style=\"color: #5a7411\"><strong><a href=\"http:\/\/ville.saguenay.ca\/fr\/home\" target=\"_blank\" rel=\"noopener\"><span style=\"color: #5a7411\">ville.saguenay.ca<\/span><\/a><\/strong><\/span>) et d\u2019\u00eatre attentif aux informations diffus\u00e9es par la ville et les m\u00e9dias d\u2019information.<\/p>\n<p style=\"text-align: justify\">Nous rappelons \u00e9galement, pour ceux et celles qui demeurent dans le secteur nord de Chicoutimi et qui seront vraiment dans l\u2019impossibilit\u00e9 de se rendre \u00e0 l\u2019UQAC, que la direction de l\u2019Universit\u00e9 mettra en place les mesures n\u00e9cessaires afin de ne pas p\u00e9naliser ces derniers.<\/p>\n<p style=\"text-align: justify\">Nous vous remercions de votre collaboration.<\/p>\n<p style=\"text-align: center\" align=\"center\">&#8211; 30 &#8211;<\/p>\n<p style=\"text-align: justify\"><b>Source\u00a0:<\/b><br \/>\nJean Wauthier, directeur<br \/>\nBureau des affaires publiques<br \/>\nUniversit\u00e9 du Qu\u00e9bec \u00e0 Chicoutimi<br \/>\n418\u00a0540-0450\u00a0 \u25aa\u00a0 <span style=\"color: #5a7411\"><a href=\"mailto:jean.wauthier@uqac.ca\"><span style=\"color: #5a7411\">jean.wauthier@uqac.ca<\/span><\/a><\/span><\/p>\n","protected":false},"excerpt":{"rendered":"<p>Saguenay, le 10 d\u00e9cembre 2013 \u2013 \u00c0 la suite de l\u2019annonce faite cet apr\u00e8s-midi par le ministre des Transports du Qu\u00e9bec, monsieur Sylvain Gaudreault, selon laquelle le pont Dubuc restera ferm\u00e9 \u00e0 la circulation jusqu\u2019\u00e0 ce jeudi matin, la direction de l\u2019Universit\u00e9 du Qu\u00e9bec \u00e0 Chicoutimi confirme que les activit\u00e9s professionnelles et \u00e9tudiantes se poursuivront [&hellip;]<\/p>\n","protected":false},"author":5,"featured_media":20745,"comment_status":"open","ping_status":"open","sticky":false,"template":"","format":"standard","meta":{"footnotes":""},"categories":[2772],"tags":[],"yoast_head":"<!-- This site is optimized with the Yoast SEO plugin v24.2 - https:\/\/yoast.com\/wordpress\/plugins\/seo\/ -->\r\n<title>Fermeture du pont Dubuc : les activit\u00e9s se poursuivent normalement \u00e0 l\u2019UQAC - UQACtualit\u00e9s<\/title>\r\n<meta name=\"robots\" content=\"index, follow, max-snippet:-1, max-image-preview:large, max-video-preview:-1\" \/>\r\n<link rel=\"canonical\" href=\"https:\/\/www.uqac.ca\/uqactualites\/2013\/12\/10\/fermeture-du-pont-dubuc-les-activites-se-poursuivent-normalement-a-luqac\/\" \/>\r\n<meta property=\"og:locale\" content=\"fr_CA\" \/>\r\n<meta property=\"og:type\" content=\"article\" \/>\r\n<meta property=\"og:title\" content=\"Fermeture du pont Dubuc : les activit\u00e9s se poursuivent normalement \u00e0 l\u2019UQAC - UQACtualit\u00e9s\" \/>\r\n<meta property=\"og:description\" content=\"Saguenay, le 10 d\u00e9cembre 2013 \u2013 \u00c0 la suite de l\u2019annonce faite cet apr\u00e8s-midi par le ministre des Transports du Qu\u00e9bec, monsieur Sylvain Gaudreault, selon laquelle le pont Dubuc restera ferm\u00e9 \u00e0 la circulation jusqu\u2019\u00e0 ce jeudi matin, la direction de l\u2019Universit\u00e9 du Qu\u00e9bec \u00e0 Chicoutimi confirme que les activit\u00e9s professionnelles et \u00e9tudiantes se poursuivront [&hellip;]\" \/>\r\n<meta property=\"og:url\" content=\"https:\/\/www.uqac.ca\/uqactualites\/2013\/12\/10\/fermeture-du-pont-dubuc-les-activites-se-poursuivent-normalement-a-luqac\/\" \/>\r\n<meta property=\"og:site_name\" content=\"UQACtualit\u00e9s\" \/>\r\n<meta property=\"article:published_time\" content=\"2013-12-10T20:40:18+00:00\" \/>\r\n<meta property=\"og:image\" content=\"https:\/\/www.uqac.ca\/uqactualites\/wp-content\/uploads\/2012\/05\/communiqu-.jpg\" \/>\r\n\t<meta property=\"og:image:width\" content=\"620\" \/>\r\n\t<meta property=\"og:image:height\" content=\"300\" \/>\r\n\t<meta property=\"og:image:type\" content=\"image\/jpeg\" \/>\r\n<meta name=\"author\" content=\"Service des communications et des relations publiques\" \/>\r\n<meta name=\"twitter:card\" content=\"summary_large_image\" \/>\r\n<meta name=\"twitter:label1\" content=\"\u00c9crit par\" \/>\n\t<meta name=\"twitter:data1\" content=\"Service des communications et des relations publiques\" \/>\n\t<meta name=\"twitter:label2\" content=\"Estimation du temps de lecture\" \/>\n\t<meta name=\"twitter:data2\" content=\"1 minute\" \/>\r\n<script type=\"application\/ld+json\" class=\"yoast-schema-graph\">{\"@context\":\"https:\/\/schema.org\",\"@graph\":[{\"@type\":\"WebPage\",\"@id\":\"https:\/\/www.uqac.ca\/uqactualites\/2013\/12\/10\/fermeture-du-pont-dubuc-les-activites-se-poursuivent-normalement-a-luqac\/\",\"url\":\"https:\/\/www.uqac.ca\/uqactualites\/2013\/12\/10\/fermeture-du-pont-dubuc-les-activites-se-poursuivent-normalement-a-luqac\/\",\"name\":\"Fermeture du pont Dubuc : les activit\u00e9s se poursuivent normalement \u00e0 l\u2019UQAC - UQACtualit\u00e9s\",\"isPartOf\":{\"@id\":\"https:\/\/www.uqac.ca\/uqactualites\/#website\"},\"primaryImageOfPage\":{\"@id\":\"https:\/\/www.uqac.ca\/uqactualites\/2013\/12\/10\/fermeture-du-pont-dubuc-les-activites-se-poursuivent-normalement-a-luqac\/#primaryimage\"},\"image\":{\"@id\":\"https:\/\/www.uqac.ca\/uqactualites\/2013\/12\/10\/fermeture-du-pont-dubuc-les-activites-se-poursuivent-normalement-a-luqac\/#primaryimage\"},\"thumbnailUrl\":\"https:\/\/www.uqac.ca\/uqactualites\/wp-content\/uploads\/2012\/05\/communiqu-.jpg\",\"datePublished\":\"2013-12-10T20:40:18+00:00\",\"dateModified\":\"2013-12-10T20:40:18+00:00\",\"author\":{\"@id\":\"https:\/\/www.uqac.ca\/uqactualites\/#\/schema\/person\/366c45a0c4f0e677b41b4af5886e2018\"},\"breadcrumb\":{\"@id\":\"https:\/\/www.uqac.ca\/uqactualites\/2013\/12\/10\/fermeture-du-pont-dubuc-les-activites-se-poursuivent-normalement-a-luqac\/#breadcrumb\"},\"inLanguage\":\"fr-CA\",\"potentialAction\":[{\"@type\":\"ReadAction\",\"target\":[\"https:\/\/www.uqac.ca\/uqactualites\/2013\/12\/10\/fermeture-du-pont-dubuc-les-activites-se-poursuivent-normalement-a-luqac\/\"]}]},{\"@type\":\"ImageObject\",\"inLanguage\":\"fr-CA\",\"@id\":\"https:\/\/www.uqac.ca\/uqactualites\/2013\/12\/10\/fermeture-du-pont-dubuc-les-activites-se-poursuivent-normalement-a-luqac\/#primaryimage\",\"url\":\"https:\/\/www.uqac.ca\/uqactualites\/wp-content\/uploads\/2012\/05\/communiqu-.jpg\",\"contentUrl\":\"https:\/\/www.uqac.ca\/uqactualites\/wp-content\/uploads\/2012\/05\/communiqu-.jpg\",\"width\":620,\"height\":300},{\"@type\":\"BreadcrumbList\",\"@id\":\"https:\/\/www.uqac.ca\/uqactualites\/2013\/12\/10\/fermeture-du-pont-dubuc-les-activites-se-poursuivent-normalement-a-luqac\/#breadcrumb\",\"itemListElement\":[{\"@type\":\"ListItem\",\"position\":1,\"name\":\"Home\",\"item\":\"https:\/\/www.uqac.ca\/uqactualites\/\"},{\"@type\":\"ListItem\",\"position\":2,\"name\":\"Fermeture du pont Dubuc : les activit\u00e9s se poursuivent normalement \u00e0 l\u2019UQAC\"}]},{\"@type\":\"WebSite\",\"@id\":\"https:\/\/www.uqac.ca\/uqactualites\/#website\",\"url\":\"https:\/\/www.uqac.ca\/uqactualites\/\",\"name\":\"UQACtualit\u00e9s\",\"description\":\"Le portail des nouvelles de l&#039;UQAC\",\"potentialAction\":[{\"@type\":\"SearchAction\",\"target\":{\"@type\":\"EntryPoint\",\"urlTemplate\":\"https:\/\/www.uqac.ca\/uqactualites\/?s={search_term_string}\"},\"query-input\":{\"@type\":\"PropertyValueSpecification\",\"valueRequired\":true,\"valueName\":\"search_term_string\"}}],\"inLanguage\":\"fr-CA\"},{\"@type\":\"Person\",\"@id\":\"https:\/\/www.uqac.ca\/uqactualites\/#\/schema\/person\/366c45a0c4f0e677b41b4af5886e2018\",\"name\":\"Service des communications et des relations publiques\",\"image\":{\"@type\":\"ImageObject\",\"inLanguage\":\"fr-CA\",\"@id\":\"https:\/\/www.uqac.ca\/uqactualites\/#\/schema\/person\/image\/\",\"url\":\"https:\/\/secure.gravatar.com\/avatar\/20fbbda8a292f59f2d3461a5b999c00b?s=96&d=mm&r=g\",\"contentUrl\":\"https:\/\/secure.gravatar.com\/avatar\/20fbbda8a292f59f2d3461a5b999c00b?s=96&d=mm&r=g\",\"caption\":\"Service des communications et des relations publiques\"},\"url\":\"https:\/\/www.uqac.ca\/uqactualites\/author\/bap\/\"}]}<\/script>\r\n<!-- \/ Yoast SEO plugin. -->","yoast_head_json":{"title":"Fermeture du pont Dubuc : les activit\u00e9s se poursuivent normalement \u00e0 l\u2019UQAC - UQACtualit\u00e9s","robots":{"index":"index","follow":"follow","max-snippet":"max-snippet:-1","max-image-preview":"max-image-preview:large","max-video-preview":"max-video-preview:-1"},"canonical":"https:\/\/www.uqac.ca\/uqactualites\/2013\/12\/10\/fermeture-du-pont-dubuc-les-activites-se-poursuivent-normalement-a-luqac\/","og_locale":"fr_CA","og_type":"article","og_title":"Fermeture du pont Dubuc : les activit\u00e9s se poursuivent normalement \u00e0 l\u2019UQAC - UQACtualit\u00e9s","og_description":"Saguenay, le 10 d\u00e9cembre 2013 \u2013 \u00c0 la suite de l\u2019annonce faite cet apr\u00e8s-midi par le ministre des Transports du Qu\u00e9bec, monsieur Sylvain Gaudreault, selon laquelle le pont Dubuc restera ferm\u00e9 \u00e0 la circulation jusqu\u2019\u00e0 ce jeudi matin, la direction de l\u2019Universit\u00e9 du Qu\u00e9bec \u00e0 Chicoutimi confirme que les activit\u00e9s professionnelles et \u00e9tudiantes se poursuivront [&hellip;]","og_url":"https:\/\/www.uqac.ca\/uqactualites\/2013\/12\/10\/fermeture-du-pont-dubuc-les-activites-se-poursuivent-normalement-a-luqac\/","og_site_name":"UQACtualit\u00e9s","article_published_time":"2013-12-10T20:40:18+00:00","og_image":[{"width":620,"height":300,"url":"https:\/\/www.uqac.ca\/uqactualites\/wp-content\/uploads\/2012\/05\/communiqu-.jpg","type":"image\/jpeg"}],"author":"Service des communications et des relations publiques","twitter_card":"summary_large_image","twitter_misc":{"\u00c9crit par":"Service des communications et des relations publiques","Estimation du temps de lecture":"1 minute"},"schema":{"@context":"https:\/\/schema.org","@graph":[{"@type":"WebPage","@id":"https:\/\/www.uqac.ca\/uqactualites\/2013\/12\/10\/fermeture-du-pont-dubuc-les-activites-se-poursuivent-normalement-a-luqac\/","url":"https:\/\/www.uqac.ca\/uqactualites\/2013\/12\/10\/fermeture-du-pont-dubuc-les-activites-se-poursuivent-normalement-a-luqac\/","name":"Fermeture du pont Dubuc : les activit\u00e9s se poursuivent normalement \u00e0 l\u2019UQAC - UQACtualit\u00e9s","isPartOf":{"@id":"https:\/\/www.uqac.ca\/uqactualites\/#website"},"primaryImageOfPage":{"@id":"https:\/\/www.uqac.ca\/uqactualites\/2013\/12\/10\/fermeture-du-pont-dubuc-les-activites-se-poursuivent-normalement-a-luqac\/#primaryimage"},"image":{"@id":"https:\/\/www.uqac.ca\/uqactualites\/2013\/12\/10\/fermeture-du-pont-dubuc-les-activites-se-poursuivent-normalement-a-luqac\/#primaryimage"},"thumbnailUrl":"https:\/\/www.uqac.ca\/uqactualites\/wp-content\/uploads\/2012\/05\/communiqu-.jpg","datePublished":"2013-12-10T20:40:18+00:00","dateModified":"2013-12-10T20:40:18+00:00","author":{"@id":"https:\/\/www.uqac.ca\/uqactualites\/#\/schema\/person\/366c45a0c4f0e677b41b4af5886e2018"},"breadcrumb":{"@id":"https:\/\/www.uqac.ca\/uqactualites\/2013\/12\/10\/fermeture-du-pont-dubuc-les-activites-se-poursuivent-normalement-a-luqac\/#breadcrumb"},"inLanguage":"fr-CA","potentialAction":[{"@type":"ReadAction","target":["https:\/\/www.uqac.ca\/uqactualites\/2013\/12\/10\/fermeture-du-pont-dubuc-les-activites-se-poursuivent-normalement-a-luqac\/"]}]},{"@type":"ImageObject","inLanguage":"fr-CA","@id":"https:\/\/www.uqac.ca\/uqactualites\/2013\/12\/10\/fermeture-du-pont-dubuc-les-activites-se-poursuivent-normalement-a-luqac\/#primaryimage","url":"https:\/\/www.uqac.ca\/uqactualites\/wp-content\/uploads\/2012\/05\/communiqu-.jpg","contentUrl":"https:\/\/www.uqac.ca\/uqactualites\/wp-content\/uploads\/2012\/05\/communiqu-.jpg","width":620,"height":300},{"@type":"BreadcrumbList","@id":"https:\/\/www.uqac.ca\/uqactualites\/2013\/12\/10\/fermeture-du-pont-dubuc-les-activites-se-poursuivent-normalement-a-luqac\/#breadcrumb","itemListElement":[{"@type":"ListItem","position":1,"name":"Home","item":"https:\/\/www.uqac.ca\/uqactualites\/"},{"@type":"ListItem","position":2,"name":"Fermeture du pont Dubuc : les activit\u00e9s se poursuivent normalement \u00e0 l\u2019UQAC"}]},{"@type":"WebSite","@id":"https:\/\/www.uqac.ca\/uqactualites\/#website","url":"https:\/\/www.uqac.ca\/uqactualites\/","name":"UQACtualit\u00e9s","description":"Le portail des nouvelles de l&#039;UQAC","potentialAction":[{"@type":"SearchAction","target":{"@type":"EntryPoint","urlTemplate":"https:\/\/www.uqac.ca\/uqactualites\/?s={search_term_string}"},"query-input":{"@type":"PropertyValueSpecification","valueRequired":true,"valueName":"search_term_string"}}],"inLanguage":"fr-CA"},{"@type":"Person","@id":"https:\/\/www.uqac.ca\/uqactualites\/#\/schema\/person\/366c45a0c4f0e677b41b4af5886e2018","name":"Service des communications et des relations publiques","image":{"@type":"ImageObject","inLanguage":"fr-CA","@id":"https:\/\/www.uqac.ca\/uqactualites\/#\/schema\/person\/image\/","url":"https:\/\/secure.gravatar.com\/avatar\/20fbbda8a292f59f2d3461a5b999c00b?s=96&d=mm&r=g","contentUrl":"https:\/\/secure.gravatar.com\/avatar\/20fbbda8a292f59f2d3461a5b999c00b?s=96&d=mm&r=g","caption":"Service des communications et des relations publiques"},"url":"https:\/\/www.uqac.ca\/uqactualites\/author\/bap\/"}]}},"_links":{"self":[{"href":"https:\/\/www.uqac.ca\/uqactualites\/wp-json\/wp\/v2\/posts\/26636"}],"collection":[{"href":"https:\/\/www.uqac.ca\/uqactualites\/wp-json\/wp\/v2\/posts"}],"about":[{"href":"https:\/\/www.uqac.ca\/uqactualites\/wp-json\/wp\/v2\/types\/post"}],"author":[{"embeddable":true,"href":"https:\/\/www.uqac.ca\/uqactualites\/wp-json\/wp\/v2\/users\/5"}],"replies":[{"embeddable":true,"href":"https:\/\/www.uqac.ca\/uqactualites\/wp-json\/wp\/v2\/comments?post=26636"}],"version-history":[{"count":0,"href":"https:\/\/www.uqac.ca\/uqactualites\/wp-json\/wp\/v2\/posts\/26636\/revisions"}],"wp:featuredmedia":[{"embeddable":true,"href":"https:\/\/www.uqac.ca\/uqactualites\/wp-json\/wp\/v2\/media\/20745"}],"wp:attachment":[{"href":"https:\/\/www.uqac.ca\/uqactualites\/wp-json\/wp\/v2\/media?parent=26636"}],"wp:term":[{"taxonomy":"category","embeddable":true,"href":"https:\/\/www.uqac.ca\/uqactualites\/wp-json\/wp\/v2\/categories?post=26636"},{"taxonomy":"post_tag","embeddable":true,"href":"https:\/\/www.uqac.ca\/uqactualites\/wp-json\/wp\/v2\/tags?post=26636"}],"curies":[{"name":"wp","href":"https:\/\/api.w.org\/{rel}","templated":true}]}}