{"id":26657,"date":"2013-12-11T15:48:21","date_gmt":"2013-12-11T20:48:21","guid":{"rendered":"http:\/\/uqactualite.odev.ca\/?p=26657"},"modified":"2013-12-11T15:48:21","modified_gmt":"2013-12-11T20:48:21","slug":"valerie-gagne-ouellet-remporte-a-nouveau-le-prix-de-la-meilleure-presentation-au-cqsr","status":"publish","type":"post","link":"https:\/\/www.uqac.ca\/uqactualites\/2013\/12\/11\/valerie-gagne-ouellet-remporte-a-nouveau-le-prix-de-la-meilleure-presentation-au-cqsr\/","title":{"rendered":"Val\u00e9rie Gagn\u00e9-Ouellet remporte \u00e0 nouveau le prix de la meilleure pr\u00e9sentation au CQSR"},"content":{"rendered":"<p style=\"text-align: justify\">\u00c9tudiante \u00e0 la <span style=\"color: #5a7411\"><a href=\"http:\/\/programmes.uqac.ca\/3047\" target=\"_blank\" rel=\"noopener\"><span style=\"color: #5a7411\">ma\u00eetrise en m\u00e9decine exp\u00e9rimentale<\/span><\/a><\/span> de l\u2019UQAC, Val\u00e9rie Gagn\u00e9-Ouellet a r\u00e9cemment remport\u00e9 le prix de la meilleure pr\u00e9sentation lors du Congr\u00e8s qu\u00e9b\u00e9cois en sant\u00e9 respiratoire (CQSR). Celle qui avait mis la main sur le m\u00eame honneur l\u2019an dernier \u00e0 l\u2019occasion de la premi\u00e8re \u00e9dition du CQRS s\u2019est d\u00e9marqu\u00e9e gr\u00e2ce \u00e0 sa pr\u00e9sentation intitul\u00e9e \u00ab\u00a0Hyperm\u00e9thylation du promoteur du g\u00e8ne du r\u00e9cepteur de type II de l\u2019interleukine\u00a01 (IL1R2) dans l\u2019asthme allergique\u00a0\u00bb. Notons que l\u2019\u00e9tudiante r\u00e9alise ses recherches au sein du laboratoire G\u00e9promic, dirig\u00e9 par la professeure-chercheuse Catherine Laprise.<\/p>\n<p style=\"text-align: justify\">L\u2019\u00e9v\u00e9nement, qui se tenait les 14 et 15 novembre dernier \u00e0 Montr\u00e9al et qui r\u00e9unissait chercheurs, cliniciens et professionnels de la sant\u00e9, se voulait l\u2019occasion de faire le point sur les plus r\u00e9centes avanc\u00e9es en recherche en sant\u00e9 respiratoire.<\/p>\n<p style=\"text-align: justify\">Toutes nos f\u00e9licitations \u00e0 Val\u00e9rie pour cette r\u00e9compense grandement m\u00e9rit\u00e9e!<\/p>\n<p style=\"text-align: justify\">\n<p style=\"text-align: justify\"><span style=\"color: #808080\"><b>________________________________________________________________________________________<\/b><\/span><\/p>\n<p style=\"text-align: justify\"><span style=\"color: #808080\"><b>Photo\u00a0:<\/b> Val\u00e9rie Gagn\u00e9-Ouellet<\/span><br \/>\n<span style=\"color: #808080\"><b>Photographe\u00a0:<\/b> Yvan Fortier (Laboratoire de t\u00e9l\u00e9matique biom\u00e9dicale du RSR, 2013)<\/span><br \/>\n<span style=\"color: #808080\">________________________________________________________________________________________<\/span><\/p>\n","protected":false},"excerpt":{"rendered":"<p>\u00c9tudiante \u00e0 la ma\u00eetrise en m\u00e9decine exp\u00e9rimentale de l\u2019UQAC, Val\u00e9rie Gagn\u00e9-Ouellet a r\u00e9cemment remport\u00e9 le prix de la meilleure pr\u00e9sentation lors du Congr\u00e8s qu\u00e9b\u00e9cois en sant\u00e9 respiratoire (CQSR). Celle qui avait mis la main sur le m\u00eame honneur l\u2019an dernier \u00e0 l\u2019occasion de la premi\u00e8re \u00e9dition du CQRS s\u2019est d\u00e9marqu\u00e9e gr\u00e2ce \u00e0 sa pr\u00e9sentation intitul\u00e9e [&hellip;]<\/p>\n","protected":false},"author":5,"featured_media":26658,"comment_status":"open","ping_status":"open","sticky":false,"template":"","format":"standard","meta":{"footnotes":""},"categories":[2,9],"tags":[446,2458,3,1515,1298,65,2459,359,400],"yoast_head":"<!-- This site is optimized with the Yoast SEO plugin v24.2 - https:\/\/yoast.com\/wordpress\/plugins\/seo\/ -->\r\n<title>Val\u00e9rie Gagn\u00e9-Ouellet remporte \u00e0 nouveau le prix de la meilleure pr\u00e9sentation au CQSR - UQACtualit\u00e9s<\/title>\r\n<meta name=\"robots\" content=\"index, follow, max-snippet:-1, max-image-preview:large, max-video-preview:-1\" \/>\r\n<link rel=\"canonical\" href=\"https:\/\/www.uqac.ca\/uqactualites\/2013\/12\/11\/valerie-gagne-ouellet-remporte-a-nouveau-le-prix-de-la-meilleure-presentation-au-cqsr\/\" \/>\r\n<meta property=\"og:locale\" content=\"fr_CA\" \/>\r\n<meta property=\"og:type\" content=\"article\" \/>\r\n<meta property=\"og:title\" content=\"Val\u00e9rie Gagn\u00e9-Ouellet remporte \u00e0 nouveau le prix de la meilleure pr\u00e9sentation au CQSR - UQACtualit\u00e9s\" \/>\r\n<meta property=\"og:description\" content=\"\u00c9tudiante \u00e0 la ma\u00eetrise en m\u00e9decine exp\u00e9rimentale de l\u2019UQAC, Val\u00e9rie Gagn\u00e9-Ouellet a r\u00e9cemment remport\u00e9 le prix de la meilleure pr\u00e9sentation lors du Congr\u00e8s qu\u00e9b\u00e9cois en sant\u00e9 respiratoire (CQSR). Celle qui avait mis la main sur le m\u00eame honneur l\u2019an dernier \u00e0 l\u2019occasion de la premi\u00e8re \u00e9dition du CQRS s\u2019est d\u00e9marqu\u00e9e gr\u00e2ce \u00e0 sa pr\u00e9sentation intitul\u00e9e [&hellip;]\" \/>\r\n<meta property=\"og:url\" content=\"https:\/\/www.uqac.ca\/uqactualites\/2013\/12\/11\/valerie-gagne-ouellet-remporte-a-nouveau-le-prix-de-la-meilleure-presentation-au-cqsr\/\" \/>\r\n<meta property=\"og:site_name\" content=\"UQACtualit\u00e9s\" \/>\r\n<meta property=\"article:published_time\" content=\"2013-12-11T20:48:21+00:00\" \/>\r\n<meta property=\"og:image\" content=\"https:\/\/www.uqac.ca\/uqactualites\/wp-content\/uploads\/2013\/12\/Val\u00e9rie-Gagn\u00e9-Ouellet-CQSR-Web-\u00a9Yvan-Fortier.jpg\" \/>\r\n\t<meta property=\"og:image:width\" content=\"620\" \/>\r\n\t<meta property=\"og:image:height\" content=\"300\" \/>\r\n\t<meta property=\"og:image:type\" content=\"image\/jpeg\" \/>\r\n<meta name=\"author\" content=\"Service des communications et des relations publiques\" \/>\r\n<meta name=\"twitter:card\" content=\"summary_large_image\" \/>\r\n<meta name=\"twitter:label1\" content=\"\u00c9crit par\" \/>\n\t<meta name=\"twitter:data1\" content=\"Service des communications et des relations publiques\" \/>\n\t<meta name=\"twitter:label2\" content=\"Estimation du temps de lecture\" \/>\n\t<meta name=\"twitter:data2\" content=\"1 minute\" \/>\r\n<script type=\"application\/ld+json\" class=\"yoast-schema-graph\">{\"@context\":\"https:\/\/schema.org\",\"@graph\":[{\"@type\":\"WebPage\",\"@id\":\"https:\/\/www.uqac.ca\/uqactualites\/2013\/12\/11\/valerie-gagne-ouellet-remporte-a-nouveau-le-prix-de-la-meilleure-presentation-au-cqsr\/\",\"url\":\"https:\/\/www.uqac.ca\/uqactualites\/2013\/12\/11\/valerie-gagne-ouellet-remporte-a-nouveau-le-prix-de-la-meilleure-presentation-au-cqsr\/\",\"name\":\"Val\u00e9rie Gagn\u00e9-Ouellet remporte \u00e0 nouveau le prix de la meilleure pr\u00e9sentation au CQSR - UQACtualit\u00e9s\",\"isPartOf\":{\"@id\":\"https:\/\/www.uqac.ca\/uqactualites\/#website\"},\"primaryImageOfPage\":{\"@id\":\"https:\/\/www.uqac.ca\/uqactualites\/2013\/12\/11\/valerie-gagne-ouellet-remporte-a-nouveau-le-prix-de-la-meilleure-presentation-au-cqsr\/#primaryimage\"},\"image\":{\"@id\":\"https:\/\/www.uqac.ca\/uqactualites\/2013\/12\/11\/valerie-gagne-ouellet-remporte-a-nouveau-le-prix-de-la-meilleure-presentation-au-cqsr\/#primaryimage\"},\"thumbnailUrl\":\"https:\/\/www.uqac.ca\/uqactualites\/wp-content\/uploads\/2013\/12\/Val\u00e9rie-Gagn\u00e9-Ouellet-CQSR-Web-\u00a9Yvan-Fortier.jpg\",\"datePublished\":\"2013-12-11T20:48:21+00:00\",\"dateModified\":\"2013-12-11T20:48:21+00:00\",\"author\":{\"@id\":\"https:\/\/www.uqac.ca\/uqactualites\/#\/schema\/person\/366c45a0c4f0e677b41b4af5886e2018\"},\"breadcrumb\":{\"@id\":\"https:\/\/www.uqac.ca\/uqactualites\/2013\/12\/11\/valerie-gagne-ouellet-remporte-a-nouveau-le-prix-de-la-meilleure-presentation-au-cqsr\/#breadcrumb\"},\"inLanguage\":\"fr-CA\",\"potentialAction\":[{\"@type\":\"ReadAction\",\"target\":[\"https:\/\/www.uqac.ca\/uqactualites\/2013\/12\/11\/valerie-gagne-ouellet-remporte-a-nouveau-le-prix-de-la-meilleure-presentation-au-cqsr\/\"]}]},{\"@type\":\"ImageObject\",\"inLanguage\":\"fr-CA\",\"@id\":\"https:\/\/www.uqac.ca\/uqactualites\/2013\/12\/11\/valerie-gagne-ouellet-remporte-a-nouveau-le-prix-de-la-meilleure-presentation-au-cqsr\/#primaryimage\",\"url\":\"https:\/\/www.uqac.ca\/uqactualites\/wp-content\/uploads\/2013\/12\/Val\u00e9rie-Gagn\u00e9-Ouellet-CQSR-Web-\u00a9Yvan-Fortier.jpg\",\"contentUrl\":\"https:\/\/www.uqac.ca\/uqactualites\/wp-content\/uploads\/2013\/12\/Val\u00e9rie-Gagn\u00e9-Ouellet-CQSR-Web-\u00a9Yvan-Fortier.jpg\",\"width\":620,\"height\":300},{\"@type\":\"BreadcrumbList\",\"@id\":\"https:\/\/www.uqac.ca\/uqactualites\/2013\/12\/11\/valerie-gagne-ouellet-remporte-a-nouveau-le-prix-de-la-meilleure-presentation-au-cqsr\/#breadcrumb\",\"itemListElement\":[{\"@type\":\"ListItem\",\"position\":1,\"name\":\"Home\",\"item\":\"https:\/\/www.uqac.ca\/uqactualites\/\"},{\"@type\":\"ListItem\",\"position\":2,\"name\":\"Val\u00e9rie Gagn\u00e9-Ouellet remporte \u00e0 nouveau le prix de la meilleure pr\u00e9sentation au CQSR\"}]},{\"@type\":\"WebSite\",\"@id\":\"https:\/\/www.uqac.ca\/uqactualites\/#website\",\"url\":\"https:\/\/www.uqac.ca\/uqactualites\/\",\"name\":\"UQACtualit\u00e9s\",\"description\":\"Le portail des nouvelles de l&#039;UQAC\",\"potentialAction\":[{\"@type\":\"SearchAction\",\"target\":{\"@type\":\"EntryPoint\",\"urlTemplate\":\"https:\/\/www.uqac.ca\/uqactualites\/?s={search_term_string}\"},\"query-input\":{\"@type\":\"PropertyValueSpecification\",\"valueRequired\":true,\"valueName\":\"search_term_string\"}}],\"inLanguage\":\"fr-CA\"},{\"@type\":\"Person\",\"@id\":\"https:\/\/www.uqac.ca\/uqactualites\/#\/schema\/person\/366c45a0c4f0e677b41b4af5886e2018\",\"name\":\"Service des communications et des relations publiques\",\"image\":{\"@type\":\"ImageObject\",\"inLanguage\":\"fr-CA\",\"@id\":\"https:\/\/www.uqac.ca\/uqactualites\/#\/schema\/person\/image\/\",\"url\":\"https:\/\/secure.gravatar.com\/avatar\/20fbbda8a292f59f2d3461a5b999c00b?s=96&d=mm&r=g\",\"contentUrl\":\"https:\/\/secure.gravatar.com\/avatar\/20fbbda8a292f59f2d3461a5b999c00b?s=96&d=mm&r=g\",\"caption\":\"Service des communications et des relations publiques\"},\"url\":\"https:\/\/www.uqac.ca\/uqactualites\/author\/bap\/\"}]}<\/script>\r\n<!-- \/ Yoast SEO plugin. -->","yoast_head_json":{"title":"Val\u00e9rie Gagn\u00e9-Ouellet remporte \u00e0 nouveau le prix de la meilleure pr\u00e9sentation au CQSR - UQACtualit\u00e9s","robots":{"index":"index","follow":"follow","max-snippet":"max-snippet:-1","max-image-preview":"max-image-preview:large","max-video-preview":"max-video-preview:-1"},"canonical":"https:\/\/www.uqac.ca\/uqactualites\/2013\/12\/11\/valerie-gagne-ouellet-remporte-a-nouveau-le-prix-de-la-meilleure-presentation-au-cqsr\/","og_locale":"fr_CA","og_type":"article","og_title":"Val\u00e9rie Gagn\u00e9-Ouellet remporte \u00e0 nouveau le prix de la meilleure pr\u00e9sentation au CQSR - UQACtualit\u00e9s","og_description":"\u00c9tudiante \u00e0 la ma\u00eetrise en m\u00e9decine exp\u00e9rimentale de l\u2019UQAC, Val\u00e9rie Gagn\u00e9-Ouellet a r\u00e9cemment remport\u00e9 le prix de la meilleure pr\u00e9sentation lors du Congr\u00e8s qu\u00e9b\u00e9cois en sant\u00e9 respiratoire (CQSR). Celle qui avait mis la main sur le m\u00eame honneur l\u2019an dernier \u00e0 l\u2019occasion de la premi\u00e8re \u00e9dition du CQRS s\u2019est d\u00e9marqu\u00e9e gr\u00e2ce \u00e0 sa pr\u00e9sentation intitul\u00e9e [&hellip;]","og_url":"https:\/\/www.uqac.ca\/uqactualites\/2013\/12\/11\/valerie-gagne-ouellet-remporte-a-nouveau-le-prix-de-la-meilleure-presentation-au-cqsr\/","og_site_name":"UQACtualit\u00e9s","article_published_time":"2013-12-11T20:48:21+00:00","og_image":[{"width":620,"height":300,"url":"https:\/\/www.uqac.ca\/uqactualites\/wp-content\/uploads\/2013\/12\/Val\u00e9rie-Gagn\u00e9-Ouellet-CQSR-Web-\u00a9Yvan-Fortier.jpg","type":"image\/jpeg"}],"author":"Service des communications et des relations publiques","twitter_card":"summary_large_image","twitter_misc":{"\u00c9crit par":"Service des communications et des relations publiques","Estimation du temps de lecture":"1 minute"},"schema":{"@context":"https:\/\/schema.org","@graph":[{"@type":"WebPage","@id":"https:\/\/www.uqac.ca\/uqactualites\/2013\/12\/11\/valerie-gagne-ouellet-remporte-a-nouveau-le-prix-de-la-meilleure-presentation-au-cqsr\/","url":"https:\/\/www.uqac.ca\/uqactualites\/2013\/12\/11\/valerie-gagne-ouellet-remporte-a-nouveau-le-prix-de-la-meilleure-presentation-au-cqsr\/","name":"Val\u00e9rie Gagn\u00e9-Ouellet remporte \u00e0 nouveau le prix de la meilleure pr\u00e9sentation au CQSR - UQACtualit\u00e9s","isPartOf":{"@id":"https:\/\/www.uqac.ca\/uqactualites\/#website"},"primaryImageOfPage":{"@id":"https:\/\/www.uqac.ca\/uqactualites\/2013\/12\/11\/valerie-gagne-ouellet-remporte-a-nouveau-le-prix-de-la-meilleure-presentation-au-cqsr\/#primaryimage"},"image":{"@id":"https:\/\/www.uqac.ca\/uqactualites\/2013\/12\/11\/valerie-gagne-ouellet-remporte-a-nouveau-le-prix-de-la-meilleure-presentation-au-cqsr\/#primaryimage"},"thumbnailUrl":"https:\/\/www.uqac.ca\/uqactualites\/wp-content\/uploads\/2013\/12\/Val\u00e9rie-Gagn\u00e9-Ouellet-CQSR-Web-\u00a9Yvan-Fortier.jpg","datePublished":"2013-12-11T20:48:21+00:00","dateModified":"2013-12-11T20:48:21+00:00","author":{"@id":"https:\/\/www.uqac.ca\/uqactualites\/#\/schema\/person\/366c45a0c4f0e677b41b4af5886e2018"},"breadcrumb":{"@id":"https:\/\/www.uqac.ca\/uqactualites\/2013\/12\/11\/valerie-gagne-ouellet-remporte-a-nouveau-le-prix-de-la-meilleure-presentation-au-cqsr\/#breadcrumb"},"inLanguage":"fr-CA","potentialAction":[{"@type":"ReadAction","target":["https:\/\/www.uqac.ca\/uqactualites\/2013\/12\/11\/valerie-gagne-ouellet-remporte-a-nouveau-le-prix-de-la-meilleure-presentation-au-cqsr\/"]}]},{"@type":"ImageObject","inLanguage":"fr-CA","@id":"https:\/\/www.uqac.ca\/uqactualites\/2013\/12\/11\/valerie-gagne-ouellet-remporte-a-nouveau-le-prix-de-la-meilleure-presentation-au-cqsr\/#primaryimage","url":"https:\/\/www.uqac.ca\/uqactualites\/wp-content\/uploads\/2013\/12\/Val\u00e9rie-Gagn\u00e9-Ouellet-CQSR-Web-\u00a9Yvan-Fortier.jpg","contentUrl":"https:\/\/www.uqac.ca\/uqactualites\/wp-content\/uploads\/2013\/12\/Val\u00e9rie-Gagn\u00e9-Ouellet-CQSR-Web-\u00a9Yvan-Fortier.jpg","width":620,"height":300},{"@type":"BreadcrumbList","@id":"https:\/\/www.uqac.ca\/uqactualites\/2013\/12\/11\/valerie-gagne-ouellet-remporte-a-nouveau-le-prix-de-la-meilleure-presentation-au-cqsr\/#breadcrumb","itemListElement":[{"@type":"ListItem","position":1,"name":"Home","item":"https:\/\/www.uqac.ca\/uqactualites\/"},{"@type":"ListItem","position":2,"name":"Val\u00e9rie Gagn\u00e9-Ouellet remporte \u00e0 nouveau le prix de la meilleure pr\u00e9sentation au CQSR"}]},{"@type":"WebSite","@id":"https:\/\/www.uqac.ca\/uqactualites\/#website","url":"https:\/\/www.uqac.ca\/uqactualites\/","name":"UQACtualit\u00e9s","description":"Le portail des nouvelles de l&#039;UQAC","potentialAction":[{"@type":"SearchAction","target":{"@type":"EntryPoint","urlTemplate":"https:\/\/www.uqac.ca\/uqactualites\/?s={search_term_string}"},"query-input":{"@type":"PropertyValueSpecification","valueRequired":true,"valueName":"search_term_string"}}],"inLanguage":"fr-CA"},{"@type":"Person","@id":"https:\/\/www.uqac.ca\/uqactualites\/#\/schema\/person\/366c45a0c4f0e677b41b4af5886e2018","name":"Service des communications et des relations publiques","image":{"@type":"ImageObject","inLanguage":"fr-CA","@id":"https:\/\/www.uqac.ca\/uqactualites\/#\/schema\/person\/image\/","url":"https:\/\/secure.gravatar.com\/avatar\/20fbbda8a292f59f2d3461a5b999c00b?s=96&d=mm&r=g","contentUrl":"https:\/\/secure.gravatar.com\/avatar\/20fbbda8a292f59f2d3461a5b999c00b?s=96&d=mm&r=g","caption":"Service des communications et des relations publiques"},"url":"https:\/\/www.uqac.ca\/uqactualites\/author\/bap\/"}]}},"_links":{"self":[{"href":"https:\/\/www.uqac.ca\/uqactualites\/wp-json\/wp\/v2\/posts\/26657"}],"collection":[{"href":"https:\/\/www.uqac.ca\/uqactualites\/wp-json\/wp\/v2\/posts"}],"about":[{"href":"https:\/\/www.uqac.ca\/uqactualites\/wp-json\/wp\/v2\/types\/post"}],"author":[{"embeddable":true,"href":"https:\/\/www.uqac.ca\/uqactualites\/wp-json\/wp\/v2\/users\/5"}],"replies":[{"embeddable":true,"href":"https:\/\/www.uqac.ca\/uqactualites\/wp-json\/wp\/v2\/comments?post=26657"}],"version-history":[{"count":0,"href":"https:\/\/www.uqac.ca\/uqactualites\/wp-json\/wp\/v2\/posts\/26657\/revisions"}],"wp:featuredmedia":[{"embeddable":true,"href":"https:\/\/www.uqac.ca\/uqactualites\/wp-json\/wp\/v2\/media\/26658"}],"wp:attachment":[{"href":"https:\/\/www.uqac.ca\/uqactualites\/wp-json\/wp\/v2\/media?parent=26657"}],"wp:term":[{"taxonomy":"category","embeddable":true,"href":"https:\/\/www.uqac.ca\/uqactualites\/wp-json\/wp\/v2\/categories?post=26657"},{"taxonomy":"post_tag","embeddable":true,"href":"https:\/\/www.uqac.ca\/uqactualites\/wp-json\/wp\/v2\/tags?post=26657"}],"curies":[{"name":"wp","href":"https:\/\/api.w.org\/{rel}","templated":true}]}}