{"id":26804,"date":"2014-01-08T09:27:58","date_gmt":"2014-01-08T14:27:58","guid":{"rendered":"http:\/\/uqactualite.odev.ca\/?p=26804"},"modified":"2014-01-08T09:27:58","modified_gmt":"2014-01-08T14:27:58","slug":"ateliers-de-la-vie-etudiante","status":"publish","type":"post","link":"https:\/\/www.uqac.ca\/uqactualites\/2014\/01\/08\/ateliers-de-la-vie-etudiante\/","title":{"rendered":"Ateliers de la Vie \u00e9tudiante"},"content":{"rendered":"<p style=\"text-align: justify\">La Vie \u00e9tudiante de l\u2019UQAC vous invite \u00e0 vous informer sur ses offres d\u2019ateliers, ouverts \u00e0 l\u2019ensemble de la communaut\u00e9 universitaire, pour le trimestre d\u2019hiver 2014. Que ce soit pour d\u00e9couvrir une langue ou pour vous ouvrir vers d\u2019autres horizons, vous trouverez s\u00fbrement parmi notre s\u00e9lection d\u2019ateliers quelque chose qui vous conviendra!<\/p>\n<p style=\"text-align: justify\">Consultez en ligne les <span style=\"color: #5a7411\"><b><span style=\"text-decoration: underline\"><a href=\"http:\/\/www.uqac.ca\/direction_services\/sae\/vie\/ateliers.php\" target=\"_blank\" rel=\"noopener\"><span style=\"color: #5a7411;text-decoration: underline\">d\u00e9tails sur nos ateliers<\/span><\/a><\/span><\/b><\/span>.<\/p>\n<p style=\"text-align: justify\">Inscrivez-vous avant le vendredi 17 janvier 2014 \u00e0 17\u00a0h \u00e0 la Vie \u00e9tudiante (local P1-1040).<\/p>\n<p style=\"text-align: justify\"><b><br \/>\nRenseignements\u00a0:<\/b><br \/>\nMyriam Tremblay, secr\u00e9taire \u00e0 la Vie \u00e9tudiante<br \/>\nServices aux \u00e9tudiants<br \/>\nUniversit\u00e9 du Qu\u00e9bec \u00e0 Chicoutimi<br \/>\n418 545-5011, poste\u00a05617\u00a0 \u25aa\u00a0 <span style=\"color: #5a7411\"><a href=\"mailto:vie_etudiante@uqac.ca\"><span style=\"color: #5a7411\">vie_etudiante@uqac.ca<\/span><\/a><\/span><\/p>\n","protected":false},"excerpt":{"rendered":"<p>La Vie \u00e9tudiante de l\u2019UQAC vous invite \u00e0 vous informer sur ses offres d\u2019ateliers, ouverts \u00e0 l\u2019ensemble de la communaut\u00e9 universitaire, pour le trimestre d\u2019hiver 2014. Que ce soit pour d\u00e9couvrir une langue ou pour vous ouvrir vers d\u2019autres horizons, vous trouverez s\u00fbrement parmi notre s\u00e9lection d\u2019ateliers quelque chose qui vous conviendra! Consultez en ligne [&hellip;]<\/p>\n","protected":false},"author":5,"featured_media":20989,"comment_status":"open","ping_status":"open","sticky":false,"template":"","format":"standard","meta":{"footnotes":""},"categories":[2772],"tags":[987,514,564,992,1005,1006],"yoast_head":"<!-- This site is optimized with the Yoast SEO plugin v24.2 - https:\/\/yoast.com\/wordpress\/plugins\/seo\/ -->\r\n<title>Ateliers de la Vie \u00e9tudiante - UQACtualit\u00e9s<\/title>\r\n<meta name=\"robots\" content=\"index, follow, max-snippet:-1, max-image-preview:large, max-video-preview:-1\" \/>\r\n<link rel=\"canonical\" href=\"https:\/\/www.uqac.ca\/uqactualites\/2014\/01\/08\/ateliers-de-la-vie-etudiante\/\" \/>\r\n<meta property=\"og:locale\" content=\"fr_CA\" \/>\r\n<meta property=\"og:type\" content=\"article\" \/>\r\n<meta property=\"og:title\" content=\"Ateliers de la Vie \u00e9tudiante - UQACtualit\u00e9s\" \/>\r\n<meta property=\"og:description\" content=\"La Vie \u00e9tudiante de l\u2019UQAC vous invite \u00e0 vous informer sur ses offres d\u2019ateliers, ouverts \u00e0 l\u2019ensemble de la communaut\u00e9 universitaire, pour le trimestre d\u2019hiver 2014. Que ce soit pour d\u00e9couvrir une langue ou pour vous ouvrir vers d\u2019autres horizons, vous trouverez s\u00fbrement parmi notre s\u00e9lection d\u2019ateliers quelque chose qui vous conviendra! Consultez en ligne [&hellip;]\" \/>\r\n<meta property=\"og:url\" content=\"https:\/\/www.uqac.ca\/uqactualites\/2014\/01\/08\/ateliers-de-la-vie-etudiante\/\" \/>\r\n<meta property=\"og:site_name\" content=\"UQACtualit\u00e9s\" \/>\r\n<meta property=\"article:published_time\" content=\"2014-01-08T14:27:58+00:00\" \/>\r\n<meta property=\"og:image\" content=\"https:\/\/www.uqac.ca\/uqactualites\/wp-content\/uploads\/2012\/05\/avis-laCommunaut-.jpg\" \/>\r\n\t<meta property=\"og:image:width\" content=\"620\" \/>\r\n\t<meta property=\"og:image:height\" content=\"300\" \/>\r\n\t<meta property=\"og:image:type\" content=\"image\/jpeg\" \/>\r\n<meta name=\"author\" content=\"Service des communications et des relations publiques\" \/>\r\n<meta name=\"twitter:card\" content=\"summary_large_image\" \/>\r\n<meta name=\"twitter:label1\" content=\"\u00c9crit par\" \/>\n\t<meta name=\"twitter:data1\" content=\"Service des communications et des relations publiques\" \/>\n\t<meta name=\"twitter:label2\" content=\"Estimation du temps de lecture\" \/>\n\t<meta name=\"twitter:data2\" content=\"1 minute\" \/>\r\n<script type=\"application\/ld+json\" class=\"yoast-schema-graph\">{\"@context\":\"https:\/\/schema.org\",\"@graph\":[{\"@type\":\"WebPage\",\"@id\":\"https:\/\/www.uqac.ca\/uqactualites\/2014\/01\/08\/ateliers-de-la-vie-etudiante\/\",\"url\":\"https:\/\/www.uqac.ca\/uqactualites\/2014\/01\/08\/ateliers-de-la-vie-etudiante\/\",\"name\":\"Ateliers de la Vie \u00e9tudiante - UQACtualit\u00e9s\",\"isPartOf\":{\"@id\":\"https:\/\/www.uqac.ca\/uqactualites\/#website\"},\"primaryImageOfPage\":{\"@id\":\"https:\/\/www.uqac.ca\/uqactualites\/2014\/01\/08\/ateliers-de-la-vie-etudiante\/#primaryimage\"},\"image\":{\"@id\":\"https:\/\/www.uqac.ca\/uqactualites\/2014\/01\/08\/ateliers-de-la-vie-etudiante\/#primaryimage\"},\"thumbnailUrl\":\"https:\/\/www.uqac.ca\/uqactualites\/wp-content\/uploads\/2012\/05\/avis-laCommunaut-.jpg\",\"datePublished\":\"2014-01-08T14:27:58+00:00\",\"dateModified\":\"2014-01-08T14:27:58+00:00\",\"author\":{\"@id\":\"https:\/\/www.uqac.ca\/uqactualites\/#\/schema\/person\/366c45a0c4f0e677b41b4af5886e2018\"},\"breadcrumb\":{\"@id\":\"https:\/\/www.uqac.ca\/uqactualites\/2014\/01\/08\/ateliers-de-la-vie-etudiante\/#breadcrumb\"},\"inLanguage\":\"fr-CA\",\"potentialAction\":[{\"@type\":\"ReadAction\",\"target\":[\"https:\/\/www.uqac.ca\/uqactualites\/2014\/01\/08\/ateliers-de-la-vie-etudiante\/\"]}]},{\"@type\":\"ImageObject\",\"inLanguage\":\"fr-CA\",\"@id\":\"https:\/\/www.uqac.ca\/uqactualites\/2014\/01\/08\/ateliers-de-la-vie-etudiante\/#primaryimage\",\"url\":\"https:\/\/www.uqac.ca\/uqactualites\/wp-content\/uploads\/2012\/05\/avis-laCommunaut-.jpg\",\"contentUrl\":\"https:\/\/www.uqac.ca\/uqactualites\/wp-content\/uploads\/2012\/05\/avis-laCommunaut-.jpg\",\"width\":620,\"height\":300},{\"@type\":\"BreadcrumbList\",\"@id\":\"https:\/\/www.uqac.ca\/uqactualites\/2014\/01\/08\/ateliers-de-la-vie-etudiante\/#breadcrumb\",\"itemListElement\":[{\"@type\":\"ListItem\",\"position\":1,\"name\":\"Home\",\"item\":\"https:\/\/www.uqac.ca\/uqactualites\/\"},{\"@type\":\"ListItem\",\"position\":2,\"name\":\"Ateliers de la Vie \u00e9tudiante\"}]},{\"@type\":\"WebSite\",\"@id\":\"https:\/\/www.uqac.ca\/uqactualites\/#website\",\"url\":\"https:\/\/www.uqac.ca\/uqactualites\/\",\"name\":\"UQACtualit\u00e9s\",\"description\":\"Le portail des nouvelles de l&#039;UQAC\",\"potentialAction\":[{\"@type\":\"SearchAction\",\"target\":{\"@type\":\"EntryPoint\",\"urlTemplate\":\"https:\/\/www.uqac.ca\/uqactualites\/?s={search_term_string}\"},\"query-input\":{\"@type\":\"PropertyValueSpecification\",\"valueRequired\":true,\"valueName\":\"search_term_string\"}}],\"inLanguage\":\"fr-CA\"},{\"@type\":\"Person\",\"@id\":\"https:\/\/www.uqac.ca\/uqactualites\/#\/schema\/person\/366c45a0c4f0e677b41b4af5886e2018\",\"name\":\"Service des communications et des relations publiques\",\"image\":{\"@type\":\"ImageObject\",\"inLanguage\":\"fr-CA\",\"@id\":\"https:\/\/www.uqac.ca\/uqactualites\/#\/schema\/person\/image\/\",\"url\":\"https:\/\/secure.gravatar.com\/avatar\/20fbbda8a292f59f2d3461a5b999c00b?s=96&d=mm&r=g\",\"contentUrl\":\"https:\/\/secure.gravatar.com\/avatar\/20fbbda8a292f59f2d3461a5b999c00b?s=96&d=mm&r=g\",\"caption\":\"Service des communications et des relations publiques\"},\"url\":\"https:\/\/www.uqac.ca\/uqactualites\/author\/bap\/\"}]}<\/script>\r\n<!-- \/ Yoast SEO plugin. -->","yoast_head_json":{"title":"Ateliers de la Vie \u00e9tudiante - UQACtualit\u00e9s","robots":{"index":"index","follow":"follow","max-snippet":"max-snippet:-1","max-image-preview":"max-image-preview:large","max-video-preview":"max-video-preview:-1"},"canonical":"https:\/\/www.uqac.ca\/uqactualites\/2014\/01\/08\/ateliers-de-la-vie-etudiante\/","og_locale":"fr_CA","og_type":"article","og_title":"Ateliers de la Vie \u00e9tudiante - UQACtualit\u00e9s","og_description":"La Vie \u00e9tudiante de l\u2019UQAC vous invite \u00e0 vous informer sur ses offres d\u2019ateliers, ouverts \u00e0 l\u2019ensemble de la communaut\u00e9 universitaire, pour le trimestre d\u2019hiver 2014. Que ce soit pour d\u00e9couvrir une langue ou pour vous ouvrir vers d\u2019autres horizons, vous trouverez s\u00fbrement parmi notre s\u00e9lection d\u2019ateliers quelque chose qui vous conviendra! Consultez en ligne [&hellip;]","og_url":"https:\/\/www.uqac.ca\/uqactualites\/2014\/01\/08\/ateliers-de-la-vie-etudiante\/","og_site_name":"UQACtualit\u00e9s","article_published_time":"2014-01-08T14:27:58+00:00","og_image":[{"width":620,"height":300,"url":"https:\/\/www.uqac.ca\/uqactualites\/wp-content\/uploads\/2012\/05\/avis-laCommunaut-.jpg","type":"image\/jpeg"}],"author":"Service des communications et des relations publiques","twitter_card":"summary_large_image","twitter_misc":{"\u00c9crit par":"Service des communications et des relations publiques","Estimation du temps de lecture":"1 minute"},"schema":{"@context":"https:\/\/schema.org","@graph":[{"@type":"WebPage","@id":"https:\/\/www.uqac.ca\/uqactualites\/2014\/01\/08\/ateliers-de-la-vie-etudiante\/","url":"https:\/\/www.uqac.ca\/uqactualites\/2014\/01\/08\/ateliers-de-la-vie-etudiante\/","name":"Ateliers de la Vie \u00e9tudiante - UQACtualit\u00e9s","isPartOf":{"@id":"https:\/\/www.uqac.ca\/uqactualites\/#website"},"primaryImageOfPage":{"@id":"https:\/\/www.uqac.ca\/uqactualites\/2014\/01\/08\/ateliers-de-la-vie-etudiante\/#primaryimage"},"image":{"@id":"https:\/\/www.uqac.ca\/uqactualites\/2014\/01\/08\/ateliers-de-la-vie-etudiante\/#primaryimage"},"thumbnailUrl":"https:\/\/www.uqac.ca\/uqactualites\/wp-content\/uploads\/2012\/05\/avis-laCommunaut-.jpg","datePublished":"2014-01-08T14:27:58+00:00","dateModified":"2014-01-08T14:27:58+00:00","author":{"@id":"https:\/\/www.uqac.ca\/uqactualites\/#\/schema\/person\/366c45a0c4f0e677b41b4af5886e2018"},"breadcrumb":{"@id":"https:\/\/www.uqac.ca\/uqactualites\/2014\/01\/08\/ateliers-de-la-vie-etudiante\/#breadcrumb"},"inLanguage":"fr-CA","potentialAction":[{"@type":"ReadAction","target":["https:\/\/www.uqac.ca\/uqactualites\/2014\/01\/08\/ateliers-de-la-vie-etudiante\/"]}]},{"@type":"ImageObject","inLanguage":"fr-CA","@id":"https:\/\/www.uqac.ca\/uqactualites\/2014\/01\/08\/ateliers-de-la-vie-etudiante\/#primaryimage","url":"https:\/\/www.uqac.ca\/uqactualites\/wp-content\/uploads\/2012\/05\/avis-laCommunaut-.jpg","contentUrl":"https:\/\/www.uqac.ca\/uqactualites\/wp-content\/uploads\/2012\/05\/avis-laCommunaut-.jpg","width":620,"height":300},{"@type":"BreadcrumbList","@id":"https:\/\/www.uqac.ca\/uqactualites\/2014\/01\/08\/ateliers-de-la-vie-etudiante\/#breadcrumb","itemListElement":[{"@type":"ListItem","position":1,"name":"Home","item":"https:\/\/www.uqac.ca\/uqactualites\/"},{"@type":"ListItem","position":2,"name":"Ateliers de la Vie \u00e9tudiante"}]},{"@type":"WebSite","@id":"https:\/\/www.uqac.ca\/uqactualites\/#website","url":"https:\/\/www.uqac.ca\/uqactualites\/","name":"UQACtualit\u00e9s","description":"Le portail des nouvelles de l&#039;UQAC","potentialAction":[{"@type":"SearchAction","target":{"@type":"EntryPoint","urlTemplate":"https:\/\/www.uqac.ca\/uqactualites\/?s={search_term_string}"},"query-input":{"@type":"PropertyValueSpecification","valueRequired":true,"valueName":"search_term_string"}}],"inLanguage":"fr-CA"},{"@type":"Person","@id":"https:\/\/www.uqac.ca\/uqactualites\/#\/schema\/person\/366c45a0c4f0e677b41b4af5886e2018","name":"Service des communications et des relations publiques","image":{"@type":"ImageObject","inLanguage":"fr-CA","@id":"https:\/\/www.uqac.ca\/uqactualites\/#\/schema\/person\/image\/","url":"https:\/\/secure.gravatar.com\/avatar\/20fbbda8a292f59f2d3461a5b999c00b?s=96&d=mm&r=g","contentUrl":"https:\/\/secure.gravatar.com\/avatar\/20fbbda8a292f59f2d3461a5b999c00b?s=96&d=mm&r=g","caption":"Service des communications et des relations publiques"},"url":"https:\/\/www.uqac.ca\/uqactualites\/author\/bap\/"}]}},"_links":{"self":[{"href":"https:\/\/www.uqac.ca\/uqactualites\/wp-json\/wp\/v2\/posts\/26804"}],"collection":[{"href":"https:\/\/www.uqac.ca\/uqactualites\/wp-json\/wp\/v2\/posts"}],"about":[{"href":"https:\/\/www.uqac.ca\/uqactualites\/wp-json\/wp\/v2\/types\/post"}],"author":[{"embeddable":true,"href":"https:\/\/www.uqac.ca\/uqactualites\/wp-json\/wp\/v2\/users\/5"}],"replies":[{"embeddable":true,"href":"https:\/\/www.uqac.ca\/uqactualites\/wp-json\/wp\/v2\/comments?post=26804"}],"version-history":[{"count":0,"href":"https:\/\/www.uqac.ca\/uqactualites\/wp-json\/wp\/v2\/posts\/26804\/revisions"}],"wp:featuredmedia":[{"embeddable":true,"href":"https:\/\/www.uqac.ca\/uqactualites\/wp-json\/wp\/v2\/media\/20989"}],"wp:attachment":[{"href":"https:\/\/www.uqac.ca\/uqactualites\/wp-json\/wp\/v2\/media?parent=26804"}],"wp:term":[{"taxonomy":"category","embeddable":true,"href":"https:\/\/www.uqac.ca\/uqactualites\/wp-json\/wp\/v2\/categories?post=26804"},{"taxonomy":"post_tag","embeddable":true,"href":"https:\/\/www.uqac.ca\/uqactualites\/wp-json\/wp\/v2\/tags?post=26804"}],"curies":[{"name":"wp","href":"https:\/\/api.w.org\/{rel}","templated":true}]}}