{"id":26810,"date":"2014-01-09T10:30:46","date_gmt":"2014-01-09T15:30:46","guid":{"rendered":"http:\/\/uqactualite.odev.ca\/?p=26810"},"modified":"2014-01-09T10:30:46","modified_gmt":"2014-01-09T15:30:46","slug":"deux-etudiants-de-luqac-nommes-boursiers-de-la-fondation-de-luniversite-du-quebec","status":"publish","type":"post","link":"https:\/\/www.uqac.ca\/uqactualites\/2014\/01\/09\/deux-etudiants-de-luqac-nommes-boursiers-de-la-fondation-de-luniversite-du-quebec\/","title":{"rendered":"Deux \u00e9tudiants de l\u2019UQAC nomm\u00e9s boursiers de la Fondation de l\u2019Universit\u00e9 du Qu\u00e9bec"},"content":{"rendered":"<p style=\"text-align: justify\">Olivier M\u00e9d\u00e9tonwan Gu\u00e9d\u00e9, \u00e9tudiant \u00e0 la ma\u00eetrise en gestion de projet de l\u2019UQAC, ainsi que Marl\u00e8ne Girard, \u00e9tudiante au baccalaur\u00e9at en psychologie de l\u2019UQAC, ont r\u00e9cemment \u00e9t\u00e9 nomm\u00e9s boursiers de la Fondation de l\u2019Universit\u00e9 du Qu\u00e9bec. Attribu\u00e9es lors du concours de l\u2019automne\u00a02013, ces bourses sauront \u00e0 coup s\u00fbr leur apporter une source suppl\u00e9mentaire de motivation pour la poursuite de leur projet d\u2019\u00e9tudes. C\u2019est d\u2019ailleurs \u00e0 l\u2019occasion de la c\u00e9r\u00e9monie annuelle de remise des bourses de l\u2019UQAC, qui se tiendra le 1<sup>er<\/sup> avril prochain, que sera officiellement soulign\u00e9e l\u2019obtention de ce soutien financier.<\/p>\n<p style=\"text-align: justify\"><b>Quelques mots sur les bourses du r\u00e9seau de l\u2019Universit\u00e9 du Qu\u00e9bec<br \/>\n<\/b>La Fondation de l&rsquo;Universit\u00e9 du Qu\u00e9bec, gr\u00e2ce \u00e0 la g\u00e9n\u00e9rosit\u00e9 de ses donateurs, offre un programme de bourses aux \u00e9tudiants des \u00e9tablissements du r\u00e9seau de l&rsquo;Universit\u00e9 du Qu\u00e9bec. En 2013-2014, la Fondation attribuera \u00e0 ces derniers pr\u00e8s de 135\u00a0000\u00a0$ sous forme de bourses d&rsquo;une valeur moyenne de 2 000\u00a0$.<\/p>\n<p style=\"text-align: justify\"><span style=\"color: #808080\"><i>Source\u00a0: Fondation de l\u2019Universit\u00e9 du Qu\u00e9bec (<\/i><i>https:\/\/www.uquebec.ca\/fondation\/concours_bourses.php)<\/i><\/span><\/p>\n<p style=\"text-align: justify\"><span style=\"color: #808080\"><b><br \/>\n________________________________________________________________________________________<\/b><\/span><\/p>\n<p style=\"text-align: justify\"><span style=\"color: #808080\"><b>Photographe\u00a0:<\/b> Guylain Doyle<\/span><br \/>\n<span style=\"color: #808080\"> ________________________________________________________________________________________<\/span><\/p>\n","protected":false},"excerpt":{"rendered":"<p>Olivier M\u00e9d\u00e9tonwan Gu\u00e9d\u00e9, \u00e9tudiant \u00e0 la ma\u00eetrise en gestion de projet de l\u2019UQAC, ainsi que Marl\u00e8ne Girard, \u00e9tudiante au baccalaur\u00e9at en psychologie de l\u2019UQAC, ont r\u00e9cemment \u00e9t\u00e9 nomm\u00e9s boursiers de la Fondation de l\u2019Universit\u00e9 du Qu\u00e9bec. Attribu\u00e9es lors du concours de l\u2019automne\u00a02013, ces bourses sauront \u00e0 coup s\u00fbr leur apporter une source suppl\u00e9mentaire de motivation [&hellip;]<\/p>\n","protected":false},"author":5,"featured_media":22074,"comment_status":"open","ping_status":"open","sticky":false,"template":"","format":"standard","meta":{"footnotes":""},"categories":[2],"tags":[54,284,495],"yoast_head":"<!-- This site is optimized with the Yoast SEO plugin v24.2 - https:\/\/yoast.com\/wordpress\/plugins\/seo\/ -->\r\n<title>Deux \u00e9tudiants de l\u2019UQAC nomm\u00e9s boursiers de la Fondation de l\u2019Universit\u00e9 du Qu\u00e9bec - UQACtualit\u00e9s<\/title>\r\n<meta name=\"robots\" content=\"index, follow, max-snippet:-1, max-image-preview:large, max-video-preview:-1\" \/>\r\n<link rel=\"canonical\" href=\"https:\/\/www.uqac.ca\/uqactualites\/2014\/01\/09\/deux-etudiants-de-luqac-nommes-boursiers-de-la-fondation-de-luniversite-du-quebec\/\" \/>\r\n<meta property=\"og:locale\" content=\"fr_CA\" \/>\r\n<meta property=\"og:type\" content=\"article\" \/>\r\n<meta property=\"og:title\" content=\"Deux \u00e9tudiants de l\u2019UQAC nomm\u00e9s boursiers de la Fondation de l\u2019Universit\u00e9 du Qu\u00e9bec - UQACtualit\u00e9s\" \/>\r\n<meta property=\"og:description\" content=\"Olivier M\u00e9d\u00e9tonwan Gu\u00e9d\u00e9, \u00e9tudiant \u00e0 la ma\u00eetrise en gestion de projet de l\u2019UQAC, ainsi que Marl\u00e8ne Girard, \u00e9tudiante au baccalaur\u00e9at en psychologie de l\u2019UQAC, ont r\u00e9cemment \u00e9t\u00e9 nomm\u00e9s boursiers de la Fondation de l\u2019Universit\u00e9 du Qu\u00e9bec. Attribu\u00e9es lors du concours de l\u2019automne\u00a02013, ces bourses sauront \u00e0 coup s\u00fbr leur apporter une source suppl\u00e9mentaire de motivation [&hellip;]\" \/>\r\n<meta property=\"og:url\" content=\"https:\/\/www.uqac.ca\/uqactualites\/2014\/01\/09\/deux-etudiants-de-luqac-nommes-boursiers-de-la-fondation-de-luniversite-du-quebec\/\" \/>\r\n<meta property=\"og:site_name\" content=\"UQACtualit\u00e9s\" \/>\r\n<meta property=\"article:published_time\" content=\"2014-01-09T15:30:46+00:00\" \/>\r\n<meta property=\"og:image\" content=\"https:\/\/www.uqac.ca\/uqactualites\/wp-content\/uploads\/2012\/11\/Campus-UQAC-Web-\u00a9Guylain-Doyle.jpg\" \/>\r\n\t<meta property=\"og:image:width\" content=\"620\" \/>\r\n\t<meta property=\"og:image:height\" content=\"300\" \/>\r\n\t<meta property=\"og:image:type\" content=\"image\/jpeg\" \/>\r\n<meta name=\"author\" content=\"Service des communications et des relations publiques\" \/>\r\n<meta name=\"twitter:card\" content=\"summary_large_image\" \/>\r\n<meta name=\"twitter:label1\" content=\"\u00c9crit par\" \/>\n\t<meta name=\"twitter:data1\" content=\"Service des communications et des relations publiques\" \/>\n\t<meta name=\"twitter:label2\" content=\"Estimation du temps de lecture\" \/>\n\t<meta name=\"twitter:data2\" content=\"1 minute\" \/>\r\n<script type=\"application\/ld+json\" class=\"yoast-schema-graph\">{\"@context\":\"https:\/\/schema.org\",\"@graph\":[{\"@type\":\"WebPage\",\"@id\":\"https:\/\/www.uqac.ca\/uqactualites\/2014\/01\/09\/deux-etudiants-de-luqac-nommes-boursiers-de-la-fondation-de-luniversite-du-quebec\/\",\"url\":\"https:\/\/www.uqac.ca\/uqactualites\/2014\/01\/09\/deux-etudiants-de-luqac-nommes-boursiers-de-la-fondation-de-luniversite-du-quebec\/\",\"name\":\"Deux \u00e9tudiants de l\u2019UQAC nomm\u00e9s boursiers de la Fondation de l\u2019Universit\u00e9 du Qu\u00e9bec - UQACtualit\u00e9s\",\"isPartOf\":{\"@id\":\"https:\/\/www.uqac.ca\/uqactualites\/#website\"},\"primaryImageOfPage\":{\"@id\":\"https:\/\/www.uqac.ca\/uqactualites\/2014\/01\/09\/deux-etudiants-de-luqac-nommes-boursiers-de-la-fondation-de-luniversite-du-quebec\/#primaryimage\"},\"image\":{\"@id\":\"https:\/\/www.uqac.ca\/uqactualites\/2014\/01\/09\/deux-etudiants-de-luqac-nommes-boursiers-de-la-fondation-de-luniversite-du-quebec\/#primaryimage\"},\"thumbnailUrl\":\"https:\/\/www.uqac.ca\/uqactualites\/wp-content\/uploads\/2012\/11\/Campus-UQAC-Web-\u00a9Guylain-Doyle.jpg\",\"datePublished\":\"2014-01-09T15:30:46+00:00\",\"dateModified\":\"2014-01-09T15:30:46+00:00\",\"author\":{\"@id\":\"https:\/\/www.uqac.ca\/uqactualites\/#\/schema\/person\/366c45a0c4f0e677b41b4af5886e2018\"},\"breadcrumb\":{\"@id\":\"https:\/\/www.uqac.ca\/uqactualites\/2014\/01\/09\/deux-etudiants-de-luqac-nommes-boursiers-de-la-fondation-de-luniversite-du-quebec\/#breadcrumb\"},\"inLanguage\":\"fr-CA\",\"potentialAction\":[{\"@type\":\"ReadAction\",\"target\":[\"https:\/\/www.uqac.ca\/uqactualites\/2014\/01\/09\/deux-etudiants-de-luqac-nommes-boursiers-de-la-fondation-de-luniversite-du-quebec\/\"]}]},{\"@type\":\"ImageObject\",\"inLanguage\":\"fr-CA\",\"@id\":\"https:\/\/www.uqac.ca\/uqactualites\/2014\/01\/09\/deux-etudiants-de-luqac-nommes-boursiers-de-la-fondation-de-luniversite-du-quebec\/#primaryimage\",\"url\":\"https:\/\/www.uqac.ca\/uqactualites\/wp-content\/uploads\/2012\/11\/Campus-UQAC-Web-\u00a9Guylain-Doyle.jpg\",\"contentUrl\":\"https:\/\/www.uqac.ca\/uqactualites\/wp-content\/uploads\/2012\/11\/Campus-UQAC-Web-\u00a9Guylain-Doyle.jpg\",\"width\":620,\"height\":300},{\"@type\":\"BreadcrumbList\",\"@id\":\"https:\/\/www.uqac.ca\/uqactualites\/2014\/01\/09\/deux-etudiants-de-luqac-nommes-boursiers-de-la-fondation-de-luniversite-du-quebec\/#breadcrumb\",\"itemListElement\":[{\"@type\":\"ListItem\",\"position\":1,\"name\":\"Home\",\"item\":\"https:\/\/www.uqac.ca\/uqactualites\/\"},{\"@type\":\"ListItem\",\"position\":2,\"name\":\"Deux \u00e9tudiants de l\u2019UQAC nomm\u00e9s boursiers de la Fondation de l\u2019Universit\u00e9 du Qu\u00e9bec\"}]},{\"@type\":\"WebSite\",\"@id\":\"https:\/\/www.uqac.ca\/uqactualites\/#website\",\"url\":\"https:\/\/www.uqac.ca\/uqactualites\/\",\"name\":\"UQACtualit\u00e9s\",\"description\":\"Le portail des nouvelles de l&#039;UQAC\",\"potentialAction\":[{\"@type\":\"SearchAction\",\"target\":{\"@type\":\"EntryPoint\",\"urlTemplate\":\"https:\/\/www.uqac.ca\/uqactualites\/?s={search_term_string}\"},\"query-input\":{\"@type\":\"PropertyValueSpecification\",\"valueRequired\":true,\"valueName\":\"search_term_string\"}}],\"inLanguage\":\"fr-CA\"},{\"@type\":\"Person\",\"@id\":\"https:\/\/www.uqac.ca\/uqactualites\/#\/schema\/person\/366c45a0c4f0e677b41b4af5886e2018\",\"name\":\"Service des communications et des relations publiques\",\"image\":{\"@type\":\"ImageObject\",\"inLanguage\":\"fr-CA\",\"@id\":\"https:\/\/www.uqac.ca\/uqactualites\/#\/schema\/person\/image\/\",\"url\":\"https:\/\/secure.gravatar.com\/avatar\/20fbbda8a292f59f2d3461a5b999c00b?s=96&d=mm&r=g\",\"contentUrl\":\"https:\/\/secure.gravatar.com\/avatar\/20fbbda8a292f59f2d3461a5b999c00b?s=96&d=mm&r=g\",\"caption\":\"Service des communications et des relations publiques\"},\"url\":\"https:\/\/www.uqac.ca\/uqactualites\/author\/bap\/\"}]}<\/script>\r\n<!-- \/ Yoast SEO plugin. -->","yoast_head_json":{"title":"Deux \u00e9tudiants de l\u2019UQAC nomm\u00e9s boursiers de la Fondation de l\u2019Universit\u00e9 du Qu\u00e9bec - UQACtualit\u00e9s","robots":{"index":"index","follow":"follow","max-snippet":"max-snippet:-1","max-image-preview":"max-image-preview:large","max-video-preview":"max-video-preview:-1"},"canonical":"https:\/\/www.uqac.ca\/uqactualites\/2014\/01\/09\/deux-etudiants-de-luqac-nommes-boursiers-de-la-fondation-de-luniversite-du-quebec\/","og_locale":"fr_CA","og_type":"article","og_title":"Deux \u00e9tudiants de l\u2019UQAC nomm\u00e9s boursiers de la Fondation de l\u2019Universit\u00e9 du Qu\u00e9bec - UQACtualit\u00e9s","og_description":"Olivier M\u00e9d\u00e9tonwan Gu\u00e9d\u00e9, \u00e9tudiant \u00e0 la ma\u00eetrise en gestion de projet de l\u2019UQAC, ainsi que Marl\u00e8ne Girard, \u00e9tudiante au baccalaur\u00e9at en psychologie de l\u2019UQAC, ont r\u00e9cemment \u00e9t\u00e9 nomm\u00e9s boursiers de la Fondation de l\u2019Universit\u00e9 du Qu\u00e9bec. Attribu\u00e9es lors du concours de l\u2019automne\u00a02013, ces bourses sauront \u00e0 coup s\u00fbr leur apporter une source suppl\u00e9mentaire de motivation [&hellip;]","og_url":"https:\/\/www.uqac.ca\/uqactualites\/2014\/01\/09\/deux-etudiants-de-luqac-nommes-boursiers-de-la-fondation-de-luniversite-du-quebec\/","og_site_name":"UQACtualit\u00e9s","article_published_time":"2014-01-09T15:30:46+00:00","og_image":[{"width":620,"height":300,"url":"https:\/\/www.uqac.ca\/uqactualites\/wp-content\/uploads\/2012\/11\/Campus-UQAC-Web-\u00a9Guylain-Doyle.jpg","type":"image\/jpeg"}],"author":"Service des communications et des relations publiques","twitter_card":"summary_large_image","twitter_misc":{"\u00c9crit par":"Service des communications et des relations publiques","Estimation du temps de lecture":"1 minute"},"schema":{"@context":"https:\/\/schema.org","@graph":[{"@type":"WebPage","@id":"https:\/\/www.uqac.ca\/uqactualites\/2014\/01\/09\/deux-etudiants-de-luqac-nommes-boursiers-de-la-fondation-de-luniversite-du-quebec\/","url":"https:\/\/www.uqac.ca\/uqactualites\/2014\/01\/09\/deux-etudiants-de-luqac-nommes-boursiers-de-la-fondation-de-luniversite-du-quebec\/","name":"Deux \u00e9tudiants de l\u2019UQAC nomm\u00e9s boursiers de la Fondation de l\u2019Universit\u00e9 du Qu\u00e9bec - UQACtualit\u00e9s","isPartOf":{"@id":"https:\/\/www.uqac.ca\/uqactualites\/#website"},"primaryImageOfPage":{"@id":"https:\/\/www.uqac.ca\/uqactualites\/2014\/01\/09\/deux-etudiants-de-luqac-nommes-boursiers-de-la-fondation-de-luniversite-du-quebec\/#primaryimage"},"image":{"@id":"https:\/\/www.uqac.ca\/uqactualites\/2014\/01\/09\/deux-etudiants-de-luqac-nommes-boursiers-de-la-fondation-de-luniversite-du-quebec\/#primaryimage"},"thumbnailUrl":"https:\/\/www.uqac.ca\/uqactualites\/wp-content\/uploads\/2012\/11\/Campus-UQAC-Web-\u00a9Guylain-Doyle.jpg","datePublished":"2014-01-09T15:30:46+00:00","dateModified":"2014-01-09T15:30:46+00:00","author":{"@id":"https:\/\/www.uqac.ca\/uqactualites\/#\/schema\/person\/366c45a0c4f0e677b41b4af5886e2018"},"breadcrumb":{"@id":"https:\/\/www.uqac.ca\/uqactualites\/2014\/01\/09\/deux-etudiants-de-luqac-nommes-boursiers-de-la-fondation-de-luniversite-du-quebec\/#breadcrumb"},"inLanguage":"fr-CA","potentialAction":[{"@type":"ReadAction","target":["https:\/\/www.uqac.ca\/uqactualites\/2014\/01\/09\/deux-etudiants-de-luqac-nommes-boursiers-de-la-fondation-de-luniversite-du-quebec\/"]}]},{"@type":"ImageObject","inLanguage":"fr-CA","@id":"https:\/\/www.uqac.ca\/uqactualites\/2014\/01\/09\/deux-etudiants-de-luqac-nommes-boursiers-de-la-fondation-de-luniversite-du-quebec\/#primaryimage","url":"https:\/\/www.uqac.ca\/uqactualites\/wp-content\/uploads\/2012\/11\/Campus-UQAC-Web-\u00a9Guylain-Doyle.jpg","contentUrl":"https:\/\/www.uqac.ca\/uqactualites\/wp-content\/uploads\/2012\/11\/Campus-UQAC-Web-\u00a9Guylain-Doyle.jpg","width":620,"height":300},{"@type":"BreadcrumbList","@id":"https:\/\/www.uqac.ca\/uqactualites\/2014\/01\/09\/deux-etudiants-de-luqac-nommes-boursiers-de-la-fondation-de-luniversite-du-quebec\/#breadcrumb","itemListElement":[{"@type":"ListItem","position":1,"name":"Home","item":"https:\/\/www.uqac.ca\/uqactualites\/"},{"@type":"ListItem","position":2,"name":"Deux \u00e9tudiants de l\u2019UQAC nomm\u00e9s boursiers de la Fondation de l\u2019Universit\u00e9 du Qu\u00e9bec"}]},{"@type":"WebSite","@id":"https:\/\/www.uqac.ca\/uqactualites\/#website","url":"https:\/\/www.uqac.ca\/uqactualites\/","name":"UQACtualit\u00e9s","description":"Le portail des nouvelles de l&#039;UQAC","potentialAction":[{"@type":"SearchAction","target":{"@type":"EntryPoint","urlTemplate":"https:\/\/www.uqac.ca\/uqactualites\/?s={search_term_string}"},"query-input":{"@type":"PropertyValueSpecification","valueRequired":true,"valueName":"search_term_string"}}],"inLanguage":"fr-CA"},{"@type":"Person","@id":"https:\/\/www.uqac.ca\/uqactualites\/#\/schema\/person\/366c45a0c4f0e677b41b4af5886e2018","name":"Service des communications et des relations publiques","image":{"@type":"ImageObject","inLanguage":"fr-CA","@id":"https:\/\/www.uqac.ca\/uqactualites\/#\/schema\/person\/image\/","url":"https:\/\/secure.gravatar.com\/avatar\/20fbbda8a292f59f2d3461a5b999c00b?s=96&d=mm&r=g","contentUrl":"https:\/\/secure.gravatar.com\/avatar\/20fbbda8a292f59f2d3461a5b999c00b?s=96&d=mm&r=g","caption":"Service des communications et des relations publiques"},"url":"https:\/\/www.uqac.ca\/uqactualites\/author\/bap\/"}]}},"_links":{"self":[{"href":"https:\/\/www.uqac.ca\/uqactualites\/wp-json\/wp\/v2\/posts\/26810"}],"collection":[{"href":"https:\/\/www.uqac.ca\/uqactualites\/wp-json\/wp\/v2\/posts"}],"about":[{"href":"https:\/\/www.uqac.ca\/uqactualites\/wp-json\/wp\/v2\/types\/post"}],"author":[{"embeddable":true,"href":"https:\/\/www.uqac.ca\/uqactualites\/wp-json\/wp\/v2\/users\/5"}],"replies":[{"embeddable":true,"href":"https:\/\/www.uqac.ca\/uqactualites\/wp-json\/wp\/v2\/comments?post=26810"}],"version-history":[{"count":0,"href":"https:\/\/www.uqac.ca\/uqactualites\/wp-json\/wp\/v2\/posts\/26810\/revisions"}],"wp:featuredmedia":[{"embeddable":true,"href":"https:\/\/www.uqac.ca\/uqactualites\/wp-json\/wp\/v2\/media\/22074"}],"wp:attachment":[{"href":"https:\/\/www.uqac.ca\/uqactualites\/wp-json\/wp\/v2\/media?parent=26810"}],"wp:term":[{"taxonomy":"category","embeddable":true,"href":"https:\/\/www.uqac.ca\/uqactualites\/wp-json\/wp\/v2\/categories?post=26810"},{"taxonomy":"post_tag","embeddable":true,"href":"https:\/\/www.uqac.ca\/uqactualites\/wp-json\/wp\/v2\/tags?post=26810"}],"curies":[{"name":"wp","href":"https:\/\/api.w.org\/{rel}","templated":true}]}}