{"id":26815,"date":"2014-01-09T10:40:53","date_gmt":"2014-01-09T15:40:53","guid":{"rendered":"http:\/\/uqactualite.odev.ca\/?p=26815"},"modified":"2014-01-09T10:40:53","modified_gmt":"2014-01-09T15:40:53","slug":"sommet-sur-les-archives-au-canada","status":"publish","type":"post","link":"https:\/\/www.uqac.ca\/uqactualites\/2014\/01\/09\/sommet-sur-les-archives-au-canada\/","title":{"rendered":"Sommet sur les archives au Canada"},"content":{"rendered":"<p style=\"text-align: justify\">Le certificat en gestion des documents et des archives de l\u2019UQAC s&rsquo;associe au Sommet sur les archives au Canada, mis sur pied par l&rsquo;Association des archivistes du Qu\u00e9bec (AAQ), l\u2019Association of Canadian Archivists (ACA) et le Conseil canadien des archives (CCA), pour l\u2019organisation de l\u2019\u00e9v\u00e9nement au Saguenay\u2212Lac-Saint-Jean. Le Sommet aura lieu \u00e0 l&rsquo;Universit\u00e9 de Toronto le vendredi 17 janvier prochain.<\/p>\n<p style=\"text-align: justify\">Le Module des sciences humaines de l\u2019UQAC invite la communaut\u00e9 universitaire \u00e0 assister gratuitement \u00e0 l\u2019\u00e9v\u00e9nement, pr\u00e9sent\u00e9 en direct en webdiffusion (en fran\u00e7ais)\u00a0:<\/p>\n<p style=\"text-align: center\" align=\"center\"><span style=\"color: #5a7411\"><b>Vendredi 17 janvier 2014\u00a0 <\/b><b>\u25aa<\/b><b>\u00a0 8\u00a0h\u00a030 \u00e0 17\u00a0h<\/b><\/span><br \/>\n<span style=\"color: #5a7411\">Local P1-6340<\/span><\/p>\n<p style=\"text-align: justify\">L\u2019activit\u00e9 donnera l&rsquo;occasion aux \u00e9tudiants, aux enseignants et \u00e0 leurs coll\u00e8gues archivistes de la r\u00e9gion de participer \u00e0 distance aux activit\u00e9s du Sommet, comme c&rsquo;est le cas dans diff\u00e9rents lieux de rassemblement au Canada. Elle sera sous la responsabilit\u00e9 de Chantale Francoeur, archiviste \u00e0 la ville de Saguenay et enseignante au certificat.<\/p>\n<p style=\"text-align: justify\">Les personnes int\u00e9ress\u00e9es sont pri\u00e9es de confirmer leur pr\u00e9sence au plus tard le 15 janvier 2014 aupr\u00e8s de Krystel Grenon, secr\u00e9taire au Module des sciences humaines (418 545-5011, poste\u00a05330, ou <span style=\"color: #5a7411\"><a href=\"mailto:krystel_grenon@uqac.ca\"><span style=\"color: #5a7411\">krystel_grenon@uqac.ca<\/span><\/a><\/span>).<\/p>\n<p style=\"text-align: justify\">Pour plus de d\u00e9tails sur l\u2019\u00e9v\u00e9nement et pour consulter le programme complet de la journ\u00e9e, visitez la <span style=\"color: #5a7411\"><a href=\"http:\/\/archivists.ca\/content\/resources-canadian-archives-summit\" target=\"_blank\" rel=\"noopener\"><span style=\"color: #5a7411\"><b>page Web du Sommet<\/b><\/span><\/a><\/span>.<\/p>\n<p style=\"text-align: justify\"><b><br \/>\nRenseignements\u00a0:<\/b><br \/>\nKrystel Grenon, secr\u00e9taire au Module des sciences humaines<br \/>\nD\u00e9partement des sciences humaines<br \/>\nUniversit\u00e9 du Qu\u00e9bec \u00e0 Chicoutimi<br \/>\n418 545-5011, poste\u00a05330\u00a0 \u25aa\u00a0 <span style=\"color: #5a7411\"><a href=\"mailto:krystel_grenon@uqac.ca\"><span style=\"color: #5a7411\">krystel_grenon@uqac.ca<\/span><\/a><\/span><\/p>\n","protected":false},"excerpt":{"rendered":"<p>Le certificat en gestion des documents et des archives de l\u2019UQAC s&rsquo;associe au Sommet sur les archives au Canada, mis sur pied par l&rsquo;Association des archivistes du Qu\u00e9bec (AAQ), l\u2019Association of Canadian Archivists (ACA) et le Conseil canadien des archives (CCA), pour l\u2019organisation de l\u2019\u00e9v\u00e9nement au Saguenay\u2212Lac-Saint-Jean. Le Sommet aura lieu \u00e0 l&rsquo;Universit\u00e9 de Toronto [&hellip;]<\/p>\n","protected":false},"author":5,"featured_media":20989,"comment_status":"open","ping_status":"open","sticky":false,"template":"","format":"standard","meta":{"footnotes":""},"categories":[2772],"tags":[1007,229,338,1008],"yoast_head":"<!-- This site is optimized with the Yoast SEO plugin v24.2 - https:\/\/yoast.com\/wordpress\/plugins\/seo\/ -->\r\n<title>Sommet sur les archives au Canada - UQACtualit\u00e9s<\/title>\r\n<meta name=\"robots\" content=\"index, follow, max-snippet:-1, max-image-preview:large, max-video-preview:-1\" \/>\r\n<link rel=\"canonical\" href=\"https:\/\/www.uqac.ca\/uqactualites\/2014\/01\/09\/sommet-sur-les-archives-au-canada\/\" \/>\r\n<meta property=\"og:locale\" content=\"fr_CA\" \/>\r\n<meta property=\"og:type\" content=\"article\" \/>\r\n<meta property=\"og:title\" content=\"Sommet sur les archives au Canada - UQACtualit\u00e9s\" \/>\r\n<meta property=\"og:description\" content=\"Le certificat en gestion des documents et des archives de l\u2019UQAC s&rsquo;associe au Sommet sur les archives au Canada, mis sur pied par l&rsquo;Association des archivistes du Qu\u00e9bec (AAQ), l\u2019Association of Canadian Archivists (ACA) et le Conseil canadien des archives (CCA), pour l\u2019organisation de l\u2019\u00e9v\u00e9nement au Saguenay\u2212Lac-Saint-Jean. Le Sommet aura lieu \u00e0 l&rsquo;Universit\u00e9 de Toronto [&hellip;]\" \/>\r\n<meta property=\"og:url\" content=\"https:\/\/www.uqac.ca\/uqactualites\/2014\/01\/09\/sommet-sur-les-archives-au-canada\/\" \/>\r\n<meta property=\"og:site_name\" content=\"UQACtualit\u00e9s\" \/>\r\n<meta property=\"article:published_time\" content=\"2014-01-09T15:40:53+00:00\" \/>\r\n<meta property=\"og:image\" content=\"https:\/\/www.uqac.ca\/uqactualites\/wp-content\/uploads\/2012\/05\/avis-laCommunaut-.jpg\" \/>\r\n\t<meta property=\"og:image:width\" content=\"620\" \/>\r\n\t<meta property=\"og:image:height\" content=\"300\" \/>\r\n\t<meta property=\"og:image:type\" content=\"image\/jpeg\" \/>\r\n<meta name=\"author\" content=\"Service des communications et des relations publiques\" \/>\r\n<meta name=\"twitter:card\" content=\"summary_large_image\" \/>\r\n<meta name=\"twitter:label1\" content=\"\u00c9crit par\" \/>\n\t<meta name=\"twitter:data1\" content=\"Service des communications et des relations publiques\" \/>\n\t<meta name=\"twitter:label2\" content=\"Estimation du temps de lecture\" \/>\n\t<meta name=\"twitter:data2\" content=\"1 minute\" \/>\r\n<script type=\"application\/ld+json\" class=\"yoast-schema-graph\">{\"@context\":\"https:\/\/schema.org\",\"@graph\":[{\"@type\":\"WebPage\",\"@id\":\"https:\/\/www.uqac.ca\/uqactualites\/2014\/01\/09\/sommet-sur-les-archives-au-canada\/\",\"url\":\"https:\/\/www.uqac.ca\/uqactualites\/2014\/01\/09\/sommet-sur-les-archives-au-canada\/\",\"name\":\"Sommet sur les archives au Canada - UQACtualit\u00e9s\",\"isPartOf\":{\"@id\":\"https:\/\/www.uqac.ca\/uqactualites\/#website\"},\"primaryImageOfPage\":{\"@id\":\"https:\/\/www.uqac.ca\/uqactualites\/2014\/01\/09\/sommet-sur-les-archives-au-canada\/#primaryimage\"},\"image\":{\"@id\":\"https:\/\/www.uqac.ca\/uqactualites\/2014\/01\/09\/sommet-sur-les-archives-au-canada\/#primaryimage\"},\"thumbnailUrl\":\"https:\/\/www.uqac.ca\/uqactualites\/wp-content\/uploads\/2012\/05\/avis-laCommunaut-.jpg\",\"datePublished\":\"2014-01-09T15:40:53+00:00\",\"dateModified\":\"2014-01-09T15:40:53+00:00\",\"author\":{\"@id\":\"https:\/\/www.uqac.ca\/uqactualites\/#\/schema\/person\/366c45a0c4f0e677b41b4af5886e2018\"},\"breadcrumb\":{\"@id\":\"https:\/\/www.uqac.ca\/uqactualites\/2014\/01\/09\/sommet-sur-les-archives-au-canada\/#breadcrumb\"},\"inLanguage\":\"fr-CA\",\"potentialAction\":[{\"@type\":\"ReadAction\",\"target\":[\"https:\/\/www.uqac.ca\/uqactualites\/2014\/01\/09\/sommet-sur-les-archives-au-canada\/\"]}]},{\"@type\":\"ImageObject\",\"inLanguage\":\"fr-CA\",\"@id\":\"https:\/\/www.uqac.ca\/uqactualites\/2014\/01\/09\/sommet-sur-les-archives-au-canada\/#primaryimage\",\"url\":\"https:\/\/www.uqac.ca\/uqactualites\/wp-content\/uploads\/2012\/05\/avis-laCommunaut-.jpg\",\"contentUrl\":\"https:\/\/www.uqac.ca\/uqactualites\/wp-content\/uploads\/2012\/05\/avis-laCommunaut-.jpg\",\"width\":620,\"height\":300},{\"@type\":\"BreadcrumbList\",\"@id\":\"https:\/\/www.uqac.ca\/uqactualites\/2014\/01\/09\/sommet-sur-les-archives-au-canada\/#breadcrumb\",\"itemListElement\":[{\"@type\":\"ListItem\",\"position\":1,\"name\":\"Home\",\"item\":\"https:\/\/www.uqac.ca\/uqactualites\/\"},{\"@type\":\"ListItem\",\"position\":2,\"name\":\"Sommet sur les archives au Canada\"}]},{\"@type\":\"WebSite\",\"@id\":\"https:\/\/www.uqac.ca\/uqactualites\/#website\",\"url\":\"https:\/\/www.uqac.ca\/uqactualites\/\",\"name\":\"UQACtualit\u00e9s\",\"description\":\"Le portail des nouvelles de l&#039;UQAC\",\"potentialAction\":[{\"@type\":\"SearchAction\",\"target\":{\"@type\":\"EntryPoint\",\"urlTemplate\":\"https:\/\/www.uqac.ca\/uqactualites\/?s={search_term_string}\"},\"query-input\":{\"@type\":\"PropertyValueSpecification\",\"valueRequired\":true,\"valueName\":\"search_term_string\"}}],\"inLanguage\":\"fr-CA\"},{\"@type\":\"Person\",\"@id\":\"https:\/\/www.uqac.ca\/uqactualites\/#\/schema\/person\/366c45a0c4f0e677b41b4af5886e2018\",\"name\":\"Service des communications et des relations publiques\",\"image\":{\"@type\":\"ImageObject\",\"inLanguage\":\"fr-CA\",\"@id\":\"https:\/\/www.uqac.ca\/uqactualites\/#\/schema\/person\/image\/\",\"url\":\"https:\/\/secure.gravatar.com\/avatar\/20fbbda8a292f59f2d3461a5b999c00b?s=96&d=mm&r=g\",\"contentUrl\":\"https:\/\/secure.gravatar.com\/avatar\/20fbbda8a292f59f2d3461a5b999c00b?s=96&d=mm&r=g\",\"caption\":\"Service des communications et des relations publiques\"},\"url\":\"https:\/\/www.uqac.ca\/uqactualites\/author\/bap\/\"}]}<\/script>\r\n<!-- \/ Yoast SEO plugin. -->","yoast_head_json":{"title":"Sommet sur les archives au Canada - UQACtualit\u00e9s","robots":{"index":"index","follow":"follow","max-snippet":"max-snippet:-1","max-image-preview":"max-image-preview:large","max-video-preview":"max-video-preview:-1"},"canonical":"https:\/\/www.uqac.ca\/uqactualites\/2014\/01\/09\/sommet-sur-les-archives-au-canada\/","og_locale":"fr_CA","og_type":"article","og_title":"Sommet sur les archives au Canada - UQACtualit\u00e9s","og_description":"Le certificat en gestion des documents et des archives de l\u2019UQAC s&rsquo;associe au Sommet sur les archives au Canada, mis sur pied par l&rsquo;Association des archivistes du Qu\u00e9bec (AAQ), l\u2019Association of Canadian Archivists (ACA) et le Conseil canadien des archives (CCA), pour l\u2019organisation de l\u2019\u00e9v\u00e9nement au Saguenay\u2212Lac-Saint-Jean. Le Sommet aura lieu \u00e0 l&rsquo;Universit\u00e9 de Toronto [&hellip;]","og_url":"https:\/\/www.uqac.ca\/uqactualites\/2014\/01\/09\/sommet-sur-les-archives-au-canada\/","og_site_name":"UQACtualit\u00e9s","article_published_time":"2014-01-09T15:40:53+00:00","og_image":[{"width":620,"height":300,"url":"https:\/\/www.uqac.ca\/uqactualites\/wp-content\/uploads\/2012\/05\/avis-laCommunaut-.jpg","type":"image\/jpeg"}],"author":"Service des communications et des relations publiques","twitter_card":"summary_large_image","twitter_misc":{"\u00c9crit par":"Service des communications et des relations publiques","Estimation du temps de lecture":"1 minute"},"schema":{"@context":"https:\/\/schema.org","@graph":[{"@type":"WebPage","@id":"https:\/\/www.uqac.ca\/uqactualites\/2014\/01\/09\/sommet-sur-les-archives-au-canada\/","url":"https:\/\/www.uqac.ca\/uqactualites\/2014\/01\/09\/sommet-sur-les-archives-au-canada\/","name":"Sommet sur les archives au Canada - UQACtualit\u00e9s","isPartOf":{"@id":"https:\/\/www.uqac.ca\/uqactualites\/#website"},"primaryImageOfPage":{"@id":"https:\/\/www.uqac.ca\/uqactualites\/2014\/01\/09\/sommet-sur-les-archives-au-canada\/#primaryimage"},"image":{"@id":"https:\/\/www.uqac.ca\/uqactualites\/2014\/01\/09\/sommet-sur-les-archives-au-canada\/#primaryimage"},"thumbnailUrl":"https:\/\/www.uqac.ca\/uqactualites\/wp-content\/uploads\/2012\/05\/avis-laCommunaut-.jpg","datePublished":"2014-01-09T15:40:53+00:00","dateModified":"2014-01-09T15:40:53+00:00","author":{"@id":"https:\/\/www.uqac.ca\/uqactualites\/#\/schema\/person\/366c45a0c4f0e677b41b4af5886e2018"},"breadcrumb":{"@id":"https:\/\/www.uqac.ca\/uqactualites\/2014\/01\/09\/sommet-sur-les-archives-au-canada\/#breadcrumb"},"inLanguage":"fr-CA","potentialAction":[{"@type":"ReadAction","target":["https:\/\/www.uqac.ca\/uqactualites\/2014\/01\/09\/sommet-sur-les-archives-au-canada\/"]}]},{"@type":"ImageObject","inLanguage":"fr-CA","@id":"https:\/\/www.uqac.ca\/uqactualites\/2014\/01\/09\/sommet-sur-les-archives-au-canada\/#primaryimage","url":"https:\/\/www.uqac.ca\/uqactualites\/wp-content\/uploads\/2012\/05\/avis-laCommunaut-.jpg","contentUrl":"https:\/\/www.uqac.ca\/uqactualites\/wp-content\/uploads\/2012\/05\/avis-laCommunaut-.jpg","width":620,"height":300},{"@type":"BreadcrumbList","@id":"https:\/\/www.uqac.ca\/uqactualites\/2014\/01\/09\/sommet-sur-les-archives-au-canada\/#breadcrumb","itemListElement":[{"@type":"ListItem","position":1,"name":"Home","item":"https:\/\/www.uqac.ca\/uqactualites\/"},{"@type":"ListItem","position":2,"name":"Sommet sur les archives au Canada"}]},{"@type":"WebSite","@id":"https:\/\/www.uqac.ca\/uqactualites\/#website","url":"https:\/\/www.uqac.ca\/uqactualites\/","name":"UQACtualit\u00e9s","description":"Le portail des nouvelles de l&#039;UQAC","potentialAction":[{"@type":"SearchAction","target":{"@type":"EntryPoint","urlTemplate":"https:\/\/www.uqac.ca\/uqactualites\/?s={search_term_string}"},"query-input":{"@type":"PropertyValueSpecification","valueRequired":true,"valueName":"search_term_string"}}],"inLanguage":"fr-CA"},{"@type":"Person","@id":"https:\/\/www.uqac.ca\/uqactualites\/#\/schema\/person\/366c45a0c4f0e677b41b4af5886e2018","name":"Service des communications et des relations publiques","image":{"@type":"ImageObject","inLanguage":"fr-CA","@id":"https:\/\/www.uqac.ca\/uqactualites\/#\/schema\/person\/image\/","url":"https:\/\/secure.gravatar.com\/avatar\/20fbbda8a292f59f2d3461a5b999c00b?s=96&d=mm&r=g","contentUrl":"https:\/\/secure.gravatar.com\/avatar\/20fbbda8a292f59f2d3461a5b999c00b?s=96&d=mm&r=g","caption":"Service des communications et des relations publiques"},"url":"https:\/\/www.uqac.ca\/uqactualites\/author\/bap\/"}]}},"_links":{"self":[{"href":"https:\/\/www.uqac.ca\/uqactualites\/wp-json\/wp\/v2\/posts\/26815"}],"collection":[{"href":"https:\/\/www.uqac.ca\/uqactualites\/wp-json\/wp\/v2\/posts"}],"about":[{"href":"https:\/\/www.uqac.ca\/uqactualites\/wp-json\/wp\/v2\/types\/post"}],"author":[{"embeddable":true,"href":"https:\/\/www.uqac.ca\/uqactualites\/wp-json\/wp\/v2\/users\/5"}],"replies":[{"embeddable":true,"href":"https:\/\/www.uqac.ca\/uqactualites\/wp-json\/wp\/v2\/comments?post=26815"}],"version-history":[{"count":0,"href":"https:\/\/www.uqac.ca\/uqactualites\/wp-json\/wp\/v2\/posts\/26815\/revisions"}],"wp:featuredmedia":[{"embeddable":true,"href":"https:\/\/www.uqac.ca\/uqactualites\/wp-json\/wp\/v2\/media\/20989"}],"wp:attachment":[{"href":"https:\/\/www.uqac.ca\/uqactualites\/wp-json\/wp\/v2\/media?parent=26815"}],"wp:term":[{"taxonomy":"category","embeddable":true,"href":"https:\/\/www.uqac.ca\/uqactualites\/wp-json\/wp\/v2\/categories?post=26815"},{"taxonomy":"post_tag","embeddable":true,"href":"https:\/\/www.uqac.ca\/uqactualites\/wp-json\/wp\/v2\/tags?post=26815"}],"curies":[{"name":"wp","href":"https:\/\/api.w.org\/{rel}","templated":true}]}}