{"id":26873,"date":"2014-01-22T16:26:03","date_gmt":"2014-01-22T21:26:03","guid":{"rendered":"http:\/\/uqactualite.odev.ca\/?p=26873"},"modified":"2014-01-22T16:26:03","modified_gmt":"2014-01-22T21:26:03","slug":"structure-du-decanat-des-etudes","status":"publish","type":"post","link":"https:\/\/www.uqac.ca\/uqactualites\/2014\/01\/22\/structure-du-decanat-des-etudes\/","title":{"rendered":"Structure du D\u00e9canat des \u00e9tudes"},"content":{"rendered":"<p style=\"text-align: justify\">Dans le contexte de la cr\u00e9ation du D\u00e9canat des \u00e9tudes, nous souhaitons informer la communaut\u00e9 universitaire de la structure de ce dernier. En effet, deux grands secteurs ont \u00e9t\u00e9 cr\u00e9\u00e9s\u00a0: le secteur des programmes et le secteur des \u00e9tudes.<\/p>\n<p style=\"text-align: justify\"><span style=\"text-decoration: underline\"><b><br \/>\nSECTEUR DES PROGRAMMES <\/b>(tous cycles confondus)<\/span><\/p>\n<ul style=\"text-align: justify\">\n<li>\u00c9valuation p\u00e9riodique de programme<\/li>\n<li>Modification de programme<\/li>\n<li>Cr\u00e9ation de programme<\/li>\n<li>Extension de programme<\/li>\n<\/ul>\n<p style=\"text-align: justify\">Personnes-ressources\u00a0:<br \/>\nAndr\u00e9e Castonguay et Martin Larose<\/p>\n<p style=\"text-align: justify\">Collaboratrice\u00a0aux modifications, \u00e0 la cr\u00e9ation et aux extensions\u00a0:<br \/>\nDanielle Gaudreault (<span style=\"color: #5a7411\"><a href=\"mailto:de.programmes@uqac.ca\"><span style=\"color: #5a7411\">de.programmes@uqac.ca<\/span><\/a><\/span>)<\/p>\n<p style=\"text-align: justify\">Collaboratrice \u00e0 l\u2019\u00e9valuation p\u00e9riodique de programme\u00a0:<br \/>\nKarine Turcotte (<span style=\"color: #5a7411\"><a href=\"mailto:de.evaluations@uqac.ca\"><span style=\"color: #5a7411\">de.evaluations@uqac.ca<\/span><\/a><\/span>)<\/p>\n<p style=\"text-align: justify\"><span style=\"text-decoration: underline\"><b><br \/>\nSECTEUR DES \u00c9TUDES<\/b> (tous cycles confondus)<\/span><\/p>\n<ul style=\"text-align: justify\">\n<li>Habilitation institutionnelle<\/li>\n<li>Th\u00e8ses et m\u00e9moires (suivi de la proc\u00e9dure des m\u00e9moires et des th\u00e8ses)<\/li>\n<li>Gestion des \u00e9tudes\u00a0: politiques et proc\u00e9dures li\u00e9es aux \u00e9tudes, soutien aux \u00e9quipes modulaires (r\u00e9vision de note, plagiat, \u00e9lections de direction, etc.), comit\u00e9 de liaison institutionnel, etc.<\/li>\n<\/ul>\n<p style=\"text-align: justify\">Personnes-ressources\u00a0:<br \/>\nClaudine Gagnon et Susanne Arseneau<\/p>\n<p style=\"text-align: justify\">Collaboratrice \u00e0 la gestion des \u00e9tudes\u00a0et aux habilitations institutionnelles\u00a0:<br \/>\nJoanne Tremblay (<span style=\"color: #5a7411\"><a href=\"mailto:de.direction@uqac.ca\"><span style=\"color: #5a7411\">de.direction@uqac.ca<\/span><\/a><\/span>)<\/p>\n<p style=\"text-align: justify\">Collaboratrice aux th\u00e8ses et m\u00e9moires\u00a0:<br \/>\nKarine Turcotte (<span style=\"color: #5a7411\"><a href=\"mailto:de.memoires_theses@uqac.ca\"><span style=\"color: #5a7411\">de.memoires_theses@uqac.ca<\/span><\/a><\/span>)<\/p>\n<p style=\"text-align: justify\">\nIl est \u00e0 noter que l\u2019attribution des dossiers en cours n\u2019est pas termin\u00e9e, mais qu\u2019elle le sera dans les meilleurs d\u00e9lais. Nous tenons \u00e9galement \u00e0 souligner qu\u2019Agla\u00e9 Gaudreault, charg\u00e9e de gestion financi\u00e8re \u00e0 l\u2019enseignement, travaille en collaboration avec les deux secteurs.<\/p>\n<p style=\"text-align: justify\">Pour plus de d\u00e9tails, communiquez avec le D\u00e9canat des \u00e9tudes.<\/p>\n<p style=\"text-align: justify\"><b><br \/>\nRenseignements\u00a0:<br \/>\n<\/b>\u00c9tienne H\u00e9bert, doyen des \u00e9tudes<br \/>\nD\u00e9canat des \u00e9tudes<br \/>\nUniversit\u00e9 du Qu\u00e9bec \u00e0 Chicoutimi<br \/>\n418 545-5011, poste\u00a05008 \u00a0\u25aa\u00a0 <span style=\"color: #5a7411\"><a href=\"mailto:de@uqac.ca\"><span style=\"color: #5a7411\">de@uqac.ca<\/span><\/a><\/span><\/p>\n","protected":false},"excerpt":{"rendered":"<p>Dans le contexte de la cr\u00e9ation du D\u00e9canat des \u00e9tudes, nous souhaitons informer la communaut\u00e9 universitaire de la structure de ce dernier. En effet, deux grands secteurs ont \u00e9t\u00e9 cr\u00e9\u00e9s\u00a0: le secteur des programmes et le secteur des \u00e9tudes. SECTEUR DES PROGRAMMES (tous cycles confondus) \u00c9valuation p\u00e9riodique de programme Modification de programme Cr\u00e9ation de programme [&hellip;]<\/p>\n","protected":false},"author":5,"featured_media":20989,"comment_status":"open","ping_status":"open","sticky":false,"template":"","format":"standard","meta":{"footnotes":""},"categories":[2772],"tags":[1045,398,448,1046],"yoast_head":"<!-- This site is optimized with the Yoast SEO plugin v24.2 - https:\/\/yoast.com\/wordpress\/plugins\/seo\/ -->\r\n<title>Structure du D\u00e9canat des \u00e9tudes - UQACtualit\u00e9s<\/title>\r\n<meta name=\"robots\" content=\"index, follow, max-snippet:-1, max-image-preview:large, max-video-preview:-1\" \/>\r\n<link rel=\"canonical\" href=\"https:\/\/www.uqac.ca\/uqactualites\/2014\/01\/22\/structure-du-decanat-des-etudes\/\" \/>\r\n<meta property=\"og:locale\" content=\"fr_CA\" \/>\r\n<meta property=\"og:type\" content=\"article\" \/>\r\n<meta property=\"og:title\" content=\"Structure du D\u00e9canat des \u00e9tudes - UQACtualit\u00e9s\" \/>\r\n<meta property=\"og:description\" content=\"Dans le contexte de la cr\u00e9ation du D\u00e9canat des \u00e9tudes, nous souhaitons informer la communaut\u00e9 universitaire de la structure de ce dernier. En effet, deux grands secteurs ont \u00e9t\u00e9 cr\u00e9\u00e9s\u00a0: le secteur des programmes et le secteur des \u00e9tudes. SECTEUR DES PROGRAMMES (tous cycles confondus) \u00c9valuation p\u00e9riodique de programme Modification de programme Cr\u00e9ation de programme [&hellip;]\" \/>\r\n<meta property=\"og:url\" content=\"https:\/\/www.uqac.ca\/uqactualites\/2014\/01\/22\/structure-du-decanat-des-etudes\/\" \/>\r\n<meta property=\"og:site_name\" content=\"UQACtualit\u00e9s\" \/>\r\n<meta property=\"article:published_time\" content=\"2014-01-22T21:26:03+00:00\" \/>\r\n<meta property=\"og:image\" content=\"https:\/\/www.uqac.ca\/uqactualites\/wp-content\/uploads\/2012\/05\/avis-laCommunaut-.jpg\" \/>\r\n\t<meta property=\"og:image:width\" content=\"620\" \/>\r\n\t<meta property=\"og:image:height\" content=\"300\" \/>\r\n\t<meta property=\"og:image:type\" content=\"image\/jpeg\" \/>\r\n<meta name=\"author\" content=\"Service des communications et des relations publiques\" \/>\r\n<meta name=\"twitter:card\" content=\"summary_large_image\" \/>\r\n<meta name=\"twitter:label1\" content=\"\u00c9crit par\" \/>\n\t<meta name=\"twitter:data1\" content=\"Service des communications et des relations publiques\" \/>\n\t<meta name=\"twitter:label2\" content=\"Estimation du temps de lecture\" \/>\n\t<meta name=\"twitter:data2\" content=\"1 minute\" \/>\r\n<script type=\"application\/ld+json\" class=\"yoast-schema-graph\">{\"@context\":\"https:\/\/schema.org\",\"@graph\":[{\"@type\":\"WebPage\",\"@id\":\"https:\/\/www.uqac.ca\/uqactualites\/2014\/01\/22\/structure-du-decanat-des-etudes\/\",\"url\":\"https:\/\/www.uqac.ca\/uqactualites\/2014\/01\/22\/structure-du-decanat-des-etudes\/\",\"name\":\"Structure du D\u00e9canat des \u00e9tudes - UQACtualit\u00e9s\",\"isPartOf\":{\"@id\":\"https:\/\/www.uqac.ca\/uqactualites\/#website\"},\"primaryImageOfPage\":{\"@id\":\"https:\/\/www.uqac.ca\/uqactualites\/2014\/01\/22\/structure-du-decanat-des-etudes\/#primaryimage\"},\"image\":{\"@id\":\"https:\/\/www.uqac.ca\/uqactualites\/2014\/01\/22\/structure-du-decanat-des-etudes\/#primaryimage\"},\"thumbnailUrl\":\"https:\/\/www.uqac.ca\/uqactualites\/wp-content\/uploads\/2012\/05\/avis-laCommunaut-.jpg\",\"datePublished\":\"2014-01-22T21:26:03+00:00\",\"dateModified\":\"2014-01-22T21:26:03+00:00\",\"author\":{\"@id\":\"https:\/\/www.uqac.ca\/uqactualites\/#\/schema\/person\/366c45a0c4f0e677b41b4af5886e2018\"},\"breadcrumb\":{\"@id\":\"https:\/\/www.uqac.ca\/uqactualites\/2014\/01\/22\/structure-du-decanat-des-etudes\/#breadcrumb\"},\"inLanguage\":\"fr-CA\",\"potentialAction\":[{\"@type\":\"ReadAction\",\"target\":[\"https:\/\/www.uqac.ca\/uqactualites\/2014\/01\/22\/structure-du-decanat-des-etudes\/\"]}]},{\"@type\":\"ImageObject\",\"inLanguage\":\"fr-CA\",\"@id\":\"https:\/\/www.uqac.ca\/uqactualites\/2014\/01\/22\/structure-du-decanat-des-etudes\/#primaryimage\",\"url\":\"https:\/\/www.uqac.ca\/uqactualites\/wp-content\/uploads\/2012\/05\/avis-laCommunaut-.jpg\",\"contentUrl\":\"https:\/\/www.uqac.ca\/uqactualites\/wp-content\/uploads\/2012\/05\/avis-laCommunaut-.jpg\",\"width\":620,\"height\":300},{\"@type\":\"BreadcrumbList\",\"@id\":\"https:\/\/www.uqac.ca\/uqactualites\/2014\/01\/22\/structure-du-decanat-des-etudes\/#breadcrumb\",\"itemListElement\":[{\"@type\":\"ListItem\",\"position\":1,\"name\":\"Home\",\"item\":\"https:\/\/www.uqac.ca\/uqactualites\/\"},{\"@type\":\"ListItem\",\"position\":2,\"name\":\"Structure du D\u00e9canat des \u00e9tudes\"}]},{\"@type\":\"WebSite\",\"@id\":\"https:\/\/www.uqac.ca\/uqactualites\/#website\",\"url\":\"https:\/\/www.uqac.ca\/uqactualites\/\",\"name\":\"UQACtualit\u00e9s\",\"description\":\"Le portail des nouvelles de l&#039;UQAC\",\"potentialAction\":[{\"@type\":\"SearchAction\",\"target\":{\"@type\":\"EntryPoint\",\"urlTemplate\":\"https:\/\/www.uqac.ca\/uqactualites\/?s={search_term_string}\"},\"query-input\":{\"@type\":\"PropertyValueSpecification\",\"valueRequired\":true,\"valueName\":\"search_term_string\"}}],\"inLanguage\":\"fr-CA\"},{\"@type\":\"Person\",\"@id\":\"https:\/\/www.uqac.ca\/uqactualites\/#\/schema\/person\/366c45a0c4f0e677b41b4af5886e2018\",\"name\":\"Service des communications et des relations publiques\",\"image\":{\"@type\":\"ImageObject\",\"inLanguage\":\"fr-CA\",\"@id\":\"https:\/\/www.uqac.ca\/uqactualites\/#\/schema\/person\/image\/\",\"url\":\"https:\/\/secure.gravatar.com\/avatar\/20fbbda8a292f59f2d3461a5b999c00b?s=96&d=mm&r=g\",\"contentUrl\":\"https:\/\/secure.gravatar.com\/avatar\/20fbbda8a292f59f2d3461a5b999c00b?s=96&d=mm&r=g\",\"caption\":\"Service des communications et des relations publiques\"},\"url\":\"https:\/\/www.uqac.ca\/uqactualites\/author\/bap\/\"}]}<\/script>\r\n<!-- \/ Yoast SEO plugin. -->","yoast_head_json":{"title":"Structure du D\u00e9canat des \u00e9tudes - UQACtualit\u00e9s","robots":{"index":"index","follow":"follow","max-snippet":"max-snippet:-1","max-image-preview":"max-image-preview:large","max-video-preview":"max-video-preview:-1"},"canonical":"https:\/\/www.uqac.ca\/uqactualites\/2014\/01\/22\/structure-du-decanat-des-etudes\/","og_locale":"fr_CA","og_type":"article","og_title":"Structure du D\u00e9canat des \u00e9tudes - UQACtualit\u00e9s","og_description":"Dans le contexte de la cr\u00e9ation du D\u00e9canat des \u00e9tudes, nous souhaitons informer la communaut\u00e9 universitaire de la structure de ce dernier. En effet, deux grands secteurs ont \u00e9t\u00e9 cr\u00e9\u00e9s\u00a0: le secteur des programmes et le secteur des \u00e9tudes. SECTEUR DES PROGRAMMES (tous cycles confondus) \u00c9valuation p\u00e9riodique de programme Modification de programme Cr\u00e9ation de programme [&hellip;]","og_url":"https:\/\/www.uqac.ca\/uqactualites\/2014\/01\/22\/structure-du-decanat-des-etudes\/","og_site_name":"UQACtualit\u00e9s","article_published_time":"2014-01-22T21:26:03+00:00","og_image":[{"width":620,"height":300,"url":"https:\/\/www.uqac.ca\/uqactualites\/wp-content\/uploads\/2012\/05\/avis-laCommunaut-.jpg","type":"image\/jpeg"}],"author":"Service des communications et des relations publiques","twitter_card":"summary_large_image","twitter_misc":{"\u00c9crit par":"Service des communications et des relations publiques","Estimation du temps de lecture":"1 minute"},"schema":{"@context":"https:\/\/schema.org","@graph":[{"@type":"WebPage","@id":"https:\/\/www.uqac.ca\/uqactualites\/2014\/01\/22\/structure-du-decanat-des-etudes\/","url":"https:\/\/www.uqac.ca\/uqactualites\/2014\/01\/22\/structure-du-decanat-des-etudes\/","name":"Structure du D\u00e9canat des \u00e9tudes - UQACtualit\u00e9s","isPartOf":{"@id":"https:\/\/www.uqac.ca\/uqactualites\/#website"},"primaryImageOfPage":{"@id":"https:\/\/www.uqac.ca\/uqactualites\/2014\/01\/22\/structure-du-decanat-des-etudes\/#primaryimage"},"image":{"@id":"https:\/\/www.uqac.ca\/uqactualites\/2014\/01\/22\/structure-du-decanat-des-etudes\/#primaryimage"},"thumbnailUrl":"https:\/\/www.uqac.ca\/uqactualites\/wp-content\/uploads\/2012\/05\/avis-laCommunaut-.jpg","datePublished":"2014-01-22T21:26:03+00:00","dateModified":"2014-01-22T21:26:03+00:00","author":{"@id":"https:\/\/www.uqac.ca\/uqactualites\/#\/schema\/person\/366c45a0c4f0e677b41b4af5886e2018"},"breadcrumb":{"@id":"https:\/\/www.uqac.ca\/uqactualites\/2014\/01\/22\/structure-du-decanat-des-etudes\/#breadcrumb"},"inLanguage":"fr-CA","potentialAction":[{"@type":"ReadAction","target":["https:\/\/www.uqac.ca\/uqactualites\/2014\/01\/22\/structure-du-decanat-des-etudes\/"]}]},{"@type":"ImageObject","inLanguage":"fr-CA","@id":"https:\/\/www.uqac.ca\/uqactualites\/2014\/01\/22\/structure-du-decanat-des-etudes\/#primaryimage","url":"https:\/\/www.uqac.ca\/uqactualites\/wp-content\/uploads\/2012\/05\/avis-laCommunaut-.jpg","contentUrl":"https:\/\/www.uqac.ca\/uqactualites\/wp-content\/uploads\/2012\/05\/avis-laCommunaut-.jpg","width":620,"height":300},{"@type":"BreadcrumbList","@id":"https:\/\/www.uqac.ca\/uqactualites\/2014\/01\/22\/structure-du-decanat-des-etudes\/#breadcrumb","itemListElement":[{"@type":"ListItem","position":1,"name":"Home","item":"https:\/\/www.uqac.ca\/uqactualites\/"},{"@type":"ListItem","position":2,"name":"Structure du D\u00e9canat des \u00e9tudes"}]},{"@type":"WebSite","@id":"https:\/\/www.uqac.ca\/uqactualites\/#website","url":"https:\/\/www.uqac.ca\/uqactualites\/","name":"UQACtualit\u00e9s","description":"Le portail des nouvelles de l&#039;UQAC","potentialAction":[{"@type":"SearchAction","target":{"@type":"EntryPoint","urlTemplate":"https:\/\/www.uqac.ca\/uqactualites\/?s={search_term_string}"},"query-input":{"@type":"PropertyValueSpecification","valueRequired":true,"valueName":"search_term_string"}}],"inLanguage":"fr-CA"},{"@type":"Person","@id":"https:\/\/www.uqac.ca\/uqactualites\/#\/schema\/person\/366c45a0c4f0e677b41b4af5886e2018","name":"Service des communications et des relations publiques","image":{"@type":"ImageObject","inLanguage":"fr-CA","@id":"https:\/\/www.uqac.ca\/uqactualites\/#\/schema\/person\/image\/","url":"https:\/\/secure.gravatar.com\/avatar\/20fbbda8a292f59f2d3461a5b999c00b?s=96&d=mm&r=g","contentUrl":"https:\/\/secure.gravatar.com\/avatar\/20fbbda8a292f59f2d3461a5b999c00b?s=96&d=mm&r=g","caption":"Service des communications et des relations publiques"},"url":"https:\/\/www.uqac.ca\/uqactualites\/author\/bap\/"}]}},"_links":{"self":[{"href":"https:\/\/www.uqac.ca\/uqactualites\/wp-json\/wp\/v2\/posts\/26873"}],"collection":[{"href":"https:\/\/www.uqac.ca\/uqactualites\/wp-json\/wp\/v2\/posts"}],"about":[{"href":"https:\/\/www.uqac.ca\/uqactualites\/wp-json\/wp\/v2\/types\/post"}],"author":[{"embeddable":true,"href":"https:\/\/www.uqac.ca\/uqactualites\/wp-json\/wp\/v2\/users\/5"}],"replies":[{"embeddable":true,"href":"https:\/\/www.uqac.ca\/uqactualites\/wp-json\/wp\/v2\/comments?post=26873"}],"version-history":[{"count":0,"href":"https:\/\/www.uqac.ca\/uqactualites\/wp-json\/wp\/v2\/posts\/26873\/revisions"}],"wp:featuredmedia":[{"embeddable":true,"href":"https:\/\/www.uqac.ca\/uqactualites\/wp-json\/wp\/v2\/media\/20989"}],"wp:attachment":[{"href":"https:\/\/www.uqac.ca\/uqactualites\/wp-json\/wp\/v2\/media?parent=26873"}],"wp:term":[{"taxonomy":"category","embeddable":true,"href":"https:\/\/www.uqac.ca\/uqactualites\/wp-json\/wp\/v2\/categories?post=26873"},{"taxonomy":"post_tag","embeddable":true,"href":"https:\/\/www.uqac.ca\/uqactualites\/wp-json\/wp\/v2\/tags?post=26873"}],"curies":[{"name":"wp","href":"https:\/\/api.w.org\/{rel}","templated":true}]}}