{"id":26954,"date":"2014-01-31T11:25:22","date_gmt":"2014-01-31T16:25:22","guid":{"rendered":"http:\/\/uqactualite.odev.ca\/?p=26954"},"modified":"2014-01-31T11:25:22","modified_gmt":"2014-01-31T16:25:22","slug":"concours-faites-nous-voir-le-monde-edition-2013-2014","status":"publish","type":"post","link":"https:\/\/www.uqac.ca\/uqactualites\/2014\/01\/31\/concours-faites-nous-voir-le-monde-edition-2013-2014\/","title":{"rendered":"Concours \u00ab Faites-nous voir le monde \u00bb \u2013 \u00c9dition 2013-2014"},"content":{"rendered":"<p style=\"text-align: justify\">La communaut\u00e9 universitaire est invit\u00e9e \u00e0 participer \u00e0 la troisi\u00e8me \u00e9dition du concours <span style=\"text-decoration: underline\"><span style=\"color: #5a7411\"><a href=\"http:\/\/www.uqac.ca\/wp-content\/uploads\/2014\/01\/Affiche_FVM.pdf\" target=\"_blank\" rel=\"noopener\"><span style=\"color: #5a7411;text-decoration: underline\"><b>\u00ab Faites-nous voir le monde (FVM)<\/b><\/span><\/a><\/span><\/span><b> \u00bb<\/b>, une comp\u00e9tition-exposition de photos d\u2019envergure internationale.<\/p>\n<p style=\"text-align: justify\">Le concours FVM est gratuit et ouvert \u00e0 tous les photographes passionn\u00e9s. Il offre la chance de participer \u00e0 une exposition internationale pr\u00e9sent\u00e9e sur plusieurs continents. L\u2019objectif\u00a0: montrer la diversit\u00e9, la beaut\u00e9 et la fragilit\u00e9 de notre monde \u00e0 travers des paysages ou des portraits qui transporteront les spectateurs.<\/p>\n<p style=\"text-align: justify\">Pour participer, rendez-vous sur le <span style=\"text-decoration: underline\"><span style=\"color: #5a7411\"><a href=\"http:\/\/www.concoursfvm-photo.com\/\" target=\"_blank\" rel=\"noopener\"><span style=\"color: #5a7411;text-decoration: underline\"><b>site Web de FVM<\/b><\/span><\/a><\/span><\/span> et t\u00e9l\u00e9chargez le formulaire de participation. Les participants auront jusqu\u2019au <b>20 f\u00e9vrier 2014 \u00e0 minuit <\/b>pour faire parvenir 3 photographies de leur choix. Une trentaine de photographies seront s\u00e9lectionn\u00e9es par le jury.<\/p>\n<p style=\"text-align: justify\">L\u2019exposition internationale \u00ab Faites-nous voir le monde \u00bb<i> <\/i>sera pr\u00e9sent\u00e9e au Centre des arts et de la culture de Chicoutimi en avril prochain, avant de prendre son envol vers d\u2019autres continents. Un prix sera d\u00e9cern\u00e9 au grand gagnant de l\u2019\u00e9dition\u00a02013-2014, et le prix UQAC nous fait voir le monde sera sp\u00e9cialement attribu\u00e9 parmi les \u00e9tudiants de l\u2019UQAC ayant particip\u00e9.<\/p>\n<p style=\"text-align: justify\">Pour plus de d\u00e9tails, consultez le <span style=\"text-decoration: underline\"><span style=\"color: #5a7411\"><a href=\"http:\/\/www.concoursfvm-photo.com\/\" target=\"_blank\" rel=\"noopener\"><span style=\"color: #5a7411;text-decoration: underline\"><b>site Web de FVM<\/b><\/span><\/a><\/span><\/span>.<\/p>\n<p style=\"text-align: justify\"><b><br \/>\nRenseignements\u00a0:<\/b><br \/>\nM\u00e9lanie Humeau, directrice des communications<br \/>\nConcours \u00ab Faites-nous voir le monde \u00bb<br \/>\n418 540-4686\u00a0 \u25aa\u00a0 <span style=\"color: #5a7411\"><a href=\"mailto:communication@concoursfvm-photo.com\"><span style=\"color: #5a7411\">communication@concoursfvm-photo.com<\/span><\/a><\/span><\/p>\n","protected":false},"excerpt":{"rendered":"<p>La communaut\u00e9 universitaire est invit\u00e9e \u00e0 participer \u00e0 la troisi\u00e8me \u00e9dition du concours \u00ab Faites-nous voir le monde (FVM) \u00bb, une comp\u00e9tition-exposition de photos d\u2019envergure internationale. Le concours FVM est gratuit et ouvert \u00e0 tous les photographes passionn\u00e9s. Il offre la chance de participer \u00e0 une exposition internationale pr\u00e9sent\u00e9e sur plusieurs continents. L\u2019objectif\u00a0: montrer la [&hellip;]<\/p>\n","protected":false},"author":5,"featured_media":20989,"comment_status":"open","ping_status":"open","sticky":false,"template":"","format":"standard","meta":{"footnotes":""},"categories":[2772],"tags":[67,286,1082,1083,1084,1085],"yoast_head":"<!-- This site is optimized with the Yoast SEO plugin v24.2 - https:\/\/yoast.com\/wordpress\/plugins\/seo\/ -->\r\n<title>Concours \u00ab Faites-nous voir le monde \u00bb \u2013 \u00c9dition 2013-2014 - UQACtualit\u00e9s<\/title>\r\n<meta name=\"robots\" content=\"index, follow, max-snippet:-1, max-image-preview:large, max-video-preview:-1\" \/>\r\n<link rel=\"canonical\" href=\"https:\/\/www.uqac.ca\/uqactualites\/2014\/01\/31\/concours-faites-nous-voir-le-monde-edition-2013-2014\/\" \/>\r\n<meta property=\"og:locale\" content=\"fr_CA\" \/>\r\n<meta property=\"og:type\" content=\"article\" \/>\r\n<meta property=\"og:title\" content=\"Concours \u00ab Faites-nous voir le monde \u00bb \u2013 \u00c9dition 2013-2014 - UQACtualit\u00e9s\" \/>\r\n<meta property=\"og:description\" content=\"La communaut\u00e9 universitaire est invit\u00e9e \u00e0 participer \u00e0 la troisi\u00e8me \u00e9dition du concours \u00ab Faites-nous voir le monde (FVM) \u00bb, une comp\u00e9tition-exposition de photos d\u2019envergure internationale. Le concours FVM est gratuit et ouvert \u00e0 tous les photographes passionn\u00e9s. Il offre la chance de participer \u00e0 une exposition internationale pr\u00e9sent\u00e9e sur plusieurs continents. L\u2019objectif\u00a0: montrer la [&hellip;]\" \/>\r\n<meta property=\"og:url\" content=\"https:\/\/www.uqac.ca\/uqactualites\/2014\/01\/31\/concours-faites-nous-voir-le-monde-edition-2013-2014\/\" \/>\r\n<meta property=\"og:site_name\" content=\"UQACtualit\u00e9s\" \/>\r\n<meta property=\"article:published_time\" content=\"2014-01-31T16:25:22+00:00\" \/>\r\n<meta property=\"og:image\" content=\"https:\/\/www.uqac.ca\/uqactualites\/wp-content\/uploads\/2012\/05\/avis-laCommunaut-.jpg\" \/>\r\n\t<meta property=\"og:image:width\" content=\"620\" \/>\r\n\t<meta property=\"og:image:height\" content=\"300\" \/>\r\n\t<meta property=\"og:image:type\" content=\"image\/jpeg\" \/>\r\n<meta name=\"author\" content=\"Service des communications et des relations publiques\" \/>\r\n<meta name=\"twitter:card\" content=\"summary_large_image\" \/>\r\n<meta name=\"twitter:label1\" content=\"\u00c9crit par\" \/>\n\t<meta name=\"twitter:data1\" content=\"Service des communications et des relations publiques\" \/>\n\t<meta name=\"twitter:label2\" content=\"Estimation du temps de lecture\" \/>\n\t<meta name=\"twitter:data2\" content=\"1 minute\" \/>\r\n<script type=\"application\/ld+json\" class=\"yoast-schema-graph\">{\"@context\":\"https:\/\/schema.org\",\"@graph\":[{\"@type\":\"WebPage\",\"@id\":\"https:\/\/www.uqac.ca\/uqactualites\/2014\/01\/31\/concours-faites-nous-voir-le-monde-edition-2013-2014\/\",\"url\":\"https:\/\/www.uqac.ca\/uqactualites\/2014\/01\/31\/concours-faites-nous-voir-le-monde-edition-2013-2014\/\",\"name\":\"Concours \u00ab Faites-nous voir le monde \u00bb \u2013 \u00c9dition 2013-2014 - UQACtualit\u00e9s\",\"isPartOf\":{\"@id\":\"https:\/\/www.uqac.ca\/uqactualites\/#website\"},\"primaryImageOfPage\":{\"@id\":\"https:\/\/www.uqac.ca\/uqactualites\/2014\/01\/31\/concours-faites-nous-voir-le-monde-edition-2013-2014\/#primaryimage\"},\"image\":{\"@id\":\"https:\/\/www.uqac.ca\/uqactualites\/2014\/01\/31\/concours-faites-nous-voir-le-monde-edition-2013-2014\/#primaryimage\"},\"thumbnailUrl\":\"https:\/\/www.uqac.ca\/uqactualites\/wp-content\/uploads\/2012\/05\/avis-laCommunaut-.jpg\",\"datePublished\":\"2014-01-31T16:25:22+00:00\",\"dateModified\":\"2014-01-31T16:25:22+00:00\",\"author\":{\"@id\":\"https:\/\/www.uqac.ca\/uqactualites\/#\/schema\/person\/366c45a0c4f0e677b41b4af5886e2018\"},\"breadcrumb\":{\"@id\":\"https:\/\/www.uqac.ca\/uqactualites\/2014\/01\/31\/concours-faites-nous-voir-le-monde-edition-2013-2014\/#breadcrumb\"},\"inLanguage\":\"fr-CA\",\"potentialAction\":[{\"@type\":\"ReadAction\",\"target\":[\"https:\/\/www.uqac.ca\/uqactualites\/2014\/01\/31\/concours-faites-nous-voir-le-monde-edition-2013-2014\/\"]}]},{\"@type\":\"ImageObject\",\"inLanguage\":\"fr-CA\",\"@id\":\"https:\/\/www.uqac.ca\/uqactualites\/2014\/01\/31\/concours-faites-nous-voir-le-monde-edition-2013-2014\/#primaryimage\",\"url\":\"https:\/\/www.uqac.ca\/uqactualites\/wp-content\/uploads\/2012\/05\/avis-laCommunaut-.jpg\",\"contentUrl\":\"https:\/\/www.uqac.ca\/uqactualites\/wp-content\/uploads\/2012\/05\/avis-laCommunaut-.jpg\",\"width\":620,\"height\":300},{\"@type\":\"BreadcrumbList\",\"@id\":\"https:\/\/www.uqac.ca\/uqactualites\/2014\/01\/31\/concours-faites-nous-voir-le-monde-edition-2013-2014\/#breadcrumb\",\"itemListElement\":[{\"@type\":\"ListItem\",\"position\":1,\"name\":\"Home\",\"item\":\"https:\/\/www.uqac.ca\/uqactualites\/\"},{\"@type\":\"ListItem\",\"position\":2,\"name\":\"Concours \u00ab Faites-nous voir le monde \u00bb \u2013 \u00c9dition 2013-2014\"}]},{\"@type\":\"WebSite\",\"@id\":\"https:\/\/www.uqac.ca\/uqactualites\/#website\",\"url\":\"https:\/\/www.uqac.ca\/uqactualites\/\",\"name\":\"UQACtualit\u00e9s\",\"description\":\"Le portail des nouvelles de l&#039;UQAC\",\"potentialAction\":[{\"@type\":\"SearchAction\",\"target\":{\"@type\":\"EntryPoint\",\"urlTemplate\":\"https:\/\/www.uqac.ca\/uqactualites\/?s={search_term_string}\"},\"query-input\":{\"@type\":\"PropertyValueSpecification\",\"valueRequired\":true,\"valueName\":\"search_term_string\"}}],\"inLanguage\":\"fr-CA\"},{\"@type\":\"Person\",\"@id\":\"https:\/\/www.uqac.ca\/uqactualites\/#\/schema\/person\/366c45a0c4f0e677b41b4af5886e2018\",\"name\":\"Service des communications et des relations publiques\",\"image\":{\"@type\":\"ImageObject\",\"inLanguage\":\"fr-CA\",\"@id\":\"https:\/\/www.uqac.ca\/uqactualites\/#\/schema\/person\/image\/\",\"url\":\"https:\/\/secure.gravatar.com\/avatar\/20fbbda8a292f59f2d3461a5b999c00b?s=96&d=mm&r=g\",\"contentUrl\":\"https:\/\/secure.gravatar.com\/avatar\/20fbbda8a292f59f2d3461a5b999c00b?s=96&d=mm&r=g\",\"caption\":\"Service des communications et des relations publiques\"},\"url\":\"https:\/\/www.uqac.ca\/uqactualites\/author\/bap\/\"}]}<\/script>\r\n<!-- \/ Yoast SEO plugin. -->","yoast_head_json":{"title":"Concours \u00ab Faites-nous voir le monde \u00bb \u2013 \u00c9dition 2013-2014 - UQACtualit\u00e9s","robots":{"index":"index","follow":"follow","max-snippet":"max-snippet:-1","max-image-preview":"max-image-preview:large","max-video-preview":"max-video-preview:-1"},"canonical":"https:\/\/www.uqac.ca\/uqactualites\/2014\/01\/31\/concours-faites-nous-voir-le-monde-edition-2013-2014\/","og_locale":"fr_CA","og_type":"article","og_title":"Concours \u00ab Faites-nous voir le monde \u00bb \u2013 \u00c9dition 2013-2014 - UQACtualit\u00e9s","og_description":"La communaut\u00e9 universitaire est invit\u00e9e \u00e0 participer \u00e0 la troisi\u00e8me \u00e9dition du concours \u00ab Faites-nous voir le monde (FVM) \u00bb, une comp\u00e9tition-exposition de photos d\u2019envergure internationale. Le concours FVM est gratuit et ouvert \u00e0 tous les photographes passionn\u00e9s. Il offre la chance de participer \u00e0 une exposition internationale pr\u00e9sent\u00e9e sur plusieurs continents. L\u2019objectif\u00a0: montrer la [&hellip;]","og_url":"https:\/\/www.uqac.ca\/uqactualites\/2014\/01\/31\/concours-faites-nous-voir-le-monde-edition-2013-2014\/","og_site_name":"UQACtualit\u00e9s","article_published_time":"2014-01-31T16:25:22+00:00","og_image":[{"width":620,"height":300,"url":"https:\/\/www.uqac.ca\/uqactualites\/wp-content\/uploads\/2012\/05\/avis-laCommunaut-.jpg","type":"image\/jpeg"}],"author":"Service des communications et des relations publiques","twitter_card":"summary_large_image","twitter_misc":{"\u00c9crit par":"Service des communications et des relations publiques","Estimation du temps de lecture":"1 minute"},"schema":{"@context":"https:\/\/schema.org","@graph":[{"@type":"WebPage","@id":"https:\/\/www.uqac.ca\/uqactualites\/2014\/01\/31\/concours-faites-nous-voir-le-monde-edition-2013-2014\/","url":"https:\/\/www.uqac.ca\/uqactualites\/2014\/01\/31\/concours-faites-nous-voir-le-monde-edition-2013-2014\/","name":"Concours \u00ab Faites-nous voir le monde \u00bb \u2013 \u00c9dition 2013-2014 - UQACtualit\u00e9s","isPartOf":{"@id":"https:\/\/www.uqac.ca\/uqactualites\/#website"},"primaryImageOfPage":{"@id":"https:\/\/www.uqac.ca\/uqactualites\/2014\/01\/31\/concours-faites-nous-voir-le-monde-edition-2013-2014\/#primaryimage"},"image":{"@id":"https:\/\/www.uqac.ca\/uqactualites\/2014\/01\/31\/concours-faites-nous-voir-le-monde-edition-2013-2014\/#primaryimage"},"thumbnailUrl":"https:\/\/www.uqac.ca\/uqactualites\/wp-content\/uploads\/2012\/05\/avis-laCommunaut-.jpg","datePublished":"2014-01-31T16:25:22+00:00","dateModified":"2014-01-31T16:25:22+00:00","author":{"@id":"https:\/\/www.uqac.ca\/uqactualites\/#\/schema\/person\/366c45a0c4f0e677b41b4af5886e2018"},"breadcrumb":{"@id":"https:\/\/www.uqac.ca\/uqactualites\/2014\/01\/31\/concours-faites-nous-voir-le-monde-edition-2013-2014\/#breadcrumb"},"inLanguage":"fr-CA","potentialAction":[{"@type":"ReadAction","target":["https:\/\/www.uqac.ca\/uqactualites\/2014\/01\/31\/concours-faites-nous-voir-le-monde-edition-2013-2014\/"]}]},{"@type":"ImageObject","inLanguage":"fr-CA","@id":"https:\/\/www.uqac.ca\/uqactualites\/2014\/01\/31\/concours-faites-nous-voir-le-monde-edition-2013-2014\/#primaryimage","url":"https:\/\/www.uqac.ca\/uqactualites\/wp-content\/uploads\/2012\/05\/avis-laCommunaut-.jpg","contentUrl":"https:\/\/www.uqac.ca\/uqactualites\/wp-content\/uploads\/2012\/05\/avis-laCommunaut-.jpg","width":620,"height":300},{"@type":"BreadcrumbList","@id":"https:\/\/www.uqac.ca\/uqactualites\/2014\/01\/31\/concours-faites-nous-voir-le-monde-edition-2013-2014\/#breadcrumb","itemListElement":[{"@type":"ListItem","position":1,"name":"Home","item":"https:\/\/www.uqac.ca\/uqactualites\/"},{"@type":"ListItem","position":2,"name":"Concours \u00ab Faites-nous voir le monde \u00bb \u2013 \u00c9dition 2013-2014"}]},{"@type":"WebSite","@id":"https:\/\/www.uqac.ca\/uqactualites\/#website","url":"https:\/\/www.uqac.ca\/uqactualites\/","name":"UQACtualit\u00e9s","description":"Le portail des nouvelles de l&#039;UQAC","potentialAction":[{"@type":"SearchAction","target":{"@type":"EntryPoint","urlTemplate":"https:\/\/www.uqac.ca\/uqactualites\/?s={search_term_string}"},"query-input":{"@type":"PropertyValueSpecification","valueRequired":true,"valueName":"search_term_string"}}],"inLanguage":"fr-CA"},{"@type":"Person","@id":"https:\/\/www.uqac.ca\/uqactualites\/#\/schema\/person\/366c45a0c4f0e677b41b4af5886e2018","name":"Service des communications et des relations publiques","image":{"@type":"ImageObject","inLanguage":"fr-CA","@id":"https:\/\/www.uqac.ca\/uqactualites\/#\/schema\/person\/image\/","url":"https:\/\/secure.gravatar.com\/avatar\/20fbbda8a292f59f2d3461a5b999c00b?s=96&d=mm&r=g","contentUrl":"https:\/\/secure.gravatar.com\/avatar\/20fbbda8a292f59f2d3461a5b999c00b?s=96&d=mm&r=g","caption":"Service des communications et des relations publiques"},"url":"https:\/\/www.uqac.ca\/uqactualites\/author\/bap\/"}]}},"_links":{"self":[{"href":"https:\/\/www.uqac.ca\/uqactualites\/wp-json\/wp\/v2\/posts\/26954"}],"collection":[{"href":"https:\/\/www.uqac.ca\/uqactualites\/wp-json\/wp\/v2\/posts"}],"about":[{"href":"https:\/\/www.uqac.ca\/uqactualites\/wp-json\/wp\/v2\/types\/post"}],"author":[{"embeddable":true,"href":"https:\/\/www.uqac.ca\/uqactualites\/wp-json\/wp\/v2\/users\/5"}],"replies":[{"embeddable":true,"href":"https:\/\/www.uqac.ca\/uqactualites\/wp-json\/wp\/v2\/comments?post=26954"}],"version-history":[{"count":0,"href":"https:\/\/www.uqac.ca\/uqactualites\/wp-json\/wp\/v2\/posts\/26954\/revisions"}],"wp:featuredmedia":[{"embeddable":true,"href":"https:\/\/www.uqac.ca\/uqactualites\/wp-json\/wp\/v2\/media\/20989"}],"wp:attachment":[{"href":"https:\/\/www.uqac.ca\/uqactualites\/wp-json\/wp\/v2\/media?parent=26954"}],"wp:term":[{"taxonomy":"category","embeddable":true,"href":"https:\/\/www.uqac.ca\/uqactualites\/wp-json\/wp\/v2\/categories?post=26954"},{"taxonomy":"post_tag","embeddable":true,"href":"https:\/\/www.uqac.ca\/uqactualites\/wp-json\/wp\/v2\/tags?post=26954"}],"curies":[{"name":"wp","href":"https:\/\/api.w.org\/{rel}","templated":true}]}}